{"id":35533,"date":"2026-03-06T15:39:49","date_gmt":"2026-03-06T18:39:49","guid":{"rendered":"https:\/\/resumopolitico.com.br\/?p=35533"},"modified":"2026-03-06T15:40:47","modified_gmt":"2026-03-06T18:40:47","slug":"35533","status":"publish","type":"post","link":"https:\/\/resumopolitico.com.br\/?p=35533","title":{"rendered":"Vila Vestir Massay\u00f3 com decora\u00e7\u00e3o de P\u00e1scoa ser\u00e1 aberta nesta sexta-feira"},"content":{"rendered":"<p>Iniciativa da Prefeitura de Macei\u00f3 transforma a Vila Vestir Massay\u00f3 em ponto de conviv\u00eancia, cultura e reflex\u00e3o durante a Quaresma<\/p>\n<p data-base-font=\"18\">A Autarquia Municipal de Ilumina\u00e7\u00e3o P\u00fablica de Macei\u00f3 (Ilumina) inaugura nesta sexta-feira (6) a Vila de P\u00e1scoa, instalada no espa\u00e7o da Vila Vestir Massay\u00f3, na orla de Paju\u00e7ara. O espa\u00e7o permanecer\u00e1 aberto ao p\u00fablico at\u00e9 o feriado de P\u00e1scoa, em 5 de abril, reunindo empreendedores da gastronomia e do artesanato alagoano em um ambiente l\u00fadico e ornamentado, pensado para receber fam\u00edlias em um dos principais cart\u00f5es-postais da capital.<\/p>\n<p data-base-font=\"18\">Um dos destaques da Vila Vestir Massay\u00f3 \u00e9 a casa de coelho gigante, com cerca de cinco metros de altura, aberta para visita\u00e7\u00e3o de crian\u00e7as e fam\u00edlias. Ao todo, o espa\u00e7o contar\u00e1 com mais de 50 ornamentos de ch\u00e3o, entre cestas de ovos de P\u00e1scoa, cenouras, chocolates e mesas tem\u00e1ticas em formato de cogumelos. A decora\u00e7\u00e3o tamb\u00e9m contar\u00e1 com dois ovos de P\u00e1scoa 3D em LED, que se somam a quase 300 pe\u00e7as decorativas, contribuindo para tornar o ambiente ainda mais l\u00fadico, acolhedor e familiar.<\/p>\n<p data-base-font=\"18\">A Vila Vestir Massay\u00f3 \u00e9 realizada pela Prefeitura de Macei\u00f3, por meio da parceria entre a Ilumina e a Secretaria Municipal do Trabalho, Emprego e Economia Solid\u00e1ria (Semtes), que leva empreendedores locais para ocupar as 19 barracas de comercializa\u00e7\u00e3o de gastronomia e artesanato.<\/p>\n<p data-base-font=\"18\">O diretor-presidente da Ilumina, Gutemberg de Melo, destaca que a proposta \u00e9 consolidar o espa\u00e7o como um ponto de conviv\u00eancia, cultura e reflex\u00e3o para moradores e turistas.<\/p>\n<p data-base-font=\"18\">\u201cA Vila Vestir Massay\u00f3 foi criada para ser um espa\u00e7o de conviv\u00eancia e de celebra\u00e7\u00e3o das principais datas do calend\u00e1rio. Nesta edi\u00e7\u00e3o, trazemos a tem\u00e1tica da P\u00e1scoa, um per\u00edodo doce e especial que encanta crian\u00e7as e adultos, mas que tamb\u00e9m nos convida a refletir sobre o verdadeiro significado da data\u201d, afirmou.<\/p>\n","protected":false},"excerpt":{"rendered":"<p>Iniciativa da Prefeitura de Macei\u00f3 transforma a Vila Vestir Massay\u00f3 em ponto de conviv\u00eancia, cultura e reflex\u00e3o durante a Quaresma A Autarquia Municipal de Ilumina\u00e7\u00e3o P\u00fablica de Macei\u00f3 (Ilumina) inaugura nesta sexta-feira (6) a Vila de P\u00e1scoa, instalada no espa\u00e7o da Vila Vestir Massay\u00f3, na orla de Paju\u00e7ara. O espa\u00e7o permanecer\u00e1 aberto ao p\u00fablico at\u00e9 [&hellip;]<\/p>\n","protected":false},"author":1,"featured_media":35534,"comment_status":"open","ping_status":"open","sticky":false,"template":"","format":"standard","meta":{"_monsterinsights_skip_tracking":false,"_monsterinsights_sitenote_active":false,"_monsterinsights_sitenote_note":"","_monsterinsights_sitenote_category":0,"footnotes":""},"categories":[66,104],"tags":[],"class_list":["post-35533","post","type-post","status-publish","format-standard","has-post-thumbnail","hentry","category-alagoas","category-destaque"],"yoast_head":"<!-- This site is optimized with the Yoast SEO plugin v27.5 - https:\/\/yoast.com\/product\/yoast-seo-wordpress\/ -->\n<title>Vila Vestir Massay\u00f3 com decora\u00e7\u00e3o de P\u00e1scoa ser\u00e1 aberta nesta sexta-feira - Resumo Pol\u00edtico<\/title>\n<meta name=\"robots\" content=\"index, follow, max-snippet:-1, max-image-preview:large, max-video-preview:-1\" \/>\n<link rel=\"canonical\" href=\"https:\/\/resumopolitico.com.br\/?p=35533\" \/>\n<meta property=\"og:locale\" content=\"pt_BR\" \/>\n<meta property=\"og:type\" content=\"article\" \/>\n<meta property=\"og:title\" content=\"Vila Vestir Massay\u00f3 com decora\u00e7\u00e3o de P\u00e1scoa ser\u00e1 aberta nesta sexta-feira - Resumo Pol\u00edtico\" \/>\n<meta property=\"og:description\" content=\"Iniciativa da Prefeitura de Macei\u00f3 transforma a Vila Vestir Massay\u00f3 em ponto de conviv\u00eancia, cultura e reflex\u00e3o durante a Quaresma A Autarquia Municipal de Ilumina\u00e7\u00e3o P\u00fablica de Macei\u00f3 (Ilumina) inaugura nesta sexta-feira (6) a Vila de P\u00e1scoa, instalada no espa\u00e7o da Vila Vestir Massay\u00f3, na orla de Paju\u00e7ara. O espa\u00e7o permanecer\u00e1 aberto ao p\u00fablico at\u00e9 [&hellip;]\" \/>\n<meta property=\"og:url\" content=\"https:\/\/resumopolitico.com.br\/?p=35533\" \/>\n<meta property=\"og:site_name\" content=\"Resumo Pol\u00edtico\" \/>\n<meta property=\"article:published_time\" content=\"2026-03-06T18:39:49+00:00\" \/>\n<meta property=\"article:modified_time\" content=\"2026-03-06T18:40:47+00:00\" \/>\n<meta property=\"og:image\" content=\"https:\/\/resumopolitico.com.br\/wp-content\/uploads\/2026\/03\/IMG_7157.jpg\" \/>\n\t<meta property=\"og:image:width\" content=\"850\" \/>\n\t<meta property=\"og:image:height\" content=\"560\" \/>\n\t<meta property=\"og:image:type\" content=\"image\/jpeg\" \/>\n<meta name=\"author\" content=\"resumopolitico\" \/>\n<meta name=\"twitter:card\" content=\"summary_large_image\" \/>\n<meta name=\"twitter:label1\" content=\"Escrito por\" \/>\n\t<meta name=\"twitter:data1\" content=\"resumopolitico\" \/>\n\t<meta name=\"twitter:label2\" content=\"Est. tempo de leitura\" \/>\n\t<meta name=\"twitter:data2\" content=\"2 minutos\" \/>\n<script type=\"application\/ld+json\" class=\"yoast-schema-graph\">{\"@context\":\"https:\\\/\\\/schema.org\",\"@graph\":[{\"@type\":\"Article\",\"@id\":\"https:\\\/\\\/resumopolitico.com.br\\\/?p=35533#article\",\"isPartOf\":{\"@id\":\"https:\\\/\\\/resumopolitico.com.br\\\/?p=35533\"},\"author\":{\"name\":\"resumopolitico\",\"@id\":\"https:\\\/\\\/resumopolitico.com.br\\\/#\\\/schema\\\/person\\\/8e54285779750ca1eb5d54a40785d6f3\"},\"headline\":\"Vila Vestir Massay\u00f3 com decora\u00e7\u00e3o de P\u00e1scoa ser\u00e1 aberta nesta sexta-feira\",\"datePublished\":\"2026-03-06T18:39:49+00:00\",\"dateModified\":\"2026-03-06T18:40:47+00:00\",\"mainEntityOfPage\":{\"@id\":\"https:\\\/\\\/resumopolitico.com.br\\\/?p=35533\"},\"wordCount\":339,\"commentCount\":0,\"image\":{\"@id\":\"https:\\\/\\\/resumopolitico.com.br\\\/?p=35533#primaryimage\"},\"thumbnailUrl\":\"https:\\\/\\\/resumopolitico.com.br\\\/wp-content\\\/uploads\\\/2026\\\/03\\\/IMG_7157.jpg\",\"articleSection\":[\"Alagoas\",\"Destaque\"],\"inLanguage\":\"pt-BR\",\"potentialAction\":[{\"@type\":\"CommentAction\",\"name\":\"Comment\",\"target\":[\"https:\\\/\\\/resumopolitico.com.br\\\/?p=35533#respond\"]}]},{\"@type\":\"WebPage\",\"@id\":\"https:\\\/\\\/resumopolitico.com.br\\\/?p=35533\",\"url\":\"https:\\\/\\\/resumopolitico.com.br\\\/?p=35533\",\"name\":\"Vila Vestir Massay\u00f3 com decora\u00e7\u00e3o de P\u00e1scoa ser\u00e1 aberta nesta sexta-feira - Resumo Pol\u00edtico\",\"isPartOf\":{\"@id\":\"https:\\\/\\\/resumopolitico.com.br\\\/#website\"},\"primaryImageOfPage\":{\"@id\":\"https:\\\/\\\/resumopolitico.com.br\\\/?p=35533#primaryimage\"},\"image\":{\"@id\":\"https:\\\/\\\/resumopolitico.com.br\\\/?p=35533#primaryimage\"},\"thumbnailUrl\":\"https:\\\/\\\/resumopolitico.com.br\\\/wp-content\\\/uploads\\\/2026\\\/03\\\/IMG_7157.jpg\",\"datePublished\":\"2026-03-06T18:39:49+00:00\",\"dateModified\":\"2026-03-06T18:40:47+00:00\",\"author\":{\"@id\":\"https:\\\/\\\/resumopolitico.com.br\\\/#\\\/schema\\\/person\\\/8e54285779750ca1eb5d54a40785d6f3\"},\"breadcrumb\":{\"@id\":\"https:\\\/\\\/resumopolitico.com.br\\\/?p=35533#breadcrumb\"},\"inLanguage\":\"pt-BR\",\"potentialAction\":[{\"@type\":\"ReadAction\",\"target\":[\"https:\\\/\\\/resumopolitico.com.br\\\/?p=35533\"]}]},{\"@type\":\"ImageObject\",\"inLanguage\":\"pt-BR\",\"@id\":\"https:\\\/\\\/resumopolitico.com.br\\\/?p=35533#primaryimage\",\"url\":\"https:\\\/\\\/resumopolitico.com.br\\\/wp-content\\\/uploads\\\/2026\\\/03\\\/IMG_7157.jpg\",\"contentUrl\":\"https:\\\/\\\/resumopolitico.com.br\\\/wp-content\\\/uploads\\\/2026\\\/03\\\/IMG_7157.jpg\",\"width\":850,\"height\":560},{\"@type\":\"BreadcrumbList\",\"@id\":\"https:\\\/\\\/resumopolitico.com.br\\\/?p=35533#breadcrumb\",\"itemListElement\":[{\"@type\":\"ListItem\",\"position\":1,\"name\":\"In\u00edcio\",\"item\":\"https:\\\/\\\/resumopolitico.com.br\\\/\"},{\"@type\":\"ListItem\",\"position\":2,\"name\":\"Vila Vestir Massay\u00f3 com decora\u00e7\u00e3o de P\u00e1scoa ser\u00e1 aberta nesta sexta-feira\"}]},{\"@type\":\"WebSite\",\"@id\":\"https:\\\/\\\/resumopolitico.com.br\\\/#website\",\"url\":\"https:\\\/\\\/resumopolitico.com.br\\\/\",\"name\":\"Resumo Pol\u00edtico\",\"description\":\"Resumo Pol\u00edtico\",\"potentialAction\":[{\"@type\":\"SearchAction\",\"target\":{\"@type\":\"EntryPoint\",\"urlTemplate\":\"https:\\\/\\\/resumopolitico.com.br\\\/?s={search_term_string}\"},\"query-input\":{\"@type\":\"PropertyValueSpecification\",\"valueRequired\":true,\"valueName\":\"search_term_string\"}}],\"inLanguage\":\"pt-BR\"},{\"@type\":\"Person\",\"@id\":\"https:\\\/\\\/resumopolitico.com.br\\\/#\\\/schema\\\/person\\\/8e54285779750ca1eb5d54a40785d6f3\",\"name\":\"resumopolitico\",\"image\":{\"@type\":\"ImageObject\",\"inLanguage\":\"pt-BR\",\"@id\":\"\\\/\\\/www.gravatar.com\\\/avatar\\\/964d308c93aaf0c33319e9a3bc3b8ac5?s=96&#038;r=g&#038;d=mm\",\"url\":\"\\\/\\\/www.gravatar.com\\\/avatar\\\/964d308c93aaf0c33319e9a3bc3b8ac5?s=96&#038;r=g&#038;d=mm\",\"contentUrl\":\"\\\/\\\/www.gravatar.com\\\/avatar\\\/964d308c93aaf0c33319e9a3bc3b8ac5?s=96&#038;r=g&#038;d=mm\",\"caption\":\"resumopolitico\"},\"sameAs\":[\"http:\\\/\\\/resumopolitico.com.br\"],\"url\":\"https:\\\/\\\/resumopolitico.com.br\\\/?bp_members=1&bp_member=resumopoliticoprofile\\\/home\\\/\"}]}<\/script>\n<!-- \/ Yoast SEO plugin. -->","yoast_head_json":{"title":"Vila Vestir Massay\u00f3 com decora\u00e7\u00e3o de P\u00e1scoa ser\u00e1 aberta nesta sexta-feira - Resumo Pol\u00edtico","robots":{"index":"index","follow":"follow","max-snippet":"max-snippet:-1","max-image-preview":"max-image-preview:large","max-video-preview":"max-video-preview:-1"},"canonical":"https:\/\/resumopolitico.com.br\/?p=35533","og_locale":"pt_BR","og_type":"article","og_title":"Vila Vestir Massay\u00f3 com decora\u00e7\u00e3o de P\u00e1scoa ser\u00e1 aberta nesta sexta-feira - Resumo Pol\u00edtico","og_description":"Iniciativa da Prefeitura de Macei\u00f3 transforma a Vila Vestir Massay\u00f3 em ponto de conviv\u00eancia, cultura e reflex\u00e3o durante a Quaresma A Autarquia Municipal de Ilumina\u00e7\u00e3o P\u00fablica de Macei\u00f3 (Ilumina) inaugura nesta sexta-feira (6) a Vila de P\u00e1scoa, instalada no espa\u00e7o da Vila Vestir Massay\u00f3, na orla de Paju\u00e7ara. O espa\u00e7o permanecer\u00e1 aberto ao p\u00fablico at\u00e9 [&hellip;]","og_url":"https:\/\/resumopolitico.com.br\/?p=35533","og_site_name":"Resumo Pol\u00edtico","article_published_time":"2026-03-06T18:39:49+00:00","article_modified_time":"2026-03-06T18:40:47+00:00","og_image":[{"width":850,"height":560,"url":"https:\/\/resumopolitico.com.br\/wp-content\/uploads\/2026\/03\/IMG_7157.jpg","type":"image\/jpeg"}],"author":"resumopolitico","twitter_card":"summary_large_image","twitter_misc":{"Escrito por":"resumopolitico","Est. tempo de leitura":"2 minutos"},"schema":{"@context":"https:\/\/schema.org","@graph":[{"@type":"Article","@id":"https:\/\/resumopolitico.com.br\/?p=35533#article","isPartOf":{"@id":"https:\/\/resumopolitico.com.br\/?p=35533"},"author":{"name":"resumopolitico","@id":"https:\/\/resumopolitico.com.br\/#\/schema\/person\/8e54285779750ca1eb5d54a40785d6f3"},"headline":"Vila Vestir Massay\u00f3 com decora\u00e7\u00e3o de P\u00e1scoa ser\u00e1 aberta nesta sexta-feira","datePublished":"2026-03-06T18:39:49+00:00","dateModified":"2026-03-06T18:40:47+00:00","mainEntityOfPage":{"@id":"https:\/\/resumopolitico.com.br\/?p=35533"},"wordCount":339,"commentCount":0,"image":{"@id":"https:\/\/resumopolitico.com.br\/?p=35533#primaryimage"},"thumbnailUrl":"https:\/\/resumopolitico.com.br\/wp-content\/uploads\/2026\/03\/IMG_7157.jpg","articleSection":["Alagoas","Destaque"],"inLanguage":"pt-BR","potentialAction":[{"@type":"CommentAction","name":"Comment","target":["https:\/\/resumopolitico.com.br\/?p=35533#respond"]}]},{"@type":"WebPage","@id":"https:\/\/resumopolitico.com.br\/?p=35533","url":"https:\/\/resumopolitico.com.br\/?p=35533","name":"Vila Vestir Massay\u00f3 com decora\u00e7\u00e3o de P\u00e1scoa ser\u00e1 aberta nesta sexta-feira - Resumo Pol\u00edtico","isPartOf":{"@id":"https:\/\/resumopolitico.com.br\/#website"},"primaryImageOfPage":{"@id":"https:\/\/resumopolitico.com.br\/?p=35533#primaryimage"},"image":{"@id":"https:\/\/resumopolitico.com.br\/?p=35533#primaryimage"},"thumbnailUrl":"https:\/\/resumopolitico.com.br\/wp-content\/uploads\/2026\/03\/IMG_7157.jpg","datePublished":"2026-03-06T18:39:49+00:00","dateModified":"2026-03-06T18:40:47+00:00","author":{"@id":"https:\/\/resumopolitico.com.br\/#\/schema\/person\/8e54285779750ca1eb5d54a40785d6f3"},"breadcrumb":{"@id":"https:\/\/resumopolitico.com.br\/?p=35533#breadcrumb"},"inLanguage":"pt-BR","potentialAction":[{"@type":"ReadAction","target":["https:\/\/resumopolitico.com.br\/?p=35533"]}]},{"@type":"ImageObject","inLanguage":"pt-BR","@id":"https:\/\/resumopolitico.com.br\/?p=35533#primaryimage","url":"https:\/\/resumopolitico.com.br\/wp-content\/uploads\/2026\/03\/IMG_7157.jpg","contentUrl":"https:\/\/resumopolitico.com.br\/wp-content\/uploads\/2026\/03\/IMG_7157.jpg","width":850,"height":560},{"@type":"BreadcrumbList","@id":"https:\/\/resumopolitico.com.br\/?p=35533#breadcrumb","itemListElement":[{"@type":"ListItem","position":1,"name":"In\u00edcio","item":"https:\/\/resumopolitico.com.br\/"},{"@type":"ListItem","position":2,"name":"Vila Vestir Massay\u00f3 com decora\u00e7\u00e3o de P\u00e1scoa ser\u00e1 aberta nesta sexta-feira"}]},{"@type":"WebSite","@id":"https:\/\/resumopolitico.com.br\/#website","url":"https:\/\/resumopolitico.com.br\/","name":"Resumo Pol\u00edtico","description":"Resumo Pol\u00edtico","potentialAction":[{"@type":"SearchAction","target":{"@type":"EntryPoint","urlTemplate":"https:\/\/resumopolitico.com.br\/?s={search_term_string}"},"query-input":{"@type":"PropertyValueSpecification","valueRequired":true,"valueName":"search_term_string"}}],"inLanguage":"pt-BR"},{"@type":"Person","@id":"https:\/\/resumopolitico.com.br\/#\/schema\/person\/8e54285779750ca1eb5d54a40785d6f3","name":"resumopolitico","image":{"@type":"ImageObject","inLanguage":"pt-BR","@id":"\/\/www.gravatar.com\/avatar\/964d308c93aaf0c33319e9a3bc3b8ac5?s=96&#038;r=g&#038;d=mm","url":"\/\/www.gravatar.com\/avatar\/964d308c93aaf0c33319e9a3bc3b8ac5?s=96&#038;r=g&#038;d=mm","contentUrl":"\/\/www.gravatar.com\/avatar\/964d308c93aaf0c33319e9a3bc3b8ac5?s=96&#038;r=g&#038;d=mm","caption":"resumopolitico"},"sameAs":["http:\/\/resumopolitico.com.br"],"url":"https:\/\/resumopolitico.com.br\/?bp_members=1&bp_member=resumopoliticoprofile\/home\/"}]}},"_links":{"self":[{"href":"https:\/\/resumopolitico.com.br\/index.php?rest_route=\/wp\/v2\/posts\/35533","targetHints":{"allow":["GET"]}}],"collection":[{"href":"https:\/\/resumopolitico.com.br\/index.php?rest_route=\/wp\/v2\/posts"}],"about":[{"href":"https:\/\/resumopolitico.com.br\/index.php?rest_route=\/wp\/v2\/types\/post"}],"author":[{"embeddable":true,"href":"https:\/\/resumopolitico.com.br\/index.php?rest_route=\/wp\/v2\/users\/1"}],"replies":[{"embeddable":true,"href":"https:\/\/resumopolitico.com.br\/index.php?rest_route=%2Fwp%2Fv2%2Fcomments&post=35533"}],"version-history":[{"count":2,"href":"https:\/\/resumopolitico.com.br\/index.php?rest_route=\/wp\/v2\/posts\/35533\/revisions"}],"predecessor-version":[{"id":35536,"href":"https:\/\/resumopolitico.com.br\/index.php?rest_route=\/wp\/v2\/posts\/35533\/revisions\/35536"}],"wp:featuredmedia":[{"embeddable":true,"href":"https:\/\/resumopolitico.com.br\/index.php?rest_route=\/wp\/v2\/media\/35534"}],"wp:attachment":[{"href":"https:\/\/resumopolitico.com.br\/index.php?rest_route=%2Fwp%2Fv2%2Fmedia&parent=35533"}],"wp:term":[{"taxonomy":"category","embeddable":true,"href":"https:\/\/resumopolitico.com.br\/index.php?rest_route=%2Fwp%2Fv2%2Fcategories&post=35533"},{"taxonomy":"post_tag","embeddable":true,"href":"https:\/\/resumopolitico.com.br\/index.php?rest_route=%2Fwp%2Fv2%2Ftags&post=35533"}],"curies":[{"name":"wp","href":"https:\/\/api.w.org\/{rel}","templated":true}]}}