{"id":35537,"date":"2026-03-06T16:09:06","date_gmt":"2026-03-06T19:09:06","guid":{"rendered":"https:\/\/resumopolitico.com.br\/?p=35537"},"modified":"2026-03-06T16:15:09","modified_gmt":"2026-03-06T19:15:09","slug":"35537","status":"publish","type":"post","link":"https:\/\/resumopolitico.com.br\/?p=35537","title":{"rendered":"Secret\u00e1rio de Desenvolvimento Social participa de reuni\u00e3o do Colegiado Estadual dos Gestores de Assist\u00eancia Social"},"content":{"rendered":"<p>Encontro reuniu representantes da assist\u00eancia social de todo o estado para discutir pol\u00edticas p\u00fablicas e fortalecer o Sistema \u00danico de Assist\u00eancia Social (SUAS)<\/p>\n<p data-base-font=\"18\">O secret\u00e1rio municipal de Desenvolvimento Social, Primeira Inf\u00e2ncia e Seguran\u00e7a Alimentar, Fernando Davino, participou, nesta sexta-feira (6), da reuni\u00e3o do Colegiado Estadual dos Gestores Municipais de Assist\u00eancia Social de Alagoas (Coegemas\/AL). O encontro reuniu representantes da assist\u00eancia social de diversos munic\u00edpios do estado, no audit\u00f3rio do Senai, no bairro do Po\u00e7o.<\/p>\n<p data-base-font=\"18\">\u201cEsse \u00e9 um momento para fortalecer a assist\u00eancia social nos munic\u00edpios e valorizar o trabalho desses profissionais que lutam diariamente para garantir os direitos da popula\u00e7\u00e3o mais vulner\u00e1vel. \u00c9 um trabalho de dedica\u00e7\u00e3o e cuidado com quem mais precisa\u201d, destacou Fernando Davino.<\/p>\n<p data-base-font=\"18\">Segundo a subsecret\u00e1ria de Assist\u00eancia Social, Gal Souza, o encontro teve como objetivo celebrar a parceria entre a Universidade Federal de Alagoas (Ufal) e o colegiado, promovendo a\u00e7\u00f5es de educa\u00e7\u00e3o continuada para os trabalhadores do Sistema \u00danico de Assist\u00eancia Social (SUAS).<\/p>\n<p data-base-font=\"18\">A presidente do Coegemas\/AL, Gizelda Lins, tamb\u00e9m ressaltou a import\u00e2ncia da reuni\u00e3o. \u201cReunimos gestores da assist\u00eancia social de todo o estado de Alagoas. \u00c9 um momento rico para discutir o SUAS. Hoje abordamos temas importantes, como o Programa G\u00e1s para o Povo e a parceria entre o Coegemas\/AL e a Ufal\u201d, explicou.<\/p>\n<p data-base-font=\"18\"><strong data-base-font=\"18\">Coegemas<\/strong><\/p>\n<p data-base-font=\"18\">O Coegemas \u00e9 uma entidade civil de direito privado, sem fins lucrativos, com autonomia administrativa e financeira, que re\u00fane gestores municipais da assist\u00eancia social. Al\u00e9m de favorecer a troca de informa\u00e7\u00f5es e a articula\u00e7\u00e3o entre os munic\u00edpios, o colegiado tamb\u00e9m garante voz aos gestores nas inst\u00e2ncias de pactua\u00e7\u00e3o e delibera\u00e7\u00e3o com os governos estadual e federal.<\/p>\n","protected":false},"excerpt":{"rendered":"<p>Encontro reuniu representantes da assist\u00eancia social de todo o estado para discutir pol\u00edticas p\u00fablicas e fortalecer o Sistema \u00danico de Assist\u00eancia Social (SUAS) O secret\u00e1rio municipal de Desenvolvimento Social, Primeira Inf\u00e2ncia e Seguran\u00e7a Alimentar, Fernando Davino, participou, nesta sexta-feira (6), da reuni\u00e3o do Colegiado Estadual dos Gestores Municipais de Assist\u00eancia Social de Alagoas (Coegemas\/AL). O [&hellip;]<\/p>\n","protected":false},"author":1,"featured_media":35538,"comment_status":"open","ping_status":"open","sticky":false,"template":"","format":"standard","meta":{"_monsterinsights_skip_tracking":false,"_monsterinsights_sitenote_active":false,"_monsterinsights_sitenote_note":"","_monsterinsights_sitenote_category":0,"footnotes":""},"categories":[66,104],"tags":[],"class_list":["post-35537","post","type-post","status-publish","format-standard","has-post-thumbnail","hentry","category-alagoas","category-destaque"],"yoast_head":"<!-- This site is optimized with the Yoast SEO plugin v27.5 - https:\/\/yoast.com\/product\/yoast-seo-wordpress\/ -->\n<title>Secret\u00e1rio de Desenvolvimento Social participa de reuni\u00e3o do Colegiado Estadual dos Gestores de Assist\u00eancia Social - Resumo Pol\u00edtico<\/title>\n<meta name=\"robots\" content=\"index, follow, max-snippet:-1, max-image-preview:large, max-video-preview:-1\" \/>\n<link rel=\"canonical\" href=\"https:\/\/resumopolitico.com.br\/?p=35537\" \/>\n<meta property=\"og:locale\" content=\"pt_BR\" \/>\n<meta property=\"og:type\" content=\"article\" \/>\n<meta property=\"og:title\" content=\"Secret\u00e1rio de Desenvolvimento Social participa de reuni\u00e3o do Colegiado Estadual dos Gestores de Assist\u00eancia Social - Resumo Pol\u00edtico\" \/>\n<meta property=\"og:description\" content=\"Encontro reuniu representantes da assist\u00eancia social de todo o estado para discutir pol\u00edticas p\u00fablicas e fortalecer o Sistema \u00danico de Assist\u00eancia Social (SUAS) O secret\u00e1rio municipal de Desenvolvimento Social, Primeira Inf\u00e2ncia e Seguran\u00e7a Alimentar, Fernando Davino, participou, nesta sexta-feira (6), da reuni\u00e3o do Colegiado Estadual dos Gestores Municipais de Assist\u00eancia Social de Alagoas (Coegemas\/AL). O [&hellip;]\" \/>\n<meta property=\"og:url\" content=\"https:\/\/resumopolitico.com.br\/?p=35537\" \/>\n<meta property=\"og:site_name\" content=\"Resumo Pol\u00edtico\" \/>\n<meta property=\"article:published_time\" content=\"2026-03-06T19:09:06+00:00\" \/>\n<meta property=\"article:modified_time\" content=\"2026-03-06T19:15:09+00:00\" \/>\n<meta property=\"og:image\" content=\"https:\/\/resumopolitico.com.br\/wp-content\/uploads\/2026\/03\/06-03-2026-Reuniao-Coegemas.jpeg\" \/>\n\t<meta property=\"og:image:width\" content=\"850\" \/>\n\t<meta property=\"og:image:height\" content=\"560\" \/>\n\t<meta property=\"og:image:type\" content=\"image\/jpeg\" \/>\n<meta name=\"author\" content=\"resumopolitico\" \/>\n<meta name=\"twitter:card\" content=\"summary_large_image\" \/>\n<meta name=\"twitter:label1\" content=\"Escrito por\" \/>\n\t<meta name=\"twitter:data1\" content=\"resumopolitico\" \/>\n\t<meta name=\"twitter:label2\" content=\"Est. tempo de leitura\" \/>\n\t<meta name=\"twitter:data2\" content=\"2 minutos\" \/>\n<script type=\"application\/ld+json\" class=\"yoast-schema-graph\">{\"@context\":\"https:\\\/\\\/schema.org\",\"@graph\":[{\"@type\":\"Article\",\"@id\":\"https:\\\/\\\/resumopolitico.com.br\\\/?p=35537#article\",\"isPartOf\":{\"@id\":\"https:\\\/\\\/resumopolitico.com.br\\\/?p=35537\"},\"author\":{\"name\":\"resumopolitico\",\"@id\":\"https:\\\/\\\/resumopolitico.com.br\\\/#\\\/schema\\\/person\\\/8e54285779750ca1eb5d54a40785d6f3\"},\"headline\":\"Secret\u00e1rio de Desenvolvimento Social participa de reuni\u00e3o do Colegiado Estadual dos Gestores de Assist\u00eancia Social\",\"datePublished\":\"2026-03-06T19:09:06+00:00\",\"dateModified\":\"2026-03-06T19:15:09+00:00\",\"mainEntityOfPage\":{\"@id\":\"https:\\\/\\\/resumopolitico.com.br\\\/?p=35537\"},\"wordCount\":320,\"commentCount\":0,\"image\":{\"@id\":\"https:\\\/\\\/resumopolitico.com.br\\\/?p=35537#primaryimage\"},\"thumbnailUrl\":\"https:\\\/\\\/resumopolitico.com.br\\\/wp-content\\\/uploads\\\/2026\\\/03\\\/06-03-2026-Reuniao-Coegemas.jpeg\",\"articleSection\":[\"Alagoas\",\"Destaque\"],\"inLanguage\":\"pt-BR\",\"potentialAction\":[{\"@type\":\"CommentAction\",\"name\":\"Comment\",\"target\":[\"https:\\\/\\\/resumopolitico.com.br\\\/?p=35537#respond\"]}]},{\"@type\":\"WebPage\",\"@id\":\"https:\\\/\\\/resumopolitico.com.br\\\/?p=35537\",\"url\":\"https:\\\/\\\/resumopolitico.com.br\\\/?p=35537\",\"name\":\"Secret\u00e1rio de Desenvolvimento Social participa de reuni\u00e3o do Colegiado Estadual dos Gestores de Assist\u00eancia Social - Resumo Pol\u00edtico\",\"isPartOf\":{\"@id\":\"https:\\\/\\\/resumopolitico.com.br\\\/#website\"},\"primaryImageOfPage\":{\"@id\":\"https:\\\/\\\/resumopolitico.com.br\\\/?p=35537#primaryimage\"},\"image\":{\"@id\":\"https:\\\/\\\/resumopolitico.com.br\\\/?p=35537#primaryimage\"},\"thumbnailUrl\":\"https:\\\/\\\/resumopolitico.com.br\\\/wp-content\\\/uploads\\\/2026\\\/03\\\/06-03-2026-Reuniao-Coegemas.jpeg\",\"datePublished\":\"2026-03-06T19:09:06+00:00\",\"dateModified\":\"2026-03-06T19:15:09+00:00\",\"author\":{\"@id\":\"https:\\\/\\\/resumopolitico.com.br\\\/#\\\/schema\\\/person\\\/8e54285779750ca1eb5d54a40785d6f3\"},\"breadcrumb\":{\"@id\":\"https:\\\/\\\/resumopolitico.com.br\\\/?p=35537#breadcrumb\"},\"inLanguage\":\"pt-BR\",\"potentialAction\":[{\"@type\":\"ReadAction\",\"target\":[\"https:\\\/\\\/resumopolitico.com.br\\\/?p=35537\"]}]},{\"@type\":\"ImageObject\",\"inLanguage\":\"pt-BR\",\"@id\":\"https:\\\/\\\/resumopolitico.com.br\\\/?p=35537#primaryimage\",\"url\":\"https:\\\/\\\/resumopolitico.com.br\\\/wp-content\\\/uploads\\\/2026\\\/03\\\/06-03-2026-Reuniao-Coegemas.jpeg\",\"contentUrl\":\"https:\\\/\\\/resumopolitico.com.br\\\/wp-content\\\/uploads\\\/2026\\\/03\\\/06-03-2026-Reuniao-Coegemas.jpeg\",\"width\":850,\"height\":560},{\"@type\":\"BreadcrumbList\",\"@id\":\"https:\\\/\\\/resumopolitico.com.br\\\/?p=35537#breadcrumb\",\"itemListElement\":[{\"@type\":\"ListItem\",\"position\":1,\"name\":\"In\u00edcio\",\"item\":\"https:\\\/\\\/resumopolitico.com.br\\\/\"},{\"@type\":\"ListItem\",\"position\":2,\"name\":\"Secret\u00e1rio de Desenvolvimento Social participa de reuni\u00e3o do Colegiado Estadual dos Gestores de Assist\u00eancia Social\"}]},{\"@type\":\"WebSite\",\"@id\":\"https:\\\/\\\/resumopolitico.com.br\\\/#website\",\"url\":\"https:\\\/\\\/resumopolitico.com.br\\\/\",\"name\":\"Resumo Pol\u00edtico\",\"description\":\"Resumo Pol\u00edtico\",\"potentialAction\":[{\"@type\":\"SearchAction\",\"target\":{\"@type\":\"EntryPoint\",\"urlTemplate\":\"https:\\\/\\\/resumopolitico.com.br\\\/?s={search_term_string}\"},\"query-input\":{\"@type\":\"PropertyValueSpecification\",\"valueRequired\":true,\"valueName\":\"search_term_string\"}}],\"inLanguage\":\"pt-BR\"},{\"@type\":\"Person\",\"@id\":\"https:\\\/\\\/resumopolitico.com.br\\\/#\\\/schema\\\/person\\\/8e54285779750ca1eb5d54a40785d6f3\",\"name\":\"resumopolitico\",\"image\":{\"@type\":\"ImageObject\",\"inLanguage\":\"pt-BR\",\"@id\":\"\\\/\\\/www.gravatar.com\\\/avatar\\\/964d308c93aaf0c33319e9a3bc3b8ac5?s=96&#038;r=g&#038;d=mm\",\"url\":\"\\\/\\\/www.gravatar.com\\\/avatar\\\/964d308c93aaf0c33319e9a3bc3b8ac5?s=96&#038;r=g&#038;d=mm\",\"contentUrl\":\"\\\/\\\/www.gravatar.com\\\/avatar\\\/964d308c93aaf0c33319e9a3bc3b8ac5?s=96&#038;r=g&#038;d=mm\",\"caption\":\"resumopolitico\"},\"sameAs\":[\"http:\\\/\\\/resumopolitico.com.br\"],\"url\":\"https:\\\/\\\/resumopolitico.com.br\\\/?bp_members=1&bp_member=resumopoliticoprofile\\\/home\\\/\"}]}<\/script>\n<!-- \/ Yoast SEO plugin. -->","yoast_head_json":{"title":"Secret\u00e1rio de Desenvolvimento Social participa de reuni\u00e3o do Colegiado Estadual dos Gestores de Assist\u00eancia Social - Resumo Pol\u00edtico","robots":{"index":"index","follow":"follow","max-snippet":"max-snippet:-1","max-image-preview":"max-image-preview:large","max-video-preview":"max-video-preview:-1"},"canonical":"https:\/\/resumopolitico.com.br\/?p=35537","og_locale":"pt_BR","og_type":"article","og_title":"Secret\u00e1rio de Desenvolvimento Social participa de reuni\u00e3o do Colegiado Estadual dos Gestores de Assist\u00eancia Social - Resumo Pol\u00edtico","og_description":"Encontro reuniu representantes da assist\u00eancia social de todo o estado para discutir pol\u00edticas p\u00fablicas e fortalecer o Sistema \u00danico de Assist\u00eancia Social (SUAS) O secret\u00e1rio municipal de Desenvolvimento Social, Primeira Inf\u00e2ncia e Seguran\u00e7a Alimentar, Fernando Davino, participou, nesta sexta-feira (6), da reuni\u00e3o do Colegiado Estadual dos Gestores Municipais de Assist\u00eancia Social de Alagoas (Coegemas\/AL). O [&hellip;]","og_url":"https:\/\/resumopolitico.com.br\/?p=35537","og_site_name":"Resumo Pol\u00edtico","article_published_time":"2026-03-06T19:09:06+00:00","article_modified_time":"2026-03-06T19:15:09+00:00","og_image":[{"width":850,"height":560,"url":"https:\/\/resumopolitico.com.br\/wp-content\/uploads\/2026\/03\/06-03-2026-Reuniao-Coegemas.jpeg","type":"image\/jpeg"}],"author":"resumopolitico","twitter_card":"summary_large_image","twitter_misc":{"Escrito por":"resumopolitico","Est. tempo de leitura":"2 minutos"},"schema":{"@context":"https:\/\/schema.org","@graph":[{"@type":"Article","@id":"https:\/\/resumopolitico.com.br\/?p=35537#article","isPartOf":{"@id":"https:\/\/resumopolitico.com.br\/?p=35537"},"author":{"name":"resumopolitico","@id":"https:\/\/resumopolitico.com.br\/#\/schema\/person\/8e54285779750ca1eb5d54a40785d6f3"},"headline":"Secret\u00e1rio de Desenvolvimento Social participa de reuni\u00e3o do Colegiado Estadual dos Gestores de Assist\u00eancia Social","datePublished":"2026-03-06T19:09:06+00:00","dateModified":"2026-03-06T19:15:09+00:00","mainEntityOfPage":{"@id":"https:\/\/resumopolitico.com.br\/?p=35537"},"wordCount":320,"commentCount":0,"image":{"@id":"https:\/\/resumopolitico.com.br\/?p=35537#primaryimage"},"thumbnailUrl":"https:\/\/resumopolitico.com.br\/wp-content\/uploads\/2026\/03\/06-03-2026-Reuniao-Coegemas.jpeg","articleSection":["Alagoas","Destaque"],"inLanguage":"pt-BR","potentialAction":[{"@type":"CommentAction","name":"Comment","target":["https:\/\/resumopolitico.com.br\/?p=35537#respond"]}]},{"@type":"WebPage","@id":"https:\/\/resumopolitico.com.br\/?p=35537","url":"https:\/\/resumopolitico.com.br\/?p=35537","name":"Secret\u00e1rio de Desenvolvimento Social participa de reuni\u00e3o do Colegiado Estadual dos Gestores de Assist\u00eancia Social - Resumo Pol\u00edtico","isPartOf":{"@id":"https:\/\/resumopolitico.com.br\/#website"},"primaryImageOfPage":{"@id":"https:\/\/resumopolitico.com.br\/?p=35537#primaryimage"},"image":{"@id":"https:\/\/resumopolitico.com.br\/?p=35537#primaryimage"},"thumbnailUrl":"https:\/\/resumopolitico.com.br\/wp-content\/uploads\/2026\/03\/06-03-2026-Reuniao-Coegemas.jpeg","datePublished":"2026-03-06T19:09:06+00:00","dateModified":"2026-03-06T19:15:09+00:00","author":{"@id":"https:\/\/resumopolitico.com.br\/#\/schema\/person\/8e54285779750ca1eb5d54a40785d6f3"},"breadcrumb":{"@id":"https:\/\/resumopolitico.com.br\/?p=35537#breadcrumb"},"inLanguage":"pt-BR","potentialAction":[{"@type":"ReadAction","target":["https:\/\/resumopolitico.com.br\/?p=35537"]}]},{"@type":"ImageObject","inLanguage":"pt-BR","@id":"https:\/\/resumopolitico.com.br\/?p=35537#primaryimage","url":"https:\/\/resumopolitico.com.br\/wp-content\/uploads\/2026\/03\/06-03-2026-Reuniao-Coegemas.jpeg","contentUrl":"https:\/\/resumopolitico.com.br\/wp-content\/uploads\/2026\/03\/06-03-2026-Reuniao-Coegemas.jpeg","width":850,"height":560},{"@type":"BreadcrumbList","@id":"https:\/\/resumopolitico.com.br\/?p=35537#breadcrumb","itemListElement":[{"@type":"ListItem","position":1,"name":"In\u00edcio","item":"https:\/\/resumopolitico.com.br\/"},{"@type":"ListItem","position":2,"name":"Secret\u00e1rio de Desenvolvimento Social participa de reuni\u00e3o do Colegiado Estadual dos Gestores de Assist\u00eancia Social"}]},{"@type":"WebSite","@id":"https:\/\/resumopolitico.com.br\/#website","url":"https:\/\/resumopolitico.com.br\/","name":"Resumo Pol\u00edtico","description":"Resumo Pol\u00edtico","potentialAction":[{"@type":"SearchAction","target":{"@type":"EntryPoint","urlTemplate":"https:\/\/resumopolitico.com.br\/?s={search_term_string}"},"query-input":{"@type":"PropertyValueSpecification","valueRequired":true,"valueName":"search_term_string"}}],"inLanguage":"pt-BR"},{"@type":"Person","@id":"https:\/\/resumopolitico.com.br\/#\/schema\/person\/8e54285779750ca1eb5d54a40785d6f3","name":"resumopolitico","image":{"@type":"ImageObject","inLanguage":"pt-BR","@id":"\/\/www.gravatar.com\/avatar\/964d308c93aaf0c33319e9a3bc3b8ac5?s=96&#038;r=g&#038;d=mm","url":"\/\/www.gravatar.com\/avatar\/964d308c93aaf0c33319e9a3bc3b8ac5?s=96&#038;r=g&#038;d=mm","contentUrl":"\/\/www.gravatar.com\/avatar\/964d308c93aaf0c33319e9a3bc3b8ac5?s=96&#038;r=g&#038;d=mm","caption":"resumopolitico"},"sameAs":["http:\/\/resumopolitico.com.br"],"url":"https:\/\/resumopolitico.com.br\/?bp_members=1&bp_member=resumopoliticoprofile\/home\/"}]}},"_links":{"self":[{"href":"https:\/\/resumopolitico.com.br\/index.php?rest_route=\/wp\/v2\/posts\/35537","targetHints":{"allow":["GET"]}}],"collection":[{"href":"https:\/\/resumopolitico.com.br\/index.php?rest_route=\/wp\/v2\/posts"}],"about":[{"href":"https:\/\/resumopolitico.com.br\/index.php?rest_route=\/wp\/v2\/types\/post"}],"author":[{"embeddable":true,"href":"https:\/\/resumopolitico.com.br\/index.php?rest_route=\/wp\/v2\/users\/1"}],"replies":[{"embeddable":true,"href":"https:\/\/resumopolitico.com.br\/index.php?rest_route=%2Fwp%2Fv2%2Fcomments&post=35537"}],"version-history":[{"count":2,"href":"https:\/\/resumopolitico.com.br\/index.php?rest_route=\/wp\/v2\/posts\/35537\/revisions"}],"predecessor-version":[{"id":35540,"href":"https:\/\/resumopolitico.com.br\/index.php?rest_route=\/wp\/v2\/posts\/35537\/revisions\/35540"}],"wp:featuredmedia":[{"embeddable":true,"href":"https:\/\/resumopolitico.com.br\/index.php?rest_route=\/wp\/v2\/media\/35538"}],"wp:attachment":[{"href":"https:\/\/resumopolitico.com.br\/index.php?rest_route=%2Fwp%2Fv2%2Fmedia&parent=35537"}],"wp:term":[{"taxonomy":"category","embeddable":true,"href":"https:\/\/resumopolitico.com.br\/index.php?rest_route=%2Fwp%2Fv2%2Fcategories&post=35537"},{"taxonomy":"post_tag","embeddable":true,"href":"https:\/\/resumopolitico.com.br\/index.php?rest_route=%2Fwp%2Fv2%2Ftags&post=35537"}],"curies":[{"name":"wp","href":"https:\/\/api.w.org\/{rel}","templated":true}]}}