{"id":35544,"date":"2026-03-06T17:44:37","date_gmt":"2026-03-06T20:44:37","guid":{"rendered":"https:\/\/resumopolitico.com.br\/?p=35544"},"modified":"2026-03-06T17:45:24","modified_gmt":"2026-03-06T20:45:24","slug":"35544","status":"publish","type":"post","link":"https:\/\/resumopolitico.com.br\/?p=35544","title":{"rendered":"Coluna Pedro Oliveira"},"content":{"rendered":"<h1>Sinal amarelo<img fetchpriority=\"high\" decoding=\"async\" class=\"alignnone size-full wp-image-35550\" src=\"https:\/\/resumopolitico.com.br\/wp-content\/uploads\/2026\/03\/WhatsApp-Image-2026-03-05-at-19.00.02.jpeg\" alt=\"\" width=\"750\" height=\"491\" srcset=\"https:\/\/resumopolitico.com.br\/wp-content\/uploads\/2026\/03\/WhatsApp-Image-2026-03-05-at-19.00.02.jpeg 750w, https:\/\/resumopolitico.com.br\/wp-content\/uploads\/2026\/03\/WhatsApp-Image-2026-03-05-at-19.00.02-300x196.jpeg 300w\" sizes=\"(max-width: 750px) 100vw, 750px\" \/><\/h1>\n<p>O desgaste acumulado na candidatura de Lula come\u00e7a a extrapolar os limites da tradicional polariza\u00e7\u00e3o pol\u00edtica. O que antes se restringia ao embate ideol\u00f3gico entre campos opostos agora atinge setores moderados, independentes e at\u00e9 antigos aliados. A sucess\u00e3o de crises, ru\u00eddos diplom\u00e1ticos e dificuldades econ\u00f4micas ampliou o debate para al\u00e9m da milit\u00e2ncia. A narrativa deixou de ser apenas \u201cn\u00f3s contra eles\u201d e passou a envolver questionamentos sobre gest\u00e3o, estrat\u00e9gia e capacidade de articula\u00e7\u00e3o. Quando a cr\u00edtica rompe a bolha da oposi\u00e7\u00e3o e alcan\u00e7a o centro, o sinal de alerta se acende.<\/p>\n<hr \/>\n<h1>O bife de ouro<\/h1>\n<p><img decoding=\"async\" class=\"alignnone size-full wp-image-35549\" src=\"https:\/\/resumopolitico.com.br\/wp-content\/uploads\/2026\/03\/WhatsApp-Image-2026-03-05-at-19.00.52.jpeg\" alt=\"\" width=\"750\" height=\"788\" srcset=\"https:\/\/resumopolitico.com.br\/wp-content\/uploads\/2026\/03\/WhatsApp-Image-2026-03-05-at-19.00.52.jpeg 750w, https:\/\/resumopolitico.com.br\/wp-content\/uploads\/2026\/03\/WhatsApp-Image-2026-03-05-at-19.00.52-286x300.jpeg 286w\" sizes=\"(max-width: 750px) 100vw, 750px\" \/><\/p>\n<p>As redes sociais mostraram um poss\u00edvel esc\u00e2ndalo provocado por imagens do deputado Rafael Brito comendo um \u201cbife de ouro\u201d, fato que foi desmentido pelo pr\u00f3prio. Pode at\u00e9 ser fake, mas cabe bem no curr\u00edculo exibicionista de Brito, que vai disputar mais uma elei\u00e7\u00e3o gra\u00e7as aos votos dos Calheiros. Seu protagonismo parlamentar \u00e9 perto de zero.<\/p>\n<hr \/>\n<h1>Marx Beltr\u00e3o, o protetor<\/h1>\n<p><img decoding=\"async\" class=\"alignnone size-full wp-image-35548\" src=\"https:\/\/resumopolitico.com.br\/wp-content\/uploads\/2026\/03\/WhatsApp-Image-2026-03-05-at-19.01.40.jpeg\" alt=\"\" width=\"750\" height=\"526\" srcset=\"https:\/\/resumopolitico.com.br\/wp-content\/uploads\/2026\/03\/WhatsApp-Image-2026-03-05-at-19.01.40.jpeg 750w, https:\/\/resumopolitico.com.br\/wp-content\/uploads\/2026\/03\/WhatsApp-Image-2026-03-05-at-19.01.40-300x210.jpeg 300w\" sizes=\"(max-width: 750px) 100vw, 750px\" \/><\/p>\n<p>O deputado Marx Beltr\u00e3o \u00e9 de longe o pol\u00edtico mais comprometido com a causa animal entre todos de Alagoas. Faz mais at\u00e9 do que o governo e a prefeitura de Macei\u00f3. Atuante nas comiss\u00f5es tem\u00e1ticas e com proposi\u00e7\u00f5es avan\u00e7adas, mostra seu comprometimento com uma pauta, na qual os beneficiados n\u00e3o votam e por isso mesmo n\u00e3o s\u00e3o levados em conta.<\/p>\n<hr \/>\n<h1>Silencio na Rep\u00fablica de Murici<\/h1>\n<p><img loading=\"lazy\" decoding=\"async\" class=\"alignnone size-full wp-image-35547\" src=\"https:\/\/resumopolitico.com.br\/wp-content\/uploads\/2026\/03\/WhatsApp-Image-2026-03-05-at-19.02.39.jpeg\" alt=\"\" width=\"750\" height=\"443\" srcset=\"https:\/\/resumopolitico.com.br\/wp-content\/uploads\/2026\/03\/WhatsApp-Image-2026-03-05-at-19.02.39.jpeg 750w, https:\/\/resumopolitico.com.br\/wp-content\/uploads\/2026\/03\/WhatsApp-Image-2026-03-05-at-19.02.39-300x177.jpeg 300w\" sizes=\"(max-width: 750px) 100vw, 750px\" \/><\/p>\n<p>O epis\u00f3dio da mala com R$ 270 mil apreendida dentro da prefeitura de Murici exp\u00f5e mais que um flagrante: revela o contraste entre poder pol\u00edtico consolidado e a realidade de um dos munic\u00edpios mais pobres de Alagoas.<\/p>\n<p>At\u00e9 agora, o sil\u00eancio oficial chama mais aten\u00e7\u00e3o que a pr\u00f3pria apreens\u00e3o. Nenhuma palavra do prefeito, nenhuma manifesta\u00e7\u00e3o dos l\u00edderes mais graduados do grupo pol\u00edtico.<\/p>\n<hr \/>\n<h1>Rumo ao Senado<\/h1>\n<p><img loading=\"lazy\" decoding=\"async\" class=\"alignnone size-full wp-image-35485\" src=\"https:\/\/resumopolitico.com.br\/wp-content\/uploads\/2026\/03\/WhatsApp-Image-2026-03-04-at-10.52.16-1.jpeg\" alt=\"\" width=\"735\" height=\"751\" srcset=\"https:\/\/resumopolitico.com.br\/wp-content\/uploads\/2026\/03\/WhatsApp-Image-2026-03-04-at-10.52.16-1.jpeg 735w, https:\/\/resumopolitico.com.br\/wp-content\/uploads\/2026\/03\/WhatsApp-Image-2026-03-04-at-10.52.16-1-294x300.jpeg 294w\" sizes=\"(max-width: 735px) 100vw, 735px\" \/><\/p>\n<p>Arthur Lira entra na disputa pelo Senado Federal com uma base pol\u00edtica consolidada e uma trajet\u00f3ria que o coloca, desde j\u00e1, como um dos nomes mais competitivos do cen\u00e1rio alagoano. Sua for\u00e7a n\u00e3o se resume aos corredores do poder em Bras\u00edlia. Em Alagoas, investiu politicamente na base municipal. Ao longo dos \u00faltimos anos, destinou recursos, apoiou projetos e contribuiu com praticamente todos os munic\u00edpios do interior e com Macei\u00f3. Prefeitos e lideran\u00e7as locais reconhecem a presen\u00e7a ativa do deputado em obras, a\u00e7\u00f5es estruturantes e demandas hist\u00f3ricas das cidades.<\/p>\n<hr \/>\n<h1>Michelle \u201ctra\u00edra\u201d<\/h1>\n<p><img loading=\"lazy\" decoding=\"async\" class=\"alignnone size-full wp-image-35546\" src=\"https:\/\/resumopolitico.com.br\/wp-content\/uploads\/2026\/03\/WhatsApp-Image-2026-03-05-at-19.06.19.jpeg\" alt=\"\" width=\"750\" height=\"499\" srcset=\"https:\/\/resumopolitico.com.br\/wp-content\/uploads\/2026\/03\/WhatsApp-Image-2026-03-05-at-19.06.19.jpeg 750w, https:\/\/resumopolitico.com.br\/wp-content\/uploads\/2026\/03\/WhatsApp-Image-2026-03-05-at-19.06.19-300x200.jpeg 300w\" sizes=\"(max-width: 750px) 100vw, 750px\" \/><\/p>\n<p>A poss\u00edvel candidatura de Michelle Bolsonaro come\u00e7a a causar ru\u00eddo dentro do pr\u00f3prio grupo bolsonarista. Nos bastidores, aliados do ex-presidente demonstram preocupa\u00e7\u00e3o com o impacto pol\u00edtico da ex-primeira-dama no Distrito Federal, onde o governador Ibaneis Rocha \u00e9 considerado pe\u00e7a estrat\u00e9gica. H\u00e1 ainda um componente de desconfian\u00e7a interna. Parte do entorno de Jair Bolsonaro teme que, uma vez eleita, Michelle construa trajet\u00f3ria pr\u00f3pria, com autonomia pol\u00edtica que ultrapasse os limites do Partido Liberal e at\u00e9 do pr\u00f3prio bolsonarismo raiz.<\/p>\n<hr \/>\n<h1>Fala, prefeito<\/h1>\n<p><img loading=\"lazy\" decoding=\"async\" class=\"alignnone size-full wp-image-35545\" src=\"https:\/\/resumopolitico.com.br\/wp-content\/uploads\/2026\/03\/WhatsApp-Image-2026-03-05-at-19.06.49.jpeg\" alt=\"\" width=\"750\" height=\"491\" srcset=\"https:\/\/resumopolitico.com.br\/wp-content\/uploads\/2026\/03\/WhatsApp-Image-2026-03-05-at-19.06.49.jpeg 750w, https:\/\/resumopolitico.com.br\/wp-content\/uploads\/2026\/03\/WhatsApp-Image-2026-03-05-at-19.06.49-300x196.jpeg 300w\" sizes=\"(max-width: 750px) 100vw, 750px\" \/><\/p>\n<p>A pol\u00edtica alagoana aguarda com continuada expectativa a decis\u00e3o do prefeito JHC sobre qual cargo vai disputar. O fato tem gerado expetativa em seus opositores, que precisam se posicionar e tamb\u00e9m j\u00e1 come\u00e7a a trazer inc\u00f4modos internos. O prefeito est\u00e1 blefando? Est\u00e1 com medo? Ou est\u00e1 \u201ccoisa nenhuma\u201d? H\u00e1 quem diga que est\u00e1, sim, fugindo de acordos, que n\u00e3o estaria disposto a cumprir.<\/p>\n","protected":false},"excerpt":{"rendered":"<p>Sinal amarelo O desgaste acumulado na candidatura de Lula come\u00e7a a extrapolar os limites da tradicional polariza\u00e7\u00e3o pol\u00edtica. O que antes se restringia ao embate ideol\u00f3gico entre campos opostos agora atinge setores moderados, independentes e at\u00e9 antigos aliados. A sucess\u00e3o de crises, ru\u00eddos diplom\u00e1ticos e dificuldades econ\u00f4micas ampliou o debate para al\u00e9m da milit\u00e2ncia. A [&hellip;]<\/p>\n","protected":false},"author":1,"featured_media":26774,"comment_status":"open","ping_status":"open","sticky":false,"template":"","format":"standard","meta":{"_monsterinsights_skip_tracking":false,"_monsterinsights_sitenote_active":false,"_monsterinsights_sitenote_note":"","_monsterinsights_sitenote_category":0,"footnotes":""},"categories":[90],"tags":[],"class_list":["post-35544","post","type-post","status-publish","format-standard","has-post-thumbnail","hentry","category-coluna-pedro-oliveira"],"yoast_head":"<!-- This site is optimized with the Yoast SEO plugin v27.5 - https:\/\/yoast.com\/product\/yoast-seo-wordpress\/ -->\n<title>Coluna Pedro Oliveira - Resumo Pol\u00edtico<\/title>\n<meta name=\"robots\" content=\"index, follow, max-snippet:-1, max-image-preview:large, max-video-preview:-1\" \/>\n<link rel=\"canonical\" href=\"https:\/\/resumopolitico.com.br\/?p=35544\" \/>\n<meta property=\"og:locale\" content=\"pt_BR\" \/>\n<meta property=\"og:type\" content=\"article\" \/>\n<meta property=\"og:title\" content=\"Coluna Pedro Oliveira - Resumo Pol\u00edtico\" \/>\n<meta property=\"og:description\" content=\"Sinal amarelo O desgaste acumulado na candidatura de Lula come\u00e7a a extrapolar os limites da tradicional polariza\u00e7\u00e3o pol\u00edtica. O que antes se restringia ao embate ideol\u00f3gico entre campos opostos agora atinge setores moderados, independentes e at\u00e9 antigos aliados. A sucess\u00e3o de crises, ru\u00eddos diplom\u00e1ticos e dificuldades econ\u00f4micas ampliou o debate para al\u00e9m da milit\u00e2ncia. A [&hellip;]\" \/>\n<meta property=\"og:url\" content=\"https:\/\/resumopolitico.com.br\/?p=35544\" \/>\n<meta property=\"og:site_name\" content=\"Resumo Pol\u00edtico\" \/>\n<meta property=\"article:published_time\" content=\"2026-03-06T20:44:37+00:00\" \/>\n<meta property=\"article:modified_time\" content=\"2026-03-06T20:45:24+00:00\" \/>\n<meta property=\"og:image\" content=\"https:\/\/resumopolitico.com.br\/wp-content\/uploads\/2024\/10\/coluna.jpg\" \/>\n\t<meta property=\"og:image:width\" content=\"1140\" \/>\n\t<meta property=\"og:image:height\" content=\"570\" \/>\n\t<meta property=\"og:image:type\" content=\"image\/jpeg\" \/>\n<meta name=\"author\" content=\"resumopolitico\" \/>\n<meta name=\"twitter:card\" content=\"summary_large_image\" \/>\n<meta name=\"twitter:label1\" content=\"Escrito por\" \/>\n\t<meta name=\"twitter:data1\" content=\"resumopolitico\" \/>\n\t<meta name=\"twitter:label2\" content=\"Est. tempo de leitura\" \/>\n\t<meta name=\"twitter:data2\" content=\"5 minutos\" \/>\n<script type=\"application\/ld+json\" class=\"yoast-schema-graph\">{\"@context\":\"https:\\\/\\\/schema.org\",\"@graph\":[{\"@type\":\"Article\",\"@id\":\"https:\\\/\\\/resumopolitico.com.br\\\/?p=35544#article\",\"isPartOf\":{\"@id\":\"https:\\\/\\\/resumopolitico.com.br\\\/?p=35544\"},\"author\":{\"name\":\"resumopolitico\",\"@id\":\"https:\\\/\\\/resumopolitico.com.br\\\/#\\\/schema\\\/person\\\/8e54285779750ca1eb5d54a40785d6f3\"},\"headline\":\"Coluna Pedro Oliveira\",\"datePublished\":\"2026-03-06T20:44:37+00:00\",\"dateModified\":\"2026-03-06T20:45:24+00:00\",\"mainEntityOfPage\":{\"@id\":\"https:\\\/\\\/resumopolitico.com.br\\\/?p=35544\"},\"wordCount\":594,\"commentCount\":0,\"image\":{\"@id\":\"https:\\\/\\\/resumopolitico.com.br\\\/?p=35544#primaryimage\"},\"thumbnailUrl\":\"https:\\\/\\\/resumopolitico.com.br\\\/wp-content\\\/uploads\\\/2024\\\/10\\\/coluna.jpg\",\"articleSection\":[\"Coluna Pedro Oliveira\"],\"inLanguage\":\"pt-BR\",\"potentialAction\":[{\"@type\":\"CommentAction\",\"name\":\"Comment\",\"target\":[\"https:\\\/\\\/resumopolitico.com.br\\\/?p=35544#respond\"]}]},{\"@type\":\"WebPage\",\"@id\":\"https:\\\/\\\/resumopolitico.com.br\\\/?p=35544\",\"url\":\"https:\\\/\\\/resumopolitico.com.br\\\/?p=35544\",\"name\":\"Coluna Pedro Oliveira - Resumo Pol\u00edtico\",\"isPartOf\":{\"@id\":\"https:\\\/\\\/resumopolitico.com.br\\\/#website\"},\"primaryImageOfPage\":{\"@id\":\"https:\\\/\\\/resumopolitico.com.br\\\/?p=35544#primaryimage\"},\"image\":{\"@id\":\"https:\\\/\\\/resumopolitico.com.br\\\/?p=35544#primaryimage\"},\"thumbnailUrl\":\"https:\\\/\\\/resumopolitico.com.br\\\/wp-content\\\/uploads\\\/2024\\\/10\\\/coluna.jpg\",\"datePublished\":\"2026-03-06T20:44:37+00:00\",\"dateModified\":\"2026-03-06T20:45:24+00:00\",\"author\":{\"@id\":\"https:\\\/\\\/resumopolitico.com.br\\\/#\\\/schema\\\/person\\\/8e54285779750ca1eb5d54a40785d6f3\"},\"breadcrumb\":{\"@id\":\"https:\\\/\\\/resumopolitico.com.br\\\/?p=35544#breadcrumb\"},\"inLanguage\":\"pt-BR\",\"potentialAction\":[{\"@type\":\"ReadAction\",\"target\":[\"https:\\\/\\\/resumopolitico.com.br\\\/?p=35544\"]}]},{\"@type\":\"ImageObject\",\"inLanguage\":\"pt-BR\",\"@id\":\"https:\\\/\\\/resumopolitico.com.br\\\/?p=35544#primaryimage\",\"url\":\"https:\\\/\\\/resumopolitico.com.br\\\/wp-content\\\/uploads\\\/2024\\\/10\\\/coluna.jpg\",\"contentUrl\":\"https:\\\/\\\/resumopolitico.com.br\\\/wp-content\\\/uploads\\\/2024\\\/10\\\/coluna.jpg\",\"width\":1140,\"height\":570},{\"@type\":\"BreadcrumbList\",\"@id\":\"https:\\\/\\\/resumopolitico.com.br\\\/?p=35544#breadcrumb\",\"itemListElement\":[{\"@type\":\"ListItem\",\"position\":1,\"name\":\"In\u00edcio\",\"item\":\"https:\\\/\\\/resumopolitico.com.br\\\/\"},{\"@type\":\"ListItem\",\"position\":2,\"name\":\"Coluna Pedro Oliveira\"}]},{\"@type\":\"WebSite\",\"@id\":\"https:\\\/\\\/resumopolitico.com.br\\\/#website\",\"url\":\"https:\\\/\\\/resumopolitico.com.br\\\/\",\"name\":\"Resumo Pol\u00edtico\",\"description\":\"Resumo Pol\u00edtico\",\"potentialAction\":[{\"@type\":\"SearchAction\",\"target\":{\"@type\":\"EntryPoint\",\"urlTemplate\":\"https:\\\/\\\/resumopolitico.com.br\\\/?s={search_term_string}\"},\"query-input\":{\"@type\":\"PropertyValueSpecification\",\"valueRequired\":true,\"valueName\":\"search_term_string\"}}],\"inLanguage\":\"pt-BR\"},{\"@type\":\"Person\",\"@id\":\"https:\\\/\\\/resumopolitico.com.br\\\/#\\\/schema\\\/person\\\/8e54285779750ca1eb5d54a40785d6f3\",\"name\":\"resumopolitico\",\"image\":{\"@type\":\"ImageObject\",\"inLanguage\":\"pt-BR\",\"@id\":\"\\\/\\\/www.gravatar.com\\\/avatar\\\/964d308c93aaf0c33319e9a3bc3b8ac5?s=96&#038;r=g&#038;d=mm\",\"url\":\"\\\/\\\/www.gravatar.com\\\/avatar\\\/964d308c93aaf0c33319e9a3bc3b8ac5?s=96&#038;r=g&#038;d=mm\",\"contentUrl\":\"\\\/\\\/www.gravatar.com\\\/avatar\\\/964d308c93aaf0c33319e9a3bc3b8ac5?s=96&#038;r=g&#038;d=mm\",\"caption\":\"resumopolitico\"},\"sameAs\":[\"http:\\\/\\\/resumopolitico.com.br\"],\"url\":\"https:\\\/\\\/resumopolitico.com.br\\\/?bp_members=1&bp_member=resumopoliticoprofile\\\/home\\\/\"}]}<\/script>\n<!-- \/ Yoast SEO plugin. -->","yoast_head_json":{"title":"Coluna Pedro Oliveira - Resumo Pol\u00edtico","robots":{"index":"index","follow":"follow","max-snippet":"max-snippet:-1","max-image-preview":"max-image-preview:large","max-video-preview":"max-video-preview:-1"},"canonical":"https:\/\/resumopolitico.com.br\/?p=35544","og_locale":"pt_BR","og_type":"article","og_title":"Coluna Pedro Oliveira - Resumo Pol\u00edtico","og_description":"Sinal amarelo O desgaste acumulado na candidatura de Lula come\u00e7a a extrapolar os limites da tradicional polariza\u00e7\u00e3o pol\u00edtica. O que antes se restringia ao embate ideol\u00f3gico entre campos opostos agora atinge setores moderados, independentes e at\u00e9 antigos aliados. A sucess\u00e3o de crises, ru\u00eddos diplom\u00e1ticos e dificuldades econ\u00f4micas ampliou o debate para al\u00e9m da milit\u00e2ncia. A [&hellip;]","og_url":"https:\/\/resumopolitico.com.br\/?p=35544","og_site_name":"Resumo Pol\u00edtico","article_published_time":"2026-03-06T20:44:37+00:00","article_modified_time":"2026-03-06T20:45:24+00:00","og_image":[{"width":1140,"height":570,"url":"https:\/\/resumopolitico.com.br\/wp-content\/uploads\/2024\/10\/coluna.jpg","type":"image\/jpeg"}],"author":"resumopolitico","twitter_card":"summary_large_image","twitter_misc":{"Escrito por":"resumopolitico","Est. tempo de leitura":"5 minutos"},"schema":{"@context":"https:\/\/schema.org","@graph":[{"@type":"Article","@id":"https:\/\/resumopolitico.com.br\/?p=35544#article","isPartOf":{"@id":"https:\/\/resumopolitico.com.br\/?p=35544"},"author":{"name":"resumopolitico","@id":"https:\/\/resumopolitico.com.br\/#\/schema\/person\/8e54285779750ca1eb5d54a40785d6f3"},"headline":"Coluna Pedro Oliveira","datePublished":"2026-03-06T20:44:37+00:00","dateModified":"2026-03-06T20:45:24+00:00","mainEntityOfPage":{"@id":"https:\/\/resumopolitico.com.br\/?p=35544"},"wordCount":594,"commentCount":0,"image":{"@id":"https:\/\/resumopolitico.com.br\/?p=35544#primaryimage"},"thumbnailUrl":"https:\/\/resumopolitico.com.br\/wp-content\/uploads\/2024\/10\/coluna.jpg","articleSection":["Coluna Pedro Oliveira"],"inLanguage":"pt-BR","potentialAction":[{"@type":"CommentAction","name":"Comment","target":["https:\/\/resumopolitico.com.br\/?p=35544#respond"]}]},{"@type":"WebPage","@id":"https:\/\/resumopolitico.com.br\/?p=35544","url":"https:\/\/resumopolitico.com.br\/?p=35544","name":"Coluna Pedro Oliveira - Resumo Pol\u00edtico","isPartOf":{"@id":"https:\/\/resumopolitico.com.br\/#website"},"primaryImageOfPage":{"@id":"https:\/\/resumopolitico.com.br\/?p=35544#primaryimage"},"image":{"@id":"https:\/\/resumopolitico.com.br\/?p=35544#primaryimage"},"thumbnailUrl":"https:\/\/resumopolitico.com.br\/wp-content\/uploads\/2024\/10\/coluna.jpg","datePublished":"2026-03-06T20:44:37+00:00","dateModified":"2026-03-06T20:45:24+00:00","author":{"@id":"https:\/\/resumopolitico.com.br\/#\/schema\/person\/8e54285779750ca1eb5d54a40785d6f3"},"breadcrumb":{"@id":"https:\/\/resumopolitico.com.br\/?p=35544#breadcrumb"},"inLanguage":"pt-BR","potentialAction":[{"@type":"ReadAction","target":["https:\/\/resumopolitico.com.br\/?p=35544"]}]},{"@type":"ImageObject","inLanguage":"pt-BR","@id":"https:\/\/resumopolitico.com.br\/?p=35544#primaryimage","url":"https:\/\/resumopolitico.com.br\/wp-content\/uploads\/2024\/10\/coluna.jpg","contentUrl":"https:\/\/resumopolitico.com.br\/wp-content\/uploads\/2024\/10\/coluna.jpg","width":1140,"height":570},{"@type":"BreadcrumbList","@id":"https:\/\/resumopolitico.com.br\/?p=35544#breadcrumb","itemListElement":[{"@type":"ListItem","position":1,"name":"In\u00edcio","item":"https:\/\/resumopolitico.com.br\/"},{"@type":"ListItem","position":2,"name":"Coluna Pedro Oliveira"}]},{"@type":"WebSite","@id":"https:\/\/resumopolitico.com.br\/#website","url":"https:\/\/resumopolitico.com.br\/","name":"Resumo Pol\u00edtico","description":"Resumo Pol\u00edtico","potentialAction":[{"@type":"SearchAction","target":{"@type":"EntryPoint","urlTemplate":"https:\/\/resumopolitico.com.br\/?s={search_term_string}"},"query-input":{"@type":"PropertyValueSpecification","valueRequired":true,"valueName":"search_term_string"}}],"inLanguage":"pt-BR"},{"@type":"Person","@id":"https:\/\/resumopolitico.com.br\/#\/schema\/person\/8e54285779750ca1eb5d54a40785d6f3","name":"resumopolitico","image":{"@type":"ImageObject","inLanguage":"pt-BR","@id":"\/\/www.gravatar.com\/avatar\/964d308c93aaf0c33319e9a3bc3b8ac5?s=96&#038;r=g&#038;d=mm","url":"\/\/www.gravatar.com\/avatar\/964d308c93aaf0c33319e9a3bc3b8ac5?s=96&#038;r=g&#038;d=mm","contentUrl":"\/\/www.gravatar.com\/avatar\/964d308c93aaf0c33319e9a3bc3b8ac5?s=96&#038;r=g&#038;d=mm","caption":"resumopolitico"},"sameAs":["http:\/\/resumopolitico.com.br"],"url":"https:\/\/resumopolitico.com.br\/?bp_members=1&bp_member=resumopoliticoprofile\/home\/"}]}},"_links":{"self":[{"href":"https:\/\/resumopolitico.com.br\/index.php?rest_route=\/wp\/v2\/posts\/35544","targetHints":{"allow":["GET"]}}],"collection":[{"href":"https:\/\/resumopolitico.com.br\/index.php?rest_route=\/wp\/v2\/posts"}],"about":[{"href":"https:\/\/resumopolitico.com.br\/index.php?rest_route=\/wp\/v2\/types\/post"}],"author":[{"embeddable":true,"href":"https:\/\/resumopolitico.com.br\/index.php?rest_route=\/wp\/v2\/users\/1"}],"replies":[{"embeddable":true,"href":"https:\/\/resumopolitico.com.br\/index.php?rest_route=%2Fwp%2Fv2%2Fcomments&post=35544"}],"version-history":[{"count":2,"href":"https:\/\/resumopolitico.com.br\/index.php?rest_route=\/wp\/v2\/posts\/35544\/revisions"}],"predecessor-version":[{"id":35552,"href":"https:\/\/resumopolitico.com.br\/index.php?rest_route=\/wp\/v2\/posts\/35544\/revisions\/35552"}],"wp:featuredmedia":[{"embeddable":true,"href":"https:\/\/resumopolitico.com.br\/index.php?rest_route=\/wp\/v2\/media\/26774"}],"wp:attachment":[{"href":"https:\/\/resumopolitico.com.br\/index.php?rest_route=%2Fwp%2Fv2%2Fmedia&parent=35544"}],"wp:term":[{"taxonomy":"category","embeddable":true,"href":"https:\/\/resumopolitico.com.br\/index.php?rest_route=%2Fwp%2Fv2%2Fcategories&post=35544"},{"taxonomy":"post_tag","embeddable":true,"href":"https:\/\/resumopolitico.com.br\/index.php?rest_route=%2Fwp%2Fv2%2Ftags&post=35544"}],"curies":[{"name":"wp","href":"https:\/\/api.w.org\/{rel}","templated":true}]}}