{"id":35560,"date":"2026-03-06T18:22:08","date_gmt":"2026-03-06T21:22:08","guid":{"rendered":"https:\/\/resumopolitico.com.br\/?p=35560"},"modified":"2026-03-06T18:22:46","modified_gmt":"2026-03-06T21:22:46","slug":"35560","status":"publish","type":"post","link":"https:\/\/resumopolitico.com.br\/?p=35560","title":{"rendered":"O desafio da terceira idade: quando o corpo diminui e a consci\u00eancia cresce"},"content":{"rendered":"<p><img fetchpriority=\"high\" decoding=\"async\" class=\"alignnone size-full wp-image-35561\" src=\"https:\/\/resumopolitico.com.br\/wp-content\/uploads\/2026\/03\/WhatsApp-Image-2026-03-05-at-18.39.18-1.jpeg\" alt=\"\" width=\"1024\" height=\"1536\" srcset=\"https:\/\/resumopolitico.com.br\/wp-content\/uploads\/2026\/03\/WhatsApp-Image-2026-03-05-at-18.39.18-1.jpeg 1024w, https:\/\/resumopolitico.com.br\/wp-content\/uploads\/2026\/03\/WhatsApp-Image-2026-03-05-at-18.39.18-1-200x300.jpeg 200w, https:\/\/resumopolitico.com.br\/wp-content\/uploads\/2026\/03\/WhatsApp-Image-2026-03-05-at-18.39.18-1-683x1024.jpeg 683w, https:\/\/resumopolitico.com.br\/wp-content\/uploads\/2026\/03\/WhatsApp-Image-2026-03-05-at-18.39.18-1-768x1152.jpeg 768w, https:\/\/resumopolitico.com.br\/wp-content\/uploads\/2026\/03\/WhatsApp-Image-2026-03-05-at-18.39.18-1-750x1125.jpeg 750w\" sizes=\"(max-width: 1024px) 100vw, 1024px\" \/><\/p>\n<p>A vida \u00e9 constru\u00edda em camadas. Cada etapa traz suas descobertas, suas conquistas e tamb\u00e9m suas ilus\u00f5es. Na juventude, tudo parece aberto. O tempo se apresenta como um horizonte infinito e a energia do corpo cria a sensa\u00e7\u00e3o de que qualquer dire\u00e7\u00e3o \u00e9 poss\u00edvel. A maturidade acrescenta outra dimens\u00e3o: responsabilidade, constru\u00e7\u00e3o, disputa por espa\u00e7o, produ\u00e7\u00e3o, fam\u00edlia, conquistas materiais e intelectuais. \u00c9 o tempo da a\u00e7\u00e3o. O tempo em que a vida se manifesta com intensidade em todas as dire\u00e7\u00f5es.<\/p>\n<p>Quem viveu essa etapa com plenitude sabe o quanto ela \u00e9 vibrante. Trabalhar, empreender, disputar ideias, viajar, amar, criar projetos, enfrentar desafios. O mundo parece grande e acess\u00edvel. H\u00e1 sempre algo a conquistar, algo a corrigir, algo a melhorar. A pr\u00f3pria identidade passa a se confundir com aquilo que se faz. Produzir, decidir, liderar, participar. A vida ganha beleza justamente nessa intensidade.<\/p>\n<p>Mas o tempo, silencioso e implac\u00e1vel, continua avan\u00e7ando.<\/p>\n<p>A terceira idade chega n\u00e3o como um evento brusco, mas como uma sucess\u00e3o de pequenas mudan\u00e7as. Primeiro quase impercept\u00edveis. Depois cada vez mais claras. A energia diminui um pouco. Certas tarefas exigem mais esfor\u00e7o. Algumas fun\u00e7\u00f5es do corpo deixam de responder com a mesma rapidez. A mem\u00f3ria precisa de mais tempo para organizar certas informa\u00e7\u00f5es. O organismo, que durante d\u00e9cadas pareceu uma m\u00e1quina confi\u00e1vel, passa a exigir cuidado e vigil\u00e2ncia.<\/p>\n<p>Para quem viveu intensamente, essa transi\u00e7\u00e3o n\u00e3o \u00e9 simples.<\/p>\n<p>N\u00e3o se trata apenas de envelhecer. Trata-se de assistir, gradualmente, \u00e0 perda de fun\u00e7\u00f5es que durante muito tempo foram instrumentos fundamentais para experimentar o mundo. A velocidade diminui. A resist\u00eancia f\u00edsica se reduz. Algumas atividades deixam de ser poss\u00edveis ou passam a exigir adapta\u00e7\u00f5es. A vida, que antes parecia um campo aberto de possibilidades, come\u00e7a a impor limites mais claros.<\/p>\n<p>Esse \u00e9 um momento delicado.<\/p>\n<p>Porque n\u00e3o \u00e9 apenas o corpo que muda. A pr\u00f3pria percep\u00e7\u00e3o do tempo se transforma. Durante grande parte da vida, o futuro ocupa o centro da consci\u00eancia. Projetos, planos, expectativas. H\u00e1 sempre algo por realizar. Na terceira idade, por\u00e9m, o eixo da experi\u00eancia se desloca. O passado passa a ocupar um espa\u00e7o maior na mem\u00f3ria e o futuro deixa de ser um territ\u00f3rio ilimitado.<\/p>\n<p>Esse deslocamento pode produzir sentimentos dif\u00edceis de elaborar.<\/p>\n<p>Para alguns, ele se manifesta como nostalgia. Para outros, como frustra\u00e7\u00e3o. H\u00e1 quem experimente uma sensa\u00e7\u00e3o de perda de relev\u00e2ncia, como se o mundo continuasse avan\u00e7ando em um ritmo que j\u00e1 n\u00e3o depende mais de sua participa\u00e7\u00e3o direta. O espa\u00e7o que antes era ocupado pela a\u00e7\u00e3o passa a ser ocupado pela observa\u00e7\u00e3o.<\/p>\n<p>\u00c9 nesse ponto que muitos se deparam com uma pergunta profunda: como viver bem quando certas capacidades que deram tanta beleza \u00e0 vida come\u00e7am a desaparecer?<\/p>\n<p>A resposta n\u00e3o est\u00e1 em negar o processo.<\/p>\n<p>O envelhecimento n\u00e3o \u00e9 uma falha individual nem uma injusti\u00e7a biol\u00f3gica. \u00c9 simplesmente parte da arquitetura da vida. Todos os organismos vivos passam por esse ciclo. Crescimento, plenitude, decl\u00ednio e fim. A diferen\u00e7a est\u00e1 em como cada pessoa interpreta esse movimento.<\/p>\n<p>Quem viveu com intensidade muitas vezes enfrenta um paradoxo curioso. Ao mesmo tempo em que percebe a diminui\u00e7\u00e3o de certas for\u00e7as, carrega consigo uma riqueza de experi\u00eancias que nenhuma juventude possui. D\u00e9cadas de observa\u00e7\u00e3o do mundo produzem algo raro: perspectiva.<\/p>\n<p>Com o tempo, certas ilus\u00f5es desaparecem.<\/p>\n<p>A pressa perde import\u00e2ncia. Muitas disputas que pareciam decisivas revelam-se menores do que pareciam. A vaidade de certas conquistas se torna mais clara. A consci\u00eancia passa a enxergar com maior nitidez aquilo que realmente importa.<\/p>\n<p>Essa mudan\u00e7a de olhar pode transformar profundamente a experi\u00eancia da terceira idade.<\/p>\n<p>Se na juventude e na maturidade o valor estava principalmente no fazer, na produ\u00e7\u00e3o e na conquista, na velhice surge outra dimens\u00e3o: a compreens\u00e3o. A vida passa a ser vista como um processo mais amplo, no qual cada fase possui sua fun\u00e7\u00e3o.<\/p>\n<p>O corpo pode perder velocidade, mas a mente ganha capacidade de s\u00edntese. A ansiedade diminui. O julgamento se torna mais ponderado. O olhar sobre os acontecimentos ganha profundidade hist\u00f3rica. Quem viveu muito aprendeu a reconhecer padr\u00f5es, ciclos e repeti\u00e7\u00f5es que passam despercebidos para gera\u00e7\u00f5es mais jovens.<\/p>\n<p>Essa sabedoria silenciosa sempre foi valorizada em muitas civiliza\u00e7\u00f5es antigas.<\/p>\n<p>Em sociedades tradicionais, os anci\u00e3os ocupavam um lugar especial. N\u00e3o eram os mais fortes nem os mais r\u00e1pidos, mas eram os que possu\u00edam mem\u00f3ria, experi\u00eancia e discernimento. Seu papel n\u00e3o era competir com os jovens, mas orientar, interpretar e preservar o conhecimento acumulado.<\/p>\n<p>A modernidade, com sua obsess\u00e3o pela velocidade e pela inova\u00e7\u00e3o constante, muitas vezes esqueceu esse valor.<\/p>\n<p>Mas ele continua existindo.<\/p>\n<p>A terceira idade pode ser uma fase de grande liberdade interior. Muitas das press\u00f5es que dominaram a vida adulta perdem for\u00e7a. A necessidade de provar algo ao mundo diminui. As disputas profissionais deixam de ocupar o centro da exist\u00eancia. O tempo passa a permitir algo que antes era raro: reflex\u00e3o.<\/p>\n<p>Nesse contexto, surge outra dimens\u00e3o importante: o legado.<\/p>\n<p>Cada vida deixa marcas. Algumas materiais, outras intelectuais, outras afetivas. Filhos, netos, alunos, leitores, amigos. Ideias transmitidas, valores compartilhados, exemplos vividos. A vida humana n\u00e3o termina no indiv\u00edduo. Ela se prolonga naquilo que foi transmitido.<\/p>\n<p>Quando essa consci\u00eancia amadurece, o medo do fim tamb\u00e9m pode mudar de forma.<\/p>\n<p>Esse trajeto tende a se tornar ainda mais agudo entre aqueles que cultivam uma vis\u00e3o agn\u00f3stica da exist\u00eancia. Para quem compreende a vida humana como um fen\u00f4meno essencialmente material \u2014 resultado da organiza\u00e7\u00e3o transit\u00f3ria de \u00e1tomos que tamb\u00e9m comp\u00f5em os tr\u00eas grandes dom\u00ednios da natureza, o animal, o vegetal e o mineral \u2014 a consci\u00eancia da finitude aparece sem os amortecedores metaf\u00edsicos oferecidos pelas religi\u00f5es. A vida surge como um raro momento de organiza\u00e7\u00e3o da mat\u00e9ria antes de seu retorno ao fluxo universal dos elementos.<\/p>\n<p>Para quem viveu intensamente, a proximidade da finitude n\u00e3o precisa necessariamente ser uma fonte de ang\u00fastia permanente. Muitas vezes ela aparece acompanhada de uma sensa\u00e7\u00e3o diferente: a de ter participado plenamente da experi\u00eancia humana.<\/p>\n<p>Amar, trabalhar, criar, errar, aprender, lutar, construir.<\/p>\n<p>Viver.<\/p>\n<p>Essa sensa\u00e7\u00e3o n\u00e3o elimina o amor pela fam\u00edlia nem diminui o valor da vida presente. Pelo contr\u00e1rio. Ela pode tornar cada momento ainda mais significativo. As conversas com filhos e netos, os encontros com amigos, os pequenos rituais cotidianos passam a ter um peso especial.<\/p>\n<p>O tempo deixa de ser apenas quantidade e passa a ser qualidade.<\/p>\n<p>Superar o desafio da terceira idade n\u00e3o significa ignorar as perdas que inevitavelmente chegam. Elas existem e fazem parte do processo. O verdadeiro desafio est\u00e1 em reconhecer que a vida continua oferecendo sentido mesmo quando certas capacidades diminuem.<\/p>\n<p>O protagonismo muda de forma.<\/p>\n<p>Sai de cena o protagonismo da for\u00e7a e entra o protagonismo da compreens\u00e3o. Sai o dom\u00ednio da velocidade e entra a maturidade do olhar. Sai a urg\u00eancia de conquistar e entra a serenidade de interpretar.<\/p>\n<p>A beleza da vida n\u00e3o desaparece na terceira idade.<\/p>\n<p>Ela apenas assume outra forma.<\/p>\n<p>Uma forma menos ruidosa, menos acelerada, mas muitas vezes mais profunda. Porque, depois de atravessar tantas d\u00e9cadas de experi\u00eancias, a consci\u00eancia humana passa a compreender algo que a juventude raramente percebe: a vida n\u00e3o \u00e9 apenas aquilo que fazemos.<\/p>\n<p>\u00c9 tamb\u00e9m aquilo que aprendemos a compreender sobre ela.<\/p>\n<p>E talvez seja justamente a\u00ed que se encontre a \u00faltima reconcilia\u00e7\u00e3o com o tempo. Se somos, em \u00faltima inst\u00e2ncia, mat\u00e9ria organizada por um breve intervalo da hist\u00f3ria do universo, ent\u00e3o viver bem n\u00e3o significa negar a finitude, mas honrar esse instante raro em que os \u00e1tomos se organizaram para pensar, amar, construir e compreender. Quando esse instante termina, a mat\u00e9ria retorna ao fluxo do qual sempre fez parte \u2014 mas aquilo que produzimos em consci\u00eancia, em afeto e em pensamento permanece inscrito na mem\u00f3ria dos outros e na continuidade silenciosa da experi\u00eancia humana.<\/p>\n","protected":false},"excerpt":{"rendered":"<p>A vida \u00e9 constru\u00edda em camadas. Cada etapa traz suas descobertas, suas conquistas e tamb\u00e9m suas ilus\u00f5es. Na juventude, tudo parece aberto. O tempo se apresenta como um horizonte infinito e a energia do corpo cria a sensa\u00e7\u00e3o de que qualquer dire\u00e7\u00e3o \u00e9 poss\u00edvel. A maturidade acrescenta outra dimens\u00e3o: responsabilidade, constru\u00e7\u00e3o, disputa por espa\u00e7o, produ\u00e7\u00e3o, [&hellip;]<\/p>\n","protected":false},"author":1,"featured_media":34856,"comment_status":"open","ping_status":"open","sticky":false,"template":"","format":"standard","meta":{"_monsterinsights_skip_tracking":false,"_monsterinsights_sitenote_active":false,"_monsterinsights_sitenote_note":"","_monsterinsights_sitenote_category":0,"footnotes":""},"categories":[104,123],"tags":[],"class_list":["post-35560","post","type-post","status-publish","format-standard","has-post-thumbnail","hentry","category-destaque","category-coluna-rui_guerra"],"yoast_head":"<!-- This site is optimized with the Yoast SEO plugin v27.5 - https:\/\/yoast.com\/product\/yoast-seo-wordpress\/ -->\n<title>O desafio da terceira idade: quando o corpo diminui e a consci\u00eancia cresce - Resumo Pol\u00edtico<\/title>\n<meta name=\"robots\" content=\"index, follow, max-snippet:-1, max-image-preview:large, max-video-preview:-1\" \/>\n<link rel=\"canonical\" href=\"https:\/\/resumopolitico.com.br\/?p=35560\" \/>\n<meta property=\"og:locale\" content=\"pt_BR\" \/>\n<meta property=\"og:type\" content=\"article\" \/>\n<meta property=\"og:title\" content=\"O desafio da terceira idade: quando o corpo diminui e a consci\u00eancia cresce - Resumo Pol\u00edtico\" \/>\n<meta property=\"og:description\" content=\"A vida \u00e9 constru\u00edda em camadas. Cada etapa traz suas descobertas, suas conquistas e tamb\u00e9m suas ilus\u00f5es. Na juventude, tudo parece aberto. O tempo se apresenta como um horizonte infinito e a energia do corpo cria a sensa\u00e7\u00e3o de que qualquer dire\u00e7\u00e3o \u00e9 poss\u00edvel. A maturidade acrescenta outra dimens\u00e3o: responsabilidade, constru\u00e7\u00e3o, disputa por espa\u00e7o, produ\u00e7\u00e3o, [&hellip;]\" \/>\n<meta property=\"og:url\" content=\"https:\/\/resumopolitico.com.br\/?p=35560\" \/>\n<meta property=\"og:site_name\" content=\"Resumo Pol\u00edtico\" \/>\n<meta property=\"article:published_time\" content=\"2026-03-06T21:22:08+00:00\" \/>\n<meta property=\"article:modified_time\" content=\"2026-03-06T21:22:46+00:00\" \/>\n<meta property=\"og:image\" content=\"https:\/\/resumopolitico.com.br\/wp-content\/uploads\/2026\/01\/ruinovo-e1769472309464-800x1024.png\" \/>\n\t<meta property=\"og:image:width\" content=\"800\" \/>\n\t<meta property=\"og:image:height\" content=\"1024\" \/>\n\t<meta property=\"og:image:type\" content=\"image\/png\" \/>\n<meta name=\"author\" content=\"resumopolitico\" \/>\n<meta name=\"twitter:card\" content=\"summary_large_image\" \/>\n<meta name=\"twitter:label1\" content=\"Escrito por\" \/>\n\t<meta name=\"twitter:data1\" content=\"resumopolitico\" \/>\n\t<meta name=\"twitter:label2\" content=\"Est. tempo de leitura\" \/>\n\t<meta name=\"twitter:data2\" content=\"8 minutos\" \/>\n<script type=\"application\/ld+json\" class=\"yoast-schema-graph\">{\"@context\":\"https:\\\/\\\/schema.org\",\"@graph\":[{\"@type\":\"Article\",\"@id\":\"https:\\\/\\\/resumopolitico.com.br\\\/?p=35560#article\",\"isPartOf\":{\"@id\":\"https:\\\/\\\/resumopolitico.com.br\\\/?p=35560\"},\"author\":{\"name\":\"resumopolitico\",\"@id\":\"https:\\\/\\\/resumopolitico.com.br\\\/#\\\/schema\\\/person\\\/8e54285779750ca1eb5d54a40785d6f3\"},\"headline\":\"O desafio da terceira idade: quando o corpo diminui e a consci\u00eancia cresce\",\"datePublished\":\"2026-03-06T21:22:08+00:00\",\"dateModified\":\"2026-03-06T21:22:46+00:00\",\"mainEntityOfPage\":{\"@id\":\"https:\\\/\\\/resumopolitico.com.br\\\/?p=35560\"},\"wordCount\":1412,\"commentCount\":0,\"image\":{\"@id\":\"https:\\\/\\\/resumopolitico.com.br\\\/?p=35560#primaryimage\"},\"thumbnailUrl\":\"https:\\\/\\\/resumopolitico.com.br\\\/wp-content\\\/uploads\\\/2026\\\/01\\\/ruinovo-e1769472309464.png\",\"articleSection\":[\"Destaque\",\"LUPA, um olhar cr\u00edtico de quem viveu na coxia\"],\"inLanguage\":\"pt-BR\",\"potentialAction\":[{\"@type\":\"CommentAction\",\"name\":\"Comment\",\"target\":[\"https:\\\/\\\/resumopolitico.com.br\\\/?p=35560#respond\"]}]},{\"@type\":\"WebPage\",\"@id\":\"https:\\\/\\\/resumopolitico.com.br\\\/?p=35560\",\"url\":\"https:\\\/\\\/resumopolitico.com.br\\\/?p=35560\",\"name\":\"O desafio da terceira idade: quando o corpo diminui e a consci\u00eancia cresce - Resumo Pol\u00edtico\",\"isPartOf\":{\"@id\":\"https:\\\/\\\/resumopolitico.com.br\\\/#website\"},\"primaryImageOfPage\":{\"@id\":\"https:\\\/\\\/resumopolitico.com.br\\\/?p=35560#primaryimage\"},\"image\":{\"@id\":\"https:\\\/\\\/resumopolitico.com.br\\\/?p=35560#primaryimage\"},\"thumbnailUrl\":\"https:\\\/\\\/resumopolitico.com.br\\\/wp-content\\\/uploads\\\/2026\\\/01\\\/ruinovo-e1769472309464.png\",\"datePublished\":\"2026-03-06T21:22:08+00:00\",\"dateModified\":\"2026-03-06T21:22:46+00:00\",\"author\":{\"@id\":\"https:\\\/\\\/resumopolitico.com.br\\\/#\\\/schema\\\/person\\\/8e54285779750ca1eb5d54a40785d6f3\"},\"breadcrumb\":{\"@id\":\"https:\\\/\\\/resumopolitico.com.br\\\/?p=35560#breadcrumb\"},\"inLanguage\":\"pt-BR\",\"potentialAction\":[{\"@type\":\"ReadAction\",\"target\":[\"https:\\\/\\\/resumopolitico.com.br\\\/?p=35560\"]}]},{\"@type\":\"ImageObject\",\"inLanguage\":\"pt-BR\",\"@id\":\"https:\\\/\\\/resumopolitico.com.br\\\/?p=35560#primaryimage\",\"url\":\"https:\\\/\\\/resumopolitico.com.br\\\/wp-content\\\/uploads\\\/2026\\\/01\\\/ruinovo-e1769472309464.png\",\"contentUrl\":\"https:\\\/\\\/resumopolitico.com.br\\\/wp-content\\\/uploads\\\/2026\\\/01\\\/ruinovo-e1769472309464.png\",\"width\":1024,\"height\":1310},{\"@type\":\"BreadcrumbList\",\"@id\":\"https:\\\/\\\/resumopolitico.com.br\\\/?p=35560#breadcrumb\",\"itemListElement\":[{\"@type\":\"ListItem\",\"position\":1,\"name\":\"In\u00edcio\",\"item\":\"https:\\\/\\\/resumopolitico.com.br\\\/\"},{\"@type\":\"ListItem\",\"position\":2,\"name\":\"O desafio da terceira idade: quando o corpo diminui e a consci\u00eancia cresce\"}]},{\"@type\":\"WebSite\",\"@id\":\"https:\\\/\\\/resumopolitico.com.br\\\/#website\",\"url\":\"https:\\\/\\\/resumopolitico.com.br\\\/\",\"name\":\"Resumo Pol\u00edtico\",\"description\":\"Resumo Pol\u00edtico\",\"potentialAction\":[{\"@type\":\"SearchAction\",\"target\":{\"@type\":\"EntryPoint\",\"urlTemplate\":\"https:\\\/\\\/resumopolitico.com.br\\\/?s={search_term_string}\"},\"query-input\":{\"@type\":\"PropertyValueSpecification\",\"valueRequired\":true,\"valueName\":\"search_term_string\"}}],\"inLanguage\":\"pt-BR\"},{\"@type\":\"Person\",\"@id\":\"https:\\\/\\\/resumopolitico.com.br\\\/#\\\/schema\\\/person\\\/8e54285779750ca1eb5d54a40785d6f3\",\"name\":\"resumopolitico\",\"image\":{\"@type\":\"ImageObject\",\"inLanguage\":\"pt-BR\",\"@id\":\"\\\/\\\/www.gravatar.com\\\/avatar\\\/964d308c93aaf0c33319e9a3bc3b8ac5?s=96&#038;r=g&#038;d=mm\",\"url\":\"\\\/\\\/www.gravatar.com\\\/avatar\\\/964d308c93aaf0c33319e9a3bc3b8ac5?s=96&#038;r=g&#038;d=mm\",\"contentUrl\":\"\\\/\\\/www.gravatar.com\\\/avatar\\\/964d308c93aaf0c33319e9a3bc3b8ac5?s=96&#038;r=g&#038;d=mm\",\"caption\":\"resumopolitico\"},\"sameAs\":[\"http:\\\/\\\/resumopolitico.com.br\"],\"url\":\"https:\\\/\\\/resumopolitico.com.br\\\/?bp_members=1&bp_member=resumopoliticoprofile\\\/home\\\/\"}]}<\/script>\n<!-- \/ Yoast SEO plugin. -->","yoast_head_json":{"title":"O desafio da terceira idade: quando o corpo diminui e a consci\u00eancia cresce - Resumo Pol\u00edtico","robots":{"index":"index","follow":"follow","max-snippet":"max-snippet:-1","max-image-preview":"max-image-preview:large","max-video-preview":"max-video-preview:-1"},"canonical":"https:\/\/resumopolitico.com.br\/?p=35560","og_locale":"pt_BR","og_type":"article","og_title":"O desafio da terceira idade: quando o corpo diminui e a consci\u00eancia cresce - Resumo Pol\u00edtico","og_description":"A vida \u00e9 constru\u00edda em camadas. Cada etapa traz suas descobertas, suas conquistas e tamb\u00e9m suas ilus\u00f5es. Na juventude, tudo parece aberto. O tempo se apresenta como um horizonte infinito e a energia do corpo cria a sensa\u00e7\u00e3o de que qualquer dire\u00e7\u00e3o \u00e9 poss\u00edvel. A maturidade acrescenta outra dimens\u00e3o: responsabilidade, constru\u00e7\u00e3o, disputa por espa\u00e7o, produ\u00e7\u00e3o, [&hellip;]","og_url":"https:\/\/resumopolitico.com.br\/?p=35560","og_site_name":"Resumo Pol\u00edtico","article_published_time":"2026-03-06T21:22:08+00:00","article_modified_time":"2026-03-06T21:22:46+00:00","og_image":[{"width":800,"height":1024,"url":"https:\/\/resumopolitico.com.br\/wp-content\/uploads\/2026\/01\/ruinovo-e1769472309464-800x1024.png","type":"image\/png"}],"author":"resumopolitico","twitter_card":"summary_large_image","twitter_misc":{"Escrito por":"resumopolitico","Est. tempo de leitura":"8 minutos"},"schema":{"@context":"https:\/\/schema.org","@graph":[{"@type":"Article","@id":"https:\/\/resumopolitico.com.br\/?p=35560#article","isPartOf":{"@id":"https:\/\/resumopolitico.com.br\/?p=35560"},"author":{"name":"resumopolitico","@id":"https:\/\/resumopolitico.com.br\/#\/schema\/person\/8e54285779750ca1eb5d54a40785d6f3"},"headline":"O desafio da terceira idade: quando o corpo diminui e a consci\u00eancia cresce","datePublished":"2026-03-06T21:22:08+00:00","dateModified":"2026-03-06T21:22:46+00:00","mainEntityOfPage":{"@id":"https:\/\/resumopolitico.com.br\/?p=35560"},"wordCount":1412,"commentCount":0,"image":{"@id":"https:\/\/resumopolitico.com.br\/?p=35560#primaryimage"},"thumbnailUrl":"https:\/\/resumopolitico.com.br\/wp-content\/uploads\/2026\/01\/ruinovo-e1769472309464.png","articleSection":["Destaque","LUPA, um olhar cr\u00edtico de quem viveu na coxia"],"inLanguage":"pt-BR","potentialAction":[{"@type":"CommentAction","name":"Comment","target":["https:\/\/resumopolitico.com.br\/?p=35560#respond"]}]},{"@type":"WebPage","@id":"https:\/\/resumopolitico.com.br\/?p=35560","url":"https:\/\/resumopolitico.com.br\/?p=35560","name":"O desafio da terceira idade: quando o corpo diminui e a consci\u00eancia cresce - Resumo Pol\u00edtico","isPartOf":{"@id":"https:\/\/resumopolitico.com.br\/#website"},"primaryImageOfPage":{"@id":"https:\/\/resumopolitico.com.br\/?p=35560#primaryimage"},"image":{"@id":"https:\/\/resumopolitico.com.br\/?p=35560#primaryimage"},"thumbnailUrl":"https:\/\/resumopolitico.com.br\/wp-content\/uploads\/2026\/01\/ruinovo-e1769472309464.png","datePublished":"2026-03-06T21:22:08+00:00","dateModified":"2026-03-06T21:22:46+00:00","author":{"@id":"https:\/\/resumopolitico.com.br\/#\/schema\/person\/8e54285779750ca1eb5d54a40785d6f3"},"breadcrumb":{"@id":"https:\/\/resumopolitico.com.br\/?p=35560#breadcrumb"},"inLanguage":"pt-BR","potentialAction":[{"@type":"ReadAction","target":["https:\/\/resumopolitico.com.br\/?p=35560"]}]},{"@type":"ImageObject","inLanguage":"pt-BR","@id":"https:\/\/resumopolitico.com.br\/?p=35560#primaryimage","url":"https:\/\/resumopolitico.com.br\/wp-content\/uploads\/2026\/01\/ruinovo-e1769472309464.png","contentUrl":"https:\/\/resumopolitico.com.br\/wp-content\/uploads\/2026\/01\/ruinovo-e1769472309464.png","width":1024,"height":1310},{"@type":"BreadcrumbList","@id":"https:\/\/resumopolitico.com.br\/?p=35560#breadcrumb","itemListElement":[{"@type":"ListItem","position":1,"name":"In\u00edcio","item":"https:\/\/resumopolitico.com.br\/"},{"@type":"ListItem","position":2,"name":"O desafio da terceira idade: quando o corpo diminui e a consci\u00eancia cresce"}]},{"@type":"WebSite","@id":"https:\/\/resumopolitico.com.br\/#website","url":"https:\/\/resumopolitico.com.br\/","name":"Resumo Pol\u00edtico","description":"Resumo Pol\u00edtico","potentialAction":[{"@type":"SearchAction","target":{"@type":"EntryPoint","urlTemplate":"https:\/\/resumopolitico.com.br\/?s={search_term_string}"},"query-input":{"@type":"PropertyValueSpecification","valueRequired":true,"valueName":"search_term_string"}}],"inLanguage":"pt-BR"},{"@type":"Person","@id":"https:\/\/resumopolitico.com.br\/#\/schema\/person\/8e54285779750ca1eb5d54a40785d6f3","name":"resumopolitico","image":{"@type":"ImageObject","inLanguage":"pt-BR","@id":"\/\/www.gravatar.com\/avatar\/964d308c93aaf0c33319e9a3bc3b8ac5?s=96&#038;r=g&#038;d=mm","url":"\/\/www.gravatar.com\/avatar\/964d308c93aaf0c33319e9a3bc3b8ac5?s=96&#038;r=g&#038;d=mm","contentUrl":"\/\/www.gravatar.com\/avatar\/964d308c93aaf0c33319e9a3bc3b8ac5?s=96&#038;r=g&#038;d=mm","caption":"resumopolitico"},"sameAs":["http:\/\/resumopolitico.com.br"],"url":"https:\/\/resumopolitico.com.br\/?bp_members=1&bp_member=resumopoliticoprofile\/home\/"}]}},"_links":{"self":[{"href":"https:\/\/resumopolitico.com.br\/index.php?rest_route=\/wp\/v2\/posts\/35560","targetHints":{"allow":["GET"]}}],"collection":[{"href":"https:\/\/resumopolitico.com.br\/index.php?rest_route=\/wp\/v2\/posts"}],"about":[{"href":"https:\/\/resumopolitico.com.br\/index.php?rest_route=\/wp\/v2\/types\/post"}],"author":[{"embeddable":true,"href":"https:\/\/resumopolitico.com.br\/index.php?rest_route=\/wp\/v2\/users\/1"}],"replies":[{"embeddable":true,"href":"https:\/\/resumopolitico.com.br\/index.php?rest_route=%2Fwp%2Fv2%2Fcomments&post=35560"}],"version-history":[{"count":2,"href":"https:\/\/resumopolitico.com.br\/index.php?rest_route=\/wp\/v2\/posts\/35560\/revisions"}],"predecessor-version":[{"id":35563,"href":"https:\/\/resumopolitico.com.br\/index.php?rest_route=\/wp\/v2\/posts\/35560\/revisions\/35563"}],"wp:featuredmedia":[{"embeddable":true,"href":"https:\/\/resumopolitico.com.br\/index.php?rest_route=\/wp\/v2\/media\/34856"}],"wp:attachment":[{"href":"https:\/\/resumopolitico.com.br\/index.php?rest_route=%2Fwp%2Fv2%2Fmedia&parent=35560"}],"wp:term":[{"taxonomy":"category","embeddable":true,"href":"https:\/\/resumopolitico.com.br\/index.php?rest_route=%2Fwp%2Fv2%2Fcategories&post=35560"},{"taxonomy":"post_tag","embeddable":true,"href":"https:\/\/resumopolitico.com.br\/index.php?rest_route=%2Fwp%2Fv2%2Ftags&post=35560"}],"curies":[{"name":"wp","href":"https:\/\/api.w.org\/{rel}","templated":true}]}}