{"id":35564,"date":"2026-03-07T19:57:29","date_gmt":"2026-03-07T22:57:29","guid":{"rendered":"https:\/\/resumopolitico.com.br\/?p=35564"},"modified":"2026-03-07T19:58:19","modified_gmt":"2026-03-07T22:58:19","slug":"35564","status":"publish","type":"post","link":"https:\/\/resumopolitico.com.br\/?p=35564","title":{"rendered":"Mulher brasileira: o que h\u00e1 para comemorar?"},"content":{"rendered":"<p style=\"margin: 0cm; margin-bottom: .0001pt; text-align: justify;\"><span style=\"font-family: 'Arial',sans-serif;\">No calend\u00e1rio oficial, o <strong><span style=\"font-family: 'Arial',sans-serif; font-weight: normal;\">8 de mar\u00e7o<\/span><\/strong> \u00e9 celebrado como o <strong><span style=\"font-family: 'Arial',sans-serif; font-weight: normal;\">Dia Internacional da Mulher<\/span><\/strong>. Nas vitrines, flores. Nas redes sociais, homenagens apressadas. Nos discursos oficiais, palavras bonitas sobre respeito, igualdade e reconhecimento. Mas basta olhar para a realidade brasileira para que a pergunta surja inevit\u00e1vel, inc\u00f4moda e dolorosa: <strong><span style=\"font-family: 'Arial',sans-serif; font-weight: normal;\">o que exatamente as mulheres brasileiras t\u00eam para comemorar?<\/span><\/strong><\/span><\/p>\n<p style=\"margin: 0cm; margin-bottom: .0001pt; text-align: justify;\"><span style=\"font-family: 'Arial',sans-serif;\">O Brasil \u00e9 hoje um dos pa\u00edses mais violentos do mundo para se nascer mulher. Segundo dados do <strong><span style=\"font-family: 'Arial',sans-serif; font-weight: normal;\">F\u00f3rum Brasileiro de Seguran\u00e7a P\u00fablica<\/span><\/strong>, a cada ano <strong><span style=\"font-family: 'Arial',sans-serif; font-weight: normal;\">milhares de mulheres s\u00e3o assassinadas no pa\u00eds<\/span><\/strong>, muitas delas dentro de casa, mortas por quem dizia am\u00e1-las. Em m\u00e9dia, <strong><span style=\"font-family: 'Arial',sans-serif; font-weight: normal;\">uma mulher \u00e9 v\u00edtima de feminic\u00eddio a cada poucas horas no Brasil<\/span><\/strong>. N\u00e3o se trata de estat\u00edstica fria. S\u00e3o vidas interrompidas, fam\u00edlias destru\u00eddas e uma sociedade que assiste, muitas vezes, em sil\u00eancio.<\/span><\/p>\n<p style=\"margin: 0cm; margin-bottom: .0001pt; text-align: justify;\"><span style=\"font-family: 'Arial',sans-serif;\">Mais grave ainda: <strong><span style=\"font-family: 'Arial',sans-serif; font-weight: normal;\">a viol\u00eancia cotidiana contra mulheres cresce em escala assustadora<\/span><\/strong>. S\u00e3o milh\u00f5es de registros de agress\u00f5es f\u00edsicas, amea\u00e7as, estupros e viol\u00eancia psicol\u00f3gica. Delegacias recebem den\u00fancias diariamente, mas muitas mulheres sequer chegam a denunciar. O medo, a depend\u00eancia econ\u00f4mica, a vergonha e a descren\u00e7a nas institui\u00e7\u00f5es ainda s\u00e3o barreiras brutais.<\/span><\/p>\n<p style=\"margin: 0cm; margin-bottom: .0001pt; text-align: justify;\"><span style=\"font-family: 'Arial',sans-serif;\">A realidade \u00e9 ainda mais cruel quando se observa o comportamento de parte do Estado brasileiro. <strong><span style=\"font-family: 'Arial',sans-serif; font-weight: normal;\">A neglig\u00eancia policial, a morosidade da Justi\u00e7a e a fragilidade das leis,<\/span><\/strong> muitas vezes transformam a v\u00edtima em ref\u00e9m de um sistema que deveria proteg\u00ea-la. Medidas protetivas s\u00e3o descumpridas. Den\u00fancias s\u00e3o ignoradas. Processos se arrastam por anos. E, em muitos casos, o agressor volta para casa antes mesmo da v\u00edtima conseguir reconstruir a pr\u00f3pria vida.<\/span><\/p>\n<p style=\"margin: 0cm; margin-bottom: .0001pt; text-align: justify;\"><span style=\"font-family: 'Arial',sans-serif;\">A trag\u00e9dia, por\u00e9m, ganha contornos ainda mais sombrios quando a viol\u00eancia deixa de atingir apenas a mulher e passa a atingir aquilo que ela tem de mais precioso: <strong><span style=\"font-family: 'Arial',sans-serif; font-weight: normal;\">os filhos<\/span><\/strong>.<\/span><\/p>\n<p style=\"margin: 0cm; margin-bottom: .0001pt; text-align: justify;\"><span style=\"font-family: 'Arial',sans-serif;\">No dia <strong><span style=\"font-family: 'Arial',sans-serif; font-weight: normal;\">10 de julho de 2023<\/span><\/strong>, a delegada <strong><span style=\"font-family: 'Arial',sans-serif; font-weight: normal;\">Amanda Souza<\/span><\/strong> saiu de casa para trabalhar como em qualquer outra manh\u00e3. Antes de sair, recebeu uma mensagem que parecia um press\u00e1gio macabro:<\/span><\/p>\n<p style=\"margin: 0cm; margin-bottom: .0001pt; text-align: justify;\"><em><span style=\"font-family: 'Arial',sans-serif;\">\u201cSeu futuro ser\u00e1 de tristeza e solid\u00e3o.\u201d<\/span><\/em><\/p>\n<p style=\"margin: 0cm; margin-bottom: .0001pt; text-align: justify;\"><span style=\"font-family: 'Arial',sans-serif;\">Horas depois, por volta das quatro da tarde, o telefone tocou. Do outro lado da linha veio uma frase que nenhum ser humano deveria ouvir, muito menos uma m\u00e3e:<\/span><\/p>\n<p style=\"margin: 0cm; margin-bottom: .0001pt; text-align: justify;\"><strong><span style=\"font-family: 'Arial',sans-serif; font-weight: normal;\">\u201cParab\u00e9ns, voc\u00ea conseguiu o que queria: eu matei os seus dois filhos.\u201d<\/span><\/strong><\/p>\n<p style=\"margin: 0cm; margin-bottom: .0001pt; text-align: justify;\"><span style=\"font-family: 'Arial',sans-serif;\">A barb\u00e1rie havia sido consumada. Dois inocentes mortos para atingir emocionalmente uma mulher. Uma vingan\u00e7a brutal travestida de loucura ou desespero, mas que, na ess\u00eancia, revela o rosto mais cruel da viol\u00eancia de g\u00eanero.<\/span><\/p>\n<p style=\"margin: 0cm; margin-bottom: .0001pt; text-align: justify;\"><span style=\"font-family: 'Arial',sans-serif;\">Infelizmente, o horror n\u00e3o parou ali.<\/span><\/p>\n<p style=\"margin: 0cm; margin-bottom: .0001pt; text-align: justify;\"><span style=\"font-family: 'Arial',sans-serif;\">Recentemente, em <strong><span style=\"font-family: 'Arial',sans-serif; font-weight: normal;\">Itumbiara, Goi\u00e1s<\/span><\/strong>, outra trag\u00e9dia chocou o pa\u00eds. O ent\u00e3o secret\u00e1rio de Governo do munic\u00edpio, <strong><span style=\"font-family: 'Arial',sans-serif; font-weight: normal;\">Thales Machado<\/span><\/strong>, atirou contra os pr\u00f3prios filhos dentro de casa antes de tirar a pr\u00f3pria vida. Um menino de <strong><span style=\"font-family: 'Arial',sans-serif; font-weight: normal;\">12 anos morreu antes mesmo de receber socorro<\/span><\/strong>. O irm\u00e3o, de <strong><span style=\"font-family: 'Arial',sans-serif; font-weight: normal;\">8 anos<\/span><\/strong>, ainda lutou por algumas horas no hospital. <strong><span style=\"font-family: 'Arial',sans-serif; font-weight: normal;\">N\u00e3o resistiu \u00e0 crueldade.<\/span><\/strong><\/span><\/p>\n<p style=\"margin: 0cm; margin-bottom: .0001pt; text-align: justify;\"><span style=\"font-family: 'Arial',sans-serif;\">S\u00e3o epis\u00f3dios que revelam uma face perturbadora da viol\u00eancia dom\u00e9stica no Brasil: <strong><span style=\"font-family: 'Arial',sans-serif; font-weight: normal;\">o agressor que usa os filhos como instrumento de vingan\u00e7a contra a m\u00e3e<\/span><\/strong>. <\/span><\/p>\n<p style=\"margin: 0cm; margin-bottom: .0001pt; text-align: justify;\"><span style=\"font-family: 'Arial',sans-serif;\">O Dia Internacional da Mulher deveria ser <strong><span style=\"font-family: 'Arial',sans-serif; font-weight: normal;\">menos festa e mais reflex\u00e3o<\/span><\/strong>. Menos flores e mais indigna\u00e7\u00e3o. Menos marketing institucional e mais pol\u00edticas p\u00fablicas concretas. Porque a realidade \u00e9 dura:<\/span><\/p>\n<p style=\"margin: 0cm; margin-bottom: .0001pt; text-align: justify;\"><span style=\"font-family: 'Arial',sans-serif;\">No Brasil, milhares de mulheres ainda vivem sob amea\u00e7a dentro da pr\u00f3pria casa.<\/span><\/p>\n<p style=\"margin: 0cm; margin-bottom: .0001pt; text-align: justify;\"><span style=\"font-family: 'Arial',sans-serif;\">E quando a sociedade naturaliza a viol\u00eancia, quando o Estado falha em proteger, quando a justi\u00e7a demora a agir, o que se constr\u00f3i \u00e9 um ambiente onde o agressor se sente autorizado e a v\u00edtima, abandonada.<\/span><\/p>\n<p style=\"margin: 0cm; margin-bottom: .0001pt; text-align: justify;\"><span style=\"font-family: 'Arial',sans-serif;\">O <strong><span style=\"font-family: 'Arial',sans-serif; font-weight: normal;\">8 de mar\u00e7o<\/span><\/strong> n\u00e3o deveria ser apenas um dia de homenagem.<\/span><\/p>\n<p style=\"margin: 0cm; margin-bottom: .0001pt; text-align: justify;\"><span style=\"font-family: 'Arial',sans-serif;\">Deveria ser um <strong><span style=\"font-family: 'Arial',sans-serif; font-weight: normal;\">dia de den\u00fancia<\/span><\/strong>. Um dia para lembrar que, enquanto houver mulheres sendo assassinadas, espancadas, humilhadas e silenciadas, <strong><span style=\"font-family: 'Arial',sans-serif; font-weight: normal;\">n\u00e3o h\u00e1 o que comemorar<\/span><\/strong>.<\/span><\/p>\n","protected":false},"excerpt":{"rendered":"<p>No calend\u00e1rio oficial, o 8 de mar\u00e7o \u00e9 celebrado como o Dia Internacional da Mulher. Nas vitrines, flores. Nas redes sociais, homenagens apressadas. Nos discursos oficiais, palavras bonitas sobre respeito, igualdade e reconhecimento. Mas basta olhar para a realidade brasileira para que a pergunta surja inevit\u00e1vel, inc\u00f4moda e dolorosa: o que exatamente as mulheres brasileiras [&hellip;]<\/p>\n","protected":false},"author":1,"featured_media":35037,"comment_status":"open","ping_status":"open","sticky":false,"template":"","format":"standard","meta":{"_monsterinsights_skip_tracking":false,"_monsterinsights_sitenote_active":false,"_monsterinsights_sitenote_note":"","_monsterinsights_sitenote_category":0,"footnotes":""},"categories":[104,127],"tags":[],"class_list":["post-35564","post","type-post","status-publish","format-standard","has-post-thumbnail","hentry","category-destaque","category-pedro-oliveira"],"yoast_head":"<!-- This site is optimized with the Yoast SEO plugin v27.5 - https:\/\/yoast.com\/product\/yoast-seo-wordpress\/ -->\n<title>Mulher brasileira: o que h\u00e1 para comemorar? - Resumo Pol\u00edtico<\/title>\n<meta name=\"robots\" content=\"index, follow, max-snippet:-1, max-image-preview:large, max-video-preview:-1\" \/>\n<link rel=\"canonical\" href=\"https:\/\/resumopolitico.com.br\/?p=35564\" \/>\n<meta property=\"og:locale\" content=\"pt_BR\" \/>\n<meta property=\"og:type\" content=\"article\" \/>\n<meta property=\"og:title\" content=\"Mulher brasileira: o que h\u00e1 para comemorar? - Resumo Pol\u00edtico\" \/>\n<meta property=\"og:description\" content=\"No calend\u00e1rio oficial, o 8 de mar\u00e7o \u00e9 celebrado como o Dia Internacional da Mulher. Nas vitrines, flores. Nas redes sociais, homenagens apressadas. Nos discursos oficiais, palavras bonitas sobre respeito, igualdade e reconhecimento. Mas basta olhar para a realidade brasileira para que a pergunta surja inevit\u00e1vel, inc\u00f4moda e dolorosa: o que exatamente as mulheres brasileiras [&hellip;]\" \/>\n<meta property=\"og:url\" content=\"https:\/\/resumopolitico.com.br\/?p=35564\" \/>\n<meta property=\"og:site_name\" content=\"Resumo Pol\u00edtico\" \/>\n<meta property=\"article:published_time\" content=\"2026-03-07T22:57:29+00:00\" \/>\n<meta property=\"article:modified_time\" content=\"2026-03-07T22:58:19+00:00\" \/>\n<meta property=\"og:image\" content=\"https:\/\/resumopolitico.com.br\/wp-content\/uploads\/2026\/02\/Brasilia-atonita-o-que-o-ministro-Toffoli-quer-esconder-2-1140x570-1.jpg\" \/>\n\t<meta property=\"og:image:width\" content=\"1140\" \/>\n\t<meta property=\"og:image:height\" content=\"570\" \/>\n\t<meta property=\"og:image:type\" content=\"image\/jpeg\" \/>\n<meta name=\"author\" content=\"resumopolitico\" \/>\n<meta name=\"twitter:card\" content=\"summary_large_image\" \/>\n<meta name=\"twitter:label1\" content=\"Escrito por\" \/>\n\t<meta name=\"twitter:data1\" content=\"resumopolitico\" \/>\n\t<meta name=\"twitter:label2\" content=\"Est. tempo de leitura\" \/>\n\t<meta name=\"twitter:data2\" content=\"4 minutos\" \/>\n<script type=\"application\/ld+json\" class=\"yoast-schema-graph\">{\"@context\":\"https:\\\/\\\/schema.org\",\"@graph\":[{\"@type\":\"Article\",\"@id\":\"https:\\\/\\\/resumopolitico.com.br\\\/?p=35564#article\",\"isPartOf\":{\"@id\":\"https:\\\/\\\/resumopolitico.com.br\\\/?p=35564\"},\"author\":{\"name\":\"resumopolitico\",\"@id\":\"https:\\\/\\\/resumopolitico.com.br\\\/#\\\/schema\\\/person\\\/8e54285779750ca1eb5d54a40785d6f3\"},\"headline\":\"Mulher brasileira: o que h\u00e1 para comemorar?\",\"datePublished\":\"2026-03-07T22:57:29+00:00\",\"dateModified\":\"2026-03-07T22:58:19+00:00\",\"mainEntityOfPage\":{\"@id\":\"https:\\\/\\\/resumopolitico.com.br\\\/?p=35564\"},\"wordCount\":689,\"commentCount\":0,\"image\":{\"@id\":\"https:\\\/\\\/resumopolitico.com.br\\\/?p=35564#primaryimage\"},\"thumbnailUrl\":\"https:\\\/\\\/resumopolitico.com.br\\\/wp-content\\\/uploads\\\/2026\\\/02\\\/Brasilia-atonita-o-que-o-ministro-Toffoli-quer-esconder-2-1140x570-1.jpg\",\"articleSection\":[\"Destaque\",\"Pedro Oliveira\"],\"inLanguage\":\"pt-BR\",\"potentialAction\":[{\"@type\":\"CommentAction\",\"name\":\"Comment\",\"target\":[\"https:\\\/\\\/resumopolitico.com.br\\\/?p=35564#respond\"]}]},{\"@type\":\"WebPage\",\"@id\":\"https:\\\/\\\/resumopolitico.com.br\\\/?p=35564\",\"url\":\"https:\\\/\\\/resumopolitico.com.br\\\/?p=35564\",\"name\":\"Mulher brasileira: o que h\u00e1 para comemorar? - Resumo Pol\u00edtico\",\"isPartOf\":{\"@id\":\"https:\\\/\\\/resumopolitico.com.br\\\/#website\"},\"primaryImageOfPage\":{\"@id\":\"https:\\\/\\\/resumopolitico.com.br\\\/?p=35564#primaryimage\"},\"image\":{\"@id\":\"https:\\\/\\\/resumopolitico.com.br\\\/?p=35564#primaryimage\"},\"thumbnailUrl\":\"https:\\\/\\\/resumopolitico.com.br\\\/wp-content\\\/uploads\\\/2026\\\/02\\\/Brasilia-atonita-o-que-o-ministro-Toffoli-quer-esconder-2-1140x570-1.jpg\",\"datePublished\":\"2026-03-07T22:57:29+00:00\",\"dateModified\":\"2026-03-07T22:58:19+00:00\",\"author\":{\"@id\":\"https:\\\/\\\/resumopolitico.com.br\\\/#\\\/schema\\\/person\\\/8e54285779750ca1eb5d54a40785d6f3\"},\"breadcrumb\":{\"@id\":\"https:\\\/\\\/resumopolitico.com.br\\\/?p=35564#breadcrumb\"},\"inLanguage\":\"pt-BR\",\"potentialAction\":[{\"@type\":\"ReadAction\",\"target\":[\"https:\\\/\\\/resumopolitico.com.br\\\/?p=35564\"]}]},{\"@type\":\"ImageObject\",\"inLanguage\":\"pt-BR\",\"@id\":\"https:\\\/\\\/resumopolitico.com.br\\\/?p=35564#primaryimage\",\"url\":\"https:\\\/\\\/resumopolitico.com.br\\\/wp-content\\\/uploads\\\/2026\\\/02\\\/Brasilia-atonita-o-que-o-ministro-Toffoli-quer-esconder-2-1140x570-1.jpg\",\"contentUrl\":\"https:\\\/\\\/resumopolitico.com.br\\\/wp-content\\\/uploads\\\/2026\\\/02\\\/Brasilia-atonita-o-que-o-ministro-Toffoli-quer-esconder-2-1140x570-1.jpg\",\"width\":1140,\"height\":570},{\"@type\":\"BreadcrumbList\",\"@id\":\"https:\\\/\\\/resumopolitico.com.br\\\/?p=35564#breadcrumb\",\"itemListElement\":[{\"@type\":\"ListItem\",\"position\":1,\"name\":\"In\u00edcio\",\"item\":\"https:\\\/\\\/resumopolitico.com.br\\\/\"},{\"@type\":\"ListItem\",\"position\":2,\"name\":\"Mulher brasileira: o que h\u00e1 para comemorar?\"}]},{\"@type\":\"WebSite\",\"@id\":\"https:\\\/\\\/resumopolitico.com.br\\\/#website\",\"url\":\"https:\\\/\\\/resumopolitico.com.br\\\/\",\"name\":\"Resumo Pol\u00edtico\",\"description\":\"Resumo Pol\u00edtico\",\"potentialAction\":[{\"@type\":\"SearchAction\",\"target\":{\"@type\":\"EntryPoint\",\"urlTemplate\":\"https:\\\/\\\/resumopolitico.com.br\\\/?s={search_term_string}\"},\"query-input\":{\"@type\":\"PropertyValueSpecification\",\"valueRequired\":true,\"valueName\":\"search_term_string\"}}],\"inLanguage\":\"pt-BR\"},{\"@type\":\"Person\",\"@id\":\"https:\\\/\\\/resumopolitico.com.br\\\/#\\\/schema\\\/person\\\/8e54285779750ca1eb5d54a40785d6f3\",\"name\":\"resumopolitico\",\"image\":{\"@type\":\"ImageObject\",\"inLanguage\":\"pt-BR\",\"@id\":\"\\\/\\\/www.gravatar.com\\\/avatar\\\/964d308c93aaf0c33319e9a3bc3b8ac5?s=96&#038;r=g&#038;d=mm\",\"url\":\"\\\/\\\/www.gravatar.com\\\/avatar\\\/964d308c93aaf0c33319e9a3bc3b8ac5?s=96&#038;r=g&#038;d=mm\",\"contentUrl\":\"\\\/\\\/www.gravatar.com\\\/avatar\\\/964d308c93aaf0c33319e9a3bc3b8ac5?s=96&#038;r=g&#038;d=mm\",\"caption\":\"resumopolitico\"},\"sameAs\":[\"http:\\\/\\\/resumopolitico.com.br\"],\"url\":\"https:\\\/\\\/resumopolitico.com.br\\\/?bp_members=1&bp_member=resumopoliticoprofile\\\/home\\\/\"}]}<\/script>\n<!-- \/ Yoast SEO plugin. -->","yoast_head_json":{"title":"Mulher brasileira: o que h\u00e1 para comemorar? - Resumo Pol\u00edtico","robots":{"index":"index","follow":"follow","max-snippet":"max-snippet:-1","max-image-preview":"max-image-preview:large","max-video-preview":"max-video-preview:-1"},"canonical":"https:\/\/resumopolitico.com.br\/?p=35564","og_locale":"pt_BR","og_type":"article","og_title":"Mulher brasileira: o que h\u00e1 para comemorar? - Resumo Pol\u00edtico","og_description":"No calend\u00e1rio oficial, o 8 de mar\u00e7o \u00e9 celebrado como o Dia Internacional da Mulher. Nas vitrines, flores. Nas redes sociais, homenagens apressadas. Nos discursos oficiais, palavras bonitas sobre respeito, igualdade e reconhecimento. Mas basta olhar para a realidade brasileira para que a pergunta surja inevit\u00e1vel, inc\u00f4moda e dolorosa: o que exatamente as mulheres brasileiras [&hellip;]","og_url":"https:\/\/resumopolitico.com.br\/?p=35564","og_site_name":"Resumo Pol\u00edtico","article_published_time":"2026-03-07T22:57:29+00:00","article_modified_time":"2026-03-07T22:58:19+00:00","og_image":[{"width":1140,"height":570,"url":"https:\/\/resumopolitico.com.br\/wp-content\/uploads\/2026\/02\/Brasilia-atonita-o-que-o-ministro-Toffoli-quer-esconder-2-1140x570-1.jpg","type":"image\/jpeg"}],"author":"resumopolitico","twitter_card":"summary_large_image","twitter_misc":{"Escrito por":"resumopolitico","Est. tempo de leitura":"4 minutos"},"schema":{"@context":"https:\/\/schema.org","@graph":[{"@type":"Article","@id":"https:\/\/resumopolitico.com.br\/?p=35564#article","isPartOf":{"@id":"https:\/\/resumopolitico.com.br\/?p=35564"},"author":{"name":"resumopolitico","@id":"https:\/\/resumopolitico.com.br\/#\/schema\/person\/8e54285779750ca1eb5d54a40785d6f3"},"headline":"Mulher brasileira: o que h\u00e1 para comemorar?","datePublished":"2026-03-07T22:57:29+00:00","dateModified":"2026-03-07T22:58:19+00:00","mainEntityOfPage":{"@id":"https:\/\/resumopolitico.com.br\/?p=35564"},"wordCount":689,"commentCount":0,"image":{"@id":"https:\/\/resumopolitico.com.br\/?p=35564#primaryimage"},"thumbnailUrl":"https:\/\/resumopolitico.com.br\/wp-content\/uploads\/2026\/02\/Brasilia-atonita-o-que-o-ministro-Toffoli-quer-esconder-2-1140x570-1.jpg","articleSection":["Destaque","Pedro Oliveira"],"inLanguage":"pt-BR","potentialAction":[{"@type":"CommentAction","name":"Comment","target":["https:\/\/resumopolitico.com.br\/?p=35564#respond"]}]},{"@type":"WebPage","@id":"https:\/\/resumopolitico.com.br\/?p=35564","url":"https:\/\/resumopolitico.com.br\/?p=35564","name":"Mulher brasileira: o que h\u00e1 para comemorar? - Resumo Pol\u00edtico","isPartOf":{"@id":"https:\/\/resumopolitico.com.br\/#website"},"primaryImageOfPage":{"@id":"https:\/\/resumopolitico.com.br\/?p=35564#primaryimage"},"image":{"@id":"https:\/\/resumopolitico.com.br\/?p=35564#primaryimage"},"thumbnailUrl":"https:\/\/resumopolitico.com.br\/wp-content\/uploads\/2026\/02\/Brasilia-atonita-o-que-o-ministro-Toffoli-quer-esconder-2-1140x570-1.jpg","datePublished":"2026-03-07T22:57:29+00:00","dateModified":"2026-03-07T22:58:19+00:00","author":{"@id":"https:\/\/resumopolitico.com.br\/#\/schema\/person\/8e54285779750ca1eb5d54a40785d6f3"},"breadcrumb":{"@id":"https:\/\/resumopolitico.com.br\/?p=35564#breadcrumb"},"inLanguage":"pt-BR","potentialAction":[{"@type":"ReadAction","target":["https:\/\/resumopolitico.com.br\/?p=35564"]}]},{"@type":"ImageObject","inLanguage":"pt-BR","@id":"https:\/\/resumopolitico.com.br\/?p=35564#primaryimage","url":"https:\/\/resumopolitico.com.br\/wp-content\/uploads\/2026\/02\/Brasilia-atonita-o-que-o-ministro-Toffoli-quer-esconder-2-1140x570-1.jpg","contentUrl":"https:\/\/resumopolitico.com.br\/wp-content\/uploads\/2026\/02\/Brasilia-atonita-o-que-o-ministro-Toffoli-quer-esconder-2-1140x570-1.jpg","width":1140,"height":570},{"@type":"BreadcrumbList","@id":"https:\/\/resumopolitico.com.br\/?p=35564#breadcrumb","itemListElement":[{"@type":"ListItem","position":1,"name":"In\u00edcio","item":"https:\/\/resumopolitico.com.br\/"},{"@type":"ListItem","position":2,"name":"Mulher brasileira: o que h\u00e1 para comemorar?"}]},{"@type":"WebSite","@id":"https:\/\/resumopolitico.com.br\/#website","url":"https:\/\/resumopolitico.com.br\/","name":"Resumo Pol\u00edtico","description":"Resumo Pol\u00edtico","potentialAction":[{"@type":"SearchAction","target":{"@type":"EntryPoint","urlTemplate":"https:\/\/resumopolitico.com.br\/?s={search_term_string}"},"query-input":{"@type":"PropertyValueSpecification","valueRequired":true,"valueName":"search_term_string"}}],"inLanguage":"pt-BR"},{"@type":"Person","@id":"https:\/\/resumopolitico.com.br\/#\/schema\/person\/8e54285779750ca1eb5d54a40785d6f3","name":"resumopolitico","image":{"@type":"ImageObject","inLanguage":"pt-BR","@id":"\/\/www.gravatar.com\/avatar\/964d308c93aaf0c33319e9a3bc3b8ac5?s=96&#038;r=g&#038;d=mm","url":"\/\/www.gravatar.com\/avatar\/964d308c93aaf0c33319e9a3bc3b8ac5?s=96&#038;r=g&#038;d=mm","contentUrl":"\/\/www.gravatar.com\/avatar\/964d308c93aaf0c33319e9a3bc3b8ac5?s=96&#038;r=g&#038;d=mm","caption":"resumopolitico"},"sameAs":["http:\/\/resumopolitico.com.br"],"url":"https:\/\/resumopolitico.com.br\/?bp_members=1&bp_member=resumopoliticoprofile\/home\/"}]}},"_links":{"self":[{"href":"https:\/\/resumopolitico.com.br\/index.php?rest_route=\/wp\/v2\/posts\/35564","targetHints":{"allow":["GET"]}}],"collection":[{"href":"https:\/\/resumopolitico.com.br\/index.php?rest_route=\/wp\/v2\/posts"}],"about":[{"href":"https:\/\/resumopolitico.com.br\/index.php?rest_route=\/wp\/v2\/types\/post"}],"author":[{"embeddable":true,"href":"https:\/\/resumopolitico.com.br\/index.php?rest_route=\/wp\/v2\/users\/1"}],"replies":[{"embeddable":true,"href":"https:\/\/resumopolitico.com.br\/index.php?rest_route=%2Fwp%2Fv2%2Fcomments&post=35564"}],"version-history":[{"count":2,"href":"https:\/\/resumopolitico.com.br\/index.php?rest_route=\/wp\/v2\/posts\/35564\/revisions"}],"predecessor-version":[{"id":35566,"href":"https:\/\/resumopolitico.com.br\/index.php?rest_route=\/wp\/v2\/posts\/35564\/revisions\/35566"}],"wp:featuredmedia":[{"embeddable":true,"href":"https:\/\/resumopolitico.com.br\/index.php?rest_route=\/wp\/v2\/media\/35037"}],"wp:attachment":[{"href":"https:\/\/resumopolitico.com.br\/index.php?rest_route=%2Fwp%2Fv2%2Fmedia&parent=35564"}],"wp:term":[{"taxonomy":"category","embeddable":true,"href":"https:\/\/resumopolitico.com.br\/index.php?rest_route=%2Fwp%2Fv2%2Fcategories&post=35564"},{"taxonomy":"post_tag","embeddable":true,"href":"https:\/\/resumopolitico.com.br\/index.php?rest_route=%2Fwp%2Fv2%2Ftags&post=35564"}],"curies":[{"name":"wp","href":"https:\/\/api.w.org\/{rel}","templated":true}]}}