{"id":35571,"date":"2026-03-09T16:01:53","date_gmt":"2026-03-09T19:01:53","guid":{"rendered":"https:\/\/resumopolitico.com.br\/?p=35571"},"modified":"2026-03-09T16:04:27","modified_gmt":"2026-03-09T19:04:27","slug":"35571","status":"publish","type":"post","link":"https:\/\/resumopolitico.com.br\/?p=35571","title":{"rendered":"Elisa Veeck  Das Chiquititas ao protagonismo como uma das mais competentes \u00e2ncoras do pa\u00eds"},"content":{"rendered":"<p><img fetchpriority=\"high\" decoding=\"async\" class=\"alignnone size-full wp-image-35573\" src=\"https:\/\/resumopolitico.com.br\/wp-content\/uploads\/2026\/03\/WhatsApp-Image-2026-03-09-at-15.00.37.jpeg\" alt=\"\" width=\"800\" height=\"533\" srcset=\"https:\/\/resumopolitico.com.br\/wp-content\/uploads\/2026\/03\/WhatsApp-Image-2026-03-09-at-15.00.37.jpeg 800w, https:\/\/resumopolitico.com.br\/wp-content\/uploads\/2026\/03\/WhatsApp-Image-2026-03-09-at-15.00.37-300x200.jpeg 300w, https:\/\/resumopolitico.com.br\/wp-content\/uploads\/2026\/03\/WhatsApp-Image-2026-03-09-at-15.00.37-768x512.jpeg 768w, https:\/\/resumopolitico.com.br\/wp-content\/uploads\/2026\/03\/WhatsApp-Image-2026-03-09-at-15.00.37-750x500.jpeg 750w\" sizes=\"(max-width: 800px) 100vw, 800px\" \/>H\u00e1 trajet\u00f3rias que parecem desenhadas pela vida com delicadeza, como se cada etapa tivesse sido pensada para revelar, pouco a pouco, uma voca\u00e7\u00e3o que sempre esteve ali. A de Elisa Veeck \u00e9 uma dessas hist\u00f3rias. Quem a viu ainda menina nas telas, nos tempos leves e coloridos de <em>Chiquititas<\/em>, talvez n\u00e3o imaginasse que ali j\u00e1 se formava uma profissional que, anos depois, ocuparia com eleg\u00e2ncia e seguran\u00e7a um dos espa\u00e7os mais exigentes do jornalismo brasileiro.<\/p>\n<p>A transi\u00e7\u00e3o do universo infantil da dramaturgia para o rigor do jornalismo n\u00e3o foi apenas uma mudan\u00e7a de rota\u00a0 foi uma escolha consciente. Elisa trocou o roteiro pela apura\u00e7\u00e3o, o improviso pela responsabilidade, e encontrou no telejornalismo o terreno ideal para exercer uma comunica\u00e7\u00e3o clara, equilibrada e profundamente humana. Sem ru\u00eddos, sem excessos, sem o espet\u00e1culo que tantas vezes contamina a informa\u00e7\u00e3o.<\/p>\n<p>Hoje, diante das c\u00e2meras, o que se v\u00ea \u00e9 uma \u00e2ncora segura, serena e precisa. Elisa Veeck pertence \u00e0quela rara linhagem de jornalistas que informam sem gritar, conduzem sem se impor e traduzem a complexidade do mundo com naturalidade e intelig\u00eancia. Sua presen\u00e7a transmite confian\u00e7a, e confian\u00e7a no jornalismo contempor\u00e2neo \u00e9 talvez o ativo mais valioso.<\/p>\n<p>H\u00e1 tamb\u00e9m algo de simb\u00f3lico em sua trajet\u00f3ria. Num tempo em que a superficialidade disputa espa\u00e7o com a informa\u00e7\u00e3o qualificada, Elisa reafirma, com discri\u00e7\u00e3o, a import\u00e2ncia do preparo, da leitura, da escuta e do respeito ao p\u00fablico. Sua postura demonstra que compet\u00eancia n\u00e3o precisa ser ruidosa para ser percebida.<\/p>\n<p>Sem alardes, Elisa Veeck construiu um protagonismo s\u00f3lido. N\u00e3o o protagonismo da autopromo\u00e7\u00e3o, mas o que nasce do trabalho constante, da disciplina e da credibilidade conquistada dia ap\u00f3s dia. \u00c9 por isso que hoje ela se firma como uma das \u00e2ncoras mais competentes do pa\u00edsn\u00e3o apenas pela t\u00e9cnica, mas pela sensibilidade que imprime \u00e0 not\u00edcia.<\/p>\n<p>Num cen\u00e1rio t\u00e3o marcado por disputas e exageros, sua presen\u00e7a suave e firme lembra que o bom jornalismo ainda pode ser elegante, respons\u00e1vel e profundamente humano. E talvez seja exatamente isso que explique por que sua trajet\u00f3ria segue sendo acompanhada com respeito e admira\u00e7\u00e3o por quem acredita na for\u00e7a serena da informa\u00e7\u00e3o bem feita.<\/p>\n<p><strong>Em homenagem ao Dia Internacional da Mulher<\/strong><\/p>\n","protected":false},"excerpt":{"rendered":"<p>H\u00e1 trajet\u00f3rias que parecem desenhadas pela vida com delicadeza, como se cada etapa tivesse sido pensada para revelar, pouco a pouco, uma voca\u00e7\u00e3o que sempre esteve ali. A de Elisa Veeck \u00e9 uma dessas hist\u00f3rias. Quem a viu ainda menina nas telas, nos tempos leves e coloridos de Chiquititas, talvez n\u00e3o imaginasse que ali j\u00e1 [&hellip;]<\/p>\n","protected":false},"author":1,"featured_media":35037,"comment_status":"open","ping_status":"open","sticky":false,"template":"","format":"standard","meta":{"_monsterinsights_skip_tracking":false,"_monsterinsights_sitenote_active":false,"_monsterinsights_sitenote_note":"","_monsterinsights_sitenote_category":0,"footnotes":""},"categories":[104,127],"tags":[],"class_list":["post-35571","post","type-post","status-publish","format-standard","has-post-thumbnail","hentry","category-destaque","category-pedro-oliveira"],"yoast_head":"<!-- This site is optimized with the Yoast SEO plugin v27.5 - https:\/\/yoast.com\/product\/yoast-seo-wordpress\/ -->\n<title>Elisa Veeck Das Chiquititas ao protagonismo como uma das mais competentes \u00e2ncoras do pa\u00eds - Resumo Pol\u00edtico<\/title>\n<meta name=\"robots\" content=\"index, follow, max-snippet:-1, max-image-preview:large, max-video-preview:-1\" \/>\n<link rel=\"canonical\" href=\"https:\/\/resumopolitico.com.br\/?p=35571\" \/>\n<meta property=\"og:locale\" content=\"pt_BR\" \/>\n<meta property=\"og:type\" content=\"article\" \/>\n<meta property=\"og:title\" content=\"Elisa Veeck Das Chiquititas ao protagonismo como uma das mais competentes \u00e2ncoras do pa\u00eds - Resumo Pol\u00edtico\" \/>\n<meta property=\"og:description\" content=\"H\u00e1 trajet\u00f3rias que parecem desenhadas pela vida com delicadeza, como se cada etapa tivesse sido pensada para revelar, pouco a pouco, uma voca\u00e7\u00e3o que sempre esteve ali. A de Elisa Veeck \u00e9 uma dessas hist\u00f3rias. Quem a viu ainda menina nas telas, nos tempos leves e coloridos de Chiquititas, talvez n\u00e3o imaginasse que ali j\u00e1 [&hellip;]\" \/>\n<meta property=\"og:url\" content=\"https:\/\/resumopolitico.com.br\/?p=35571\" \/>\n<meta property=\"og:site_name\" content=\"Resumo Pol\u00edtico\" \/>\n<meta property=\"article:published_time\" content=\"2026-03-09T19:01:53+00:00\" \/>\n<meta property=\"article:modified_time\" content=\"2026-03-09T19:04:27+00:00\" \/>\n<meta property=\"og:image\" content=\"https:\/\/resumopolitico.com.br\/wp-content\/uploads\/2026\/02\/Brasilia-atonita-o-que-o-ministro-Toffoli-quer-esconder-2-1140x570-1.jpg\" \/>\n\t<meta property=\"og:image:width\" content=\"1140\" \/>\n\t<meta property=\"og:image:height\" content=\"570\" \/>\n\t<meta property=\"og:image:type\" content=\"image\/jpeg\" \/>\n<meta name=\"author\" content=\"resumopolitico\" \/>\n<meta name=\"twitter:card\" content=\"summary_large_image\" \/>\n<meta name=\"twitter:label1\" content=\"Escrito por\" \/>\n\t<meta name=\"twitter:data1\" content=\"resumopolitico\" \/>\n\t<meta name=\"twitter:label2\" content=\"Est. tempo de leitura\" \/>\n\t<meta name=\"twitter:data2\" content=\"3 minutos\" \/>\n<script type=\"application\/ld+json\" class=\"yoast-schema-graph\">{\"@context\":\"https:\\\/\\\/schema.org\",\"@graph\":[{\"@type\":\"Article\",\"@id\":\"https:\\\/\\\/resumopolitico.com.br\\\/?p=35571#article\",\"isPartOf\":{\"@id\":\"https:\\\/\\\/resumopolitico.com.br\\\/?p=35571\"},\"author\":{\"name\":\"resumopolitico\",\"@id\":\"https:\\\/\\\/resumopolitico.com.br\\\/#\\\/schema\\\/person\\\/8e54285779750ca1eb5d54a40785d6f3\"},\"headline\":\"Elisa Veeck Das Chiquititas ao protagonismo como uma das mais competentes \u00e2ncoras do pa\u00eds\",\"datePublished\":\"2026-03-09T19:01:53+00:00\",\"dateModified\":\"2026-03-09T19:04:27+00:00\",\"mainEntityOfPage\":{\"@id\":\"https:\\\/\\\/resumopolitico.com.br\\\/?p=35571\"},\"wordCount\":415,\"commentCount\":0,\"image\":{\"@id\":\"https:\\\/\\\/resumopolitico.com.br\\\/?p=35571#primaryimage\"},\"thumbnailUrl\":\"https:\\\/\\\/resumopolitico.com.br\\\/wp-content\\\/uploads\\\/2026\\\/02\\\/Brasilia-atonita-o-que-o-ministro-Toffoli-quer-esconder-2-1140x570-1.jpg\",\"articleSection\":[\"Destaque\",\"Pedro Oliveira\"],\"inLanguage\":\"pt-BR\",\"potentialAction\":[{\"@type\":\"CommentAction\",\"name\":\"Comment\",\"target\":[\"https:\\\/\\\/resumopolitico.com.br\\\/?p=35571#respond\"]}]},{\"@type\":\"WebPage\",\"@id\":\"https:\\\/\\\/resumopolitico.com.br\\\/?p=35571\",\"url\":\"https:\\\/\\\/resumopolitico.com.br\\\/?p=35571\",\"name\":\"Elisa Veeck Das Chiquititas ao protagonismo como uma das mais competentes \u00e2ncoras do pa\u00eds - Resumo Pol\u00edtico\",\"isPartOf\":{\"@id\":\"https:\\\/\\\/resumopolitico.com.br\\\/#website\"},\"primaryImageOfPage\":{\"@id\":\"https:\\\/\\\/resumopolitico.com.br\\\/?p=35571#primaryimage\"},\"image\":{\"@id\":\"https:\\\/\\\/resumopolitico.com.br\\\/?p=35571#primaryimage\"},\"thumbnailUrl\":\"https:\\\/\\\/resumopolitico.com.br\\\/wp-content\\\/uploads\\\/2026\\\/02\\\/Brasilia-atonita-o-que-o-ministro-Toffoli-quer-esconder-2-1140x570-1.jpg\",\"datePublished\":\"2026-03-09T19:01:53+00:00\",\"dateModified\":\"2026-03-09T19:04:27+00:00\",\"author\":{\"@id\":\"https:\\\/\\\/resumopolitico.com.br\\\/#\\\/schema\\\/person\\\/8e54285779750ca1eb5d54a40785d6f3\"},\"breadcrumb\":{\"@id\":\"https:\\\/\\\/resumopolitico.com.br\\\/?p=35571#breadcrumb\"},\"inLanguage\":\"pt-BR\",\"potentialAction\":[{\"@type\":\"ReadAction\",\"target\":[\"https:\\\/\\\/resumopolitico.com.br\\\/?p=35571\"]}]},{\"@type\":\"ImageObject\",\"inLanguage\":\"pt-BR\",\"@id\":\"https:\\\/\\\/resumopolitico.com.br\\\/?p=35571#primaryimage\",\"url\":\"https:\\\/\\\/resumopolitico.com.br\\\/wp-content\\\/uploads\\\/2026\\\/02\\\/Brasilia-atonita-o-que-o-ministro-Toffoli-quer-esconder-2-1140x570-1.jpg\",\"contentUrl\":\"https:\\\/\\\/resumopolitico.com.br\\\/wp-content\\\/uploads\\\/2026\\\/02\\\/Brasilia-atonita-o-que-o-ministro-Toffoli-quer-esconder-2-1140x570-1.jpg\",\"width\":1140,\"height\":570},{\"@type\":\"BreadcrumbList\",\"@id\":\"https:\\\/\\\/resumopolitico.com.br\\\/?p=35571#breadcrumb\",\"itemListElement\":[{\"@type\":\"ListItem\",\"position\":1,\"name\":\"In\u00edcio\",\"item\":\"https:\\\/\\\/resumopolitico.com.br\\\/\"},{\"@type\":\"ListItem\",\"position\":2,\"name\":\"Elisa Veeck Das Chiquititas ao protagonismo como uma das mais competentes \u00e2ncoras do pa\u00eds\"}]},{\"@type\":\"WebSite\",\"@id\":\"https:\\\/\\\/resumopolitico.com.br\\\/#website\",\"url\":\"https:\\\/\\\/resumopolitico.com.br\\\/\",\"name\":\"Resumo Pol\u00edtico\",\"description\":\"Resumo Pol\u00edtico\",\"potentialAction\":[{\"@type\":\"SearchAction\",\"target\":{\"@type\":\"EntryPoint\",\"urlTemplate\":\"https:\\\/\\\/resumopolitico.com.br\\\/?s={search_term_string}\"},\"query-input\":{\"@type\":\"PropertyValueSpecification\",\"valueRequired\":true,\"valueName\":\"search_term_string\"}}],\"inLanguage\":\"pt-BR\"},{\"@type\":\"Person\",\"@id\":\"https:\\\/\\\/resumopolitico.com.br\\\/#\\\/schema\\\/person\\\/8e54285779750ca1eb5d54a40785d6f3\",\"name\":\"resumopolitico\",\"image\":{\"@type\":\"ImageObject\",\"inLanguage\":\"pt-BR\",\"@id\":\"\\\/\\\/www.gravatar.com\\\/avatar\\\/964d308c93aaf0c33319e9a3bc3b8ac5?s=96&#038;r=g&#038;d=mm\",\"url\":\"\\\/\\\/www.gravatar.com\\\/avatar\\\/964d308c93aaf0c33319e9a3bc3b8ac5?s=96&#038;r=g&#038;d=mm\",\"contentUrl\":\"\\\/\\\/www.gravatar.com\\\/avatar\\\/964d308c93aaf0c33319e9a3bc3b8ac5?s=96&#038;r=g&#038;d=mm\",\"caption\":\"resumopolitico\"},\"sameAs\":[\"http:\\\/\\\/resumopolitico.com.br\"],\"url\":\"https:\\\/\\\/resumopolitico.com.br\\\/?bp_members=1&bp_member=resumopoliticoprofile\\\/home\\\/\"}]}<\/script>\n<!-- \/ Yoast SEO plugin. -->","yoast_head_json":{"title":"Elisa Veeck Das Chiquititas ao protagonismo como uma das mais competentes \u00e2ncoras do pa\u00eds - Resumo Pol\u00edtico","robots":{"index":"index","follow":"follow","max-snippet":"max-snippet:-1","max-image-preview":"max-image-preview:large","max-video-preview":"max-video-preview:-1"},"canonical":"https:\/\/resumopolitico.com.br\/?p=35571","og_locale":"pt_BR","og_type":"article","og_title":"Elisa Veeck Das Chiquititas ao protagonismo como uma das mais competentes \u00e2ncoras do pa\u00eds - Resumo Pol\u00edtico","og_description":"H\u00e1 trajet\u00f3rias que parecem desenhadas pela vida com delicadeza, como se cada etapa tivesse sido pensada para revelar, pouco a pouco, uma voca\u00e7\u00e3o que sempre esteve ali. A de Elisa Veeck \u00e9 uma dessas hist\u00f3rias. Quem a viu ainda menina nas telas, nos tempos leves e coloridos de Chiquititas, talvez n\u00e3o imaginasse que ali j\u00e1 [&hellip;]","og_url":"https:\/\/resumopolitico.com.br\/?p=35571","og_site_name":"Resumo Pol\u00edtico","article_published_time":"2026-03-09T19:01:53+00:00","article_modified_time":"2026-03-09T19:04:27+00:00","og_image":[{"width":1140,"height":570,"url":"https:\/\/resumopolitico.com.br\/wp-content\/uploads\/2026\/02\/Brasilia-atonita-o-que-o-ministro-Toffoli-quer-esconder-2-1140x570-1.jpg","type":"image\/jpeg"}],"author":"resumopolitico","twitter_card":"summary_large_image","twitter_misc":{"Escrito por":"resumopolitico","Est. tempo de leitura":"3 minutos"},"schema":{"@context":"https:\/\/schema.org","@graph":[{"@type":"Article","@id":"https:\/\/resumopolitico.com.br\/?p=35571#article","isPartOf":{"@id":"https:\/\/resumopolitico.com.br\/?p=35571"},"author":{"name":"resumopolitico","@id":"https:\/\/resumopolitico.com.br\/#\/schema\/person\/8e54285779750ca1eb5d54a40785d6f3"},"headline":"Elisa Veeck Das Chiquititas ao protagonismo como uma das mais competentes \u00e2ncoras do pa\u00eds","datePublished":"2026-03-09T19:01:53+00:00","dateModified":"2026-03-09T19:04:27+00:00","mainEntityOfPage":{"@id":"https:\/\/resumopolitico.com.br\/?p=35571"},"wordCount":415,"commentCount":0,"image":{"@id":"https:\/\/resumopolitico.com.br\/?p=35571#primaryimage"},"thumbnailUrl":"https:\/\/resumopolitico.com.br\/wp-content\/uploads\/2026\/02\/Brasilia-atonita-o-que-o-ministro-Toffoli-quer-esconder-2-1140x570-1.jpg","articleSection":["Destaque","Pedro Oliveira"],"inLanguage":"pt-BR","potentialAction":[{"@type":"CommentAction","name":"Comment","target":["https:\/\/resumopolitico.com.br\/?p=35571#respond"]}]},{"@type":"WebPage","@id":"https:\/\/resumopolitico.com.br\/?p=35571","url":"https:\/\/resumopolitico.com.br\/?p=35571","name":"Elisa Veeck Das Chiquititas ao protagonismo como uma das mais competentes \u00e2ncoras do pa\u00eds - Resumo Pol\u00edtico","isPartOf":{"@id":"https:\/\/resumopolitico.com.br\/#website"},"primaryImageOfPage":{"@id":"https:\/\/resumopolitico.com.br\/?p=35571#primaryimage"},"image":{"@id":"https:\/\/resumopolitico.com.br\/?p=35571#primaryimage"},"thumbnailUrl":"https:\/\/resumopolitico.com.br\/wp-content\/uploads\/2026\/02\/Brasilia-atonita-o-que-o-ministro-Toffoli-quer-esconder-2-1140x570-1.jpg","datePublished":"2026-03-09T19:01:53+00:00","dateModified":"2026-03-09T19:04:27+00:00","author":{"@id":"https:\/\/resumopolitico.com.br\/#\/schema\/person\/8e54285779750ca1eb5d54a40785d6f3"},"breadcrumb":{"@id":"https:\/\/resumopolitico.com.br\/?p=35571#breadcrumb"},"inLanguage":"pt-BR","potentialAction":[{"@type":"ReadAction","target":["https:\/\/resumopolitico.com.br\/?p=35571"]}]},{"@type":"ImageObject","inLanguage":"pt-BR","@id":"https:\/\/resumopolitico.com.br\/?p=35571#primaryimage","url":"https:\/\/resumopolitico.com.br\/wp-content\/uploads\/2026\/02\/Brasilia-atonita-o-que-o-ministro-Toffoli-quer-esconder-2-1140x570-1.jpg","contentUrl":"https:\/\/resumopolitico.com.br\/wp-content\/uploads\/2026\/02\/Brasilia-atonita-o-que-o-ministro-Toffoli-quer-esconder-2-1140x570-1.jpg","width":1140,"height":570},{"@type":"BreadcrumbList","@id":"https:\/\/resumopolitico.com.br\/?p=35571#breadcrumb","itemListElement":[{"@type":"ListItem","position":1,"name":"In\u00edcio","item":"https:\/\/resumopolitico.com.br\/"},{"@type":"ListItem","position":2,"name":"Elisa Veeck Das Chiquititas ao protagonismo como uma das mais competentes \u00e2ncoras do pa\u00eds"}]},{"@type":"WebSite","@id":"https:\/\/resumopolitico.com.br\/#website","url":"https:\/\/resumopolitico.com.br\/","name":"Resumo Pol\u00edtico","description":"Resumo Pol\u00edtico","potentialAction":[{"@type":"SearchAction","target":{"@type":"EntryPoint","urlTemplate":"https:\/\/resumopolitico.com.br\/?s={search_term_string}"},"query-input":{"@type":"PropertyValueSpecification","valueRequired":true,"valueName":"search_term_string"}}],"inLanguage":"pt-BR"},{"@type":"Person","@id":"https:\/\/resumopolitico.com.br\/#\/schema\/person\/8e54285779750ca1eb5d54a40785d6f3","name":"resumopolitico","image":{"@type":"ImageObject","inLanguage":"pt-BR","@id":"\/\/www.gravatar.com\/avatar\/964d308c93aaf0c33319e9a3bc3b8ac5?s=96&#038;r=g&#038;d=mm","url":"\/\/www.gravatar.com\/avatar\/964d308c93aaf0c33319e9a3bc3b8ac5?s=96&#038;r=g&#038;d=mm","contentUrl":"\/\/www.gravatar.com\/avatar\/964d308c93aaf0c33319e9a3bc3b8ac5?s=96&#038;r=g&#038;d=mm","caption":"resumopolitico"},"sameAs":["http:\/\/resumopolitico.com.br"],"url":"https:\/\/resumopolitico.com.br\/?bp_members=1&bp_member=resumopoliticoprofile\/home\/"}]}},"_links":{"self":[{"href":"https:\/\/resumopolitico.com.br\/index.php?rest_route=\/wp\/v2\/posts\/35571","targetHints":{"allow":["GET"]}}],"collection":[{"href":"https:\/\/resumopolitico.com.br\/index.php?rest_route=\/wp\/v2\/posts"}],"about":[{"href":"https:\/\/resumopolitico.com.br\/index.php?rest_route=\/wp\/v2\/types\/post"}],"author":[{"embeddable":true,"href":"https:\/\/resumopolitico.com.br\/index.php?rest_route=\/wp\/v2\/users\/1"}],"replies":[{"embeddable":true,"href":"https:\/\/resumopolitico.com.br\/index.php?rest_route=%2Fwp%2Fv2%2Fcomments&post=35571"}],"version-history":[{"count":2,"href":"https:\/\/resumopolitico.com.br\/index.php?rest_route=\/wp\/v2\/posts\/35571\/revisions"}],"predecessor-version":[{"id":35575,"href":"https:\/\/resumopolitico.com.br\/index.php?rest_route=\/wp\/v2\/posts\/35571\/revisions\/35575"}],"wp:featuredmedia":[{"embeddable":true,"href":"https:\/\/resumopolitico.com.br\/index.php?rest_route=\/wp\/v2\/media\/35037"}],"wp:attachment":[{"href":"https:\/\/resumopolitico.com.br\/index.php?rest_route=%2Fwp%2Fv2%2Fmedia&parent=35571"}],"wp:term":[{"taxonomy":"category","embeddable":true,"href":"https:\/\/resumopolitico.com.br\/index.php?rest_route=%2Fwp%2Fv2%2Fcategories&post=35571"},{"taxonomy":"post_tag","embeddable":true,"href":"https:\/\/resumopolitico.com.br\/index.php?rest_route=%2Fwp%2Fv2%2Ftags&post=35571"}],"curies":[{"name":"wp","href":"https:\/\/api.w.org\/{rel}","templated":true}]}}