{"id":35584,"date":"2026-03-09T19:45:21","date_gmt":"2026-03-09T22:45:21","guid":{"rendered":"https:\/\/resumopolitico.com.br\/?p=35584"},"modified":"2026-03-09T19:46:39","modified_gmt":"2026-03-09T22:46:39","slug":"35584","status":"publish","type":"post","link":"https:\/\/resumopolitico.com.br\/?p=35584","title":{"rendered":"Governo de Alagoas anuncia novos voos diretos de Portugal para Alagoas"},"content":{"rendered":"<p>O Governo de Alagoas anunciou nesta segunda-feira (9) a opera\u00e7\u00e3o de novos voos internacionais diretos entre Portugal e Alagoas entre 26 de julho e 20 de setembro deste ano. Em parceria com as operadoras tur\u00edsticas europeias Solf\u00e9rias e Ex\u00f3tico Online, os voos ofertados pela companhia Euroatlantic Airways chegar\u00e3o sempre aos domingos ao Aeroporto Internacional Zumbi dos Palmares.<\/p>\n<p>&nbsp;<\/p>\n<p>A aeronave utilizada neste per\u00edodo pela Euroatlantic ser\u00e1 um Boeing 767-300, que deve trazer mais de 2.200 portugueses em conex\u00e3o direta para Alagoas.<\/p>\n<p>&nbsp;<\/p>\n<p>De acordo com a secret\u00e1ria de Estado do Turismo, B\u00e1rbara Braga, a conquista \u00e9 ainda fruto da participa\u00e7\u00e3o do Estado na Better Tourism Lisbon Travel Market (BTL), em fevereiro.<\/p>\n<p>&nbsp;<\/p>\n<p>\u201cEm feiras como a BTL, temos a oportunidade de viabilizar opera\u00e7\u00f5es diretamente com o mercado internacional e, mais uma vez, trouxemos resultados positivos. Vamos seguir empenhados em impulsionar o setor, que gera emprego e renda para milhares de alagoanos\u201d, destacou a secret\u00e1ria.<\/p>\n<p>&nbsp;<\/p>\n<p>Os programas apresentados pelos dois operadores incluem uma oferta hoteleira em Macei\u00f3, Barra de S\u00e3o Miguel, Maragogi e Barra de Santo Ant\u00f3nio, onde se localiza o Vila Gal\u00e9 Alagoas, de bandeira portuguesa.<\/p>\n<p>&nbsp;<\/p>\n<p>Tamb\u00e9m com as empresas europeias Solf\u00e9rias e Ex\u00f3tico Online, o Governo de Alagoas garantiu e j\u00e1 anunciou, em fevereiro, o fretamento de dois voos de Lisboa para Alagoas no per\u00edodo do R\u00e9veillon. Ser\u00e3o cerca de 600 europeus chegando ao estado durante as festividades de virada de ano.<\/p>\n<p><b>\u00a0<\/b><\/p>\n<p><b>Fluxo internacional em alta<\/b><\/p>\n<p>&nbsp;<\/p>\n<p>&nbsp;<\/p>\n<p>Em janeiro deste ano, mais de seis mil turistas estrangeiros desembarcaram em Alagoas, um crescimento de 161% em rela\u00e7\u00e3o ao mesmo m\u00eas em 2025. Ao longo de todo o ano passado, mais de 16 mil pessoas vindas de outros pa\u00edses vieram ao estado, o que j\u00e1 representava um crescimento de 36% em rela\u00e7\u00e3o a 2024.<\/p>\n","protected":false},"excerpt":{"rendered":"<p>O Governo de Alagoas anunciou nesta segunda-feira (9) a opera\u00e7\u00e3o de novos voos internacionais diretos entre Portugal e Alagoas entre 26 de julho e 20 de setembro deste ano. Em parceria com as operadoras tur\u00edsticas europeias Solf\u00e9rias e Ex\u00f3tico Online, os voos ofertados pela companhia Euroatlantic Airways chegar\u00e3o sempre aos domingos ao Aeroporto Internacional Zumbi [&hellip;]<\/p>\n","protected":false},"author":1,"featured_media":35585,"comment_status":"open","ping_status":"open","sticky":false,"template":"","format":"standard","meta":{"_monsterinsights_skip_tracking":false,"_monsterinsights_sitenote_active":false,"_monsterinsights_sitenote_note":"","_monsterinsights_sitenote_category":0,"footnotes":""},"categories":[66,104],"tags":[],"class_list":["post-35584","post","type-post","status-publish","format-standard","has-post-thumbnail","hentry","category-alagoas","category-destaque"],"yoast_head":"<!-- This site is optimized with the Yoast SEO plugin v27.5 - https:\/\/yoast.com\/product\/yoast-seo-wordpress\/ -->\n<title>Governo de Alagoas anuncia novos voos diretos de Portugal para Alagoas - Resumo Pol\u00edtico<\/title>\n<meta name=\"robots\" content=\"index, follow, max-snippet:-1, max-image-preview:large, max-video-preview:-1\" \/>\n<link rel=\"canonical\" href=\"https:\/\/resumopolitico.com.br\/?p=35584\" \/>\n<meta property=\"og:locale\" content=\"pt_BR\" \/>\n<meta property=\"og:type\" content=\"article\" \/>\n<meta property=\"og:title\" content=\"Governo de Alagoas anuncia novos voos diretos de Portugal para Alagoas - Resumo Pol\u00edtico\" \/>\n<meta property=\"og:description\" content=\"O Governo de Alagoas anunciou nesta segunda-feira (9) a opera\u00e7\u00e3o de novos voos internacionais diretos entre Portugal e Alagoas entre 26 de julho e 20 de setembro deste ano. Em parceria com as operadoras tur\u00edsticas europeias Solf\u00e9rias e Ex\u00f3tico Online, os voos ofertados pela companhia Euroatlantic Airways chegar\u00e3o sempre aos domingos ao Aeroporto Internacional Zumbi [&hellip;]\" \/>\n<meta property=\"og:url\" content=\"https:\/\/resumopolitico.com.br\/?p=35584\" \/>\n<meta property=\"og:site_name\" content=\"Resumo Pol\u00edtico\" \/>\n<meta property=\"article:published_time\" content=\"2026-03-09T22:45:21+00:00\" \/>\n<meta property=\"article:modified_time\" content=\"2026-03-09T22:46:39+00:00\" \/>\n<meta property=\"og:image\" content=\"https:\/\/resumopolitico.com.br\/wp-content\/uploads\/2026\/03\/timthumb.jpg\" \/>\n\t<meta property=\"og:image:width\" content=\"500\" \/>\n\t<meta property=\"og:image:height\" content=\"350\" \/>\n\t<meta property=\"og:image:type\" content=\"image\/jpeg\" \/>\n<meta name=\"author\" content=\"resumopolitico\" \/>\n<meta name=\"twitter:card\" content=\"summary_large_image\" \/>\n<meta name=\"twitter:label1\" content=\"Escrito por\" \/>\n\t<meta name=\"twitter:data1\" content=\"resumopolitico\" \/>\n\t<meta name=\"twitter:label2\" content=\"Est. tempo de leitura\" \/>\n\t<meta name=\"twitter:data2\" content=\"2 minutos\" \/>\n<script type=\"application\/ld+json\" class=\"yoast-schema-graph\">{\"@context\":\"https:\\\/\\\/schema.org\",\"@graph\":[{\"@type\":\"Article\",\"@id\":\"https:\\\/\\\/resumopolitico.com.br\\\/?p=35584#article\",\"isPartOf\":{\"@id\":\"https:\\\/\\\/resumopolitico.com.br\\\/?p=35584\"},\"author\":{\"name\":\"resumopolitico\",\"@id\":\"https:\\\/\\\/resumopolitico.com.br\\\/#\\\/schema\\\/person\\\/8e54285779750ca1eb5d54a40785d6f3\"},\"headline\":\"Governo de Alagoas anuncia novos voos diretos de Portugal para Alagoas\",\"datePublished\":\"2026-03-09T22:45:21+00:00\",\"dateModified\":\"2026-03-09T22:46:39+00:00\",\"mainEntityOfPage\":{\"@id\":\"https:\\\/\\\/resumopolitico.com.br\\\/?p=35584\"},\"wordCount\":320,\"commentCount\":0,\"image\":{\"@id\":\"https:\\\/\\\/resumopolitico.com.br\\\/?p=35584#primaryimage\"},\"thumbnailUrl\":\"https:\\\/\\\/resumopolitico.com.br\\\/wp-content\\\/uploads\\\/2026\\\/03\\\/timthumb.jpg\",\"articleSection\":[\"Alagoas\",\"Destaque\"],\"inLanguage\":\"pt-BR\",\"potentialAction\":[{\"@type\":\"CommentAction\",\"name\":\"Comment\",\"target\":[\"https:\\\/\\\/resumopolitico.com.br\\\/?p=35584#respond\"]}]},{\"@type\":\"WebPage\",\"@id\":\"https:\\\/\\\/resumopolitico.com.br\\\/?p=35584\",\"url\":\"https:\\\/\\\/resumopolitico.com.br\\\/?p=35584\",\"name\":\"Governo de Alagoas anuncia novos voos diretos de Portugal para Alagoas - Resumo Pol\u00edtico\",\"isPartOf\":{\"@id\":\"https:\\\/\\\/resumopolitico.com.br\\\/#website\"},\"primaryImageOfPage\":{\"@id\":\"https:\\\/\\\/resumopolitico.com.br\\\/?p=35584#primaryimage\"},\"image\":{\"@id\":\"https:\\\/\\\/resumopolitico.com.br\\\/?p=35584#primaryimage\"},\"thumbnailUrl\":\"https:\\\/\\\/resumopolitico.com.br\\\/wp-content\\\/uploads\\\/2026\\\/03\\\/timthumb.jpg\",\"datePublished\":\"2026-03-09T22:45:21+00:00\",\"dateModified\":\"2026-03-09T22:46:39+00:00\",\"author\":{\"@id\":\"https:\\\/\\\/resumopolitico.com.br\\\/#\\\/schema\\\/person\\\/8e54285779750ca1eb5d54a40785d6f3\"},\"breadcrumb\":{\"@id\":\"https:\\\/\\\/resumopolitico.com.br\\\/?p=35584#breadcrumb\"},\"inLanguage\":\"pt-BR\",\"potentialAction\":[{\"@type\":\"ReadAction\",\"target\":[\"https:\\\/\\\/resumopolitico.com.br\\\/?p=35584\"]}]},{\"@type\":\"ImageObject\",\"inLanguage\":\"pt-BR\",\"@id\":\"https:\\\/\\\/resumopolitico.com.br\\\/?p=35584#primaryimage\",\"url\":\"https:\\\/\\\/resumopolitico.com.br\\\/wp-content\\\/uploads\\\/2026\\\/03\\\/timthumb.jpg\",\"contentUrl\":\"https:\\\/\\\/resumopolitico.com.br\\\/wp-content\\\/uploads\\\/2026\\\/03\\\/timthumb.jpg\",\"width\":500,\"height\":350},{\"@type\":\"BreadcrumbList\",\"@id\":\"https:\\\/\\\/resumopolitico.com.br\\\/?p=35584#breadcrumb\",\"itemListElement\":[{\"@type\":\"ListItem\",\"position\":1,\"name\":\"In\u00edcio\",\"item\":\"https:\\\/\\\/resumopolitico.com.br\\\/\"},{\"@type\":\"ListItem\",\"position\":2,\"name\":\"Governo de Alagoas anuncia novos voos diretos de Portugal para Alagoas\"}]},{\"@type\":\"WebSite\",\"@id\":\"https:\\\/\\\/resumopolitico.com.br\\\/#website\",\"url\":\"https:\\\/\\\/resumopolitico.com.br\\\/\",\"name\":\"Resumo Pol\u00edtico\",\"description\":\"Resumo Pol\u00edtico\",\"potentialAction\":[{\"@type\":\"SearchAction\",\"target\":{\"@type\":\"EntryPoint\",\"urlTemplate\":\"https:\\\/\\\/resumopolitico.com.br\\\/?s={search_term_string}\"},\"query-input\":{\"@type\":\"PropertyValueSpecification\",\"valueRequired\":true,\"valueName\":\"search_term_string\"}}],\"inLanguage\":\"pt-BR\"},{\"@type\":\"Person\",\"@id\":\"https:\\\/\\\/resumopolitico.com.br\\\/#\\\/schema\\\/person\\\/8e54285779750ca1eb5d54a40785d6f3\",\"name\":\"resumopolitico\",\"image\":{\"@type\":\"ImageObject\",\"inLanguage\":\"pt-BR\",\"@id\":\"\\\/\\\/www.gravatar.com\\\/avatar\\\/964d308c93aaf0c33319e9a3bc3b8ac5?s=96&#038;r=g&#038;d=mm\",\"url\":\"\\\/\\\/www.gravatar.com\\\/avatar\\\/964d308c93aaf0c33319e9a3bc3b8ac5?s=96&#038;r=g&#038;d=mm\",\"contentUrl\":\"\\\/\\\/www.gravatar.com\\\/avatar\\\/964d308c93aaf0c33319e9a3bc3b8ac5?s=96&#038;r=g&#038;d=mm\",\"caption\":\"resumopolitico\"},\"sameAs\":[\"http:\\\/\\\/resumopolitico.com.br\"],\"url\":\"https:\\\/\\\/resumopolitico.com.br\\\/?bp_members=1&bp_member=resumopoliticoprofile\\\/home\\\/\"}]}<\/script>\n<!-- \/ Yoast SEO plugin. -->","yoast_head_json":{"title":"Governo de Alagoas anuncia novos voos diretos de Portugal para Alagoas - Resumo Pol\u00edtico","robots":{"index":"index","follow":"follow","max-snippet":"max-snippet:-1","max-image-preview":"max-image-preview:large","max-video-preview":"max-video-preview:-1"},"canonical":"https:\/\/resumopolitico.com.br\/?p=35584","og_locale":"pt_BR","og_type":"article","og_title":"Governo de Alagoas anuncia novos voos diretos de Portugal para Alagoas - Resumo Pol\u00edtico","og_description":"O Governo de Alagoas anunciou nesta segunda-feira (9) a opera\u00e7\u00e3o de novos voos internacionais diretos entre Portugal e Alagoas entre 26 de julho e 20 de setembro deste ano. Em parceria com as operadoras tur\u00edsticas europeias Solf\u00e9rias e Ex\u00f3tico Online, os voos ofertados pela companhia Euroatlantic Airways chegar\u00e3o sempre aos domingos ao Aeroporto Internacional Zumbi [&hellip;]","og_url":"https:\/\/resumopolitico.com.br\/?p=35584","og_site_name":"Resumo Pol\u00edtico","article_published_time":"2026-03-09T22:45:21+00:00","article_modified_time":"2026-03-09T22:46:39+00:00","og_image":[{"width":500,"height":350,"url":"https:\/\/resumopolitico.com.br\/wp-content\/uploads\/2026\/03\/timthumb.jpg","type":"image\/jpeg"}],"author":"resumopolitico","twitter_card":"summary_large_image","twitter_misc":{"Escrito por":"resumopolitico","Est. tempo de leitura":"2 minutos"},"schema":{"@context":"https:\/\/schema.org","@graph":[{"@type":"Article","@id":"https:\/\/resumopolitico.com.br\/?p=35584#article","isPartOf":{"@id":"https:\/\/resumopolitico.com.br\/?p=35584"},"author":{"name":"resumopolitico","@id":"https:\/\/resumopolitico.com.br\/#\/schema\/person\/8e54285779750ca1eb5d54a40785d6f3"},"headline":"Governo de Alagoas anuncia novos voos diretos de Portugal para Alagoas","datePublished":"2026-03-09T22:45:21+00:00","dateModified":"2026-03-09T22:46:39+00:00","mainEntityOfPage":{"@id":"https:\/\/resumopolitico.com.br\/?p=35584"},"wordCount":320,"commentCount":0,"image":{"@id":"https:\/\/resumopolitico.com.br\/?p=35584#primaryimage"},"thumbnailUrl":"https:\/\/resumopolitico.com.br\/wp-content\/uploads\/2026\/03\/timthumb.jpg","articleSection":["Alagoas","Destaque"],"inLanguage":"pt-BR","potentialAction":[{"@type":"CommentAction","name":"Comment","target":["https:\/\/resumopolitico.com.br\/?p=35584#respond"]}]},{"@type":"WebPage","@id":"https:\/\/resumopolitico.com.br\/?p=35584","url":"https:\/\/resumopolitico.com.br\/?p=35584","name":"Governo de Alagoas anuncia novos voos diretos de Portugal para Alagoas - Resumo Pol\u00edtico","isPartOf":{"@id":"https:\/\/resumopolitico.com.br\/#website"},"primaryImageOfPage":{"@id":"https:\/\/resumopolitico.com.br\/?p=35584#primaryimage"},"image":{"@id":"https:\/\/resumopolitico.com.br\/?p=35584#primaryimage"},"thumbnailUrl":"https:\/\/resumopolitico.com.br\/wp-content\/uploads\/2026\/03\/timthumb.jpg","datePublished":"2026-03-09T22:45:21+00:00","dateModified":"2026-03-09T22:46:39+00:00","author":{"@id":"https:\/\/resumopolitico.com.br\/#\/schema\/person\/8e54285779750ca1eb5d54a40785d6f3"},"breadcrumb":{"@id":"https:\/\/resumopolitico.com.br\/?p=35584#breadcrumb"},"inLanguage":"pt-BR","potentialAction":[{"@type":"ReadAction","target":["https:\/\/resumopolitico.com.br\/?p=35584"]}]},{"@type":"ImageObject","inLanguage":"pt-BR","@id":"https:\/\/resumopolitico.com.br\/?p=35584#primaryimage","url":"https:\/\/resumopolitico.com.br\/wp-content\/uploads\/2026\/03\/timthumb.jpg","contentUrl":"https:\/\/resumopolitico.com.br\/wp-content\/uploads\/2026\/03\/timthumb.jpg","width":500,"height":350},{"@type":"BreadcrumbList","@id":"https:\/\/resumopolitico.com.br\/?p=35584#breadcrumb","itemListElement":[{"@type":"ListItem","position":1,"name":"In\u00edcio","item":"https:\/\/resumopolitico.com.br\/"},{"@type":"ListItem","position":2,"name":"Governo de Alagoas anuncia novos voos diretos de Portugal para Alagoas"}]},{"@type":"WebSite","@id":"https:\/\/resumopolitico.com.br\/#website","url":"https:\/\/resumopolitico.com.br\/","name":"Resumo Pol\u00edtico","description":"Resumo Pol\u00edtico","potentialAction":[{"@type":"SearchAction","target":{"@type":"EntryPoint","urlTemplate":"https:\/\/resumopolitico.com.br\/?s={search_term_string}"},"query-input":{"@type":"PropertyValueSpecification","valueRequired":true,"valueName":"search_term_string"}}],"inLanguage":"pt-BR"},{"@type":"Person","@id":"https:\/\/resumopolitico.com.br\/#\/schema\/person\/8e54285779750ca1eb5d54a40785d6f3","name":"resumopolitico","image":{"@type":"ImageObject","inLanguage":"pt-BR","@id":"\/\/www.gravatar.com\/avatar\/964d308c93aaf0c33319e9a3bc3b8ac5?s=96&#038;r=g&#038;d=mm","url":"\/\/www.gravatar.com\/avatar\/964d308c93aaf0c33319e9a3bc3b8ac5?s=96&#038;r=g&#038;d=mm","contentUrl":"\/\/www.gravatar.com\/avatar\/964d308c93aaf0c33319e9a3bc3b8ac5?s=96&#038;r=g&#038;d=mm","caption":"resumopolitico"},"sameAs":["http:\/\/resumopolitico.com.br"],"url":"https:\/\/resumopolitico.com.br\/?bp_members=1&bp_member=resumopoliticoprofile\/home\/"}]}},"_links":{"self":[{"href":"https:\/\/resumopolitico.com.br\/index.php?rest_route=\/wp\/v2\/posts\/35584","targetHints":{"allow":["GET"]}}],"collection":[{"href":"https:\/\/resumopolitico.com.br\/index.php?rest_route=\/wp\/v2\/posts"}],"about":[{"href":"https:\/\/resumopolitico.com.br\/index.php?rest_route=\/wp\/v2\/types\/post"}],"author":[{"embeddable":true,"href":"https:\/\/resumopolitico.com.br\/index.php?rest_route=\/wp\/v2\/users\/1"}],"replies":[{"embeddable":true,"href":"https:\/\/resumopolitico.com.br\/index.php?rest_route=%2Fwp%2Fv2%2Fcomments&post=35584"}],"version-history":[{"count":2,"href":"https:\/\/resumopolitico.com.br\/index.php?rest_route=\/wp\/v2\/posts\/35584\/revisions"}],"predecessor-version":[{"id":35587,"href":"https:\/\/resumopolitico.com.br\/index.php?rest_route=\/wp\/v2\/posts\/35584\/revisions\/35587"}],"wp:featuredmedia":[{"embeddable":true,"href":"https:\/\/resumopolitico.com.br\/index.php?rest_route=\/wp\/v2\/media\/35585"}],"wp:attachment":[{"href":"https:\/\/resumopolitico.com.br\/index.php?rest_route=%2Fwp%2Fv2%2Fmedia&parent=35584"}],"wp:term":[{"taxonomy":"category","embeddable":true,"href":"https:\/\/resumopolitico.com.br\/index.php?rest_route=%2Fwp%2Fv2%2Fcategories&post=35584"},{"taxonomy":"post_tag","embeddable":true,"href":"https:\/\/resumopolitico.com.br\/index.php?rest_route=%2Fwp%2Fv2%2Ftags&post=35584"}],"curies":[{"name":"wp","href":"https:\/\/api.w.org\/{rel}","templated":true}]}}