{"id":35596,"date":"2026-03-10T21:42:04","date_gmt":"2026-03-11T00:42:04","guid":{"rendered":"https:\/\/resumopolitico.com.br\/?p=35596"},"modified":"2026-03-10T21:59:03","modified_gmt":"2026-03-11T00:59:03","slug":"35596","status":"publish","type":"post","link":"https:\/\/resumopolitico.com.br\/?p=35596","title":{"rendered":"Projeto que reconecta alunos do munic\u00edpio com a arte do fil\u00e9 e folguedos recebe pr\u00eamio estadual"},"content":{"rendered":"<p>Tecendo Redes e Saberes, do professor Dilson Costa, conquistou o segundo lugar no Pr\u00eamio Educador Transformador<\/p>\n<p data-base-font=\"18\">A Rede Municipal de Ensino de Macei\u00f3 celebra uma vit\u00f3ria de profundo significado cultural: o projeto &#8220;Tecendo Redes e Saberes&#8221;, desenvolvido pelo professor Dilson Costa, na Escola Municipal Silvestre P\u00e9ricles, no Pontal da Barra, conquistou o 2\u00b0 lugar na categoria estadual de Metodologias Ativas no Pr\u00eamio Educador Transformador.<\/p>\n<p data-base-font=\"18\">A premia\u00e7\u00e3o, realizada pelo Sebrae, em parceria com o Instituto Significare e a Bett Brasil, na noite dessa segunda-feira (9), \u00e9 o reconhecimento de um trabalho inovador que transforma a rica cultura local em ferramenta pedag\u00f3gica.<\/p>\n<p data-base-font=\"18\">O projeto, que em 2025 chegou \u00e0 quarta edi\u00e7\u00e3o e j\u00e1 possui trajet\u00f3ria not\u00e1vel que ultrapassou os muros da escola \u2014 tendo se transformado em livro e sido apresentado em congressos regionais e nacionais \u2014, foca em resgatar e manter viva a cultura do Pontal da Barra.<\/p>\n<p data-base-font=\"18\">A iniciativa trouxe para dentro da escola os mestres artes\u00e3os, garantindo que as crian\u00e7as aprendam diretamente com quem det\u00e9m o conhecimento do fil\u00e9 e da confec\u00e7\u00e3o de redes do pr\u00f3prio fil\u00e9.<\/p>\n<p data-base-font=\"18\">\u201cO Tecendo Redes resgata a cultura ali do Pontal da Barra, fortalecendo os mestres, o nosso patrim\u00f4nio material, que \u00e9 o fil\u00e9, que est\u00e1 amea\u00e7ado, caso as crian\u00e7as n\u00e3o retomem a caminhada dos mestres e as baianas do Pontal, que j\u00e1 n\u00e3o se apresentam mais. Ent\u00e3o a ideia foi trazer todas as hist\u00f3rias desses mestres e artes\u00e3os para dentro da escola, para eles contarem a hist\u00f3ria\u201d, afirmou o professor.<\/p>\n<p data-base-font=\"18\">Para Dilson Costa, que acumula mais de 35 anos de dedica\u00e7\u00e3o \u00e0 educa\u00e7\u00e3o, sendo mais de 14 anos somente na Semed, a premia\u00e7\u00e3o foi a culmin\u00e2ncia de um sonho.<\/p>\n<p data-base-font=\"18\">&#8220;A gente v\u00ea um legado, uma hist\u00f3ria constru\u00edda de sonhos, de projetos, sendo reconhecidas, valorizadas e principalmente vendo que deixou um legado para os outros estudantes, outros profissionais. Foi muito, muito bonito&#8221;, emocionou-se o educador.<\/p>\n<p data-base-font=\"18\"><strong data-base-font=\"18\">A iniciativa<\/strong><\/p>\n<p data-base-font=\"18\">O projeto que conecta a escola \u00e0s comunidades come\u00e7ou em 2019 e teve como objetivo principal de transformar a Silvestre P\u00e9ricles em um memorial cultural do Pontal, nomeando as salas de aula em homenagem a mestres e express\u00f5es culturais locais. A premia\u00e7\u00e3o destaca seu impacto positivo na comunidade e sua import\u00e2ncia na preserva\u00e7\u00e3o da cultura local.<\/p>\n<p data-base-font=\"18\">Para dar vida a este resgate, o projeto criou uma sala maker onde os alunos colocaram a m\u00e3o na massa. Eles aprenderam, na pr\u00e1tica, a fazer a rede e o fil\u00e9, reconectando-se com suas ra\u00edzes e fortalecendo o senso de pertencimento \u00e0 comunidade.<\/p>\n<p data-base-font=\"18\">O projeto tamb\u00e9m abra\u00e7ou outras tradi\u00e7\u00f5es locais, como os folguedos fandango e as figuras das baianas do Pontal da Barra, incentivando a preserva\u00e7\u00e3o do patrim\u00f4nio imaterial do estado.<\/p>\n<p data-base-font=\"18\"><strong data-base-font=\"18\">O pr\u00eamio<\/strong><\/p>\n<p data-base-font=\"18\">Na etapa estadual, os 1\u00ba, 2\u00ba e 3\u00ba colocados de cada categoria recebem trof\u00e9u, certificado e selo digital. Os projetos classificados em primeiro lugar tamb\u00e9m garantem participa\u00e7\u00e3o, com todas as despesas pagas, na miss\u00e3o Bett Brasil 2026. J\u00e1 na etapa nacional, os vencedores concorrem a premia\u00e7\u00f5es como miss\u00e3o internacional para a Bett UK, em janeiro de 2027, miss\u00e3o nacional para o Congresso do Sebrae, al\u00e9m de notebooks, selos digitais, certificados e, para o primeiro lugar, um MBA em Educa\u00e7\u00e3o Empreendedora, certificado pela Faculdade Sebrae.<\/p>\n","protected":false},"excerpt":{"rendered":"<p>Tecendo Redes e Saberes, do professor Dilson Costa, conquistou o segundo lugar no Pr\u00eamio Educador Transformador A Rede Municipal de Ensino de Macei\u00f3 celebra uma vit\u00f3ria de profundo significado cultural: o projeto &#8220;Tecendo Redes e Saberes&#8221;, desenvolvido pelo professor Dilson Costa, na Escola Municipal Silvestre P\u00e9ricles, no Pontal da Barra, conquistou o 2\u00b0 lugar na [&hellip;]<\/p>\n","protected":false},"author":1,"featured_media":35597,"comment_status":"open","ping_status":"open","sticky":false,"template":"","format":"standard","meta":{"_monsterinsights_skip_tracking":false,"_monsterinsights_sitenote_active":false,"_monsterinsights_sitenote_note":"","_monsterinsights_sitenote_category":0,"footnotes":""},"categories":[66,104],"tags":[],"class_list":["post-35596","post","type-post","status-publish","format-standard","has-post-thumbnail","hentry","category-alagoas","category-destaque"],"yoast_head":"<!-- This site is optimized with the Yoast SEO plugin v27.5 - https:\/\/yoast.com\/product\/yoast-seo-wordpress\/ -->\n<title>Projeto que reconecta alunos do munic\u00edpio com a arte do fil\u00e9 e folguedos recebe pr\u00eamio estadual - Resumo Pol\u00edtico<\/title>\n<meta name=\"robots\" content=\"index, follow, max-snippet:-1, max-image-preview:large, max-video-preview:-1\" \/>\n<link rel=\"canonical\" href=\"https:\/\/resumopolitico.com.br\/?p=35596\" \/>\n<meta property=\"og:locale\" content=\"pt_BR\" \/>\n<meta property=\"og:type\" content=\"article\" \/>\n<meta property=\"og:title\" content=\"Projeto que reconecta alunos do munic\u00edpio com a arte do fil\u00e9 e folguedos recebe pr\u00eamio estadual - Resumo Pol\u00edtico\" \/>\n<meta property=\"og:description\" content=\"Tecendo Redes e Saberes, do professor Dilson Costa, conquistou o segundo lugar no Pr\u00eamio Educador Transformador A Rede Municipal de Ensino de Macei\u00f3 celebra uma vit\u00f3ria de profundo significado cultural: o projeto &#8220;Tecendo Redes e Saberes&#8221;, desenvolvido pelo professor Dilson Costa, na Escola Municipal Silvestre P\u00e9ricles, no Pontal da Barra, conquistou o 2\u00b0 lugar na [&hellip;]\" \/>\n<meta property=\"og:url\" content=\"https:\/\/resumopolitico.com.br\/?p=35596\" \/>\n<meta property=\"og:site_name\" content=\"Resumo Pol\u00edtico\" \/>\n<meta property=\"article:published_time\" content=\"2026-03-11T00:42:04+00:00\" \/>\n<meta property=\"article:modified_time\" content=\"2026-03-11T00:59:03+00:00\" \/>\n<meta property=\"og:image\" content=\"https:\/\/resumopolitico.com.br\/wp-content\/uploads\/2026\/03\/Julio-VasconcelosJVC07484.jpg\" \/>\n\t<meta property=\"og:image:width\" content=\"850\" \/>\n\t<meta property=\"og:image:height\" content=\"560\" \/>\n\t<meta property=\"og:image:type\" content=\"image\/jpeg\" \/>\n<meta name=\"author\" content=\"resumopolitico\" \/>\n<meta name=\"twitter:card\" content=\"summary_large_image\" \/>\n<meta name=\"twitter:label1\" content=\"Escrito por\" \/>\n\t<meta name=\"twitter:data1\" content=\"resumopolitico\" \/>\n\t<meta name=\"twitter:label2\" content=\"Est. tempo de leitura\" \/>\n\t<meta name=\"twitter:data2\" content=\"4 minutos\" \/>\n<script type=\"application\/ld+json\" class=\"yoast-schema-graph\">{\"@context\":\"https:\\\/\\\/schema.org\",\"@graph\":[{\"@type\":\"Article\",\"@id\":\"https:\\\/\\\/resumopolitico.com.br\\\/?p=35596#article\",\"isPartOf\":{\"@id\":\"https:\\\/\\\/resumopolitico.com.br\\\/?p=35596\"},\"author\":{\"name\":\"resumopolitico\",\"@id\":\"https:\\\/\\\/resumopolitico.com.br\\\/#\\\/schema\\\/person\\\/8e54285779750ca1eb5d54a40785d6f3\"},\"headline\":\"Projeto que reconecta alunos do munic\u00edpio com a arte do fil\u00e9 e folguedos recebe pr\u00eamio estadual\",\"datePublished\":\"2026-03-11T00:42:04+00:00\",\"dateModified\":\"2026-03-11T00:59:03+00:00\",\"mainEntityOfPage\":{\"@id\":\"https:\\\/\\\/resumopolitico.com.br\\\/?p=35596\"},\"wordCount\":579,\"commentCount\":0,\"image\":{\"@id\":\"https:\\\/\\\/resumopolitico.com.br\\\/?p=35596#primaryimage\"},\"thumbnailUrl\":\"https:\\\/\\\/resumopolitico.com.br\\\/wp-content\\\/uploads\\\/2026\\\/03\\\/Julio-VasconcelosJVC07484.jpg\",\"articleSection\":[\"Alagoas\",\"Destaque\"],\"inLanguage\":\"pt-BR\",\"potentialAction\":[{\"@type\":\"CommentAction\",\"name\":\"Comment\",\"target\":[\"https:\\\/\\\/resumopolitico.com.br\\\/?p=35596#respond\"]}]},{\"@type\":\"WebPage\",\"@id\":\"https:\\\/\\\/resumopolitico.com.br\\\/?p=35596\",\"url\":\"https:\\\/\\\/resumopolitico.com.br\\\/?p=35596\",\"name\":\"Projeto que reconecta alunos do munic\u00edpio com a arte do fil\u00e9 e folguedos recebe pr\u00eamio estadual - Resumo Pol\u00edtico\",\"isPartOf\":{\"@id\":\"https:\\\/\\\/resumopolitico.com.br\\\/#website\"},\"primaryImageOfPage\":{\"@id\":\"https:\\\/\\\/resumopolitico.com.br\\\/?p=35596#primaryimage\"},\"image\":{\"@id\":\"https:\\\/\\\/resumopolitico.com.br\\\/?p=35596#primaryimage\"},\"thumbnailUrl\":\"https:\\\/\\\/resumopolitico.com.br\\\/wp-content\\\/uploads\\\/2026\\\/03\\\/Julio-VasconcelosJVC07484.jpg\",\"datePublished\":\"2026-03-11T00:42:04+00:00\",\"dateModified\":\"2026-03-11T00:59:03+00:00\",\"author\":{\"@id\":\"https:\\\/\\\/resumopolitico.com.br\\\/#\\\/schema\\\/person\\\/8e54285779750ca1eb5d54a40785d6f3\"},\"breadcrumb\":{\"@id\":\"https:\\\/\\\/resumopolitico.com.br\\\/?p=35596#breadcrumb\"},\"inLanguage\":\"pt-BR\",\"potentialAction\":[{\"@type\":\"ReadAction\",\"target\":[\"https:\\\/\\\/resumopolitico.com.br\\\/?p=35596\"]}]},{\"@type\":\"ImageObject\",\"inLanguage\":\"pt-BR\",\"@id\":\"https:\\\/\\\/resumopolitico.com.br\\\/?p=35596#primaryimage\",\"url\":\"https:\\\/\\\/resumopolitico.com.br\\\/wp-content\\\/uploads\\\/2026\\\/03\\\/Julio-VasconcelosJVC07484.jpg\",\"contentUrl\":\"https:\\\/\\\/resumopolitico.com.br\\\/wp-content\\\/uploads\\\/2026\\\/03\\\/Julio-VasconcelosJVC07484.jpg\",\"width\":850,\"height\":560},{\"@type\":\"BreadcrumbList\",\"@id\":\"https:\\\/\\\/resumopolitico.com.br\\\/?p=35596#breadcrumb\",\"itemListElement\":[{\"@type\":\"ListItem\",\"position\":1,\"name\":\"In\u00edcio\",\"item\":\"https:\\\/\\\/resumopolitico.com.br\\\/\"},{\"@type\":\"ListItem\",\"position\":2,\"name\":\"Projeto que reconecta alunos do munic\u00edpio com a arte do fil\u00e9 e folguedos recebe pr\u00eamio estadual\"}]},{\"@type\":\"WebSite\",\"@id\":\"https:\\\/\\\/resumopolitico.com.br\\\/#website\",\"url\":\"https:\\\/\\\/resumopolitico.com.br\\\/\",\"name\":\"Resumo Pol\u00edtico\",\"description\":\"Resumo Pol\u00edtico\",\"potentialAction\":[{\"@type\":\"SearchAction\",\"target\":{\"@type\":\"EntryPoint\",\"urlTemplate\":\"https:\\\/\\\/resumopolitico.com.br\\\/?s={search_term_string}\"},\"query-input\":{\"@type\":\"PropertyValueSpecification\",\"valueRequired\":true,\"valueName\":\"search_term_string\"}}],\"inLanguage\":\"pt-BR\"},{\"@type\":\"Person\",\"@id\":\"https:\\\/\\\/resumopolitico.com.br\\\/#\\\/schema\\\/person\\\/8e54285779750ca1eb5d54a40785d6f3\",\"name\":\"resumopolitico\",\"image\":{\"@type\":\"ImageObject\",\"inLanguage\":\"pt-BR\",\"@id\":\"\\\/\\\/www.gravatar.com\\\/avatar\\\/964d308c93aaf0c33319e9a3bc3b8ac5?s=96&#038;r=g&#038;d=mm\",\"url\":\"\\\/\\\/www.gravatar.com\\\/avatar\\\/964d308c93aaf0c33319e9a3bc3b8ac5?s=96&#038;r=g&#038;d=mm\",\"contentUrl\":\"\\\/\\\/www.gravatar.com\\\/avatar\\\/964d308c93aaf0c33319e9a3bc3b8ac5?s=96&#038;r=g&#038;d=mm\",\"caption\":\"resumopolitico\"},\"sameAs\":[\"http:\\\/\\\/resumopolitico.com.br\"],\"url\":\"https:\\\/\\\/resumopolitico.com.br\\\/?bp_members=1&bp_member=resumopoliticoprofile\\\/home\\\/\"}]}<\/script>\n<!-- \/ Yoast SEO plugin. -->","yoast_head_json":{"title":"Projeto que reconecta alunos do munic\u00edpio com a arte do fil\u00e9 e folguedos recebe pr\u00eamio estadual - Resumo Pol\u00edtico","robots":{"index":"index","follow":"follow","max-snippet":"max-snippet:-1","max-image-preview":"max-image-preview:large","max-video-preview":"max-video-preview:-1"},"canonical":"https:\/\/resumopolitico.com.br\/?p=35596","og_locale":"pt_BR","og_type":"article","og_title":"Projeto que reconecta alunos do munic\u00edpio com a arte do fil\u00e9 e folguedos recebe pr\u00eamio estadual - Resumo Pol\u00edtico","og_description":"Tecendo Redes e Saberes, do professor Dilson Costa, conquistou o segundo lugar no Pr\u00eamio Educador Transformador A Rede Municipal de Ensino de Macei\u00f3 celebra uma vit\u00f3ria de profundo significado cultural: o projeto &#8220;Tecendo Redes e Saberes&#8221;, desenvolvido pelo professor Dilson Costa, na Escola Municipal Silvestre P\u00e9ricles, no Pontal da Barra, conquistou o 2\u00b0 lugar na [&hellip;]","og_url":"https:\/\/resumopolitico.com.br\/?p=35596","og_site_name":"Resumo Pol\u00edtico","article_published_time":"2026-03-11T00:42:04+00:00","article_modified_time":"2026-03-11T00:59:03+00:00","og_image":[{"width":850,"height":560,"url":"https:\/\/resumopolitico.com.br\/wp-content\/uploads\/2026\/03\/Julio-VasconcelosJVC07484.jpg","type":"image\/jpeg"}],"author":"resumopolitico","twitter_card":"summary_large_image","twitter_misc":{"Escrito por":"resumopolitico","Est. tempo de leitura":"4 minutos"},"schema":{"@context":"https:\/\/schema.org","@graph":[{"@type":"Article","@id":"https:\/\/resumopolitico.com.br\/?p=35596#article","isPartOf":{"@id":"https:\/\/resumopolitico.com.br\/?p=35596"},"author":{"name":"resumopolitico","@id":"https:\/\/resumopolitico.com.br\/#\/schema\/person\/8e54285779750ca1eb5d54a40785d6f3"},"headline":"Projeto que reconecta alunos do munic\u00edpio com a arte do fil\u00e9 e folguedos recebe pr\u00eamio estadual","datePublished":"2026-03-11T00:42:04+00:00","dateModified":"2026-03-11T00:59:03+00:00","mainEntityOfPage":{"@id":"https:\/\/resumopolitico.com.br\/?p=35596"},"wordCount":579,"commentCount":0,"image":{"@id":"https:\/\/resumopolitico.com.br\/?p=35596#primaryimage"},"thumbnailUrl":"https:\/\/resumopolitico.com.br\/wp-content\/uploads\/2026\/03\/Julio-VasconcelosJVC07484.jpg","articleSection":["Alagoas","Destaque"],"inLanguage":"pt-BR","potentialAction":[{"@type":"CommentAction","name":"Comment","target":["https:\/\/resumopolitico.com.br\/?p=35596#respond"]}]},{"@type":"WebPage","@id":"https:\/\/resumopolitico.com.br\/?p=35596","url":"https:\/\/resumopolitico.com.br\/?p=35596","name":"Projeto que reconecta alunos do munic\u00edpio com a arte do fil\u00e9 e folguedos recebe pr\u00eamio estadual - Resumo Pol\u00edtico","isPartOf":{"@id":"https:\/\/resumopolitico.com.br\/#website"},"primaryImageOfPage":{"@id":"https:\/\/resumopolitico.com.br\/?p=35596#primaryimage"},"image":{"@id":"https:\/\/resumopolitico.com.br\/?p=35596#primaryimage"},"thumbnailUrl":"https:\/\/resumopolitico.com.br\/wp-content\/uploads\/2026\/03\/Julio-VasconcelosJVC07484.jpg","datePublished":"2026-03-11T00:42:04+00:00","dateModified":"2026-03-11T00:59:03+00:00","author":{"@id":"https:\/\/resumopolitico.com.br\/#\/schema\/person\/8e54285779750ca1eb5d54a40785d6f3"},"breadcrumb":{"@id":"https:\/\/resumopolitico.com.br\/?p=35596#breadcrumb"},"inLanguage":"pt-BR","potentialAction":[{"@type":"ReadAction","target":["https:\/\/resumopolitico.com.br\/?p=35596"]}]},{"@type":"ImageObject","inLanguage":"pt-BR","@id":"https:\/\/resumopolitico.com.br\/?p=35596#primaryimage","url":"https:\/\/resumopolitico.com.br\/wp-content\/uploads\/2026\/03\/Julio-VasconcelosJVC07484.jpg","contentUrl":"https:\/\/resumopolitico.com.br\/wp-content\/uploads\/2026\/03\/Julio-VasconcelosJVC07484.jpg","width":850,"height":560},{"@type":"BreadcrumbList","@id":"https:\/\/resumopolitico.com.br\/?p=35596#breadcrumb","itemListElement":[{"@type":"ListItem","position":1,"name":"In\u00edcio","item":"https:\/\/resumopolitico.com.br\/"},{"@type":"ListItem","position":2,"name":"Projeto que reconecta alunos do munic\u00edpio com a arte do fil\u00e9 e folguedos recebe pr\u00eamio estadual"}]},{"@type":"WebSite","@id":"https:\/\/resumopolitico.com.br\/#website","url":"https:\/\/resumopolitico.com.br\/","name":"Resumo Pol\u00edtico","description":"Resumo Pol\u00edtico","potentialAction":[{"@type":"SearchAction","target":{"@type":"EntryPoint","urlTemplate":"https:\/\/resumopolitico.com.br\/?s={search_term_string}"},"query-input":{"@type":"PropertyValueSpecification","valueRequired":true,"valueName":"search_term_string"}}],"inLanguage":"pt-BR"},{"@type":"Person","@id":"https:\/\/resumopolitico.com.br\/#\/schema\/person\/8e54285779750ca1eb5d54a40785d6f3","name":"resumopolitico","image":{"@type":"ImageObject","inLanguage":"pt-BR","@id":"\/\/www.gravatar.com\/avatar\/964d308c93aaf0c33319e9a3bc3b8ac5?s=96&#038;r=g&#038;d=mm","url":"\/\/www.gravatar.com\/avatar\/964d308c93aaf0c33319e9a3bc3b8ac5?s=96&#038;r=g&#038;d=mm","contentUrl":"\/\/www.gravatar.com\/avatar\/964d308c93aaf0c33319e9a3bc3b8ac5?s=96&#038;r=g&#038;d=mm","caption":"resumopolitico"},"sameAs":["http:\/\/resumopolitico.com.br"],"url":"https:\/\/resumopolitico.com.br\/?bp_members=1&bp_member=resumopoliticoprofile\/home\/"}]}},"_links":{"self":[{"href":"https:\/\/resumopolitico.com.br\/index.php?rest_route=\/wp\/v2\/posts\/35596","targetHints":{"allow":["GET"]}}],"collection":[{"href":"https:\/\/resumopolitico.com.br\/index.php?rest_route=\/wp\/v2\/posts"}],"about":[{"href":"https:\/\/resumopolitico.com.br\/index.php?rest_route=\/wp\/v2\/types\/post"}],"author":[{"embeddable":true,"href":"https:\/\/resumopolitico.com.br\/index.php?rest_route=\/wp\/v2\/users\/1"}],"replies":[{"embeddable":true,"href":"https:\/\/resumopolitico.com.br\/index.php?rest_route=%2Fwp%2Fv2%2Fcomments&post=35596"}],"version-history":[{"count":2,"href":"https:\/\/resumopolitico.com.br\/index.php?rest_route=\/wp\/v2\/posts\/35596\/revisions"}],"predecessor-version":[{"id":35599,"href":"https:\/\/resumopolitico.com.br\/index.php?rest_route=\/wp\/v2\/posts\/35596\/revisions\/35599"}],"wp:featuredmedia":[{"embeddable":true,"href":"https:\/\/resumopolitico.com.br\/index.php?rest_route=\/wp\/v2\/media\/35597"}],"wp:attachment":[{"href":"https:\/\/resumopolitico.com.br\/index.php?rest_route=%2Fwp%2Fv2%2Fmedia&parent=35596"}],"wp:term":[{"taxonomy":"category","embeddable":true,"href":"https:\/\/resumopolitico.com.br\/index.php?rest_route=%2Fwp%2Fv2%2Fcategories&post=35596"},{"taxonomy":"post_tag","embeddable":true,"href":"https:\/\/resumopolitico.com.br\/index.php?rest_route=%2Fwp%2Fv2%2Ftags&post=35596"}],"curies":[{"name":"wp","href":"https:\/\/api.w.org\/{rel}","templated":true}]}}