{"id":35605,"date":"2026-03-10T22:16:52","date_gmt":"2026-03-11T01:16:52","guid":{"rendered":"https:\/\/resumopolitico.com.br\/?p=35605"},"modified":"2026-03-10T22:18:51","modified_gmt":"2026-03-11T01:18:51","slug":"35605","status":"publish","type":"post","link":"https:\/\/resumopolitico.com.br\/?p=35605","title":{"rendered":"Governo de Alagoas recebe novos alunos do Ensino M\u00e9dio da rede estadual"},"content":{"rendered":"<p class=\"text-black font-18 mt-0 pt-0\">Aula inaugural reuniu 1.200 estudantes de ensino integral profissionalizante, na manh\u00e3 desta ter\u00e7a-feira (10), no Centro de Conven\u00e7\u00f5es<\/p>\n<p>O Governo de\u00a0Alagoas recepcionou, na manh\u00e3 desta ter\u00e7a-feira (10), 1.200 novos alunos das primeiras s\u00e9ries do Ensino M\u00e9dio da rede estadual dos 102 munic\u00edpios alagoanos. A aula inaugural, que abriu oficialmente o ano letivo de 2026, ocorreu no Teatro Gustavo Leite, no Centro de Conven\u00e7\u00f5es, em Jaragu\u00e1.<\/p>\n<p>&nbsp;<\/p>\n<p>A atividade foi marcada tamb\u00e9m pela entrega de kits do programa Meu Ciclo na Escola, que vai beneficiar 35 mil estudantes de 12 a 18 anos. A secret\u00e1ria de Estado de Educa\u00e7\u00e3o,\u00a0Roseane Vasconcelos, disse que a aula inaugural \u00e9 um dia de acolhimento e apresenta\u00e7\u00e3o da rede estadual aos novos alunos.<\/p>\n<p>&nbsp;<\/p>\n<p>&#8220;Hoje,\u00a0estamos trazendo para o Teatro Gustavo Leite 1.200 alunos dos 102 munic\u00edpios. A maioria desses alunos est\u00e1 saindo das redes municipais, concluindo o Ensino Fundamental, para estudar na rede estadual&#8221;, observou a secret\u00e1ria. De acordo com ela, todos s\u00e3o alunos do tempo integral profissionalizante, que optaram por um dos 25 cursos oferecidos na rede p\u00fablica estadual.<\/p>\n<p>&nbsp;<\/p>\n<p>&#8220;O aluno vai ficar 9 horas, mas vai sair com dois certificados, um de ensino m\u00e9dio e um de t\u00e9cnico na \u00e1rea em que ele vai estudar nesse per\u00edodo de 3 anos&#8221;, ressaltou a secret\u00e1ria, que voltou a afirmar que o governo Paulo Dantas vai ficar marcado como o gestor estadual que mais investiu na \u00e1rea da Educa\u00e7\u00e3o.<\/p>\n<p><img decoding=\"async\" src=\"http:\/\/alagoas.al.gov.br\/imagens\/conteudos\/51e6ad0daee53babd757d6bd8cb469d9\/\/10032026%20Abertura%20Aula%20Inaugural%20Ensino%20Integral%20(TS)-10.jpg.jpeg\" \/><\/p>\n<p>&nbsp;<\/p>\n<p>&#8221; J\u00e1\u00a0entregamos 23 escolas de ensino integral e, at\u00e9 maio, a gente quer fazer uma entrega de cerca de 42 Escolas do Cora\u00e7\u00e3o, e outras vamos entregar\u00a0no segundo semestre, ou seja, no final do ano o governador Paulo Dantas entregar\u00e1 \u00e0 sociedade mais 57 escolas, todas de tempo integral, a maioria delas para o ensino m\u00e9dio&#8221;, confirmou a secret\u00e1ria.<\/p>\n<p>&nbsp;<\/p>\n<p>Roseane acentuou que a pol\u00edtica do governo \u00e9 levar as escolas cada vez mais perto de onde os alunos moram. &#8220;A maior parte dos alunos que est\u00e1 no CEPA hoje, por exemplo, cerca de 90% desses meninos moram na parte alta da cidade &#8220;, exemplificou.<\/p>\n<p>&nbsp;<\/p>\n<p>O estudante Luan Carlos, que estava ingressando na primeira do Ensino M\u00e9dio da Escola Dr. Sidr\u00f4nio de Santana Farias, de Santa Luzia,\u00a0n\u00e3o escondia a felicidade de estar participando da aula inaugural e de ter a oportunidade de conhecer Macei\u00f3.<\/p>\n<p>&nbsp;<\/p>\n<p>&#8220;As expectativas s\u00e3o as melhores poss\u00edveis para estudar o Ensino M\u00e9dio &#8220;, comentou.<\/p>\n<p><img decoding=\"async\" src=\"http:\/\/alagoas.al.gov.br\/imagens\/conteudos\/51e6ad0daee53babd757d6bd8cb469d9\/\/10032026%20Abertura%20Aula%20Inaugural%20Ensino%20Integral%20(TS)-14.jpg.jpeg\" \/><\/p>\n<p>&nbsp;<\/p>\n<p><b>Kits Meu Ciclo<\/b><\/p>\n<p>&nbsp;<\/p>\n<p>Um dos pontos centrais do evento foi a entrega simb\u00f3lica dos kits do programa Meu Ciclo na Escola, com a participa\u00e7\u00e3o de 13 estudantes representando cada Ger\u00eancia Especial de Educa\u00e7\u00e3o (GEE). Com um investimento de R$ 10,7 milh\u00f5es do Tesouro Estadual, o programa beneficia 33.668 alunas de 12 a 18 anos pertencentes a fam\u00edlias do Programa Bolsa Fam\u00edlia.<\/p>\n<p>&nbsp;<\/p>\n<p>Baseado na Lei Estadual n\u00ba 8.478\/2021, de autoria da deputada Cibele Moura, o programa combate a pobreza menstrual &#8211; fator que, segundo a Unicef, faz com que meninas percam at\u00e9 45 dias de aula por ano.<\/p>\n<p>&nbsp;<\/p>\n<p>Cada benefici\u00e1ria recebe mensalmente itens de higiene como absorventes e len\u00e7os descart\u00e1veis. Ao garantir esses insumos, o Governo de Alagoas atua diretamente na redu\u00e7\u00e3o do absente\u00edsmo (aus\u00eancia de sala de aula) e na promo\u00e7\u00e3o da sa\u00fade e dignidade das jovens alagoanas em toda a rede.<\/p>\n<p>&nbsp;<\/p>\n<p>A secret\u00e1ria Roseane Vasconcelos\u00a0destacou que por meio do\u00a0Programa s\u00e3o\u00a0cerca de 35 mil adolescentes beneficiadas, entre 12 e 18 anos que est\u00e3o matriculadas na\u00a0rede.<\/p>\n<p>&nbsp;<\/p>\n<p>&#8220;E diferente da lei federal, que s\u00f3 contempla quem est\u00e1 no Cadastro \u00danico e a gente oferece a todas as nossas estudantes, mensalmente, um kit composto por absorvente, len\u00e7os umedecidos e sabonete \u00edntimo&#8221;, observou Roseane.<\/p>\n<p><img decoding=\"async\" src=\"http:\/\/alagoas.al.gov.br\/imagens\/conteudos\/51e6ad0daee53babd757d6bd8cb469d9\/\/10032026%20Abertura%20Aula%20Inaugural%20Ensino%20Integral%20(TS)-19.jpg.jpg\" \/><\/p>\n<p>&nbsp;<\/p>\n<p>A deputada estadual Cibelle Moura agradeceu ao governador Paulo Dantas por ter garantido a distribui\u00e7\u00e3o dos absorventes para as alunas da rede p\u00fablica. &#8220;Aqui em Alagoas nenhuma menina vai faltar \u00e0 escola por causa da pobreza menstrual&#8221;, celebrou Cibelle.<\/p>\n<p>&nbsp;<\/p>\n<p>Tamb\u00e9m prestigiaram o evento o deputado estadual Silvio Camelo e o deputado federal Rafael Brito, ex-secret\u00e1rio estadual da Educa\u00e7\u00e3o.<\/p>\n<p>&nbsp;<\/p>\n<p>Com o tema institucional \u201cCultura, Territ\u00f3rios e Identidades Alagoanas na Era Digital\u201d, a programa\u00e7\u00e3o incluiu a\u00a0participa\u00e7\u00e3o da social media Bianca Let\u00edcia, ex-aluna da rede p\u00fablica da Para\u00edba, que compartilhar\u00e1 sua trajet\u00f3ria profissional, e da psic\u00f3loga\u00a0Cristiane Souza, com a palestra \u201cO futuro come\u00e7a com uma escolha\u201d.<\/p>\n<p>&nbsp;<\/p>\n<p>&nbsp;<\/p>\n<p>O encerramento do evento foi marcado por um debate sobre educa\u00e7\u00e3o tecnol\u00f3gica e mercado de trabalho, entre o superintendente Ricardo Lisboa e os estudantes Jo\u00e3o Victor Santos e Marina Vit\u00f3ria da Silva.<\/p>\n","protected":false},"excerpt":{"rendered":"<p>Aula inaugural reuniu 1.200 estudantes de ensino integral profissionalizante, na manh\u00e3 desta ter\u00e7a-feira (10), no Centro de Conven\u00e7\u00f5es O Governo de\u00a0Alagoas recepcionou, na manh\u00e3 desta ter\u00e7a-feira (10), 1.200 novos alunos das primeiras s\u00e9ries do Ensino M\u00e9dio da rede estadual dos 102 munic\u00edpios alagoanos. A aula inaugural, que abriu oficialmente o ano letivo de 2026, ocorreu [&hellip;]<\/p>\n","protected":false},"author":1,"featured_media":35606,"comment_status":"open","ping_status":"open","sticky":false,"template":"","format":"standard","meta":{"_monsterinsights_skip_tracking":false,"_monsterinsights_sitenote_active":false,"_monsterinsights_sitenote_note":"","_monsterinsights_sitenote_category":0,"footnotes":""},"categories":[66,104],"tags":[],"class_list":["post-35605","post","type-post","status-publish","format-standard","has-post-thumbnail","hentry","category-alagoas","category-destaque"],"yoast_head":"<!-- This site is optimized with the Yoast SEO plugin v27.5 - https:\/\/yoast.com\/product\/yoast-seo-wordpress\/ -->\n<title>Governo de Alagoas recebe novos alunos do Ensino M\u00e9dio da rede estadual - Resumo Pol\u00edtico<\/title>\n<meta name=\"robots\" content=\"index, follow, max-snippet:-1, max-image-preview:large, max-video-preview:-1\" \/>\n<link rel=\"canonical\" href=\"https:\/\/resumopolitico.com.br\/?p=35605\" \/>\n<meta property=\"og:locale\" content=\"pt_BR\" \/>\n<meta property=\"og:type\" content=\"article\" \/>\n<meta property=\"og:title\" content=\"Governo de Alagoas recebe novos alunos do Ensino M\u00e9dio da rede estadual - Resumo Pol\u00edtico\" \/>\n<meta property=\"og:description\" content=\"Aula inaugural reuniu 1.200 estudantes de ensino integral profissionalizante, na manh\u00e3 desta ter\u00e7a-feira (10), no Centro de Conven\u00e7\u00f5es O Governo de\u00a0Alagoas recepcionou, na manh\u00e3 desta ter\u00e7a-feira (10), 1.200 novos alunos das primeiras s\u00e9ries do Ensino M\u00e9dio da rede estadual dos 102 munic\u00edpios alagoanos. A aula inaugural, que abriu oficialmente o ano letivo de 2026, ocorreu [&hellip;]\" \/>\n<meta property=\"og:url\" content=\"https:\/\/resumopolitico.com.br\/?p=35605\" \/>\n<meta property=\"og:site_name\" content=\"Resumo Pol\u00edtico\" \/>\n<meta property=\"article:published_time\" content=\"2026-03-11T01:16:52+00:00\" \/>\n<meta property=\"article:modified_time\" content=\"2026-03-11T01:18:51+00:00\" \/>\n<meta property=\"og:image\" content=\"https:\/\/resumopolitico.com.br\/wp-content\/uploads\/2026\/03\/governo-de-alagoas-recebe-novos-alunos-do-ensino-medio-da-rede-estadual-scaled.jpg\" \/>\n\t<meta property=\"og:image:width\" content=\"2560\" \/>\n\t<meta property=\"og:image:height\" content=\"1597\" \/>\n\t<meta property=\"og:image:type\" content=\"image\/jpeg\" \/>\n<meta name=\"author\" content=\"resumopolitico\" \/>\n<meta name=\"twitter:card\" content=\"summary_large_image\" \/>\n<meta name=\"twitter:label1\" content=\"Escrito por\" \/>\n\t<meta name=\"twitter:data1\" content=\"resumopolitico\" \/>\n\t<meta name=\"twitter:label2\" content=\"Est. tempo de leitura\" \/>\n\t<meta name=\"twitter:data2\" content=\"5 minutos\" \/>\n<script type=\"application\/ld+json\" class=\"yoast-schema-graph\">{\"@context\":\"https:\\\/\\\/schema.org\",\"@graph\":[{\"@type\":\"Article\",\"@id\":\"https:\\\/\\\/resumopolitico.com.br\\\/?p=35605#article\",\"isPartOf\":{\"@id\":\"https:\\\/\\\/resumopolitico.com.br\\\/?p=35605\"},\"author\":{\"name\":\"resumopolitico\",\"@id\":\"https:\\\/\\\/resumopolitico.com.br\\\/#\\\/schema\\\/person\\\/8e54285779750ca1eb5d54a40785d6f3\"},\"headline\":\"Governo de Alagoas recebe novos alunos do Ensino M\u00e9dio da rede estadual\",\"datePublished\":\"2026-03-11T01:16:52+00:00\",\"dateModified\":\"2026-03-11T01:18:51+00:00\",\"mainEntityOfPage\":{\"@id\":\"https:\\\/\\\/resumopolitico.com.br\\\/?p=35605\"},\"wordCount\":796,\"commentCount\":0,\"image\":{\"@id\":\"https:\\\/\\\/resumopolitico.com.br\\\/?p=35605#primaryimage\"},\"thumbnailUrl\":\"https:\\\/\\\/resumopolitico.com.br\\\/wp-content\\\/uploads\\\/2026\\\/03\\\/governo-de-alagoas-recebe-novos-alunos-do-ensino-medio-da-rede-estadual-scaled.jpg\",\"articleSection\":[\"Alagoas\",\"Destaque\"],\"inLanguage\":\"pt-BR\",\"potentialAction\":[{\"@type\":\"CommentAction\",\"name\":\"Comment\",\"target\":[\"https:\\\/\\\/resumopolitico.com.br\\\/?p=35605#respond\"]}]},{\"@type\":\"WebPage\",\"@id\":\"https:\\\/\\\/resumopolitico.com.br\\\/?p=35605\",\"url\":\"https:\\\/\\\/resumopolitico.com.br\\\/?p=35605\",\"name\":\"Governo de Alagoas recebe novos alunos do Ensino M\u00e9dio da rede estadual - Resumo Pol\u00edtico\",\"isPartOf\":{\"@id\":\"https:\\\/\\\/resumopolitico.com.br\\\/#website\"},\"primaryImageOfPage\":{\"@id\":\"https:\\\/\\\/resumopolitico.com.br\\\/?p=35605#primaryimage\"},\"image\":{\"@id\":\"https:\\\/\\\/resumopolitico.com.br\\\/?p=35605#primaryimage\"},\"thumbnailUrl\":\"https:\\\/\\\/resumopolitico.com.br\\\/wp-content\\\/uploads\\\/2026\\\/03\\\/governo-de-alagoas-recebe-novos-alunos-do-ensino-medio-da-rede-estadual-scaled.jpg\",\"datePublished\":\"2026-03-11T01:16:52+00:00\",\"dateModified\":\"2026-03-11T01:18:51+00:00\",\"author\":{\"@id\":\"https:\\\/\\\/resumopolitico.com.br\\\/#\\\/schema\\\/person\\\/8e54285779750ca1eb5d54a40785d6f3\"},\"breadcrumb\":{\"@id\":\"https:\\\/\\\/resumopolitico.com.br\\\/?p=35605#breadcrumb\"},\"inLanguage\":\"pt-BR\",\"potentialAction\":[{\"@type\":\"ReadAction\",\"target\":[\"https:\\\/\\\/resumopolitico.com.br\\\/?p=35605\"]}]},{\"@type\":\"ImageObject\",\"inLanguage\":\"pt-BR\",\"@id\":\"https:\\\/\\\/resumopolitico.com.br\\\/?p=35605#primaryimage\",\"url\":\"https:\\\/\\\/resumopolitico.com.br\\\/wp-content\\\/uploads\\\/2026\\\/03\\\/governo-de-alagoas-recebe-novos-alunos-do-ensino-medio-da-rede-estadual-scaled.jpg\",\"contentUrl\":\"https:\\\/\\\/resumopolitico.com.br\\\/wp-content\\\/uploads\\\/2026\\\/03\\\/governo-de-alagoas-recebe-novos-alunos-do-ensino-medio-da-rede-estadual-scaled.jpg\",\"width\":2560,\"height\":1597},{\"@type\":\"BreadcrumbList\",\"@id\":\"https:\\\/\\\/resumopolitico.com.br\\\/?p=35605#breadcrumb\",\"itemListElement\":[{\"@type\":\"ListItem\",\"position\":1,\"name\":\"In\u00edcio\",\"item\":\"https:\\\/\\\/resumopolitico.com.br\\\/\"},{\"@type\":\"ListItem\",\"position\":2,\"name\":\"Governo de Alagoas recebe novos alunos do Ensino M\u00e9dio da rede estadual\"}]},{\"@type\":\"WebSite\",\"@id\":\"https:\\\/\\\/resumopolitico.com.br\\\/#website\",\"url\":\"https:\\\/\\\/resumopolitico.com.br\\\/\",\"name\":\"Resumo Pol\u00edtico\",\"description\":\"Resumo Pol\u00edtico\",\"potentialAction\":[{\"@type\":\"SearchAction\",\"target\":{\"@type\":\"EntryPoint\",\"urlTemplate\":\"https:\\\/\\\/resumopolitico.com.br\\\/?s={search_term_string}\"},\"query-input\":{\"@type\":\"PropertyValueSpecification\",\"valueRequired\":true,\"valueName\":\"search_term_string\"}}],\"inLanguage\":\"pt-BR\"},{\"@type\":\"Person\",\"@id\":\"https:\\\/\\\/resumopolitico.com.br\\\/#\\\/schema\\\/person\\\/8e54285779750ca1eb5d54a40785d6f3\",\"name\":\"resumopolitico\",\"image\":{\"@type\":\"ImageObject\",\"inLanguage\":\"pt-BR\",\"@id\":\"\\\/\\\/www.gravatar.com\\\/avatar\\\/964d308c93aaf0c33319e9a3bc3b8ac5?s=96&#038;r=g&#038;d=mm\",\"url\":\"\\\/\\\/www.gravatar.com\\\/avatar\\\/964d308c93aaf0c33319e9a3bc3b8ac5?s=96&#038;r=g&#038;d=mm\",\"contentUrl\":\"\\\/\\\/www.gravatar.com\\\/avatar\\\/964d308c93aaf0c33319e9a3bc3b8ac5?s=96&#038;r=g&#038;d=mm\",\"caption\":\"resumopolitico\"},\"sameAs\":[\"http:\\\/\\\/resumopolitico.com.br\"],\"url\":\"https:\\\/\\\/resumopolitico.com.br\\\/?bp_members=1&bp_member=resumopoliticoprofile\\\/home\\\/\"}]}<\/script>\n<!-- \/ Yoast SEO plugin. -->","yoast_head_json":{"title":"Governo de Alagoas recebe novos alunos do Ensino M\u00e9dio da rede estadual - Resumo Pol\u00edtico","robots":{"index":"index","follow":"follow","max-snippet":"max-snippet:-1","max-image-preview":"max-image-preview:large","max-video-preview":"max-video-preview:-1"},"canonical":"https:\/\/resumopolitico.com.br\/?p=35605","og_locale":"pt_BR","og_type":"article","og_title":"Governo de Alagoas recebe novos alunos do Ensino M\u00e9dio da rede estadual - Resumo Pol\u00edtico","og_description":"Aula inaugural reuniu 1.200 estudantes de ensino integral profissionalizante, na manh\u00e3 desta ter\u00e7a-feira (10), no Centro de Conven\u00e7\u00f5es O Governo de\u00a0Alagoas recepcionou, na manh\u00e3 desta ter\u00e7a-feira (10), 1.200 novos alunos das primeiras s\u00e9ries do Ensino M\u00e9dio da rede estadual dos 102 munic\u00edpios alagoanos. A aula inaugural, que abriu oficialmente o ano letivo de 2026, ocorreu [&hellip;]","og_url":"https:\/\/resumopolitico.com.br\/?p=35605","og_site_name":"Resumo Pol\u00edtico","article_published_time":"2026-03-11T01:16:52+00:00","article_modified_time":"2026-03-11T01:18:51+00:00","og_image":[{"width":2560,"height":1597,"url":"https:\/\/resumopolitico.com.br\/wp-content\/uploads\/2026\/03\/governo-de-alagoas-recebe-novos-alunos-do-ensino-medio-da-rede-estadual-scaled.jpg","type":"image\/jpeg"}],"author":"resumopolitico","twitter_card":"summary_large_image","twitter_misc":{"Escrito por":"resumopolitico","Est. tempo de leitura":"5 minutos"},"schema":{"@context":"https:\/\/schema.org","@graph":[{"@type":"Article","@id":"https:\/\/resumopolitico.com.br\/?p=35605#article","isPartOf":{"@id":"https:\/\/resumopolitico.com.br\/?p=35605"},"author":{"name":"resumopolitico","@id":"https:\/\/resumopolitico.com.br\/#\/schema\/person\/8e54285779750ca1eb5d54a40785d6f3"},"headline":"Governo de Alagoas recebe novos alunos do Ensino M\u00e9dio da rede estadual","datePublished":"2026-03-11T01:16:52+00:00","dateModified":"2026-03-11T01:18:51+00:00","mainEntityOfPage":{"@id":"https:\/\/resumopolitico.com.br\/?p=35605"},"wordCount":796,"commentCount":0,"image":{"@id":"https:\/\/resumopolitico.com.br\/?p=35605#primaryimage"},"thumbnailUrl":"https:\/\/resumopolitico.com.br\/wp-content\/uploads\/2026\/03\/governo-de-alagoas-recebe-novos-alunos-do-ensino-medio-da-rede-estadual-scaled.jpg","articleSection":["Alagoas","Destaque"],"inLanguage":"pt-BR","potentialAction":[{"@type":"CommentAction","name":"Comment","target":["https:\/\/resumopolitico.com.br\/?p=35605#respond"]}]},{"@type":"WebPage","@id":"https:\/\/resumopolitico.com.br\/?p=35605","url":"https:\/\/resumopolitico.com.br\/?p=35605","name":"Governo de Alagoas recebe novos alunos do Ensino M\u00e9dio da rede estadual - Resumo Pol\u00edtico","isPartOf":{"@id":"https:\/\/resumopolitico.com.br\/#website"},"primaryImageOfPage":{"@id":"https:\/\/resumopolitico.com.br\/?p=35605#primaryimage"},"image":{"@id":"https:\/\/resumopolitico.com.br\/?p=35605#primaryimage"},"thumbnailUrl":"https:\/\/resumopolitico.com.br\/wp-content\/uploads\/2026\/03\/governo-de-alagoas-recebe-novos-alunos-do-ensino-medio-da-rede-estadual-scaled.jpg","datePublished":"2026-03-11T01:16:52+00:00","dateModified":"2026-03-11T01:18:51+00:00","author":{"@id":"https:\/\/resumopolitico.com.br\/#\/schema\/person\/8e54285779750ca1eb5d54a40785d6f3"},"breadcrumb":{"@id":"https:\/\/resumopolitico.com.br\/?p=35605#breadcrumb"},"inLanguage":"pt-BR","potentialAction":[{"@type":"ReadAction","target":["https:\/\/resumopolitico.com.br\/?p=35605"]}]},{"@type":"ImageObject","inLanguage":"pt-BR","@id":"https:\/\/resumopolitico.com.br\/?p=35605#primaryimage","url":"https:\/\/resumopolitico.com.br\/wp-content\/uploads\/2026\/03\/governo-de-alagoas-recebe-novos-alunos-do-ensino-medio-da-rede-estadual-scaled.jpg","contentUrl":"https:\/\/resumopolitico.com.br\/wp-content\/uploads\/2026\/03\/governo-de-alagoas-recebe-novos-alunos-do-ensino-medio-da-rede-estadual-scaled.jpg","width":2560,"height":1597},{"@type":"BreadcrumbList","@id":"https:\/\/resumopolitico.com.br\/?p=35605#breadcrumb","itemListElement":[{"@type":"ListItem","position":1,"name":"In\u00edcio","item":"https:\/\/resumopolitico.com.br\/"},{"@type":"ListItem","position":2,"name":"Governo de Alagoas recebe novos alunos do Ensino M\u00e9dio da rede estadual"}]},{"@type":"WebSite","@id":"https:\/\/resumopolitico.com.br\/#website","url":"https:\/\/resumopolitico.com.br\/","name":"Resumo Pol\u00edtico","description":"Resumo Pol\u00edtico","potentialAction":[{"@type":"SearchAction","target":{"@type":"EntryPoint","urlTemplate":"https:\/\/resumopolitico.com.br\/?s={search_term_string}"},"query-input":{"@type":"PropertyValueSpecification","valueRequired":true,"valueName":"search_term_string"}}],"inLanguage":"pt-BR"},{"@type":"Person","@id":"https:\/\/resumopolitico.com.br\/#\/schema\/person\/8e54285779750ca1eb5d54a40785d6f3","name":"resumopolitico","image":{"@type":"ImageObject","inLanguage":"pt-BR","@id":"\/\/www.gravatar.com\/avatar\/964d308c93aaf0c33319e9a3bc3b8ac5?s=96&#038;r=g&#038;d=mm","url":"\/\/www.gravatar.com\/avatar\/964d308c93aaf0c33319e9a3bc3b8ac5?s=96&#038;r=g&#038;d=mm","contentUrl":"\/\/www.gravatar.com\/avatar\/964d308c93aaf0c33319e9a3bc3b8ac5?s=96&#038;r=g&#038;d=mm","caption":"resumopolitico"},"sameAs":["http:\/\/resumopolitico.com.br"],"url":"https:\/\/resumopolitico.com.br\/?bp_members=1&bp_member=resumopoliticoprofile\/home\/"}]}},"_links":{"self":[{"href":"https:\/\/resumopolitico.com.br\/index.php?rest_route=\/wp\/v2\/posts\/35605","targetHints":{"allow":["GET"]}}],"collection":[{"href":"https:\/\/resumopolitico.com.br\/index.php?rest_route=\/wp\/v2\/posts"}],"about":[{"href":"https:\/\/resumopolitico.com.br\/index.php?rest_route=\/wp\/v2\/types\/post"}],"author":[{"embeddable":true,"href":"https:\/\/resumopolitico.com.br\/index.php?rest_route=\/wp\/v2\/users\/1"}],"replies":[{"embeddable":true,"href":"https:\/\/resumopolitico.com.br\/index.php?rest_route=%2Fwp%2Fv2%2Fcomments&post=35605"}],"version-history":[{"count":2,"href":"https:\/\/resumopolitico.com.br\/index.php?rest_route=\/wp\/v2\/posts\/35605\/revisions"}],"predecessor-version":[{"id":35608,"href":"https:\/\/resumopolitico.com.br\/index.php?rest_route=\/wp\/v2\/posts\/35605\/revisions\/35608"}],"wp:featuredmedia":[{"embeddable":true,"href":"https:\/\/resumopolitico.com.br\/index.php?rest_route=\/wp\/v2\/media\/35606"}],"wp:attachment":[{"href":"https:\/\/resumopolitico.com.br\/index.php?rest_route=%2Fwp%2Fv2%2Fmedia&parent=35605"}],"wp:term":[{"taxonomy":"category","embeddable":true,"href":"https:\/\/resumopolitico.com.br\/index.php?rest_route=%2Fwp%2Fv2%2Fcategories&post=35605"},{"taxonomy":"post_tag","embeddable":true,"href":"https:\/\/resumopolitico.com.br\/index.php?rest_route=%2Fwp%2Fv2%2Ftags&post=35605"}],"curies":[{"name":"wp","href":"https:\/\/api.w.org\/{rel}","templated":true}]}}