{"id":35609,"date":"2026-03-10T22:21:10","date_gmt":"2026-03-11T01:21:10","guid":{"rendered":"https:\/\/resumopolitico.com.br\/?p=35609"},"modified":"2026-03-10T22:21:54","modified_gmt":"2026-03-11T01:21:54","slug":"35609","status":"publish","type":"post","link":"https:\/\/resumopolitico.com.br\/?p=35609","title":{"rendered":"Governador Paulo Dantas inaugura salas do Sa\u00fade At\u00e9 Voc\u00ea Digital em S\u00e3o Miguel dos Milagres e Paripueira"},"content":{"rendered":"<p class=\"text-black font-18 mt-0 pt-0\">A iniciativa do Governo de Alagoas, coordenada pela primeira-dama J\u00falia Britto Dantas, leva telemedicina aos munic\u00edpios e fortalece o atendimento especializado<\/p>\n<p>Os munic\u00edpios de\u00a0S\u00e3o Miguel dos Milagres\u00a0e\u00a0Paripueira, no litoral norte de\u00a0Alagoas, passaram a contar com salas do programa\u00a0Sa\u00fade At\u00e9 Voc\u00ea Digital, inauguradas na segunda-feira (9), pelo governador\u00a0Paulo Dantas. A iniciativa amplia o acesso da popula\u00e7\u00e3o \u00e0 consultas m\u00e9dicas por telemedicina, garantindo mais agilidade e comodidade no atendimento.<\/p>\n<p>O programa \u00e9 uma das estrat\u00e9gias do Governo do Estado para interiorizar os servi\u00e7os de sa\u00fade e aproximar o atendimento especializado dos alagoanos, especialmente daqueles que vivem em cidades mais distantes da capital. A iniciativa \u00e9 coordenada pela primeira-dama do Estado, a m\u00e9dica J\u00falia Britto Dantas, que tem acompanhado a expans\u00e3o das salas digitais por todo o estado, fortalecendo o acesso da popula\u00e7\u00e3o aos servi\u00e7os de sa\u00fade.<\/p>\n<p><img decoding=\"async\" src=\"http:\/\/alagoas.al.gov.br\/imagens\/conteudos\/12a3af8d080a1c23264032b338d78ada\/\/10032026%20SESAU%20SAUDE%20ATE%20VOCE%20DIGITAL%20SALA%20INAUGURACAO%20PARIPUEIRA%20(PF)%20(2).jpeg\" \/><\/p>\n<p>Durante a inaugura\u00e7\u00e3o da sala em S\u00e3o Miguel dos Milagres, o secret\u00e1rio executivo de Regula\u00e7\u00e3o e Gest\u00e3o da Secretaria de Estado da Sa\u00fade (Sesau),\u00a0Igor Montteiro, destacou a simplicidade da estrutura necess\u00e1ria para levar a telemedicina aos munic\u00edpios.\u00a0Segundo ele, a implanta\u00e7\u00e3o do servi\u00e7o exige poucos recursos, mas gera um grande impacto no acesso \u00e0 sa\u00fade.<\/p>\n<p>\u201cSabe o que \u00e9 preciso para montar uma sala digital no munic\u00edpio? Muito pouco: um computador, uma webcam com \u00e1udio e conex\u00e3o com a internet. Simples, r\u00e1pido e eficiente para conectar a popula\u00e7\u00e3o ao atendimento m\u00e9dico por teleconsulta\u201d, explicou Igor Montteiro.<\/p>\n<p>J\u00e1 em Paripueira, a inaugura\u00e7\u00e3o marcou a entrega da\u00a0<strong>12\u00aa sala do programa nos munic\u00edpios alagoanos<\/strong>, ampliando a rede de atendimento digital que vem sendo implantada em todo o Estado. A\u00a0proposta do programa \u00e9 chegar aos 102 munic\u00edpios de Alagoas, ampliando o acesso \u00e0s especialidades m\u00e9dicas e reduzindo filas de espera.<\/p>\n<p><img decoding=\"async\" src=\"http:\/\/alagoas.al.gov.br\/imagens\/conteudos\/12a3af8d080a1c23264032b338d78ada\/\/10032026%20SESAU%20SAUDE%20ATE%20VOCE%20DIGITAL%20SALA%20INAUGURACAO%20SAO%20MIGEUL%20MILAGRES%20(RL)%20(3).jpg\" \/><\/p>\n<p>\u201cEsta \u00e9 a 12\u00aa sala que a gente entrega nos munic\u00edpios. A proposta \u00e9 avan\u00e7ar nos 102 munic\u00edpios de Alagoas. Aqui em Paripueira, por exemplo, j\u00e1 identificamos uma grande demanda por neurologia, e agora vamos conseguir zerar a fila de espera, utilizando o aplicativo, para garantir atendimento e resolver a condi\u00e7\u00e3o de sa\u00fade da popula\u00e7\u00e3o\u201d, afirmou.<\/p>\n<p>A secret\u00e1ria de Sa\u00fade de Paripueira, L\u00edvia Gaia, tamb\u00e9m destacou a import\u00e2ncia da parceria entre Estado e munic\u00edpio para fortalecer o atendimento \u00e0 popula\u00e7\u00e3o. Segundo ela, a iniciativa representa mais cuidado e aten\u00e7\u00e3o com os moradores da cidade.<\/p>\n<p>\u201cGostaria de agradecer o governador Paulo Dantas e \u00e0 idealizadora deste projeto, a doutora J\u00falia Dantas Britto, al\u00e9m dos secret\u00e1rios da Sesau, por terem inclu\u00eddo o munic\u00edpio de Paripueira em uma iniciativa t\u00e3o importante para os nossos mun\u00edcipes. Esse projeto representa cuidado, aten\u00e7\u00e3o e compromisso com a nossa popula\u00e7\u00e3o, fortalecendo a aten\u00e7\u00e3o b\u00e1sica do munic\u00edpio e diminuindo a demanda por especialidades\u201d, ressaltou.<\/p>\n<p><img decoding=\"async\" src=\"http:\/\/alagoas.al.gov.br\/imagens\/conteudos\/12a3af8d080a1c23264032b338d78ada\/\/10032026%20SESAU%20SAUDE%20ATE%20VOCE%20DIGITAL%20SALA%20INAUGURACAO%20SAO%20MIGEUL%20MILAGRES%20(RL)%20(1).jpg\" \/><\/p>\n<p>Em S\u00e3o Miguel dos Milagres, a estrutura foi instalada no Centro de Especialidades Durval Lessa.\u00a0J\u00e1 em Paripueira, a unidade est\u00e1 instalada na Casa de Sa\u00fade da Mulher, localizada na Avenida Ant\u00f4nio Reinaldo. As duas salas do Sa\u00fade At\u00e9 Voc\u00ea Digital\u00a0funcionar\u00e3o de segunda a sexta-feira, das 8h \u00e0s 16h, ampliando o acesso da popula\u00e7\u00e3o ao servi\u00e7o.<\/p>\n<p>Com a implanta\u00e7\u00e3o das salas do\u00a0Sa\u00fade At\u00e9 Voc\u00ea Digital, moradores das duas cidades passam a contar com consultas com cl\u00ednico geral e acesso a especialistas.\u00a0Tamb\u00e9m ser\u00e1 poss\u00edvel realizar a emiss\u00e3o r\u00e1pida de receitas de medicamentos e solicitar encaminhamentos m\u00e9dicos, reduzindo a necessidade de deslocamento para outros munic\u00edpios.<\/p>\n<p><b>Como acessar o App Sa\u00fade At\u00e9 Voc\u00ea Digital<\/b><\/p>\n<p>1. Baixe o aplicativo Sa\u00fade At\u00e9 Voc\u00ea Digital nas lojas de aplicativo do celular (Android ou IOS);<\/p>\n<p>2. Fa\u00e7a seu cadastro e aguarde o e-mail com login e senha tempor\u00e1ria;<\/p>\n<p>3. Acesse os dados recebidos e crie uma senha pessoal;<\/p>\n<p>4. Preencha seus dados e clique em \u201cSolicitar atendimento\u201d;<\/p>\n<p>5. Em poucos minutos, um m\u00e9dico estar\u00e1 dispon\u00edvel para atendimento por v\u00eddeo.<\/p>\n","protected":false},"excerpt":{"rendered":"<p>A iniciativa do Governo de Alagoas, coordenada pela primeira-dama J\u00falia Britto Dantas, leva telemedicina aos munic\u00edpios e fortalece o atendimento especializado Os munic\u00edpios de\u00a0S\u00e3o Miguel dos Milagres\u00a0e\u00a0Paripueira, no litoral norte de\u00a0Alagoas, passaram a contar com salas do programa\u00a0Sa\u00fade At\u00e9 Voc\u00ea Digital, inauguradas na segunda-feira (9), pelo governador\u00a0Paulo Dantas. A iniciativa amplia o acesso da popula\u00e7\u00e3o [&hellip;]<\/p>\n","protected":false},"author":1,"featured_media":35610,"comment_status":"open","ping_status":"open","sticky":false,"template":"","format":"standard","meta":{"_monsterinsights_skip_tracking":false,"_monsterinsights_sitenote_active":false,"_monsterinsights_sitenote_note":"","_monsterinsights_sitenote_category":0,"footnotes":""},"categories":[66,104],"tags":[],"class_list":["post-35609","post","type-post","status-publish","format-standard","has-post-thumbnail","hentry","category-alagoas","category-destaque"],"yoast_head":"<!-- This site is optimized with the Yoast SEO plugin v27.5 - https:\/\/yoast.com\/product\/yoast-seo-wordpress\/ -->\n<title>Governador Paulo Dantas inaugura salas do Sa\u00fade At\u00e9 Voc\u00ea Digital em S\u00e3o Miguel dos Milagres e Paripueira - Resumo Pol\u00edtico<\/title>\n<meta name=\"robots\" content=\"index, follow, max-snippet:-1, max-image-preview:large, max-video-preview:-1\" \/>\n<link rel=\"canonical\" href=\"https:\/\/resumopolitico.com.br\/?p=35609\" \/>\n<meta property=\"og:locale\" content=\"pt_BR\" \/>\n<meta property=\"og:type\" content=\"article\" \/>\n<meta property=\"og:title\" content=\"Governador Paulo Dantas inaugura salas do Sa\u00fade At\u00e9 Voc\u00ea Digital em S\u00e3o Miguel dos Milagres e Paripueira - Resumo Pol\u00edtico\" \/>\n<meta property=\"og:description\" content=\"A iniciativa do Governo de Alagoas, coordenada pela primeira-dama J\u00falia Britto Dantas, leva telemedicina aos munic\u00edpios e fortalece o atendimento especializado Os munic\u00edpios de\u00a0S\u00e3o Miguel dos Milagres\u00a0e\u00a0Paripueira, no litoral norte de\u00a0Alagoas, passaram a contar com salas do programa\u00a0Sa\u00fade At\u00e9 Voc\u00ea Digital, inauguradas na segunda-feira (9), pelo governador\u00a0Paulo Dantas. A iniciativa amplia o acesso da popula\u00e7\u00e3o [&hellip;]\" \/>\n<meta property=\"og:url\" content=\"https:\/\/resumopolitico.com.br\/?p=35609\" \/>\n<meta property=\"og:site_name\" content=\"Resumo Pol\u00edtico\" \/>\n<meta property=\"article:published_time\" content=\"2026-03-11T01:21:10+00:00\" \/>\n<meta property=\"article:modified_time\" content=\"2026-03-11T01:21:54+00:00\" \/>\n<meta property=\"og:image\" content=\"https:\/\/resumopolitico.com.br\/wp-content\/uploads\/2026\/03\/governador-paulo-dantas-inaugura-salas-do-saude-ate-voce-digital-em-sao-miguel-dos-milagres-e-paripueira-scaled.jpeg\" \/>\n\t<meta property=\"og:image:width\" content=\"2560\" \/>\n\t<meta property=\"og:image:height\" content=\"1706\" \/>\n\t<meta property=\"og:image:type\" content=\"image\/jpeg\" \/>\n<meta name=\"author\" content=\"resumopolitico\" \/>\n<meta name=\"twitter:card\" content=\"summary_large_image\" \/>\n<meta name=\"twitter:label1\" content=\"Escrito por\" \/>\n\t<meta name=\"twitter:data1\" content=\"resumopolitico\" \/>\n\t<meta name=\"twitter:label2\" content=\"Est. tempo de leitura\" \/>\n\t<meta name=\"twitter:data2\" content=\"5 minutos\" \/>\n<script type=\"application\/ld+json\" class=\"yoast-schema-graph\">{\"@context\":\"https:\\\/\\\/schema.org\",\"@graph\":[{\"@type\":\"Article\",\"@id\":\"https:\\\/\\\/resumopolitico.com.br\\\/?p=35609#article\",\"isPartOf\":{\"@id\":\"https:\\\/\\\/resumopolitico.com.br\\\/?p=35609\"},\"author\":{\"name\":\"resumopolitico\",\"@id\":\"https:\\\/\\\/resumopolitico.com.br\\\/#\\\/schema\\\/person\\\/8e54285779750ca1eb5d54a40785d6f3\"},\"headline\":\"Governador Paulo Dantas inaugura salas do Sa\u00fade At\u00e9 Voc\u00ea Digital em S\u00e3o Miguel dos Milagres e Paripueira\",\"datePublished\":\"2026-03-11T01:21:10+00:00\",\"dateModified\":\"2026-03-11T01:21:54+00:00\",\"mainEntityOfPage\":{\"@id\":\"https:\\\/\\\/resumopolitico.com.br\\\/?p=35609\"},\"wordCount\":704,\"commentCount\":0,\"image\":{\"@id\":\"https:\\\/\\\/resumopolitico.com.br\\\/?p=35609#primaryimage\"},\"thumbnailUrl\":\"https:\\\/\\\/resumopolitico.com.br\\\/wp-content\\\/uploads\\\/2026\\\/03\\\/governador-paulo-dantas-inaugura-salas-do-saude-ate-voce-digital-em-sao-miguel-dos-milagres-e-paripueira-scaled.jpeg\",\"articleSection\":[\"Alagoas\",\"Destaque\"],\"inLanguage\":\"pt-BR\",\"potentialAction\":[{\"@type\":\"CommentAction\",\"name\":\"Comment\",\"target\":[\"https:\\\/\\\/resumopolitico.com.br\\\/?p=35609#respond\"]}]},{\"@type\":\"WebPage\",\"@id\":\"https:\\\/\\\/resumopolitico.com.br\\\/?p=35609\",\"url\":\"https:\\\/\\\/resumopolitico.com.br\\\/?p=35609\",\"name\":\"Governador Paulo Dantas inaugura salas do Sa\u00fade At\u00e9 Voc\u00ea Digital em S\u00e3o Miguel dos Milagres e Paripueira - Resumo Pol\u00edtico\",\"isPartOf\":{\"@id\":\"https:\\\/\\\/resumopolitico.com.br\\\/#website\"},\"primaryImageOfPage\":{\"@id\":\"https:\\\/\\\/resumopolitico.com.br\\\/?p=35609#primaryimage\"},\"image\":{\"@id\":\"https:\\\/\\\/resumopolitico.com.br\\\/?p=35609#primaryimage\"},\"thumbnailUrl\":\"https:\\\/\\\/resumopolitico.com.br\\\/wp-content\\\/uploads\\\/2026\\\/03\\\/governador-paulo-dantas-inaugura-salas-do-saude-ate-voce-digital-em-sao-miguel-dos-milagres-e-paripueira-scaled.jpeg\",\"datePublished\":\"2026-03-11T01:21:10+00:00\",\"dateModified\":\"2026-03-11T01:21:54+00:00\",\"author\":{\"@id\":\"https:\\\/\\\/resumopolitico.com.br\\\/#\\\/schema\\\/person\\\/8e54285779750ca1eb5d54a40785d6f3\"},\"breadcrumb\":{\"@id\":\"https:\\\/\\\/resumopolitico.com.br\\\/?p=35609#breadcrumb\"},\"inLanguage\":\"pt-BR\",\"potentialAction\":[{\"@type\":\"ReadAction\",\"target\":[\"https:\\\/\\\/resumopolitico.com.br\\\/?p=35609\"]}]},{\"@type\":\"ImageObject\",\"inLanguage\":\"pt-BR\",\"@id\":\"https:\\\/\\\/resumopolitico.com.br\\\/?p=35609#primaryimage\",\"url\":\"https:\\\/\\\/resumopolitico.com.br\\\/wp-content\\\/uploads\\\/2026\\\/03\\\/governador-paulo-dantas-inaugura-salas-do-saude-ate-voce-digital-em-sao-miguel-dos-milagres-e-paripueira-scaled.jpeg\",\"contentUrl\":\"https:\\\/\\\/resumopolitico.com.br\\\/wp-content\\\/uploads\\\/2026\\\/03\\\/governador-paulo-dantas-inaugura-salas-do-saude-ate-voce-digital-em-sao-miguel-dos-milagres-e-paripueira-scaled.jpeg\",\"width\":2560,\"height\":1706},{\"@type\":\"BreadcrumbList\",\"@id\":\"https:\\\/\\\/resumopolitico.com.br\\\/?p=35609#breadcrumb\",\"itemListElement\":[{\"@type\":\"ListItem\",\"position\":1,\"name\":\"In\u00edcio\",\"item\":\"https:\\\/\\\/resumopolitico.com.br\\\/\"},{\"@type\":\"ListItem\",\"position\":2,\"name\":\"Governador Paulo Dantas inaugura salas do Sa\u00fade At\u00e9 Voc\u00ea Digital em S\u00e3o Miguel dos Milagres e Paripueira\"}]},{\"@type\":\"WebSite\",\"@id\":\"https:\\\/\\\/resumopolitico.com.br\\\/#website\",\"url\":\"https:\\\/\\\/resumopolitico.com.br\\\/\",\"name\":\"Resumo Pol\u00edtico\",\"description\":\"Resumo Pol\u00edtico\",\"potentialAction\":[{\"@type\":\"SearchAction\",\"target\":{\"@type\":\"EntryPoint\",\"urlTemplate\":\"https:\\\/\\\/resumopolitico.com.br\\\/?s={search_term_string}\"},\"query-input\":{\"@type\":\"PropertyValueSpecification\",\"valueRequired\":true,\"valueName\":\"search_term_string\"}}],\"inLanguage\":\"pt-BR\"},{\"@type\":\"Person\",\"@id\":\"https:\\\/\\\/resumopolitico.com.br\\\/#\\\/schema\\\/person\\\/8e54285779750ca1eb5d54a40785d6f3\",\"name\":\"resumopolitico\",\"image\":{\"@type\":\"ImageObject\",\"inLanguage\":\"pt-BR\",\"@id\":\"\\\/\\\/www.gravatar.com\\\/avatar\\\/964d308c93aaf0c33319e9a3bc3b8ac5?s=96&#038;r=g&#038;d=mm\",\"url\":\"\\\/\\\/www.gravatar.com\\\/avatar\\\/964d308c93aaf0c33319e9a3bc3b8ac5?s=96&#038;r=g&#038;d=mm\",\"contentUrl\":\"\\\/\\\/www.gravatar.com\\\/avatar\\\/964d308c93aaf0c33319e9a3bc3b8ac5?s=96&#038;r=g&#038;d=mm\",\"caption\":\"resumopolitico\"},\"sameAs\":[\"http:\\\/\\\/resumopolitico.com.br\"],\"url\":\"https:\\\/\\\/resumopolitico.com.br\\\/?bp_members=1&bp_member=resumopoliticoprofile\\\/home\\\/\"}]}<\/script>\n<!-- \/ Yoast SEO plugin. -->","yoast_head_json":{"title":"Governador Paulo Dantas inaugura salas do Sa\u00fade At\u00e9 Voc\u00ea Digital em S\u00e3o Miguel dos Milagres e Paripueira - Resumo Pol\u00edtico","robots":{"index":"index","follow":"follow","max-snippet":"max-snippet:-1","max-image-preview":"max-image-preview:large","max-video-preview":"max-video-preview:-1"},"canonical":"https:\/\/resumopolitico.com.br\/?p=35609","og_locale":"pt_BR","og_type":"article","og_title":"Governador Paulo Dantas inaugura salas do Sa\u00fade At\u00e9 Voc\u00ea Digital em S\u00e3o Miguel dos Milagres e Paripueira - Resumo Pol\u00edtico","og_description":"A iniciativa do Governo de Alagoas, coordenada pela primeira-dama J\u00falia Britto Dantas, leva telemedicina aos munic\u00edpios e fortalece o atendimento especializado Os munic\u00edpios de\u00a0S\u00e3o Miguel dos Milagres\u00a0e\u00a0Paripueira, no litoral norte de\u00a0Alagoas, passaram a contar com salas do programa\u00a0Sa\u00fade At\u00e9 Voc\u00ea Digital, inauguradas na segunda-feira (9), pelo governador\u00a0Paulo Dantas. A iniciativa amplia o acesso da popula\u00e7\u00e3o [&hellip;]","og_url":"https:\/\/resumopolitico.com.br\/?p=35609","og_site_name":"Resumo Pol\u00edtico","article_published_time":"2026-03-11T01:21:10+00:00","article_modified_time":"2026-03-11T01:21:54+00:00","og_image":[{"width":2560,"height":1706,"url":"https:\/\/resumopolitico.com.br\/wp-content\/uploads\/2026\/03\/governador-paulo-dantas-inaugura-salas-do-saude-ate-voce-digital-em-sao-miguel-dos-milagres-e-paripueira-scaled.jpeg","type":"image\/jpeg"}],"author":"resumopolitico","twitter_card":"summary_large_image","twitter_misc":{"Escrito por":"resumopolitico","Est. tempo de leitura":"5 minutos"},"schema":{"@context":"https:\/\/schema.org","@graph":[{"@type":"Article","@id":"https:\/\/resumopolitico.com.br\/?p=35609#article","isPartOf":{"@id":"https:\/\/resumopolitico.com.br\/?p=35609"},"author":{"name":"resumopolitico","@id":"https:\/\/resumopolitico.com.br\/#\/schema\/person\/8e54285779750ca1eb5d54a40785d6f3"},"headline":"Governador Paulo Dantas inaugura salas do Sa\u00fade At\u00e9 Voc\u00ea Digital em S\u00e3o Miguel dos Milagres e Paripueira","datePublished":"2026-03-11T01:21:10+00:00","dateModified":"2026-03-11T01:21:54+00:00","mainEntityOfPage":{"@id":"https:\/\/resumopolitico.com.br\/?p=35609"},"wordCount":704,"commentCount":0,"image":{"@id":"https:\/\/resumopolitico.com.br\/?p=35609#primaryimage"},"thumbnailUrl":"https:\/\/resumopolitico.com.br\/wp-content\/uploads\/2026\/03\/governador-paulo-dantas-inaugura-salas-do-saude-ate-voce-digital-em-sao-miguel-dos-milagres-e-paripueira-scaled.jpeg","articleSection":["Alagoas","Destaque"],"inLanguage":"pt-BR","potentialAction":[{"@type":"CommentAction","name":"Comment","target":["https:\/\/resumopolitico.com.br\/?p=35609#respond"]}]},{"@type":"WebPage","@id":"https:\/\/resumopolitico.com.br\/?p=35609","url":"https:\/\/resumopolitico.com.br\/?p=35609","name":"Governador Paulo Dantas inaugura salas do Sa\u00fade At\u00e9 Voc\u00ea Digital em S\u00e3o Miguel dos Milagres e Paripueira - Resumo Pol\u00edtico","isPartOf":{"@id":"https:\/\/resumopolitico.com.br\/#website"},"primaryImageOfPage":{"@id":"https:\/\/resumopolitico.com.br\/?p=35609#primaryimage"},"image":{"@id":"https:\/\/resumopolitico.com.br\/?p=35609#primaryimage"},"thumbnailUrl":"https:\/\/resumopolitico.com.br\/wp-content\/uploads\/2026\/03\/governador-paulo-dantas-inaugura-salas-do-saude-ate-voce-digital-em-sao-miguel-dos-milagres-e-paripueira-scaled.jpeg","datePublished":"2026-03-11T01:21:10+00:00","dateModified":"2026-03-11T01:21:54+00:00","author":{"@id":"https:\/\/resumopolitico.com.br\/#\/schema\/person\/8e54285779750ca1eb5d54a40785d6f3"},"breadcrumb":{"@id":"https:\/\/resumopolitico.com.br\/?p=35609#breadcrumb"},"inLanguage":"pt-BR","potentialAction":[{"@type":"ReadAction","target":["https:\/\/resumopolitico.com.br\/?p=35609"]}]},{"@type":"ImageObject","inLanguage":"pt-BR","@id":"https:\/\/resumopolitico.com.br\/?p=35609#primaryimage","url":"https:\/\/resumopolitico.com.br\/wp-content\/uploads\/2026\/03\/governador-paulo-dantas-inaugura-salas-do-saude-ate-voce-digital-em-sao-miguel-dos-milagres-e-paripueira-scaled.jpeg","contentUrl":"https:\/\/resumopolitico.com.br\/wp-content\/uploads\/2026\/03\/governador-paulo-dantas-inaugura-salas-do-saude-ate-voce-digital-em-sao-miguel-dos-milagres-e-paripueira-scaled.jpeg","width":2560,"height":1706},{"@type":"BreadcrumbList","@id":"https:\/\/resumopolitico.com.br\/?p=35609#breadcrumb","itemListElement":[{"@type":"ListItem","position":1,"name":"In\u00edcio","item":"https:\/\/resumopolitico.com.br\/"},{"@type":"ListItem","position":2,"name":"Governador Paulo Dantas inaugura salas do Sa\u00fade At\u00e9 Voc\u00ea Digital em S\u00e3o Miguel dos Milagres e Paripueira"}]},{"@type":"WebSite","@id":"https:\/\/resumopolitico.com.br\/#website","url":"https:\/\/resumopolitico.com.br\/","name":"Resumo Pol\u00edtico","description":"Resumo Pol\u00edtico","potentialAction":[{"@type":"SearchAction","target":{"@type":"EntryPoint","urlTemplate":"https:\/\/resumopolitico.com.br\/?s={search_term_string}"},"query-input":{"@type":"PropertyValueSpecification","valueRequired":true,"valueName":"search_term_string"}}],"inLanguage":"pt-BR"},{"@type":"Person","@id":"https:\/\/resumopolitico.com.br\/#\/schema\/person\/8e54285779750ca1eb5d54a40785d6f3","name":"resumopolitico","image":{"@type":"ImageObject","inLanguage":"pt-BR","@id":"\/\/www.gravatar.com\/avatar\/964d308c93aaf0c33319e9a3bc3b8ac5?s=96&#038;r=g&#038;d=mm","url":"\/\/www.gravatar.com\/avatar\/964d308c93aaf0c33319e9a3bc3b8ac5?s=96&#038;r=g&#038;d=mm","contentUrl":"\/\/www.gravatar.com\/avatar\/964d308c93aaf0c33319e9a3bc3b8ac5?s=96&#038;r=g&#038;d=mm","caption":"resumopolitico"},"sameAs":["http:\/\/resumopolitico.com.br"],"url":"https:\/\/resumopolitico.com.br\/?bp_members=1&bp_member=resumopoliticoprofile\/home\/"}]}},"_links":{"self":[{"href":"https:\/\/resumopolitico.com.br\/index.php?rest_route=\/wp\/v2\/posts\/35609","targetHints":{"allow":["GET"]}}],"collection":[{"href":"https:\/\/resumopolitico.com.br\/index.php?rest_route=\/wp\/v2\/posts"}],"about":[{"href":"https:\/\/resumopolitico.com.br\/index.php?rest_route=\/wp\/v2\/types\/post"}],"author":[{"embeddable":true,"href":"https:\/\/resumopolitico.com.br\/index.php?rest_route=\/wp\/v2\/users\/1"}],"replies":[{"embeddable":true,"href":"https:\/\/resumopolitico.com.br\/index.php?rest_route=%2Fwp%2Fv2%2Fcomments&post=35609"}],"version-history":[{"count":2,"href":"https:\/\/resumopolitico.com.br\/index.php?rest_route=\/wp\/v2\/posts\/35609\/revisions"}],"predecessor-version":[{"id":35612,"href":"https:\/\/resumopolitico.com.br\/index.php?rest_route=\/wp\/v2\/posts\/35609\/revisions\/35612"}],"wp:featuredmedia":[{"embeddable":true,"href":"https:\/\/resumopolitico.com.br\/index.php?rest_route=\/wp\/v2\/media\/35610"}],"wp:attachment":[{"href":"https:\/\/resumopolitico.com.br\/index.php?rest_route=%2Fwp%2Fv2%2Fmedia&parent=35609"}],"wp:term":[{"taxonomy":"category","embeddable":true,"href":"https:\/\/resumopolitico.com.br\/index.php?rest_route=%2Fwp%2Fv2%2Fcategories&post=35609"},{"taxonomy":"post_tag","embeddable":true,"href":"https:\/\/resumopolitico.com.br\/index.php?rest_route=%2Fwp%2Fv2%2Ftags&post=35609"}],"curies":[{"name":"wp","href":"https:\/\/api.w.org\/{rel}","templated":true}]}}