{"id":35613,"date":"2026-03-11T23:11:12","date_gmt":"2026-03-12T02:11:12","guid":{"rendered":"https:\/\/resumopolitico.com.br\/?p=35613"},"modified":"2026-03-11T23:11:55","modified_gmt":"2026-03-12T02:11:55","slug":"35613","status":"publish","type":"post","link":"https:\/\/resumopolitico.com.br\/?p=35613","title":{"rendered":"O tempo do poder, o desgaste das promessas e o fasc\u00ednio do que parece novo"},"content":{"rendered":"<p><img fetchpriority=\"high\" decoding=\"async\" class=\"alignnone size-full wp-image-35614\" src=\"https:\/\/resumopolitico.com.br\/wp-content\/uploads\/2026\/03\/WhatsApp-Image-2026-03-11-at-18.47.46.jpeg\" alt=\"\" width=\"853\" height=\"1280\" srcset=\"https:\/\/resumopolitico.com.br\/wp-content\/uploads\/2026\/03\/WhatsApp-Image-2026-03-11-at-18.47.46.jpeg 853w, https:\/\/resumopolitico.com.br\/wp-content\/uploads\/2026\/03\/WhatsApp-Image-2026-03-11-at-18.47.46-200x300.jpeg 200w, https:\/\/resumopolitico.com.br\/wp-content\/uploads\/2026\/03\/WhatsApp-Image-2026-03-11-at-18.47.46-682x1024.jpeg 682w, https:\/\/resumopolitico.com.br\/wp-content\/uploads\/2026\/03\/WhatsApp-Image-2026-03-11-at-18.47.46-768x1152.jpeg 768w, https:\/\/resumopolitico.com.br\/wp-content\/uploads\/2026\/03\/WhatsApp-Image-2026-03-11-at-18.47.46-750x1125.jpeg 750w\" sizes=\"(max-width: 853px) 100vw, 853px\" \/>A jornalista Andrea Sadi, da GloboNews, fez recentemente uma observa\u00e7\u00e3o que merece reflex\u00e3o. Segundo ela, a crescente intoler\u00e2ncia a Lula talvez n\u00e3o seja apenas rejei\u00e7\u00e3o ao presidente, mas ao sistema pol\u00edtico que n\u00e3o consegue entregar o que promete nem renovar a esperan\u00e7a coletiva.<\/p>\n<p>A observa\u00e7\u00e3o \u00e9 simples, mas toca numa das engrenagens mais antigas da pol\u00edtica: o tempo.<\/p>\n<p>O poder, quando nasce, costuma vir acompanhado de um discurso de austeridade, zelo e compromisso com o interesse p\u00fablico. Governos come\u00e7am embalados pela expectativa de mudan\u00e7a. Promessas s\u00e3o feitas com convic\u00e7\u00e3o, programas s\u00e3o anunciados e a popula\u00e7\u00e3o, muitas vezes cansada de frustra\u00e7\u00f5es anteriores, se permite acreditar mais uma vez.<\/p>\n<p>Mas o tempo \u00e9 o verdadeiro juiz da pol\u00edtica.<\/p>\n<p>\u00c0 medida que os meses passam, a realidade administrativa se imp\u00f5e. O governante descobre que nenhuma estrutura de poder \u00e9 capaz de atender simultaneamente todas as demandas que recebe. Grupos pressionam, corpora\u00e7\u00f5es defendem privil\u00e9gios, aliados cobram recompensas e opositores ampliam as cr\u00edticas. O ideal inicial come\u00e7a a se confrontar com as limita\u00e7\u00f5es do mundo real.<\/p>\n<p>\u00c9 nesse momento que nasce o desgaste.<\/p>\n<p>Promessas que pareciam simples revelam-se complexas. Reformas anunciadas enfrentam resist\u00eancias. Programas n\u00e3o alcan\u00e7am os resultados esperados. A imagem p\u00fablica do governante come\u00e7a a se modificar lentamente. O que antes era esperan\u00e7a passa a conviver com a d\u00favida. O entusiasmo inicial se transforma em cobran\u00e7a.<\/p>\n<p>Esse fen\u00f4meno n\u00e3o \u00e9 exclusivo do Brasil. Ele acompanha a pol\u00edtica em praticamente todas as democracias do mundo. O eleitor costuma oferecer ao governante um per\u00edodo inicial de toler\u00e2ncia. \u00c9 o tempo da expectativa. Depois vem o tempo da avalia\u00e7\u00e3o.<\/p>\n<p>E quando a avalia\u00e7\u00e3o chega, raramente \u00e9 benevolente.<\/p>\n<p>A primeira elei\u00e7\u00e3o ap\u00f3s o in\u00edcio do mandato costuma ser o momento em que o eleitor percebe com maior clareza o que foi promessa e o que se transformou em realidade. \u00c9 nesse instante que muitos descobrem que parte do entusiasmo inicial estava ancorada mais na esperan\u00e7a do que na efetiva capacidade de transforma\u00e7\u00e3o.<\/p>\n<p>Foi nesse ponto que, ao longo da minha pr\u00f3pria trajet\u00f3ria no servi\u00e7o p\u00fablico, percebi algo essencial. Nenhum gestor \u00e9 capaz de atender todas as demandas que lhe chegam. A pol\u00edtica cria expectativas muito maiores do que qualquer governo pode entregar.<\/p>\n<p>Quando compreendi isso, tomei uma decis\u00e3o simples: peguei meu bon\u00e9 e fui atuar em outra freguesia.<\/p>\n<p>N\u00e3o por desist\u00eancia, mas por lucidez.<\/p>\n<p>O poder tem ciclos. E reconhecer o momento em que o ciclo se encerra muitas vezes \u00e9 um gesto de maturidade pol\u00edtica.<\/p>\n<p>Nem todos conseguem fazer essa leitura.<\/p>\n<p>Muitos governantes passam a acreditar que o desgaste que enfrentam n\u00e3o \u00e9 resultado natural do tempo, mas consequ\u00eancia de injusti\u00e7as, persegui\u00e7\u00f5es ou incompreens\u00e3o da sociedade. Criam narrativas para explicar a perda de apoio e frequentemente deixam de perceber que o fen\u00f4meno \u00e9 muito mais simples: a esperan\u00e7a inicial foi substitu\u00edda pela compara\u00e7\u00e3o com os resultados concretos.<\/p>\n<p>Quando isso ocorre, surge um impulso quase inevit\u00e1vel no eleitorado: a busca pelo novo.<\/p>\n<p>O novo nem sempre significa melhor. Muitas vezes representa apenas a promessa renovada de que algo diferente poder\u00e1 acontecer. Ainda assim, ele exerce um fasc\u00ednio poderoso sobre sociedades que se sentem frustradas com o presente.<\/p>\n<p>A pol\u00edtica vive dessa altern\u00e2ncia permanente entre desgaste e renova\u00e7\u00e3o.<\/p>\n<p>\u00c9 por isso que tantos l\u00edderes, mesmo tendo tido momentos de grande popularidade, encontram dificuldades em sustentar sua imagem ao longo do tempo. O capital pol\u00edtico se deteriora como qualquer outro ativo quando exposto continuamente \u00e0s press\u00f5es da realidade.<\/p>\n<p>No caso de Lula, h\u00e1 um elemento adicional. Ele n\u00e3o \u00e9 um governante que surgiu recentemente no cen\u00e1rio pol\u00edtico. Ao contr\u00e1rio, sua figura atravessa d\u00e9cadas da vida p\u00fablica brasileira. J\u00e1 governou o pa\u00eds por dois mandatos, influenciou diretamente governos posteriores e retornou ao poder carregando uma hist\u00f3ria pol\u00edtica extensa.<\/p>\n<p>Essa trajet\u00f3ria, que j\u00e1 foi fonte de carisma e reconhecimento, passa a conviver agora com outro efeito inevit\u00e1vel: o cansa\u00e7o.<\/p>\n<p>Uma parte significativa da sociedade brasileira come\u00e7a a olhar para o mesmo personagem pol\u00edtico e enxergar menos novidade e mais repeti\u00e7\u00e3o. N\u00e3o se trata apenas de concordar ou discordar de suas posi\u00e7\u00f5es. Trata-se da sensa\u00e7\u00e3o de que o ciclo j\u00e1 foi suficientemente experimentado.<\/p>\n<p>E quando essa sensa\u00e7\u00e3o se instala, a pol\u00edtica entra numa nova fase.<\/p>\n<p>O eleitor passa a procurar alternativas. \u00c0s vezes essas alternativas s\u00e3o s\u00f3lidas. Outras vezes s\u00e3o apenas aparentes. Mas o movimento psicol\u00f3gico ocorre de qualquer forma.<\/p>\n<p>\u00c9 o fasc\u00ednio do que parece novo.<\/p>\n<p>A hist\u00f3ria pol\u00edtica est\u00e1 cheia de exemplos desse processo. L\u00edderes que pareciam indispens\u00e1veis acabaram substitu\u00eddos quando a sociedade decidiu que precisava abrir uma nova p\u00e1gina. N\u00e3o porque o novo fosse necessariamente superior, mas porque o antigo j\u00e1 n\u00e3o despertava a mesma esperan\u00e7a.<\/p>\n<p>Esse \u00e9 um dos paradoxos mais profundos da democracia. Ela se alimenta da renova\u00e7\u00e3o permanente, mesmo quando essa renova\u00e7\u00e3o traz riscos e incertezas.<\/p>\n<p>O tempo do poder raramente perdoa quem ignora seus sinais.<\/p>\n<p>Quando as promessas se desgastam e a esperan\u00e7a se desloca para outros horizontes, insistir em prolongar um ciclo pol\u00edtico pode se transformar numa luta contra a pr\u00f3pria l\u00f3gica da vida p\u00fablica.<\/p>\n<p>A pol\u00edtica, afinal, n\u00e3o \u00e9 feita apenas de projetos e discursos. Ela \u00e9 feita tamb\u00e9m de tempo.<\/p>\n<p>E o tempo, como sabemos, \u00e9 o mais implac\u00e1vel dos advers\u00e1rios.<\/p>\n","protected":false},"excerpt":{"rendered":"<p>A jornalista Andrea Sadi, da GloboNews, fez recentemente uma observa\u00e7\u00e3o que merece reflex\u00e3o. Segundo ela, a crescente intoler\u00e2ncia a Lula talvez n\u00e3o seja apenas rejei\u00e7\u00e3o ao presidente, mas ao sistema pol\u00edtico que n\u00e3o consegue entregar o que promete nem renovar a esperan\u00e7a coletiva. A observa\u00e7\u00e3o \u00e9 simples, mas toca numa das engrenagens mais antigas da [&hellip;]<\/p>\n","protected":false},"author":1,"featured_media":34856,"comment_status":"open","ping_status":"open","sticky":false,"template":"","format":"standard","meta":{"_monsterinsights_skip_tracking":false,"_monsterinsights_sitenote_active":false,"_monsterinsights_sitenote_note":"","_monsterinsights_sitenote_category":0,"footnotes":""},"categories":[104,123],"tags":[],"class_list":["post-35613","post","type-post","status-publish","format-standard","has-post-thumbnail","hentry","category-destaque","category-coluna-rui_guerra"],"yoast_head":"<!-- This site is optimized with the Yoast SEO plugin v27.5 - https:\/\/yoast.com\/product\/yoast-seo-wordpress\/ -->\n<title>O tempo do poder, o desgaste das promessas e o fasc\u00ednio do que parece novo - Resumo Pol\u00edtico<\/title>\n<meta name=\"robots\" content=\"index, follow, max-snippet:-1, max-image-preview:large, max-video-preview:-1\" \/>\n<link rel=\"canonical\" href=\"https:\/\/resumopolitico.com.br\/?p=35613\" \/>\n<meta property=\"og:locale\" content=\"pt_BR\" \/>\n<meta property=\"og:type\" content=\"article\" \/>\n<meta property=\"og:title\" content=\"O tempo do poder, o desgaste das promessas e o fasc\u00ednio do que parece novo - Resumo Pol\u00edtico\" \/>\n<meta property=\"og:description\" content=\"A jornalista Andrea Sadi, da GloboNews, fez recentemente uma observa\u00e7\u00e3o que merece reflex\u00e3o. Segundo ela, a crescente intoler\u00e2ncia a Lula talvez n\u00e3o seja apenas rejei\u00e7\u00e3o ao presidente, mas ao sistema pol\u00edtico que n\u00e3o consegue entregar o que promete nem renovar a esperan\u00e7a coletiva. A observa\u00e7\u00e3o \u00e9 simples, mas toca numa das engrenagens mais antigas da [&hellip;]\" \/>\n<meta property=\"og:url\" content=\"https:\/\/resumopolitico.com.br\/?p=35613\" \/>\n<meta property=\"og:site_name\" content=\"Resumo Pol\u00edtico\" \/>\n<meta property=\"article:published_time\" content=\"2026-03-12T02:11:12+00:00\" \/>\n<meta property=\"article:modified_time\" content=\"2026-03-12T02:11:55+00:00\" \/>\n<meta property=\"og:image\" content=\"https:\/\/resumopolitico.com.br\/wp-content\/uploads\/2026\/01\/ruinovo-e1769472309464-800x1024.png\" \/>\n\t<meta property=\"og:image:width\" content=\"800\" \/>\n\t<meta property=\"og:image:height\" content=\"1024\" \/>\n\t<meta property=\"og:image:type\" content=\"image\/png\" \/>\n<meta name=\"author\" content=\"resumopolitico\" \/>\n<meta name=\"twitter:card\" content=\"summary_large_image\" \/>\n<meta name=\"twitter:label1\" content=\"Escrito por\" \/>\n\t<meta name=\"twitter:data1\" content=\"resumopolitico\" \/>\n\t<meta name=\"twitter:label2\" content=\"Est. tempo de leitura\" \/>\n\t<meta name=\"twitter:data2\" content=\"6 minutos\" \/>\n<script type=\"application\/ld+json\" class=\"yoast-schema-graph\">{\"@context\":\"https:\\\/\\\/schema.org\",\"@graph\":[{\"@type\":\"Article\",\"@id\":\"https:\\\/\\\/resumopolitico.com.br\\\/?p=35613#article\",\"isPartOf\":{\"@id\":\"https:\\\/\\\/resumopolitico.com.br\\\/?p=35613\"},\"author\":{\"name\":\"resumopolitico\",\"@id\":\"https:\\\/\\\/resumopolitico.com.br\\\/#\\\/schema\\\/person\\\/8e54285779750ca1eb5d54a40785d6f3\"},\"headline\":\"O tempo do poder, o desgaste das promessas e o fasc\u00ednio do que parece novo\",\"datePublished\":\"2026-03-12T02:11:12+00:00\",\"dateModified\":\"2026-03-12T02:11:55+00:00\",\"mainEntityOfPage\":{\"@id\":\"https:\\\/\\\/resumopolitico.com.br\\\/?p=35613\"},\"wordCount\":971,\"commentCount\":0,\"image\":{\"@id\":\"https:\\\/\\\/resumopolitico.com.br\\\/?p=35613#primaryimage\"},\"thumbnailUrl\":\"https:\\\/\\\/resumopolitico.com.br\\\/wp-content\\\/uploads\\\/2026\\\/01\\\/ruinovo-e1769472309464.png\",\"articleSection\":[\"Destaque\",\"LUPA, um olhar cr\u00edtico de quem viveu na coxia\"],\"inLanguage\":\"pt-BR\",\"potentialAction\":[{\"@type\":\"CommentAction\",\"name\":\"Comment\",\"target\":[\"https:\\\/\\\/resumopolitico.com.br\\\/?p=35613#respond\"]}]},{\"@type\":\"WebPage\",\"@id\":\"https:\\\/\\\/resumopolitico.com.br\\\/?p=35613\",\"url\":\"https:\\\/\\\/resumopolitico.com.br\\\/?p=35613\",\"name\":\"O tempo do poder, o desgaste das promessas e o fasc\u00ednio do que parece novo - Resumo Pol\u00edtico\",\"isPartOf\":{\"@id\":\"https:\\\/\\\/resumopolitico.com.br\\\/#website\"},\"primaryImageOfPage\":{\"@id\":\"https:\\\/\\\/resumopolitico.com.br\\\/?p=35613#primaryimage\"},\"image\":{\"@id\":\"https:\\\/\\\/resumopolitico.com.br\\\/?p=35613#primaryimage\"},\"thumbnailUrl\":\"https:\\\/\\\/resumopolitico.com.br\\\/wp-content\\\/uploads\\\/2026\\\/01\\\/ruinovo-e1769472309464.png\",\"datePublished\":\"2026-03-12T02:11:12+00:00\",\"dateModified\":\"2026-03-12T02:11:55+00:00\",\"author\":{\"@id\":\"https:\\\/\\\/resumopolitico.com.br\\\/#\\\/schema\\\/person\\\/8e54285779750ca1eb5d54a40785d6f3\"},\"breadcrumb\":{\"@id\":\"https:\\\/\\\/resumopolitico.com.br\\\/?p=35613#breadcrumb\"},\"inLanguage\":\"pt-BR\",\"potentialAction\":[{\"@type\":\"ReadAction\",\"target\":[\"https:\\\/\\\/resumopolitico.com.br\\\/?p=35613\"]}]},{\"@type\":\"ImageObject\",\"inLanguage\":\"pt-BR\",\"@id\":\"https:\\\/\\\/resumopolitico.com.br\\\/?p=35613#primaryimage\",\"url\":\"https:\\\/\\\/resumopolitico.com.br\\\/wp-content\\\/uploads\\\/2026\\\/01\\\/ruinovo-e1769472309464.png\",\"contentUrl\":\"https:\\\/\\\/resumopolitico.com.br\\\/wp-content\\\/uploads\\\/2026\\\/01\\\/ruinovo-e1769472309464.png\",\"width\":1024,\"height\":1310},{\"@type\":\"BreadcrumbList\",\"@id\":\"https:\\\/\\\/resumopolitico.com.br\\\/?p=35613#breadcrumb\",\"itemListElement\":[{\"@type\":\"ListItem\",\"position\":1,\"name\":\"In\u00edcio\",\"item\":\"https:\\\/\\\/resumopolitico.com.br\\\/\"},{\"@type\":\"ListItem\",\"position\":2,\"name\":\"O tempo do poder, o desgaste das promessas e o fasc\u00ednio do que parece novo\"}]},{\"@type\":\"WebSite\",\"@id\":\"https:\\\/\\\/resumopolitico.com.br\\\/#website\",\"url\":\"https:\\\/\\\/resumopolitico.com.br\\\/\",\"name\":\"Resumo Pol\u00edtico\",\"description\":\"Resumo Pol\u00edtico\",\"potentialAction\":[{\"@type\":\"SearchAction\",\"target\":{\"@type\":\"EntryPoint\",\"urlTemplate\":\"https:\\\/\\\/resumopolitico.com.br\\\/?s={search_term_string}\"},\"query-input\":{\"@type\":\"PropertyValueSpecification\",\"valueRequired\":true,\"valueName\":\"search_term_string\"}}],\"inLanguage\":\"pt-BR\"},{\"@type\":\"Person\",\"@id\":\"https:\\\/\\\/resumopolitico.com.br\\\/#\\\/schema\\\/person\\\/8e54285779750ca1eb5d54a40785d6f3\",\"name\":\"resumopolitico\",\"image\":{\"@type\":\"ImageObject\",\"inLanguage\":\"pt-BR\",\"@id\":\"\\\/\\\/www.gravatar.com\\\/avatar\\\/964d308c93aaf0c33319e9a3bc3b8ac5?s=96&#038;r=g&#038;d=mm\",\"url\":\"\\\/\\\/www.gravatar.com\\\/avatar\\\/964d308c93aaf0c33319e9a3bc3b8ac5?s=96&#038;r=g&#038;d=mm\",\"contentUrl\":\"\\\/\\\/www.gravatar.com\\\/avatar\\\/964d308c93aaf0c33319e9a3bc3b8ac5?s=96&#038;r=g&#038;d=mm\",\"caption\":\"resumopolitico\"},\"sameAs\":[\"http:\\\/\\\/resumopolitico.com.br\"],\"url\":\"https:\\\/\\\/resumopolitico.com.br\\\/?bp_members=1&bp_member=resumopoliticoprofile\\\/home\\\/\"}]}<\/script>\n<!-- \/ Yoast SEO plugin. -->","yoast_head_json":{"title":"O tempo do poder, o desgaste das promessas e o fasc\u00ednio do que parece novo - Resumo Pol\u00edtico","robots":{"index":"index","follow":"follow","max-snippet":"max-snippet:-1","max-image-preview":"max-image-preview:large","max-video-preview":"max-video-preview:-1"},"canonical":"https:\/\/resumopolitico.com.br\/?p=35613","og_locale":"pt_BR","og_type":"article","og_title":"O tempo do poder, o desgaste das promessas e o fasc\u00ednio do que parece novo - Resumo Pol\u00edtico","og_description":"A jornalista Andrea Sadi, da GloboNews, fez recentemente uma observa\u00e7\u00e3o que merece reflex\u00e3o. Segundo ela, a crescente intoler\u00e2ncia a Lula talvez n\u00e3o seja apenas rejei\u00e7\u00e3o ao presidente, mas ao sistema pol\u00edtico que n\u00e3o consegue entregar o que promete nem renovar a esperan\u00e7a coletiva. A observa\u00e7\u00e3o \u00e9 simples, mas toca numa das engrenagens mais antigas da [&hellip;]","og_url":"https:\/\/resumopolitico.com.br\/?p=35613","og_site_name":"Resumo Pol\u00edtico","article_published_time":"2026-03-12T02:11:12+00:00","article_modified_time":"2026-03-12T02:11:55+00:00","og_image":[{"width":800,"height":1024,"url":"https:\/\/resumopolitico.com.br\/wp-content\/uploads\/2026\/01\/ruinovo-e1769472309464-800x1024.png","type":"image\/png"}],"author":"resumopolitico","twitter_card":"summary_large_image","twitter_misc":{"Escrito por":"resumopolitico","Est. tempo de leitura":"6 minutos"},"schema":{"@context":"https:\/\/schema.org","@graph":[{"@type":"Article","@id":"https:\/\/resumopolitico.com.br\/?p=35613#article","isPartOf":{"@id":"https:\/\/resumopolitico.com.br\/?p=35613"},"author":{"name":"resumopolitico","@id":"https:\/\/resumopolitico.com.br\/#\/schema\/person\/8e54285779750ca1eb5d54a40785d6f3"},"headline":"O tempo do poder, o desgaste das promessas e o fasc\u00ednio do que parece novo","datePublished":"2026-03-12T02:11:12+00:00","dateModified":"2026-03-12T02:11:55+00:00","mainEntityOfPage":{"@id":"https:\/\/resumopolitico.com.br\/?p=35613"},"wordCount":971,"commentCount":0,"image":{"@id":"https:\/\/resumopolitico.com.br\/?p=35613#primaryimage"},"thumbnailUrl":"https:\/\/resumopolitico.com.br\/wp-content\/uploads\/2026\/01\/ruinovo-e1769472309464.png","articleSection":["Destaque","LUPA, um olhar cr\u00edtico de quem viveu na coxia"],"inLanguage":"pt-BR","potentialAction":[{"@type":"CommentAction","name":"Comment","target":["https:\/\/resumopolitico.com.br\/?p=35613#respond"]}]},{"@type":"WebPage","@id":"https:\/\/resumopolitico.com.br\/?p=35613","url":"https:\/\/resumopolitico.com.br\/?p=35613","name":"O tempo do poder, o desgaste das promessas e o fasc\u00ednio do que parece novo - Resumo Pol\u00edtico","isPartOf":{"@id":"https:\/\/resumopolitico.com.br\/#website"},"primaryImageOfPage":{"@id":"https:\/\/resumopolitico.com.br\/?p=35613#primaryimage"},"image":{"@id":"https:\/\/resumopolitico.com.br\/?p=35613#primaryimage"},"thumbnailUrl":"https:\/\/resumopolitico.com.br\/wp-content\/uploads\/2026\/01\/ruinovo-e1769472309464.png","datePublished":"2026-03-12T02:11:12+00:00","dateModified":"2026-03-12T02:11:55+00:00","author":{"@id":"https:\/\/resumopolitico.com.br\/#\/schema\/person\/8e54285779750ca1eb5d54a40785d6f3"},"breadcrumb":{"@id":"https:\/\/resumopolitico.com.br\/?p=35613#breadcrumb"},"inLanguage":"pt-BR","potentialAction":[{"@type":"ReadAction","target":["https:\/\/resumopolitico.com.br\/?p=35613"]}]},{"@type":"ImageObject","inLanguage":"pt-BR","@id":"https:\/\/resumopolitico.com.br\/?p=35613#primaryimage","url":"https:\/\/resumopolitico.com.br\/wp-content\/uploads\/2026\/01\/ruinovo-e1769472309464.png","contentUrl":"https:\/\/resumopolitico.com.br\/wp-content\/uploads\/2026\/01\/ruinovo-e1769472309464.png","width":1024,"height":1310},{"@type":"BreadcrumbList","@id":"https:\/\/resumopolitico.com.br\/?p=35613#breadcrumb","itemListElement":[{"@type":"ListItem","position":1,"name":"In\u00edcio","item":"https:\/\/resumopolitico.com.br\/"},{"@type":"ListItem","position":2,"name":"O tempo do poder, o desgaste das promessas e o fasc\u00ednio do que parece novo"}]},{"@type":"WebSite","@id":"https:\/\/resumopolitico.com.br\/#website","url":"https:\/\/resumopolitico.com.br\/","name":"Resumo Pol\u00edtico","description":"Resumo Pol\u00edtico","potentialAction":[{"@type":"SearchAction","target":{"@type":"EntryPoint","urlTemplate":"https:\/\/resumopolitico.com.br\/?s={search_term_string}"},"query-input":{"@type":"PropertyValueSpecification","valueRequired":true,"valueName":"search_term_string"}}],"inLanguage":"pt-BR"},{"@type":"Person","@id":"https:\/\/resumopolitico.com.br\/#\/schema\/person\/8e54285779750ca1eb5d54a40785d6f3","name":"resumopolitico","image":{"@type":"ImageObject","inLanguage":"pt-BR","@id":"\/\/www.gravatar.com\/avatar\/964d308c93aaf0c33319e9a3bc3b8ac5?s=96&#038;r=g&#038;d=mm","url":"\/\/www.gravatar.com\/avatar\/964d308c93aaf0c33319e9a3bc3b8ac5?s=96&#038;r=g&#038;d=mm","contentUrl":"\/\/www.gravatar.com\/avatar\/964d308c93aaf0c33319e9a3bc3b8ac5?s=96&#038;r=g&#038;d=mm","caption":"resumopolitico"},"sameAs":["http:\/\/resumopolitico.com.br"],"url":"https:\/\/resumopolitico.com.br\/?bp_members=1&bp_member=resumopoliticoprofile\/home\/"}]}},"_links":{"self":[{"href":"https:\/\/resumopolitico.com.br\/index.php?rest_route=\/wp\/v2\/posts\/35613","targetHints":{"allow":["GET"]}}],"collection":[{"href":"https:\/\/resumopolitico.com.br\/index.php?rest_route=\/wp\/v2\/posts"}],"about":[{"href":"https:\/\/resumopolitico.com.br\/index.php?rest_route=\/wp\/v2\/types\/post"}],"author":[{"embeddable":true,"href":"https:\/\/resumopolitico.com.br\/index.php?rest_route=\/wp\/v2\/users\/1"}],"replies":[{"embeddable":true,"href":"https:\/\/resumopolitico.com.br\/index.php?rest_route=%2Fwp%2Fv2%2Fcomments&post=35613"}],"version-history":[{"count":2,"href":"https:\/\/resumopolitico.com.br\/index.php?rest_route=\/wp\/v2\/posts\/35613\/revisions"}],"predecessor-version":[{"id":35616,"href":"https:\/\/resumopolitico.com.br\/index.php?rest_route=\/wp\/v2\/posts\/35613\/revisions\/35616"}],"wp:featuredmedia":[{"embeddable":true,"href":"https:\/\/resumopolitico.com.br\/index.php?rest_route=\/wp\/v2\/media\/34856"}],"wp:attachment":[{"href":"https:\/\/resumopolitico.com.br\/index.php?rest_route=%2Fwp%2Fv2%2Fmedia&parent=35613"}],"wp:term":[{"taxonomy":"category","embeddable":true,"href":"https:\/\/resumopolitico.com.br\/index.php?rest_route=%2Fwp%2Fv2%2Fcategories&post=35613"},{"taxonomy":"post_tag","embeddable":true,"href":"https:\/\/resumopolitico.com.br\/index.php?rest_route=%2Fwp%2Fv2%2Ftags&post=35613"}],"curies":[{"name":"wp","href":"https:\/\/api.w.org\/{rel}","templated":true}]}}