{"id":35617,"date":"2026-03-11T23:16:22","date_gmt":"2026-03-12T02:16:22","guid":{"rendered":"https:\/\/resumopolitico.com.br\/?p=35617"},"modified":"2026-03-11T23:17:06","modified_gmt":"2026-03-12T02:17:06","slug":"35617","status":"publish","type":"post","link":"https:\/\/resumopolitico.com.br\/?p=35617","title":{"rendered":"Novos residentes iniciam atividades no Hospital da Cidade em programas de cl\u00ednica m\u00e9dica e cardiologia"},"content":{"rendered":"<p>Com a resid\u00eancia m\u00e9dica, hospital municipal refor\u00e7a papel como espa\u00e7o de assist\u00eancia, ensino e forma\u00e7\u00e3o de novos especialistas em Macei\u00f3<\/p>\n<p data-base-font=\"18\">O Hospital da Cidade, em Macei\u00f3, deu in\u00edcio a uma nova etapa de sua hist\u00f3ria ao receber os m\u00e9dicos que integram a primeira turma de resid\u00eancia m\u00e9dica oficialmente vinculada \u00e0 pr\u00f3pria institui\u00e7\u00e3o. Autorizado pelo Minist\u00e9rio da Educa\u00e7\u00e3o, sob o CNPJ do hospital, o programa marca um passo decisivo para o fortalecimento do primeiro hospital municipal da capital alagoana como espa\u00e7o de assist\u00eancia, ensino e transforma\u00e7\u00e3o social.<\/p>\n<p data-base-font=\"18\">A nova turma \u00e9 composta por oito m\u00e9dicos residentes, sendo quatro da especialidade de cl\u00ednica m\u00e9dica e quatro de cardiologia. Cada programa possui dura\u00e7\u00e3o de dois anos e inclui uma forma\u00e7\u00e3o que integra atividades te\u00f3ricas e pr\u00e1ticas, seguindo as diretrizes e pr\u00e9-requisitos estabelecidos pelo Minist\u00e9rio da Educa\u00e7\u00e3o.<\/p>\n<p data-base-font=\"18\">Durante o per\u00edodo da resid\u00eancia, os profissionais ter\u00e3o experi\u00eancias em diferentes cen\u00e1rios assistenciais dentro da unidade. A forma\u00e7\u00e3o inclui atendimentos ambulatoriais, atua\u00e7\u00e3o em Unidades de Terapia Intensiva, enfermarias e circula\u00e7\u00e3o por diversos setores hospitalares. A proposta \u00e9 garantir que os m\u00e9dicos tenham acesso a uma forma\u00e7\u00e3o completa, alinhada \u00e0s exig\u00eancias de cada especialidade e \u00e0 realidade do sistema p\u00fablico de sa\u00fade.<\/p>\n<p data-base-font=\"18\">Para o m\u00e9dico residente Rafael Arruda, o in\u00edcio das atividades no hospital tem sido marcado por aprendizado constante e boas condi\u00e7\u00f5es de trabalho. \u201cEst\u00e1 sendo muito proveitosa a resid\u00eancia por aqui. A estrutura do hospital \u00e9 muito boa, a gente tem acesso r\u00e1pido a v\u00e1rios exames, inclusive de alta complexidade. Temos tomografia, endoscopia r\u00e1pida, e isso ajuda muito no processo de investiga\u00e7\u00e3o cl\u00ednica e na tomada de decis\u00f5es\u201d, disse.<\/p>\n<div class=\"single-section-box single-section-img single-box-full\" data-base-font=\"14\">\n<figure data-base-font=\"14\"><a href=\"https:\/\/cdnpm.dhost.cloud\/imagens\/DSC_0171.jpg\" data-fancybox=\"images\" data-base-font=\"14\"><img decoding=\"async\" src=\"https:\/\/maceio.al.gov.br\/transform\/imagens\/_845x560_crop_center-center_none\/DSC_0171.jpg\" alt=\"M\u00e9dico residente Rafael Arruda destaca a estrutura do HC e o acesso a exames de alta complexidade como diferenciais para a forma\u00e7\u00e3o. Foto: David Silas\/Ascom Macei\u00f3 Sa\u00fade\" data-base-font=\"14\" \/><\/a><figcaption data-base-font=\"16\"><small class=\"img-credits\" data-base-font=\"14\">M\u00e9dico residente Rafael Arruda destaca a estrutura do HC e o acesso a exames de alta complexidade como diferenciais para a forma\u00e7\u00e3o. Foto: David Silas\/Ascom Macei\u00f3 Sa\u00fade<\/small><\/figcaption><\/figure>\n<\/div>\n<p data-base-font=\"18\">A residente Taciana Lilia tamb\u00e9m destaca a estrutura e a qualidade das equipes como fatores que contribuem para o desenvolvimento profissional. \u201cAqui a gente consegue desenvolver o racioc\u00ednio cl\u00ednico a partir de exames de alta complexidade, com profissionais qualificados e uma estrutura excelente, o que faz toda a diferen\u00e7a no nosso processo de forma\u00e7\u00e3o\u201d, disse.<\/p>\n<p data-base-font=\"18\">J\u00e1 para a m\u00e9dica residente Ana Lazura, a escolha pelo Hospital da Cidade foi natural diante da proposta apresentada pela institui\u00e7\u00e3o. \u201c\u00c9 uma estrutura de excel\u00eancia, com aprendizado di\u00e1rio e um objetivo em comum, que \u00e9 cuidar de vidas&#8221;, complementa.<\/p>\n<p data-base-font=\"18\">A atua\u00e7\u00e3o dos residentes \u00e9 supervisionada pela Comiss\u00e3o de Resid\u00eancia M\u00e9dica do hospital, a Coreme, respons\u00e1vel por garantir o cumprimento das exig\u00eancias educacionais e assistenciais estabelecidas pelos \u00f3rg\u00e3os reguladores. Segundo a m\u00e9dica Adriana Cunha, gestora da comiss\u00e3o, a autoriza\u00e7\u00e3o do programa representa um marco importante para a institui\u00e7\u00e3o.<\/p>\n<p data-base-font=\"18\">\u201cSomos vinculados ao Minist\u00e9rio da Educa\u00e7\u00e3o e a \u00f3rg\u00e3os reguladores que estabelecem crit\u00e9rios rigorosos sobre o que o residente deve cumprir e o que a institui\u00e7\u00e3o precisa oferecer. Isso exige compromisso, estrutura e uma equipe preparada para garantir forma\u00e7\u00e3o com excel\u00eancia. A partir de agora, somos oficialmente a resid\u00eancia do Hospital da Cidade. Formar m\u00e9dicos com responsabilidade social \u00e9 o nosso maior prop\u00f3sito\u201d, detalha.<\/p>\n<div class=\"single-section-box single-section-img single-box-full\" data-base-font=\"14\">\n<figure data-base-font=\"14\"><a href=\"https:\/\/cdnpm.dhost.cloud\/imagens\/DSC_0159_2026-03-11-184930_rbgb.jpg\" data-fancybox=\"images\" data-base-font=\"14\"><img decoding=\"async\" src=\"https:\/\/maceio.al.gov.br\/transform\/imagens\/_845x560_crop_center-center_none\/DSC_0159_2026-03-11-184930_rbgb.jpg\" alt=\"Residentes come\u00e7am a atuar no Hospital da Cidade em primeira turma de resid\u00eancia m\u00e9dica vinculada \u00e0 unidade. Foto: David Silas\/Ascom Macei\u00f3 Sa\u00fade\" data-base-font=\"14\" \/><\/a><figcaption data-base-font=\"16\"><small class=\"img-credits\" data-base-font=\"14\">Residentes come\u00e7am a atuar no Hospital da Cidade em primeira turma de resid\u00eancia m\u00e9dica vinculada \u00e0 unidade. Foto: David Silas\/Ascom Macei\u00f3 Sa\u00fade<\/small><\/figcaption><\/figure>\n<\/div>\n<p data-base-font=\"18\">A diretora-geral do Hospital da Cidade, dra. C\u00e9lia Fernandes, destaca que a presen\u00e7a dos residentes fortalece o ambiente de aprendizado e contribui para a melhoria cont\u00ednua da assist\u00eancia. \u201cQuando um hospital se torna tamb\u00e9m um espa\u00e7o de forma\u00e7\u00e3o, ele amplia sua capacidade de reflex\u00e3o, atualiza\u00e7\u00e3o e inova\u00e7\u00e3o. Os residentes trazem questionamentos, estudo constante e novas perspectivas, e isso impacta diretamente na qualidade do cuidado que oferecemos \u00e0 popula\u00e7\u00e3o\u201d, ressalta.<\/p>\n<p data-base-font=\"18\">O Hospital da Cidade \u00e9 administrado pelo Macei\u00f3 Sa\u00fade, organiza\u00e7\u00e3o social sem fins lucrativos voltada \u00e0 moderniza\u00e7\u00e3o e \u00e0 efici\u00eancia na gest\u00e3o das unidades municipais de sa\u00fade. A institui\u00e7\u00e3o atua com foco em boas pr\u00e1ticas de governan\u00e7a e na qualifica\u00e7\u00e3o da assist\u00eancia prestada \u00e0 popula\u00e7\u00e3o.<\/p>\n<p data-base-font=\"18\">Nos \u00faltimos meses, a unidade tem passado por avan\u00e7os significativos na amplia\u00e7\u00e3o dos servi\u00e7os e na melhoria dos indicadores assistenciais. De acordo com a diretora-presidente do Macei\u00f3 Sa\u00fade, Camila Porci\u00fancula, a implanta\u00e7\u00e3o da resid\u00eancia m\u00e9dica faz parte de um projeto maior de consolida\u00e7\u00e3o do hospital como refer\u00eancia regional.<\/p>\n<p data-base-font=\"18\">\u201cEstamos trabalhando para transformar o Hospital da Cidade em um centro de excel\u00eancia em assist\u00eancia e forma\u00e7\u00e3o. A presen\u00e7a da resid\u00eancia m\u00e9dica fortalece o cuidado, valoriza o conhecimento e contribui para formar profissionais comprometidos com o SUS. Nosso objetivo \u00e9 construir uma cultura institucional voltada \u00e0 seguran\u00e7a do paciente, \u00e0 qualifica\u00e7\u00e3o das equipes e \u00e0 melhoria permanente dos servi\u00e7os\u201d, pontua.<\/p>\n<p data-base-font=\"18\">A gestora tamb\u00e9m destaca os avan\u00e7os recentes da unidade. \u201cNos \u00faltimos oito meses, aumentamos em mais de 30% a produ\u00e7\u00e3o cir\u00fargica do hospital, reduzimos filas, ampliamos a maternidade e dobramos o n\u00famero de nascimentos. Tamb\u00e9m avan\u00e7amos na oferta de novas cirurgias especializadas, como otorrinopediatria, reconstru\u00e7\u00e3o intestinal e ortopedia. Esses resultados mostram o quanto a rede p\u00fablica pode evoluir quando h\u00e1 gest\u00e3o, planejamento e compromisso com a popula\u00e7\u00e3o\u201d, conclui.<\/p>\n","protected":false},"excerpt":{"rendered":"<p>Com a resid\u00eancia m\u00e9dica, hospital municipal refor\u00e7a papel como espa\u00e7o de assist\u00eancia, ensino e forma\u00e7\u00e3o de novos especialistas em Macei\u00f3 O Hospital da Cidade, em Macei\u00f3, deu in\u00edcio a uma nova etapa de sua hist\u00f3ria ao receber os m\u00e9dicos que integram a primeira turma de resid\u00eancia m\u00e9dica oficialmente vinculada \u00e0 pr\u00f3pria institui\u00e7\u00e3o. Autorizado pelo Minist\u00e9rio [&hellip;]<\/p>\n","protected":false},"author":1,"featured_media":35618,"comment_status":"open","ping_status":"open","sticky":false,"template":"","format":"standard","meta":{"_monsterinsights_skip_tracking":false,"_monsterinsights_sitenote_active":false,"_monsterinsights_sitenote_note":"","_monsterinsights_sitenote_category":0,"footnotes":""},"categories":[66,104],"tags":[],"class_list":["post-35617","post","type-post","status-publish","format-standard","has-post-thumbnail","hentry","category-alagoas","category-destaque"],"yoast_head":"<!-- This site is optimized with the Yoast SEO plugin v27.5 - https:\/\/yoast.com\/product\/yoast-seo-wordpress\/ -->\n<title>Novos residentes iniciam atividades no Hospital da Cidade em programas de cl\u00ednica m\u00e9dica e cardiologia - Resumo Pol\u00edtico<\/title>\n<meta name=\"robots\" content=\"index, follow, max-snippet:-1, max-image-preview:large, max-video-preview:-1\" \/>\n<link rel=\"canonical\" href=\"https:\/\/resumopolitico.com.br\/?p=35617\" \/>\n<meta property=\"og:locale\" content=\"pt_BR\" \/>\n<meta property=\"og:type\" content=\"article\" \/>\n<meta property=\"og:title\" content=\"Novos residentes iniciam atividades no Hospital da Cidade em programas de cl\u00ednica m\u00e9dica e cardiologia - Resumo Pol\u00edtico\" \/>\n<meta property=\"og:description\" content=\"Com a resid\u00eancia m\u00e9dica, hospital municipal refor\u00e7a papel como espa\u00e7o de assist\u00eancia, ensino e forma\u00e7\u00e3o de novos especialistas em Macei\u00f3 O Hospital da Cidade, em Macei\u00f3, deu in\u00edcio a uma nova etapa de sua hist\u00f3ria ao receber os m\u00e9dicos que integram a primeira turma de resid\u00eancia m\u00e9dica oficialmente vinculada \u00e0 pr\u00f3pria institui\u00e7\u00e3o. Autorizado pelo Minist\u00e9rio [&hellip;]\" \/>\n<meta property=\"og:url\" content=\"https:\/\/resumopolitico.com.br\/?p=35617\" \/>\n<meta property=\"og:site_name\" content=\"Resumo Pol\u00edtico\" \/>\n<meta property=\"article:published_time\" content=\"2026-03-12T02:16:22+00:00\" \/>\n<meta property=\"article:modified_time\" content=\"2026-03-12T02:17:06+00:00\" \/>\n<meta property=\"og:image\" content=\"https:\/\/resumopolitico.com.br\/wp-content\/uploads\/2026\/03\/DSC_0158.jpg\" \/>\n\t<meta property=\"og:image:width\" content=\"850\" \/>\n\t<meta property=\"og:image:height\" content=\"560\" \/>\n\t<meta property=\"og:image:type\" content=\"image\/jpeg\" \/>\n<meta name=\"author\" content=\"resumopolitico\" \/>\n<meta name=\"twitter:card\" content=\"summary_large_image\" \/>\n<meta name=\"twitter:label1\" content=\"Escrito por\" \/>\n\t<meta name=\"twitter:data1\" content=\"resumopolitico\" \/>\n\t<meta name=\"twitter:label2\" content=\"Est. tempo de leitura\" \/>\n\t<meta name=\"twitter:data2\" content=\"6 minutos\" \/>\n<script type=\"application\/ld+json\" class=\"yoast-schema-graph\">{\"@context\":\"https:\\\/\\\/schema.org\",\"@graph\":[{\"@type\":\"Article\",\"@id\":\"https:\\\/\\\/resumopolitico.com.br\\\/?p=35617#article\",\"isPartOf\":{\"@id\":\"https:\\\/\\\/resumopolitico.com.br\\\/?p=35617\"},\"author\":{\"name\":\"resumopolitico\",\"@id\":\"https:\\\/\\\/resumopolitico.com.br\\\/#\\\/schema\\\/person\\\/8e54285779750ca1eb5d54a40785d6f3\"},\"headline\":\"Novos residentes iniciam atividades no Hospital da Cidade em programas de cl\u00ednica m\u00e9dica e cardiologia\",\"datePublished\":\"2026-03-12T02:16:22+00:00\",\"dateModified\":\"2026-03-12T02:17:06+00:00\",\"mainEntityOfPage\":{\"@id\":\"https:\\\/\\\/resumopolitico.com.br\\\/?p=35617\"},\"wordCount\":949,\"commentCount\":0,\"image\":{\"@id\":\"https:\\\/\\\/resumopolitico.com.br\\\/?p=35617#primaryimage\"},\"thumbnailUrl\":\"https:\\\/\\\/resumopolitico.com.br\\\/wp-content\\\/uploads\\\/2026\\\/03\\\/DSC_0158.jpg\",\"articleSection\":[\"Alagoas\",\"Destaque\"],\"inLanguage\":\"pt-BR\",\"potentialAction\":[{\"@type\":\"CommentAction\",\"name\":\"Comment\",\"target\":[\"https:\\\/\\\/resumopolitico.com.br\\\/?p=35617#respond\"]}]},{\"@type\":\"WebPage\",\"@id\":\"https:\\\/\\\/resumopolitico.com.br\\\/?p=35617\",\"url\":\"https:\\\/\\\/resumopolitico.com.br\\\/?p=35617\",\"name\":\"Novos residentes iniciam atividades no Hospital da Cidade em programas de cl\u00ednica m\u00e9dica e cardiologia - Resumo Pol\u00edtico\",\"isPartOf\":{\"@id\":\"https:\\\/\\\/resumopolitico.com.br\\\/#website\"},\"primaryImageOfPage\":{\"@id\":\"https:\\\/\\\/resumopolitico.com.br\\\/?p=35617#primaryimage\"},\"image\":{\"@id\":\"https:\\\/\\\/resumopolitico.com.br\\\/?p=35617#primaryimage\"},\"thumbnailUrl\":\"https:\\\/\\\/resumopolitico.com.br\\\/wp-content\\\/uploads\\\/2026\\\/03\\\/DSC_0158.jpg\",\"datePublished\":\"2026-03-12T02:16:22+00:00\",\"dateModified\":\"2026-03-12T02:17:06+00:00\",\"author\":{\"@id\":\"https:\\\/\\\/resumopolitico.com.br\\\/#\\\/schema\\\/person\\\/8e54285779750ca1eb5d54a40785d6f3\"},\"breadcrumb\":{\"@id\":\"https:\\\/\\\/resumopolitico.com.br\\\/?p=35617#breadcrumb\"},\"inLanguage\":\"pt-BR\",\"potentialAction\":[{\"@type\":\"ReadAction\",\"target\":[\"https:\\\/\\\/resumopolitico.com.br\\\/?p=35617\"]}]},{\"@type\":\"ImageObject\",\"inLanguage\":\"pt-BR\",\"@id\":\"https:\\\/\\\/resumopolitico.com.br\\\/?p=35617#primaryimage\",\"url\":\"https:\\\/\\\/resumopolitico.com.br\\\/wp-content\\\/uploads\\\/2026\\\/03\\\/DSC_0158.jpg\",\"contentUrl\":\"https:\\\/\\\/resumopolitico.com.br\\\/wp-content\\\/uploads\\\/2026\\\/03\\\/DSC_0158.jpg\",\"width\":850,\"height\":560},{\"@type\":\"BreadcrumbList\",\"@id\":\"https:\\\/\\\/resumopolitico.com.br\\\/?p=35617#breadcrumb\",\"itemListElement\":[{\"@type\":\"ListItem\",\"position\":1,\"name\":\"In\u00edcio\",\"item\":\"https:\\\/\\\/resumopolitico.com.br\\\/\"},{\"@type\":\"ListItem\",\"position\":2,\"name\":\"Novos residentes iniciam atividades no Hospital da Cidade em programas de cl\u00ednica m\u00e9dica e cardiologia\"}]},{\"@type\":\"WebSite\",\"@id\":\"https:\\\/\\\/resumopolitico.com.br\\\/#website\",\"url\":\"https:\\\/\\\/resumopolitico.com.br\\\/\",\"name\":\"Resumo Pol\u00edtico\",\"description\":\"Resumo Pol\u00edtico\",\"potentialAction\":[{\"@type\":\"SearchAction\",\"target\":{\"@type\":\"EntryPoint\",\"urlTemplate\":\"https:\\\/\\\/resumopolitico.com.br\\\/?s={search_term_string}\"},\"query-input\":{\"@type\":\"PropertyValueSpecification\",\"valueRequired\":true,\"valueName\":\"search_term_string\"}}],\"inLanguage\":\"pt-BR\"},{\"@type\":\"Person\",\"@id\":\"https:\\\/\\\/resumopolitico.com.br\\\/#\\\/schema\\\/person\\\/8e54285779750ca1eb5d54a40785d6f3\",\"name\":\"resumopolitico\",\"image\":{\"@type\":\"ImageObject\",\"inLanguage\":\"pt-BR\",\"@id\":\"\\\/\\\/www.gravatar.com\\\/avatar\\\/964d308c93aaf0c33319e9a3bc3b8ac5?s=96&#038;r=g&#038;d=mm\",\"url\":\"\\\/\\\/www.gravatar.com\\\/avatar\\\/964d308c93aaf0c33319e9a3bc3b8ac5?s=96&#038;r=g&#038;d=mm\",\"contentUrl\":\"\\\/\\\/www.gravatar.com\\\/avatar\\\/964d308c93aaf0c33319e9a3bc3b8ac5?s=96&#038;r=g&#038;d=mm\",\"caption\":\"resumopolitico\"},\"sameAs\":[\"http:\\\/\\\/resumopolitico.com.br\"],\"url\":\"https:\\\/\\\/resumopolitico.com.br\\\/?bp_members=1&bp_member=resumopoliticoprofile\\\/home\\\/\"}]}<\/script>\n<!-- \/ Yoast SEO plugin. -->","yoast_head_json":{"title":"Novos residentes iniciam atividades no Hospital da Cidade em programas de cl\u00ednica m\u00e9dica e cardiologia - Resumo Pol\u00edtico","robots":{"index":"index","follow":"follow","max-snippet":"max-snippet:-1","max-image-preview":"max-image-preview:large","max-video-preview":"max-video-preview:-1"},"canonical":"https:\/\/resumopolitico.com.br\/?p=35617","og_locale":"pt_BR","og_type":"article","og_title":"Novos residentes iniciam atividades no Hospital da Cidade em programas de cl\u00ednica m\u00e9dica e cardiologia - Resumo Pol\u00edtico","og_description":"Com a resid\u00eancia m\u00e9dica, hospital municipal refor\u00e7a papel como espa\u00e7o de assist\u00eancia, ensino e forma\u00e7\u00e3o de novos especialistas em Macei\u00f3 O Hospital da Cidade, em Macei\u00f3, deu in\u00edcio a uma nova etapa de sua hist\u00f3ria ao receber os m\u00e9dicos que integram a primeira turma de resid\u00eancia m\u00e9dica oficialmente vinculada \u00e0 pr\u00f3pria institui\u00e7\u00e3o. Autorizado pelo Minist\u00e9rio [&hellip;]","og_url":"https:\/\/resumopolitico.com.br\/?p=35617","og_site_name":"Resumo Pol\u00edtico","article_published_time":"2026-03-12T02:16:22+00:00","article_modified_time":"2026-03-12T02:17:06+00:00","og_image":[{"width":850,"height":560,"url":"https:\/\/resumopolitico.com.br\/wp-content\/uploads\/2026\/03\/DSC_0158.jpg","type":"image\/jpeg"}],"author":"resumopolitico","twitter_card":"summary_large_image","twitter_misc":{"Escrito por":"resumopolitico","Est. tempo de leitura":"6 minutos"},"schema":{"@context":"https:\/\/schema.org","@graph":[{"@type":"Article","@id":"https:\/\/resumopolitico.com.br\/?p=35617#article","isPartOf":{"@id":"https:\/\/resumopolitico.com.br\/?p=35617"},"author":{"name":"resumopolitico","@id":"https:\/\/resumopolitico.com.br\/#\/schema\/person\/8e54285779750ca1eb5d54a40785d6f3"},"headline":"Novos residentes iniciam atividades no Hospital da Cidade em programas de cl\u00ednica m\u00e9dica e cardiologia","datePublished":"2026-03-12T02:16:22+00:00","dateModified":"2026-03-12T02:17:06+00:00","mainEntityOfPage":{"@id":"https:\/\/resumopolitico.com.br\/?p=35617"},"wordCount":949,"commentCount":0,"image":{"@id":"https:\/\/resumopolitico.com.br\/?p=35617#primaryimage"},"thumbnailUrl":"https:\/\/resumopolitico.com.br\/wp-content\/uploads\/2026\/03\/DSC_0158.jpg","articleSection":["Alagoas","Destaque"],"inLanguage":"pt-BR","potentialAction":[{"@type":"CommentAction","name":"Comment","target":["https:\/\/resumopolitico.com.br\/?p=35617#respond"]}]},{"@type":"WebPage","@id":"https:\/\/resumopolitico.com.br\/?p=35617","url":"https:\/\/resumopolitico.com.br\/?p=35617","name":"Novos residentes iniciam atividades no Hospital da Cidade em programas de cl\u00ednica m\u00e9dica e cardiologia - Resumo Pol\u00edtico","isPartOf":{"@id":"https:\/\/resumopolitico.com.br\/#website"},"primaryImageOfPage":{"@id":"https:\/\/resumopolitico.com.br\/?p=35617#primaryimage"},"image":{"@id":"https:\/\/resumopolitico.com.br\/?p=35617#primaryimage"},"thumbnailUrl":"https:\/\/resumopolitico.com.br\/wp-content\/uploads\/2026\/03\/DSC_0158.jpg","datePublished":"2026-03-12T02:16:22+00:00","dateModified":"2026-03-12T02:17:06+00:00","author":{"@id":"https:\/\/resumopolitico.com.br\/#\/schema\/person\/8e54285779750ca1eb5d54a40785d6f3"},"breadcrumb":{"@id":"https:\/\/resumopolitico.com.br\/?p=35617#breadcrumb"},"inLanguage":"pt-BR","potentialAction":[{"@type":"ReadAction","target":["https:\/\/resumopolitico.com.br\/?p=35617"]}]},{"@type":"ImageObject","inLanguage":"pt-BR","@id":"https:\/\/resumopolitico.com.br\/?p=35617#primaryimage","url":"https:\/\/resumopolitico.com.br\/wp-content\/uploads\/2026\/03\/DSC_0158.jpg","contentUrl":"https:\/\/resumopolitico.com.br\/wp-content\/uploads\/2026\/03\/DSC_0158.jpg","width":850,"height":560},{"@type":"BreadcrumbList","@id":"https:\/\/resumopolitico.com.br\/?p=35617#breadcrumb","itemListElement":[{"@type":"ListItem","position":1,"name":"In\u00edcio","item":"https:\/\/resumopolitico.com.br\/"},{"@type":"ListItem","position":2,"name":"Novos residentes iniciam atividades no Hospital da Cidade em programas de cl\u00ednica m\u00e9dica e cardiologia"}]},{"@type":"WebSite","@id":"https:\/\/resumopolitico.com.br\/#website","url":"https:\/\/resumopolitico.com.br\/","name":"Resumo Pol\u00edtico","description":"Resumo Pol\u00edtico","potentialAction":[{"@type":"SearchAction","target":{"@type":"EntryPoint","urlTemplate":"https:\/\/resumopolitico.com.br\/?s={search_term_string}"},"query-input":{"@type":"PropertyValueSpecification","valueRequired":true,"valueName":"search_term_string"}}],"inLanguage":"pt-BR"},{"@type":"Person","@id":"https:\/\/resumopolitico.com.br\/#\/schema\/person\/8e54285779750ca1eb5d54a40785d6f3","name":"resumopolitico","image":{"@type":"ImageObject","inLanguage":"pt-BR","@id":"\/\/www.gravatar.com\/avatar\/964d308c93aaf0c33319e9a3bc3b8ac5?s=96&#038;r=g&#038;d=mm","url":"\/\/www.gravatar.com\/avatar\/964d308c93aaf0c33319e9a3bc3b8ac5?s=96&#038;r=g&#038;d=mm","contentUrl":"\/\/www.gravatar.com\/avatar\/964d308c93aaf0c33319e9a3bc3b8ac5?s=96&#038;r=g&#038;d=mm","caption":"resumopolitico"},"sameAs":["http:\/\/resumopolitico.com.br"],"url":"https:\/\/resumopolitico.com.br\/?bp_members=1&bp_member=resumopoliticoprofile\/home\/"}]}},"_links":{"self":[{"href":"https:\/\/resumopolitico.com.br\/index.php?rest_route=\/wp\/v2\/posts\/35617","targetHints":{"allow":["GET"]}}],"collection":[{"href":"https:\/\/resumopolitico.com.br\/index.php?rest_route=\/wp\/v2\/posts"}],"about":[{"href":"https:\/\/resumopolitico.com.br\/index.php?rest_route=\/wp\/v2\/types\/post"}],"author":[{"embeddable":true,"href":"https:\/\/resumopolitico.com.br\/index.php?rest_route=\/wp\/v2\/users\/1"}],"replies":[{"embeddable":true,"href":"https:\/\/resumopolitico.com.br\/index.php?rest_route=%2Fwp%2Fv2%2Fcomments&post=35617"}],"version-history":[{"count":2,"href":"https:\/\/resumopolitico.com.br\/index.php?rest_route=\/wp\/v2\/posts\/35617\/revisions"}],"predecessor-version":[{"id":35620,"href":"https:\/\/resumopolitico.com.br\/index.php?rest_route=\/wp\/v2\/posts\/35617\/revisions\/35620"}],"wp:featuredmedia":[{"embeddable":true,"href":"https:\/\/resumopolitico.com.br\/index.php?rest_route=\/wp\/v2\/media\/35618"}],"wp:attachment":[{"href":"https:\/\/resumopolitico.com.br\/index.php?rest_route=%2Fwp%2Fv2%2Fmedia&parent=35617"}],"wp:term":[{"taxonomy":"category","embeddable":true,"href":"https:\/\/resumopolitico.com.br\/index.php?rest_route=%2Fwp%2Fv2%2Fcategories&post=35617"},{"taxonomy":"post_tag","embeddable":true,"href":"https:\/\/resumopolitico.com.br\/index.php?rest_route=%2Fwp%2Fv2%2Ftags&post=35617"}],"curies":[{"name":"wp","href":"https:\/\/api.w.org\/{rel}","templated":true}]}}