{"id":35625,"date":"2026-03-13T16:57:06","date_gmt":"2026-03-13T19:57:06","guid":{"rendered":"https:\/\/resumopolitico.com.br\/?p=35625"},"modified":"2026-03-13T16:57:45","modified_gmt":"2026-03-13T19:57:45","slug":"35625","status":"publish","type":"post","link":"https:\/\/resumopolitico.com.br\/?p=35625","title":{"rendered":"Casa do Autista de Macei\u00f3 abre novas vagas para equipe multidisciplinar com sal\u00e1rios de at\u00e9 R$ 10 mil"},"content":{"rendered":"<p>Processo seletivo por an\u00e1lise curricular segue at\u00e9 17 de mar\u00e7o e busca profissionais de diversas \u00e1reas para atuar na unidade que oferecer\u00e1 terapias especializadas pelo SUS<\/p>\n<p data-base-font=\"18\">Profissionais da \u00e1rea da sa\u00fade e da educa\u00e7\u00e3o t\u00eam uma nova oportunidade de atuar em um projeto que promete ampliar a assist\u00eancia especializada a pessoas com Transtorno do Espectro Autista (TEA) em Macei\u00f3. A Casa do Autista, unidade que est\u00e1 em fase de implanta\u00e7\u00e3o no bairro Gruta de Lourdes, abriu um novo processo seletivo para preencher vagas remanescentes e formar cadastro de reserva da equipe multidisciplinar que ir\u00e1 atuar no espa\u00e7o.<\/p>\n<p data-base-font=\"18\">A sele\u00e7\u00e3o est\u00e1 sendo realizada exclusivamente por avalia\u00e7\u00e3o curricular e as inscri\u00e7\u00f5es seguem abertas at\u00e9 o dia 17 de mar\u00e7o de 2026. As vagas s\u00e3o destinadas a neuropediatra ou psiquiatra, psic\u00f3logos, fonoaudi\u00f3logos, terapeutas ocupacionais, psicopedagogos, musicoterapeutas, profissionais de educa\u00e7\u00e3o f\u00edsica, assistentes sociais, fisioterapeutas, pedagogos, enfermeiros e nutricionistas. A remunera\u00e7\u00e3o varia entre R$ 2.500 e R$ 10 mil, dependendo da fun\u00e7\u00e3o.<\/p>\n<p data-base-font=\"18\">De acordo com a organiza\u00e7\u00e3o do processo seletivo, as inscri\u00e7\u00f5es realizadas no primeiro edital j\u00e1 foram homologadas, conforme previsto nas regras da sele\u00e7\u00e3o. No entanto, devido ao baixo n\u00famero de candidatos que enviaram toda a documenta\u00e7\u00e3o exigida, foi necess\u00e1ria a publica\u00e7\u00e3o de um novo edital para completar o quadro profissional da unidade e tamb\u00e9m formar um banco de talentos para futuras necessidades.<\/p>\n<p data-base-font=\"18\">A Casa do Autista est\u00e1 sendo implantada ao lado do Hospital da Cidade e foi planejada para ser uma refer\u00eancia regional no atendimento a pessoas com TEA. A estrutura contar\u00e1 com salas de terapias especializadas, ambientes sensoriais, \u00e1reas de conviv\u00eancia e espa\u00e7os educativos, todos adaptados \u00e0s necessidades das crian\u00e7as atendidas e com servi\u00e7os disponibilizados pelo Sistema \u00danico de Sa\u00fade (SUS).<\/p>\n<p data-base-font=\"18\">O projeto vai al\u00e9m da estrutura f\u00edsica e prev\u00ea uma abordagem integrada de cuidado. Entre as atividades previstas est\u00e3o terapias voltadas ao desenvolvimento sensorial, motor e cognitivo, como musicoterapia, aquaterapia, terapia ocupacional, psicologia, nutri\u00e7\u00e3o e fonoaudiologia, entre outras modalidades adaptadas de acordo com as necessidades individuais de cada paciente.<\/p>\n<p data-base-font=\"18\">Para a diretora-presidente do Macei\u00f3 Sa\u00fade, Camila Porciuncula, a forma\u00e7\u00e3o de uma equipe qualificada \u00e9 um dos pilares para garantir a qualidade do atendimento oferecido pela nova unidade.<\/p>\n<p data-base-font=\"18\">\u201cA Casa do Autista nasce com o prop\u00f3sito de oferecer um cuidado integral e especializado para crian\u00e7as e fam\u00edlias que convivem com o TEA. Para isso, precisamos de profissionais comprometidos, sens\u00edveis e preparados para trabalhar de forma multidisciplinar. Estamos construindo um espa\u00e7o de acolhimento, desenvolvimento e inclus\u00e3o\u201d, pontua a gestora.<\/p>\n<p data-base-font=\"18\">Camila Porciuncula tamb\u00e9m destaca que a unidade ser\u00e1 estrat\u00e9gica para ampliar o acesso a terapias especializadas na capital e em toda a regi\u00e3o. \u201cA proposta \u00e9 que a Casa do Autista seja um centro de refer\u00eancia, com atendimento humanizado. Nosso objetivo \u00e9 contribuir para o desenvolvimento dos pacientes, fortalecer a autonomia e apoiar as fam\u00edlias nesse processo\u201d, acrescenta.<\/p>\n<p data-base-font=\"18\">A Casa do Autista ser\u00e1 administrada pelo Macei\u00f3 Sa\u00fade, organiza\u00e7\u00e3o social sem fins lucrativos respons\u00e1vel pela gest\u00e3o de unidades municipais de sa\u00fade. A institui\u00e7\u00e3o atua com foco na moderniza\u00e7\u00e3o da gest\u00e3o p\u00fablica, adotando boas pr\u00e1ticas de governan\u00e7a e promovendo a integra\u00e7\u00e3o entre inova\u00e7\u00e3o, cuidado e efici\u00eancia na assist\u00eancia \u00e0 popula\u00e7\u00e3o.<\/p>\n<p data-base-font=\"18\">Os interessados em participar do processo seletivo devem acessar o site\u00a0<a href=\"https:\/\/selecaocasadoautista.maceiosaude.com\/\" data-base-font=\"18\">https:\/\/selecaocasadoautista.maceiosaude.com\/<\/a>\u00a0consultar o edital completo e encaminhar toda a documenta\u00e7\u00e3o exigida para valida\u00e7\u00e3o da inscri\u00e7\u00e3o dentro do prazo estabelecido.<\/p>\n<p>&nbsp;<\/p>\n","protected":false},"excerpt":{"rendered":"<p>Processo seletivo por an\u00e1lise curricular segue at\u00e9 17 de mar\u00e7o e busca profissionais de diversas \u00e1reas para atuar na unidade que oferecer\u00e1 terapias especializadas pelo SUS Profissionais da \u00e1rea da sa\u00fade e da educa\u00e7\u00e3o t\u00eam uma nova oportunidade de atuar em um projeto que promete ampliar a assist\u00eancia especializada a pessoas com Transtorno do Espectro [&hellip;]<\/p>\n","protected":false},"author":1,"featured_media":35626,"comment_status":"open","ping_status":"open","sticky":false,"template":"","format":"standard","meta":{"_monsterinsights_skip_tracking":false,"_monsterinsights_sitenote_active":false,"_monsterinsights_sitenote_note":"","_monsterinsights_sitenote_category":0,"footnotes":""},"categories":[66,104],"tags":[],"class_list":["post-35625","post","type-post","status-publish","format-standard","has-post-thumbnail","hentry","category-alagoas","category-destaque"],"yoast_head":"<!-- This site is optimized with the Yoast SEO plugin v27.5 - https:\/\/yoast.com\/product\/yoast-seo-wordpress\/ -->\n<title>Casa do Autista de Macei\u00f3 abre novas vagas para equipe multidisciplinar com sal\u00e1rios de at\u00e9 R$ 10 mil - Resumo Pol\u00edtico<\/title>\n<meta name=\"robots\" content=\"index, follow, max-snippet:-1, max-image-preview:large, max-video-preview:-1\" \/>\n<link rel=\"canonical\" href=\"https:\/\/resumopolitico.com.br\/?p=35625\" \/>\n<meta property=\"og:locale\" content=\"pt_BR\" \/>\n<meta property=\"og:type\" content=\"article\" \/>\n<meta property=\"og:title\" content=\"Casa do Autista de Macei\u00f3 abre novas vagas para equipe multidisciplinar com sal\u00e1rios de at\u00e9 R$ 10 mil - Resumo Pol\u00edtico\" \/>\n<meta property=\"og:description\" content=\"Processo seletivo por an\u00e1lise curricular segue at\u00e9 17 de mar\u00e7o e busca profissionais de diversas \u00e1reas para atuar na unidade que oferecer\u00e1 terapias especializadas pelo SUS Profissionais da \u00e1rea da sa\u00fade e da educa\u00e7\u00e3o t\u00eam uma nova oportunidade de atuar em um projeto que promete ampliar a assist\u00eancia especializada a pessoas com Transtorno do Espectro [&hellip;]\" \/>\n<meta property=\"og:url\" content=\"https:\/\/resumopolitico.com.br\/?p=35625\" \/>\n<meta property=\"og:site_name\" content=\"Resumo Pol\u00edtico\" \/>\n<meta property=\"article:published_time\" content=\"2026-03-13T19:57:06+00:00\" \/>\n<meta property=\"article:modified_time\" content=\"2026-03-13T19:57:45+00:00\" \/>\n<meta property=\"og:image\" content=\"https:\/\/resumopolitico.com.br\/wp-content\/uploads\/2026\/03\/Capturar_2026-02-25-181343_tajc_2026-03-13-125443_hinx.png\" \/>\n\t<meta property=\"og:image:width\" content=\"850\" \/>\n\t<meta property=\"og:image:height\" content=\"560\" \/>\n\t<meta property=\"og:image:type\" content=\"image\/png\" \/>\n<meta name=\"author\" content=\"resumopolitico\" \/>\n<meta name=\"twitter:card\" content=\"summary_large_image\" \/>\n<meta name=\"twitter:label1\" content=\"Escrito por\" \/>\n\t<meta name=\"twitter:data1\" content=\"resumopolitico\" \/>\n\t<meta name=\"twitter:label2\" content=\"Est. tempo de leitura\" \/>\n\t<meta name=\"twitter:data2\" content=\"4 minutos\" \/>\n<script type=\"application\/ld+json\" class=\"yoast-schema-graph\">{\"@context\":\"https:\\\/\\\/schema.org\",\"@graph\":[{\"@type\":\"Article\",\"@id\":\"https:\\\/\\\/resumopolitico.com.br\\\/?p=35625#article\",\"isPartOf\":{\"@id\":\"https:\\\/\\\/resumopolitico.com.br\\\/?p=35625\"},\"author\":{\"name\":\"resumopolitico\",\"@id\":\"https:\\\/\\\/resumopolitico.com.br\\\/#\\\/schema\\\/person\\\/8e54285779750ca1eb5d54a40785d6f3\"},\"headline\":\"Casa do Autista de Macei\u00f3 abre novas vagas para equipe multidisciplinar com sal\u00e1rios de at\u00e9 R$ 10 mil\",\"datePublished\":\"2026-03-13T19:57:06+00:00\",\"dateModified\":\"2026-03-13T19:57:45+00:00\",\"mainEntityOfPage\":{\"@id\":\"https:\\\/\\\/resumopolitico.com.br\\\/?p=35625\"},\"wordCount\":626,\"commentCount\":0,\"image\":{\"@id\":\"https:\\\/\\\/resumopolitico.com.br\\\/?p=35625#primaryimage\"},\"thumbnailUrl\":\"https:\\\/\\\/resumopolitico.com.br\\\/wp-content\\\/uploads\\\/2026\\\/03\\\/Capturar_2026-02-25-181343_tajc_2026-03-13-125443_hinx.png\",\"articleSection\":[\"Alagoas\",\"Destaque\"],\"inLanguage\":\"pt-BR\",\"potentialAction\":[{\"@type\":\"CommentAction\",\"name\":\"Comment\",\"target\":[\"https:\\\/\\\/resumopolitico.com.br\\\/?p=35625#respond\"]}]},{\"@type\":\"WebPage\",\"@id\":\"https:\\\/\\\/resumopolitico.com.br\\\/?p=35625\",\"url\":\"https:\\\/\\\/resumopolitico.com.br\\\/?p=35625\",\"name\":\"Casa do Autista de Macei\u00f3 abre novas vagas para equipe multidisciplinar com sal\u00e1rios de at\u00e9 R$ 10 mil - Resumo Pol\u00edtico\",\"isPartOf\":{\"@id\":\"https:\\\/\\\/resumopolitico.com.br\\\/#website\"},\"primaryImageOfPage\":{\"@id\":\"https:\\\/\\\/resumopolitico.com.br\\\/?p=35625#primaryimage\"},\"image\":{\"@id\":\"https:\\\/\\\/resumopolitico.com.br\\\/?p=35625#primaryimage\"},\"thumbnailUrl\":\"https:\\\/\\\/resumopolitico.com.br\\\/wp-content\\\/uploads\\\/2026\\\/03\\\/Capturar_2026-02-25-181343_tajc_2026-03-13-125443_hinx.png\",\"datePublished\":\"2026-03-13T19:57:06+00:00\",\"dateModified\":\"2026-03-13T19:57:45+00:00\",\"author\":{\"@id\":\"https:\\\/\\\/resumopolitico.com.br\\\/#\\\/schema\\\/person\\\/8e54285779750ca1eb5d54a40785d6f3\"},\"breadcrumb\":{\"@id\":\"https:\\\/\\\/resumopolitico.com.br\\\/?p=35625#breadcrumb\"},\"inLanguage\":\"pt-BR\",\"potentialAction\":[{\"@type\":\"ReadAction\",\"target\":[\"https:\\\/\\\/resumopolitico.com.br\\\/?p=35625\"]}]},{\"@type\":\"ImageObject\",\"inLanguage\":\"pt-BR\",\"@id\":\"https:\\\/\\\/resumopolitico.com.br\\\/?p=35625#primaryimage\",\"url\":\"https:\\\/\\\/resumopolitico.com.br\\\/wp-content\\\/uploads\\\/2026\\\/03\\\/Capturar_2026-02-25-181343_tajc_2026-03-13-125443_hinx.png\",\"contentUrl\":\"https:\\\/\\\/resumopolitico.com.br\\\/wp-content\\\/uploads\\\/2026\\\/03\\\/Capturar_2026-02-25-181343_tajc_2026-03-13-125443_hinx.png\",\"width\":850,\"height\":560},{\"@type\":\"BreadcrumbList\",\"@id\":\"https:\\\/\\\/resumopolitico.com.br\\\/?p=35625#breadcrumb\",\"itemListElement\":[{\"@type\":\"ListItem\",\"position\":1,\"name\":\"In\u00edcio\",\"item\":\"https:\\\/\\\/resumopolitico.com.br\\\/\"},{\"@type\":\"ListItem\",\"position\":2,\"name\":\"Casa do Autista de Macei\u00f3 abre novas vagas para equipe multidisciplinar com sal\u00e1rios de at\u00e9 R$ 10 mil\"}]},{\"@type\":\"WebSite\",\"@id\":\"https:\\\/\\\/resumopolitico.com.br\\\/#website\",\"url\":\"https:\\\/\\\/resumopolitico.com.br\\\/\",\"name\":\"Resumo Pol\u00edtico\",\"description\":\"Resumo Pol\u00edtico\",\"potentialAction\":[{\"@type\":\"SearchAction\",\"target\":{\"@type\":\"EntryPoint\",\"urlTemplate\":\"https:\\\/\\\/resumopolitico.com.br\\\/?s={search_term_string}\"},\"query-input\":{\"@type\":\"PropertyValueSpecification\",\"valueRequired\":true,\"valueName\":\"search_term_string\"}}],\"inLanguage\":\"pt-BR\"},{\"@type\":\"Person\",\"@id\":\"https:\\\/\\\/resumopolitico.com.br\\\/#\\\/schema\\\/person\\\/8e54285779750ca1eb5d54a40785d6f3\",\"name\":\"resumopolitico\",\"image\":{\"@type\":\"ImageObject\",\"inLanguage\":\"pt-BR\",\"@id\":\"\\\/\\\/www.gravatar.com\\\/avatar\\\/964d308c93aaf0c33319e9a3bc3b8ac5?s=96&#038;r=g&#038;d=mm\",\"url\":\"\\\/\\\/www.gravatar.com\\\/avatar\\\/964d308c93aaf0c33319e9a3bc3b8ac5?s=96&#038;r=g&#038;d=mm\",\"contentUrl\":\"\\\/\\\/www.gravatar.com\\\/avatar\\\/964d308c93aaf0c33319e9a3bc3b8ac5?s=96&#038;r=g&#038;d=mm\",\"caption\":\"resumopolitico\"},\"sameAs\":[\"http:\\\/\\\/resumopolitico.com.br\"],\"url\":\"https:\\\/\\\/resumopolitico.com.br\\\/?bp_members=1&bp_member=resumopoliticoprofile\\\/home\\\/\"}]}<\/script>\n<!-- \/ Yoast SEO plugin. -->","yoast_head_json":{"title":"Casa do Autista de Macei\u00f3 abre novas vagas para equipe multidisciplinar com sal\u00e1rios de at\u00e9 R$ 10 mil - Resumo Pol\u00edtico","robots":{"index":"index","follow":"follow","max-snippet":"max-snippet:-1","max-image-preview":"max-image-preview:large","max-video-preview":"max-video-preview:-1"},"canonical":"https:\/\/resumopolitico.com.br\/?p=35625","og_locale":"pt_BR","og_type":"article","og_title":"Casa do Autista de Macei\u00f3 abre novas vagas para equipe multidisciplinar com sal\u00e1rios de at\u00e9 R$ 10 mil - Resumo Pol\u00edtico","og_description":"Processo seletivo por an\u00e1lise curricular segue at\u00e9 17 de mar\u00e7o e busca profissionais de diversas \u00e1reas para atuar na unidade que oferecer\u00e1 terapias especializadas pelo SUS Profissionais da \u00e1rea da sa\u00fade e da educa\u00e7\u00e3o t\u00eam uma nova oportunidade de atuar em um projeto que promete ampliar a assist\u00eancia especializada a pessoas com Transtorno do Espectro [&hellip;]","og_url":"https:\/\/resumopolitico.com.br\/?p=35625","og_site_name":"Resumo Pol\u00edtico","article_published_time":"2026-03-13T19:57:06+00:00","article_modified_time":"2026-03-13T19:57:45+00:00","og_image":[{"width":850,"height":560,"url":"https:\/\/resumopolitico.com.br\/wp-content\/uploads\/2026\/03\/Capturar_2026-02-25-181343_tajc_2026-03-13-125443_hinx.png","type":"image\/png"}],"author":"resumopolitico","twitter_card":"summary_large_image","twitter_misc":{"Escrito por":"resumopolitico","Est. tempo de leitura":"4 minutos"},"schema":{"@context":"https:\/\/schema.org","@graph":[{"@type":"Article","@id":"https:\/\/resumopolitico.com.br\/?p=35625#article","isPartOf":{"@id":"https:\/\/resumopolitico.com.br\/?p=35625"},"author":{"name":"resumopolitico","@id":"https:\/\/resumopolitico.com.br\/#\/schema\/person\/8e54285779750ca1eb5d54a40785d6f3"},"headline":"Casa do Autista de Macei\u00f3 abre novas vagas para equipe multidisciplinar com sal\u00e1rios de at\u00e9 R$ 10 mil","datePublished":"2026-03-13T19:57:06+00:00","dateModified":"2026-03-13T19:57:45+00:00","mainEntityOfPage":{"@id":"https:\/\/resumopolitico.com.br\/?p=35625"},"wordCount":626,"commentCount":0,"image":{"@id":"https:\/\/resumopolitico.com.br\/?p=35625#primaryimage"},"thumbnailUrl":"https:\/\/resumopolitico.com.br\/wp-content\/uploads\/2026\/03\/Capturar_2026-02-25-181343_tajc_2026-03-13-125443_hinx.png","articleSection":["Alagoas","Destaque"],"inLanguage":"pt-BR","potentialAction":[{"@type":"CommentAction","name":"Comment","target":["https:\/\/resumopolitico.com.br\/?p=35625#respond"]}]},{"@type":"WebPage","@id":"https:\/\/resumopolitico.com.br\/?p=35625","url":"https:\/\/resumopolitico.com.br\/?p=35625","name":"Casa do Autista de Macei\u00f3 abre novas vagas para equipe multidisciplinar com sal\u00e1rios de at\u00e9 R$ 10 mil - Resumo Pol\u00edtico","isPartOf":{"@id":"https:\/\/resumopolitico.com.br\/#website"},"primaryImageOfPage":{"@id":"https:\/\/resumopolitico.com.br\/?p=35625#primaryimage"},"image":{"@id":"https:\/\/resumopolitico.com.br\/?p=35625#primaryimage"},"thumbnailUrl":"https:\/\/resumopolitico.com.br\/wp-content\/uploads\/2026\/03\/Capturar_2026-02-25-181343_tajc_2026-03-13-125443_hinx.png","datePublished":"2026-03-13T19:57:06+00:00","dateModified":"2026-03-13T19:57:45+00:00","author":{"@id":"https:\/\/resumopolitico.com.br\/#\/schema\/person\/8e54285779750ca1eb5d54a40785d6f3"},"breadcrumb":{"@id":"https:\/\/resumopolitico.com.br\/?p=35625#breadcrumb"},"inLanguage":"pt-BR","potentialAction":[{"@type":"ReadAction","target":["https:\/\/resumopolitico.com.br\/?p=35625"]}]},{"@type":"ImageObject","inLanguage":"pt-BR","@id":"https:\/\/resumopolitico.com.br\/?p=35625#primaryimage","url":"https:\/\/resumopolitico.com.br\/wp-content\/uploads\/2026\/03\/Capturar_2026-02-25-181343_tajc_2026-03-13-125443_hinx.png","contentUrl":"https:\/\/resumopolitico.com.br\/wp-content\/uploads\/2026\/03\/Capturar_2026-02-25-181343_tajc_2026-03-13-125443_hinx.png","width":850,"height":560},{"@type":"BreadcrumbList","@id":"https:\/\/resumopolitico.com.br\/?p=35625#breadcrumb","itemListElement":[{"@type":"ListItem","position":1,"name":"In\u00edcio","item":"https:\/\/resumopolitico.com.br\/"},{"@type":"ListItem","position":2,"name":"Casa do Autista de Macei\u00f3 abre novas vagas para equipe multidisciplinar com sal\u00e1rios de at\u00e9 R$ 10 mil"}]},{"@type":"WebSite","@id":"https:\/\/resumopolitico.com.br\/#website","url":"https:\/\/resumopolitico.com.br\/","name":"Resumo Pol\u00edtico","description":"Resumo Pol\u00edtico","potentialAction":[{"@type":"SearchAction","target":{"@type":"EntryPoint","urlTemplate":"https:\/\/resumopolitico.com.br\/?s={search_term_string}"},"query-input":{"@type":"PropertyValueSpecification","valueRequired":true,"valueName":"search_term_string"}}],"inLanguage":"pt-BR"},{"@type":"Person","@id":"https:\/\/resumopolitico.com.br\/#\/schema\/person\/8e54285779750ca1eb5d54a40785d6f3","name":"resumopolitico","image":{"@type":"ImageObject","inLanguage":"pt-BR","@id":"\/\/www.gravatar.com\/avatar\/964d308c93aaf0c33319e9a3bc3b8ac5?s=96&#038;r=g&#038;d=mm","url":"\/\/www.gravatar.com\/avatar\/964d308c93aaf0c33319e9a3bc3b8ac5?s=96&#038;r=g&#038;d=mm","contentUrl":"\/\/www.gravatar.com\/avatar\/964d308c93aaf0c33319e9a3bc3b8ac5?s=96&#038;r=g&#038;d=mm","caption":"resumopolitico"},"sameAs":["http:\/\/resumopolitico.com.br"],"url":"https:\/\/resumopolitico.com.br\/?bp_members=1&bp_member=resumopoliticoprofile\/home\/"}]}},"_links":{"self":[{"href":"https:\/\/resumopolitico.com.br\/index.php?rest_route=\/wp\/v2\/posts\/35625","targetHints":{"allow":["GET"]}}],"collection":[{"href":"https:\/\/resumopolitico.com.br\/index.php?rest_route=\/wp\/v2\/posts"}],"about":[{"href":"https:\/\/resumopolitico.com.br\/index.php?rest_route=\/wp\/v2\/types\/post"}],"author":[{"embeddable":true,"href":"https:\/\/resumopolitico.com.br\/index.php?rest_route=\/wp\/v2\/users\/1"}],"replies":[{"embeddable":true,"href":"https:\/\/resumopolitico.com.br\/index.php?rest_route=%2Fwp%2Fv2%2Fcomments&post=35625"}],"version-history":[{"count":2,"href":"https:\/\/resumopolitico.com.br\/index.php?rest_route=\/wp\/v2\/posts\/35625\/revisions"}],"predecessor-version":[{"id":35628,"href":"https:\/\/resumopolitico.com.br\/index.php?rest_route=\/wp\/v2\/posts\/35625\/revisions\/35628"}],"wp:featuredmedia":[{"embeddable":true,"href":"https:\/\/resumopolitico.com.br\/index.php?rest_route=\/wp\/v2\/media\/35626"}],"wp:attachment":[{"href":"https:\/\/resumopolitico.com.br\/index.php?rest_route=%2Fwp%2Fv2%2Fmedia&parent=35625"}],"wp:term":[{"taxonomy":"category","embeddable":true,"href":"https:\/\/resumopolitico.com.br\/index.php?rest_route=%2Fwp%2Fv2%2Fcategories&post=35625"},{"taxonomy":"post_tag","embeddable":true,"href":"https:\/\/resumopolitico.com.br\/index.php?rest_route=%2Fwp%2Fv2%2Ftags&post=35625"}],"curies":[{"name":"wp","href":"https:\/\/api.w.org\/{rel}","templated":true}]}}