{"id":35636,"date":"2026-03-13T17:15:04","date_gmt":"2026-03-13T20:15:04","guid":{"rendered":"https:\/\/resumopolitico.com.br\/?p=35636"},"modified":"2026-03-13T17:17:20","modified_gmt":"2026-03-13T20:17:20","slug":"35636","status":"publish","type":"post","link":"https:\/\/resumopolitico.com.br\/?p=35636","title":{"rendered":"Cons\u00f3rcio Nordeste manifesta apoio \u00e0 inclus\u00e3o de bolsistas de pesquisa na Previd\u00eancia Social"},"content":{"rendered":"<p class=\"text-black font-18 mt-0 pt-0\">Nota destaca contribui\u00e7\u00e3o dos bolsistas para a gera\u00e7\u00e3o de conhecimento e inova\u00e7\u00e3o e refor\u00e7a pedido para que projeto de lei seja aprovado pelo Congresso Nacional<\/p>\n<p>O Cons\u00f3rcio Nordeste declara apoio \u00e0 aprova\u00e7\u00e3o do Projeto de Lei n\u00ba 6.894\/2013 e propostas apensadas, que tratam da inclus\u00e3o de bolsistas de pesquisa no Regime Geral de Previd\u00eancia Social (RGPS). Atualmente, esse p\u00fablico n\u00e3o conta com prote\u00e7\u00e3o previdenci\u00e1ria e o Cons\u00f3rcio se une a entidades como a Academia Brasileira de Ci\u00eancias (ABC), a Sociedade Brasileira para o Progresso da Ci\u00eancia (SBPC), o CNPq e a CAPES na solicita\u00e7\u00e3o para que o PL seja colocado em pauta e aprovado pelo Congresso Nacional.<\/p>\n<p>Em nota divulgada nesta quinta-feira (12), o Cons\u00f3rcio ressalta que os bolsistas que atuam em regime de dedica\u00e7\u00e3o \u00e0s atividades de pesquisa contribuem para a gera\u00e7\u00e3o de inova\u00e7\u00e3o e para solu\u00e7\u00f5es voltadas a desafios econ\u00f4micos e sociais, exercem papel estruturante na produ\u00e7\u00e3o de conhecimento do pa\u00eds e fortalecem as bases do desenvolvimento econ\u00f4mico, social e tecnol\u00f3gico do Brasil.<\/p>\n<p>Para F\u00e1bio Guedes, coordenador da C\u00e2mara Tem\u00e1tica de Ci\u00eancia e Fomento ao Conhecimento do Cons\u00f3rcio Nordeste e presidente da Funda\u00e7\u00e3o de Amparo \u00e0 Pesquisa do Estado de Alagoas (Fapeal), a aprova\u00e7\u00e3o representa um avan\u00e7o aguardado. \u201cEssa \u00e9 uma conquista muito aguardada pelos estudantes da p\u00f3s-gradua\u00e7\u00e3o brasileira, representada pela ANPG. O Cons\u00f3rcio Nordeste, na gest\u00e3o Paulo Dantas, se identifica inteiramente com ela, pois reconhece os direitos desses estudantes que contribuem com um trabalho qualificado para o avan\u00e7o da ci\u00eancia brasileira\u201d, afirmou.<\/p>\n<p>O Cons\u00f3rcio tamb\u00e9m pondera que a implementa\u00e7\u00e3o da medida deve observar a garantia de fonte de custeio, em conformidade com os princ\u00edpios de responsabilidade fiscal e sustentabilidade financeira, de modo a assegurar sua viabilidade sem comprometer os or\u00e7amentos destinados ao fomento cient\u00edfico.<\/p>\n<p><b>Leia a \u00edntegra da nota:<\/b><\/p>\n<p><b>Manifesta\u00e7\u00e3o do Cons\u00f3rcio Nordeste em apoio ao PL n\u00ba 6.894\/2013<\/b><\/p>\n<p>O Cons\u00f3rcio Interestadual de Desenvolvimento Sustent\u00e1vel do Nordeste manifesta apoio \u00e0 aprova\u00e7\u00e3o do Projeto de Lei n\u00ba 6.894\/2013 e proposi\u00e7\u00f5es apensadas, que tratam da inclus\u00e3o de bolsistas de pesquisa no Regime Geral de Previd\u00eancia Social (RGPS).<\/p>\n<p>A iniciativa, apoiada pela Academia Brasileira de Ci\u00eancias (ABC), pela Sociedade Brasileira para o Progresso da Ci\u00eancia (SBPC), pelo CNPq e pela CAPES, corrige uma lacuna hist\u00f3rica ao reconhecer que a forma\u00e7\u00e3o cient\u00edfica \u00e9 parte essencial da produ\u00e7\u00e3o de conhecimento no pa\u00eds e constitui um investimento estrat\u00e9gico para o desenvolvimento nacional. Jovens pesquisadores dedicam-se intensamente \u00e0s atividades de pesquisa, muitas vezes em regime de exclusividade, contribuindo para a gera\u00e7\u00e3o de conhecimento, inova\u00e7\u00e3o e solu\u00e7\u00f5es para desafios econ\u00f4micos e sociais do Brasil. Ainda assim, permanecem sem prote\u00e7\u00e3o previdenci\u00e1ria adequada.<\/p>\n<p>O Cons\u00f3rcio Nordeste se manifesta favor\u00e1vel \u00e0 proposi\u00e7\u00e3o e acompanha o posicionamento das principais entidades representativas da comunidade cient\u00edfica brasileira, como a ABC e a SBPC, e ag\u00eancias federais, como o CNPq e CAPES.<\/p>\n<p>Nos \u00faltimos anos, a regi\u00e3o Nordeste tem registrado avan\u00e7os significativos na consolida\u00e7\u00e3o de seu sistema de ci\u00eancia, tecnologia e inova\u00e7\u00e3o, com a expans\u00e3o e qualifica\u00e7\u00e3o dos Programas de P\u00f3s-Gradua\u00e7\u00e3o nas universidades e centros universit\u00e1rios da regi\u00e3o. Esse movimento tem sido reconhecido nas avalia\u00e7\u00f5es nacionais da p\u00f3s-gradua\u00e7\u00e3o apresentados pela CAPES e reflete o esfor\u00e7o conjunto das institui\u00e7\u00f5es de ensino superior, das ag\u00eancias federais de fomento e, especialmente, das Funda\u00e7\u00f5es Estaduais de Amparo \u00e0 Pesquisa (FAPs), com o apoio dos governos estaduais, para fortalecer a forma\u00e7\u00e3o cient\u00edfica e ampliar a produ\u00e7\u00e3o de conhecimento na regi\u00e3o.<\/p>\n<p>Nesse contexto, assegurar prote\u00e7\u00e3o previdenci\u00e1ria aos bolsistas de pesquisa representa um passo importante para fortalecer a atratividade das carreiras cient\u00edficas, valorizar a forma\u00e7\u00e3o de recursos humanos altamente qualificados e consolidar o Sistema Nacional de Ci\u00eancia, Tecnologia e Inova\u00e7\u00e3o.<\/p>\n<p>Ao mesmo tempo, entende-se que a implementa\u00e7\u00e3o da medida deve observar a necess\u00e1ria garantia de fonte de custeio, em conformidade com os princ\u00edpios de responsabilidade fiscal e sustentabilidade financeira da pol\u00edtica p\u00fablica, de modo a assegurar sua viabilidade sem comprometer os or\u00e7amentos destinados ao fomento cient\u00edfico e \u00e0 concess\u00e3o de bolsas.<\/p>\n<p>Diante disso, os estados que integram o Cons\u00f3rcio Nordeste manifestam seu apoio para que o Projeto de Lei n\u00ba 6.894\/2013 seja colocado em pauta e aprovado pelo Congresso Nacional, reconhecendo que valorizar a forma\u00e7\u00e3o cient\u00edfica \u00e9 fortalecer as bases do desenvolvimento econ\u00f4mico, social e tecnol\u00f3gico do Brasil.<\/p>\n<p>Nordeste Brasileiro, 11 de mar\u00e7o de 2026.<\/p>\n<p>Paulo Suruagy Britto do Amaral Dantas<\/p>\n<p>Presidente do Cons\u00f3rcio Nordeste<\/p>\n","protected":false},"excerpt":{"rendered":"<p>Nota destaca contribui\u00e7\u00e3o dos bolsistas para a gera\u00e7\u00e3o de conhecimento e inova\u00e7\u00e3o e refor\u00e7a pedido para que projeto de lei seja aprovado pelo Congresso Nacional O Cons\u00f3rcio Nordeste declara apoio \u00e0 aprova\u00e7\u00e3o do Projeto de Lei n\u00ba 6.894\/2013 e propostas apensadas, que tratam da inclus\u00e3o de bolsistas de pesquisa no Regime Geral de Previd\u00eancia Social [&hellip;]<\/p>\n","protected":false},"author":1,"featured_media":35637,"comment_status":"open","ping_status":"open","sticky":false,"template":"","format":"standard","meta":{"_monsterinsights_skip_tracking":false,"_monsterinsights_sitenote_active":false,"_monsterinsights_sitenote_note":"","_monsterinsights_sitenote_category":0,"footnotes":""},"categories":[66,104],"tags":[],"class_list":["post-35636","post","type-post","status-publish","format-standard","has-post-thumbnail","hentry","category-alagoas","category-destaque"],"yoast_head":"<!-- This site is optimized with the Yoast SEO plugin v27.5 - https:\/\/yoast.com\/product\/yoast-seo-wordpress\/ -->\n<title>Cons\u00f3rcio Nordeste manifesta apoio \u00e0 inclus\u00e3o de bolsistas de pesquisa na Previd\u00eancia Social - Resumo Pol\u00edtico<\/title>\n<meta name=\"robots\" content=\"index, follow, max-snippet:-1, max-image-preview:large, max-video-preview:-1\" \/>\n<link rel=\"canonical\" href=\"https:\/\/resumopolitico.com.br\/?p=35636\" \/>\n<meta property=\"og:locale\" content=\"pt_BR\" \/>\n<meta property=\"og:type\" content=\"article\" \/>\n<meta property=\"og:title\" content=\"Cons\u00f3rcio Nordeste manifesta apoio \u00e0 inclus\u00e3o de bolsistas de pesquisa na Previd\u00eancia Social - Resumo Pol\u00edtico\" \/>\n<meta property=\"og:description\" content=\"Nota destaca contribui\u00e7\u00e3o dos bolsistas para a gera\u00e7\u00e3o de conhecimento e inova\u00e7\u00e3o e refor\u00e7a pedido para que projeto de lei seja aprovado pelo Congresso Nacional O Cons\u00f3rcio Nordeste declara apoio \u00e0 aprova\u00e7\u00e3o do Projeto de Lei n\u00ba 6.894\/2013 e propostas apensadas, que tratam da inclus\u00e3o de bolsistas de pesquisa no Regime Geral de Previd\u00eancia Social [&hellip;]\" \/>\n<meta property=\"og:url\" content=\"https:\/\/resumopolitico.com.br\/?p=35636\" \/>\n<meta property=\"og:site_name\" content=\"Resumo Pol\u00edtico\" \/>\n<meta property=\"article:published_time\" content=\"2026-03-13T20:15:04+00:00\" \/>\n<meta property=\"article:modified_time\" content=\"2026-03-13T20:17:20+00:00\" \/>\n<meta property=\"og:image\" content=\"https:\/\/resumopolitico.com.br\/wp-content\/uploads\/2026\/03\/consorcio-nordeste-manifesta-apoio-a-inclusao-de-bolsistas-de-pesquisa-na-previdencia-social-scaled.jpeg\" \/>\n\t<meta property=\"og:image:width\" content=\"2560\" \/>\n\t<meta property=\"og:image:height\" content=\"1707\" \/>\n\t<meta property=\"og:image:type\" content=\"image\/jpeg\" \/>\n<meta name=\"author\" content=\"resumopolitico\" \/>\n<meta name=\"twitter:card\" content=\"summary_large_image\" \/>\n<meta name=\"twitter:label1\" content=\"Escrito por\" \/>\n\t<meta name=\"twitter:data1\" content=\"resumopolitico\" \/>\n\t<meta name=\"twitter:label2\" content=\"Est. tempo de leitura\" \/>\n\t<meta name=\"twitter:data2\" content=\"5 minutos\" \/>\n<script type=\"application\/ld+json\" class=\"yoast-schema-graph\">{\"@context\":\"https:\\\/\\\/schema.org\",\"@graph\":[{\"@type\":\"Article\",\"@id\":\"https:\\\/\\\/resumopolitico.com.br\\\/?p=35636#article\",\"isPartOf\":{\"@id\":\"https:\\\/\\\/resumopolitico.com.br\\\/?p=35636\"},\"author\":{\"name\":\"resumopolitico\",\"@id\":\"https:\\\/\\\/resumopolitico.com.br\\\/#\\\/schema\\\/person\\\/8e54285779750ca1eb5d54a40785d6f3\"},\"headline\":\"Cons\u00f3rcio Nordeste manifesta apoio \u00e0 inclus\u00e3o de bolsistas de pesquisa na Previd\u00eancia Social\",\"datePublished\":\"2026-03-13T20:15:04+00:00\",\"dateModified\":\"2026-03-13T20:17:20+00:00\",\"mainEntityOfPage\":{\"@id\":\"https:\\\/\\\/resumopolitico.com.br\\\/?p=35636\"},\"wordCount\":821,\"commentCount\":0,\"image\":{\"@id\":\"https:\\\/\\\/resumopolitico.com.br\\\/?p=35636#primaryimage\"},\"thumbnailUrl\":\"https:\\\/\\\/resumopolitico.com.br\\\/wp-content\\\/uploads\\\/2026\\\/03\\\/consorcio-nordeste-manifesta-apoio-a-inclusao-de-bolsistas-de-pesquisa-na-previdencia-social-scaled.jpeg\",\"articleSection\":[\"Alagoas\",\"Destaque\"],\"inLanguage\":\"pt-BR\",\"potentialAction\":[{\"@type\":\"CommentAction\",\"name\":\"Comment\",\"target\":[\"https:\\\/\\\/resumopolitico.com.br\\\/?p=35636#respond\"]}]},{\"@type\":\"WebPage\",\"@id\":\"https:\\\/\\\/resumopolitico.com.br\\\/?p=35636\",\"url\":\"https:\\\/\\\/resumopolitico.com.br\\\/?p=35636\",\"name\":\"Cons\u00f3rcio Nordeste manifesta apoio \u00e0 inclus\u00e3o de bolsistas de pesquisa na Previd\u00eancia Social - Resumo Pol\u00edtico\",\"isPartOf\":{\"@id\":\"https:\\\/\\\/resumopolitico.com.br\\\/#website\"},\"primaryImageOfPage\":{\"@id\":\"https:\\\/\\\/resumopolitico.com.br\\\/?p=35636#primaryimage\"},\"image\":{\"@id\":\"https:\\\/\\\/resumopolitico.com.br\\\/?p=35636#primaryimage\"},\"thumbnailUrl\":\"https:\\\/\\\/resumopolitico.com.br\\\/wp-content\\\/uploads\\\/2026\\\/03\\\/consorcio-nordeste-manifesta-apoio-a-inclusao-de-bolsistas-de-pesquisa-na-previdencia-social-scaled.jpeg\",\"datePublished\":\"2026-03-13T20:15:04+00:00\",\"dateModified\":\"2026-03-13T20:17:20+00:00\",\"author\":{\"@id\":\"https:\\\/\\\/resumopolitico.com.br\\\/#\\\/schema\\\/person\\\/8e54285779750ca1eb5d54a40785d6f3\"},\"breadcrumb\":{\"@id\":\"https:\\\/\\\/resumopolitico.com.br\\\/?p=35636#breadcrumb\"},\"inLanguage\":\"pt-BR\",\"potentialAction\":[{\"@type\":\"ReadAction\",\"target\":[\"https:\\\/\\\/resumopolitico.com.br\\\/?p=35636\"]}]},{\"@type\":\"ImageObject\",\"inLanguage\":\"pt-BR\",\"@id\":\"https:\\\/\\\/resumopolitico.com.br\\\/?p=35636#primaryimage\",\"url\":\"https:\\\/\\\/resumopolitico.com.br\\\/wp-content\\\/uploads\\\/2026\\\/03\\\/consorcio-nordeste-manifesta-apoio-a-inclusao-de-bolsistas-de-pesquisa-na-previdencia-social-scaled.jpeg\",\"contentUrl\":\"https:\\\/\\\/resumopolitico.com.br\\\/wp-content\\\/uploads\\\/2026\\\/03\\\/consorcio-nordeste-manifesta-apoio-a-inclusao-de-bolsistas-de-pesquisa-na-previdencia-social-scaled.jpeg\",\"width\":2560,\"height\":1707},{\"@type\":\"BreadcrumbList\",\"@id\":\"https:\\\/\\\/resumopolitico.com.br\\\/?p=35636#breadcrumb\",\"itemListElement\":[{\"@type\":\"ListItem\",\"position\":1,\"name\":\"In\u00edcio\",\"item\":\"https:\\\/\\\/resumopolitico.com.br\\\/\"},{\"@type\":\"ListItem\",\"position\":2,\"name\":\"Cons\u00f3rcio Nordeste manifesta apoio \u00e0 inclus\u00e3o de bolsistas de pesquisa na Previd\u00eancia Social\"}]},{\"@type\":\"WebSite\",\"@id\":\"https:\\\/\\\/resumopolitico.com.br\\\/#website\",\"url\":\"https:\\\/\\\/resumopolitico.com.br\\\/\",\"name\":\"Resumo Pol\u00edtico\",\"description\":\"Resumo Pol\u00edtico\",\"potentialAction\":[{\"@type\":\"SearchAction\",\"target\":{\"@type\":\"EntryPoint\",\"urlTemplate\":\"https:\\\/\\\/resumopolitico.com.br\\\/?s={search_term_string}\"},\"query-input\":{\"@type\":\"PropertyValueSpecification\",\"valueRequired\":true,\"valueName\":\"search_term_string\"}}],\"inLanguage\":\"pt-BR\"},{\"@type\":\"Person\",\"@id\":\"https:\\\/\\\/resumopolitico.com.br\\\/#\\\/schema\\\/person\\\/8e54285779750ca1eb5d54a40785d6f3\",\"name\":\"resumopolitico\",\"image\":{\"@type\":\"ImageObject\",\"inLanguage\":\"pt-BR\",\"@id\":\"\\\/\\\/www.gravatar.com\\\/avatar\\\/964d308c93aaf0c33319e9a3bc3b8ac5?s=96&#038;r=g&#038;d=mm\",\"url\":\"\\\/\\\/www.gravatar.com\\\/avatar\\\/964d308c93aaf0c33319e9a3bc3b8ac5?s=96&#038;r=g&#038;d=mm\",\"contentUrl\":\"\\\/\\\/www.gravatar.com\\\/avatar\\\/964d308c93aaf0c33319e9a3bc3b8ac5?s=96&#038;r=g&#038;d=mm\",\"caption\":\"resumopolitico\"},\"sameAs\":[\"http:\\\/\\\/resumopolitico.com.br\"],\"url\":\"https:\\\/\\\/resumopolitico.com.br\\\/?bp_members=1&bp_member=resumopoliticoprofile\\\/home\\\/\"}]}<\/script>\n<!-- \/ Yoast SEO plugin. -->","yoast_head_json":{"title":"Cons\u00f3rcio Nordeste manifesta apoio \u00e0 inclus\u00e3o de bolsistas de pesquisa na Previd\u00eancia Social - Resumo Pol\u00edtico","robots":{"index":"index","follow":"follow","max-snippet":"max-snippet:-1","max-image-preview":"max-image-preview:large","max-video-preview":"max-video-preview:-1"},"canonical":"https:\/\/resumopolitico.com.br\/?p=35636","og_locale":"pt_BR","og_type":"article","og_title":"Cons\u00f3rcio Nordeste manifesta apoio \u00e0 inclus\u00e3o de bolsistas de pesquisa na Previd\u00eancia Social - Resumo Pol\u00edtico","og_description":"Nota destaca contribui\u00e7\u00e3o dos bolsistas para a gera\u00e7\u00e3o de conhecimento e inova\u00e7\u00e3o e refor\u00e7a pedido para que projeto de lei seja aprovado pelo Congresso Nacional O Cons\u00f3rcio Nordeste declara apoio \u00e0 aprova\u00e7\u00e3o do Projeto de Lei n\u00ba 6.894\/2013 e propostas apensadas, que tratam da inclus\u00e3o de bolsistas de pesquisa no Regime Geral de Previd\u00eancia Social [&hellip;]","og_url":"https:\/\/resumopolitico.com.br\/?p=35636","og_site_name":"Resumo Pol\u00edtico","article_published_time":"2026-03-13T20:15:04+00:00","article_modified_time":"2026-03-13T20:17:20+00:00","og_image":[{"width":2560,"height":1707,"url":"https:\/\/resumopolitico.com.br\/wp-content\/uploads\/2026\/03\/consorcio-nordeste-manifesta-apoio-a-inclusao-de-bolsistas-de-pesquisa-na-previdencia-social-scaled.jpeg","type":"image\/jpeg"}],"author":"resumopolitico","twitter_card":"summary_large_image","twitter_misc":{"Escrito por":"resumopolitico","Est. tempo de leitura":"5 minutos"},"schema":{"@context":"https:\/\/schema.org","@graph":[{"@type":"Article","@id":"https:\/\/resumopolitico.com.br\/?p=35636#article","isPartOf":{"@id":"https:\/\/resumopolitico.com.br\/?p=35636"},"author":{"name":"resumopolitico","@id":"https:\/\/resumopolitico.com.br\/#\/schema\/person\/8e54285779750ca1eb5d54a40785d6f3"},"headline":"Cons\u00f3rcio Nordeste manifesta apoio \u00e0 inclus\u00e3o de bolsistas de pesquisa na Previd\u00eancia Social","datePublished":"2026-03-13T20:15:04+00:00","dateModified":"2026-03-13T20:17:20+00:00","mainEntityOfPage":{"@id":"https:\/\/resumopolitico.com.br\/?p=35636"},"wordCount":821,"commentCount":0,"image":{"@id":"https:\/\/resumopolitico.com.br\/?p=35636#primaryimage"},"thumbnailUrl":"https:\/\/resumopolitico.com.br\/wp-content\/uploads\/2026\/03\/consorcio-nordeste-manifesta-apoio-a-inclusao-de-bolsistas-de-pesquisa-na-previdencia-social-scaled.jpeg","articleSection":["Alagoas","Destaque"],"inLanguage":"pt-BR","potentialAction":[{"@type":"CommentAction","name":"Comment","target":["https:\/\/resumopolitico.com.br\/?p=35636#respond"]}]},{"@type":"WebPage","@id":"https:\/\/resumopolitico.com.br\/?p=35636","url":"https:\/\/resumopolitico.com.br\/?p=35636","name":"Cons\u00f3rcio Nordeste manifesta apoio \u00e0 inclus\u00e3o de bolsistas de pesquisa na Previd\u00eancia Social - Resumo Pol\u00edtico","isPartOf":{"@id":"https:\/\/resumopolitico.com.br\/#website"},"primaryImageOfPage":{"@id":"https:\/\/resumopolitico.com.br\/?p=35636#primaryimage"},"image":{"@id":"https:\/\/resumopolitico.com.br\/?p=35636#primaryimage"},"thumbnailUrl":"https:\/\/resumopolitico.com.br\/wp-content\/uploads\/2026\/03\/consorcio-nordeste-manifesta-apoio-a-inclusao-de-bolsistas-de-pesquisa-na-previdencia-social-scaled.jpeg","datePublished":"2026-03-13T20:15:04+00:00","dateModified":"2026-03-13T20:17:20+00:00","author":{"@id":"https:\/\/resumopolitico.com.br\/#\/schema\/person\/8e54285779750ca1eb5d54a40785d6f3"},"breadcrumb":{"@id":"https:\/\/resumopolitico.com.br\/?p=35636#breadcrumb"},"inLanguage":"pt-BR","potentialAction":[{"@type":"ReadAction","target":["https:\/\/resumopolitico.com.br\/?p=35636"]}]},{"@type":"ImageObject","inLanguage":"pt-BR","@id":"https:\/\/resumopolitico.com.br\/?p=35636#primaryimage","url":"https:\/\/resumopolitico.com.br\/wp-content\/uploads\/2026\/03\/consorcio-nordeste-manifesta-apoio-a-inclusao-de-bolsistas-de-pesquisa-na-previdencia-social-scaled.jpeg","contentUrl":"https:\/\/resumopolitico.com.br\/wp-content\/uploads\/2026\/03\/consorcio-nordeste-manifesta-apoio-a-inclusao-de-bolsistas-de-pesquisa-na-previdencia-social-scaled.jpeg","width":2560,"height":1707},{"@type":"BreadcrumbList","@id":"https:\/\/resumopolitico.com.br\/?p=35636#breadcrumb","itemListElement":[{"@type":"ListItem","position":1,"name":"In\u00edcio","item":"https:\/\/resumopolitico.com.br\/"},{"@type":"ListItem","position":2,"name":"Cons\u00f3rcio Nordeste manifesta apoio \u00e0 inclus\u00e3o de bolsistas de pesquisa na Previd\u00eancia Social"}]},{"@type":"WebSite","@id":"https:\/\/resumopolitico.com.br\/#website","url":"https:\/\/resumopolitico.com.br\/","name":"Resumo Pol\u00edtico","description":"Resumo Pol\u00edtico","potentialAction":[{"@type":"SearchAction","target":{"@type":"EntryPoint","urlTemplate":"https:\/\/resumopolitico.com.br\/?s={search_term_string}"},"query-input":{"@type":"PropertyValueSpecification","valueRequired":true,"valueName":"search_term_string"}}],"inLanguage":"pt-BR"},{"@type":"Person","@id":"https:\/\/resumopolitico.com.br\/#\/schema\/person\/8e54285779750ca1eb5d54a40785d6f3","name":"resumopolitico","image":{"@type":"ImageObject","inLanguage":"pt-BR","@id":"\/\/www.gravatar.com\/avatar\/964d308c93aaf0c33319e9a3bc3b8ac5?s=96&#038;r=g&#038;d=mm","url":"\/\/www.gravatar.com\/avatar\/964d308c93aaf0c33319e9a3bc3b8ac5?s=96&#038;r=g&#038;d=mm","contentUrl":"\/\/www.gravatar.com\/avatar\/964d308c93aaf0c33319e9a3bc3b8ac5?s=96&#038;r=g&#038;d=mm","caption":"resumopolitico"},"sameAs":["http:\/\/resumopolitico.com.br"],"url":"https:\/\/resumopolitico.com.br\/?bp_members=1&bp_member=resumopoliticoprofile\/home\/"}]}},"_links":{"self":[{"href":"https:\/\/resumopolitico.com.br\/index.php?rest_route=\/wp\/v2\/posts\/35636","targetHints":{"allow":["GET"]}}],"collection":[{"href":"https:\/\/resumopolitico.com.br\/index.php?rest_route=\/wp\/v2\/posts"}],"about":[{"href":"https:\/\/resumopolitico.com.br\/index.php?rest_route=\/wp\/v2\/types\/post"}],"author":[{"embeddable":true,"href":"https:\/\/resumopolitico.com.br\/index.php?rest_route=\/wp\/v2\/users\/1"}],"replies":[{"embeddable":true,"href":"https:\/\/resumopolitico.com.br\/index.php?rest_route=%2Fwp%2Fv2%2Fcomments&post=35636"}],"version-history":[{"count":2,"href":"https:\/\/resumopolitico.com.br\/index.php?rest_route=\/wp\/v2\/posts\/35636\/revisions"}],"predecessor-version":[{"id":35639,"href":"https:\/\/resumopolitico.com.br\/index.php?rest_route=\/wp\/v2\/posts\/35636\/revisions\/35639"}],"wp:featuredmedia":[{"embeddable":true,"href":"https:\/\/resumopolitico.com.br\/index.php?rest_route=\/wp\/v2\/media\/35637"}],"wp:attachment":[{"href":"https:\/\/resumopolitico.com.br\/index.php?rest_route=%2Fwp%2Fv2%2Fmedia&parent=35636"}],"wp:term":[{"taxonomy":"category","embeddable":true,"href":"https:\/\/resumopolitico.com.br\/index.php?rest_route=%2Fwp%2Fv2%2Fcategories&post=35636"},{"taxonomy":"post_tag","embeddable":true,"href":"https:\/\/resumopolitico.com.br\/index.php?rest_route=%2Fwp%2Fv2%2Ftags&post=35636"}],"curies":[{"name":"wp","href":"https:\/\/api.w.org\/{rel}","templated":true}]}}