{"id":35644,"date":"2026-03-13T17:52:43","date_gmt":"2026-03-13T20:52:43","guid":{"rendered":"https:\/\/resumopolitico.com.br\/?p=35644"},"modified":"2026-03-13T17:53:37","modified_gmt":"2026-03-13T20:53:37","slug":"35644","status":"publish","type":"post","link":"https:\/\/resumopolitico.com.br\/?p=35644","title":{"rendered":"Escola Preparat\u00f3ria de Fortaleza"},"content":{"rendered":"<p>Hist\u00f3rias do Velho Capita<\/p>\n<p><img fetchpriority=\"high\" decoding=\"async\" class=\"alignnone size-full wp-image-35645\" src=\"https:\/\/resumopolitico.com.br\/wp-content\/uploads\/2026\/03\/EscolaMilitar-de-Fortaleza03.jpg\" alt=\"\" width=\"960\" height=\"540\" srcset=\"https:\/\/resumopolitico.com.br\/wp-content\/uploads\/2026\/03\/EscolaMilitar-de-Fortaleza03.jpg 960w, https:\/\/resumopolitico.com.br\/wp-content\/uploads\/2026\/03\/EscolaMilitar-de-Fortaleza03-300x169.jpg 300w, https:\/\/resumopolitico.com.br\/wp-content\/uploads\/2026\/03\/EscolaMilitar-de-Fortaleza03-768x432.jpg 768w, https:\/\/resumopolitico.com.br\/wp-content\/uploads\/2026\/03\/EscolaMilitar-de-Fortaleza03-750x422.jpg 750w\" sizes=\"(max-width: 960px) 100vw, 960px\" \/><\/p>\n<p>Eu era menino, menino. Tinha me submetido ao dif\u00edcil exame para a Escola Preparat\u00f3ria de Cadetes de Fortaleza. Naquele tempo, em Macei\u00f3 s\u00f3 havia a Faculdade de Direito. O jovem ingressar na Escola Militar, ser Oficial do Ex\u00e9rcito ou entrar no Banco do Brasil era o sonho das fam\u00edlias da classe m\u00e9dia. Foi numa noite de festa de rua, na Pra\u00e7a Sinimbu, que Jarbas Bagd\u00e1 me deu a not\u00edcia: Eu havia passado nos exames. Jarbas com o jornal, o Globo, do Rio na m\u00e3o, mostrou-me a rela\u00e7\u00e3o. Meu nome ali era a gl\u00f3ria, muita emo\u00e7\u00e3o, muita vibra\u00e7\u00e3o. Apenas tr\u00eas candidatos passaram no Estado de Alagoas. Fui correndo para casa dar a not\u00edcia. D. Zeca improvisou a maior festa, que durou at\u00e9 altas horas da noite, com amigos e parentes, muita bebida e comida. No final da festa, fui at\u00e9 a Avenida da Paz, andei sem rumo pela praia. A Lua iluminava de prata as \u00e1guas daquela imensid\u00e3o do mar. Fiquei a me perguntar: \u201d O que ser\u00e1?\u201d. Sentei-me no parapeito do coreto, olhando para aquele infinito escuro, apenas a t\u00eanue ilumina\u00e7\u00e3o da Lua, n\u00e3o sei de felicidade ou tristeza, chorei como menino\u2026 Estava deixando de s\u00ea-lo. Foi o que aconteceu de mais bonita de minha vida\u2026 ser menino. Vi o dia amanhecer e fui dormir.<\/p>\n<p>Numa madrugada de mar\u00e7o, deixando minha m\u00e3e chorosa, meu pai me levou \u00e0 bela Esta\u00e7\u00e3o Ferrovi\u00e1ria de Macei\u00f3. Peguei o trem para Recife juntamente com Rubi\u00e3o Torres e Elio Wanderley, os dois outros alagoanos que passaram nos exames da Escola Preparat\u00f3ria. Partimos no famoso Trem das Alagoas, saiu \u00e0s seis horas da manh\u00e3 de Macei\u00f3, com chegada prevista no Recife \u00e0s 18:00 horas, nunca cumprindo o hor\u00e1rio.<\/p>\n<p>Escalas incont\u00e1veis. Passamos em Bebedouro, Fern\u00e3o Velho, Satuba, Uni\u00e3o dos Palmares e mais in\u00fameras cidadezinhas perdidas nos canaviais de Alagoas e Pernambuco. Nas esta\u00e7\u00f5es, desciam e entravam novos passageiros, sempre com mala ou saco, o cadeado era um n\u00f3. O trem parava o m\u00ednimo poss\u00edvel, era o tempo de apreciar os vendedores de frutas, de comidas regionais, uma feira de mangaio: \u201cOlha a manga madurinha. Cavaco, olha o cavaco\u2026 Tapioca quentinha feita na hora\u2026 Olha a \u00e1gua de quartinha\u2026 Chap\u00e9u de palha\u2026\u201d Achava interessante aquele com\u00e9rcio ambulante em cada esta\u00e7\u00e3o, como se fossem as mesmas pessoas, raramente uma novidade nos artigos oferecidos.<\/p>\n<p>Um belo c\u00e9u azul quase sem nuvem se encontrava com o verde ondulado dos canaviais nos long\u00ednquos horizontes. O poeta pernambucano Ascencio Ferreira imortalizou essa viagem com seu poema, O Trem das Alagoas: \u201cVou danado pra Catende, vou danado pra Catende, vou danado pra Catende com vontade de chegar\u2026 Mergulham mocambos nos mangues molhados\u2026 Moleques mulatos v\u00eam v\u00ea-los passar\u2026 Adeus, adeus. Mangueiras, coqueiros. Cajueiros em Bor. Cajueiros em frutos j\u00e1 bom de chupar. Adeus morena do cabelo cacheado\u2026 Vou danado pra Catende com vontade de chegar\u2026 Cana caiana. Cana roxa. Cana fita. Cada qual \u00e9 mais bonita. Todas boas de chupar\u2026 Vou danado pra Catende, vou danado pra Catende. J\u00e1 deixei a praia longe\u2026 e vem perto outro mar.\u201d Que mar ser\u00e1? Pensava. Viagem cansativa, bancos de madeira dura. Para amenizar, convers\u00e1vamos. Especul\u00e1vamos o que haveria de ser, n\u00f3s tr\u00eas meninos. Mas, no fundo, eu estava com uma saudade tremenda, minha m\u00e3e, meu pai, meus irm\u00e3os, minha bonita fam\u00edlia, meu mundo, minha praia da Avenida. \u00c0s vezes a vontade de chorar chegava, olhava o verde canavial no infinito disfar\u00e7adamente para enxugar uma l\u00e1grima. Era apenas um menino.<\/p>\n<p>Ao Chegar em Recife, embarcamos num navio de Guerra at\u00e9 Fortaleza. 77 jovens de todo o Brasil ingressavam na Escola Preparat\u00f3ria de Fortaleza naquele dia. Era preciso ter ra\u00e7a, ser forte para enfrentar a nova vida. Algumas vezes tive vontade de desistir, mas os colegas incentivavam para terminar o curso, foram seis anos, contando com a Academia Militar das Agulhas Negras de onde me formei tenente do Ex\u00e9rcito. Depois da formatura os colegas se espalharam pelo Brasil, a maioria seguiu a carreira militar chegando ao generalato, eu deixei o Ex\u00e9rcito como Capit\u00e3o. Desde a Escola nos tornamos irm\u00e3os. E nesse fim de semana haveremos de nos encontrar e celebrar os 70 anos do ingresso na Escola Preparat\u00f3ria. Ser\u00e3o quatro dias de alegria, muitas hist\u00f3rias, muitas recorda\u00e7\u00f5es, alguns j\u00e1 se foram, choramos. Ainda sobram veteranos irm\u00e3os de armas, conservados no companheirismo, camaradagem, confian\u00e7a, lealdade, amor e carinho por tantos anos.<\/p>\n","protected":false},"excerpt":{"rendered":"<p>Hist\u00f3rias do Velho Capita Eu era menino, menino. Tinha me submetido ao dif\u00edcil exame para a Escola Preparat\u00f3ria de Cadetes de Fortaleza. Naquele tempo, em Macei\u00f3 s\u00f3 havia a Faculdade de Direito. O jovem ingressar na Escola Militar, ser Oficial do Ex\u00e9rcito ou entrar no Banco do Brasil era o sonho das fam\u00edlias da classe [&hellip;]<\/p>\n","protected":false},"author":1,"featured_media":30997,"comment_status":"open","ping_status":"open","sticky":false,"template":"","format":"standard","meta":{"_monsterinsights_skip_tracking":false,"_monsterinsights_sitenote_active":false,"_monsterinsights_sitenote_note":"","_monsterinsights_sitenote_category":0,"footnotes":""},"categories":[95,104],"tags":[],"class_list":["post-35644","post","type-post","status-publish","format-standard","has-post-thumbnail","hentry","category-carlito_lima","category-destaque"],"yoast_head":"<!-- This site is optimized with the Yoast SEO plugin v27.5 - https:\/\/yoast.com\/product\/yoast-seo-wordpress\/ -->\n<title>Escola Preparat\u00f3ria de Fortaleza - Resumo Pol\u00edtico<\/title>\n<meta name=\"robots\" content=\"index, follow, max-snippet:-1, max-image-preview:large, max-video-preview:-1\" \/>\n<link rel=\"canonical\" href=\"https:\/\/resumopolitico.com.br\/?p=35644\" \/>\n<meta property=\"og:locale\" content=\"pt_BR\" \/>\n<meta property=\"og:type\" content=\"article\" \/>\n<meta property=\"og:title\" content=\"Escola Preparat\u00f3ria de Fortaleza - Resumo Pol\u00edtico\" \/>\n<meta property=\"og:description\" content=\"Hist\u00f3rias do Velho Capita Eu era menino, menino. Tinha me submetido ao dif\u00edcil exame para a Escola Preparat\u00f3ria de Cadetes de Fortaleza. Naquele tempo, em Macei\u00f3 s\u00f3 havia a Faculdade de Direito. O jovem ingressar na Escola Militar, ser Oficial do Ex\u00e9rcito ou entrar no Banco do Brasil era o sonho das fam\u00edlias da classe [&hellip;]\" \/>\n<meta property=\"og:url\" content=\"https:\/\/resumopolitico.com.br\/?p=35644\" \/>\n<meta property=\"og:site_name\" content=\"Resumo Pol\u00edtico\" \/>\n<meta property=\"article:published_time\" content=\"2026-03-13T20:52:43+00:00\" \/>\n<meta property=\"article:modified_time\" content=\"2026-03-13T20:53:37+00:00\" \/>\n<meta property=\"og:image\" content=\"https:\/\/resumopolitico.com.br\/wp-content\/uploads\/2025\/06\/carlito-1.jpg\" \/>\n\t<meta property=\"og:image:width\" content=\"384\" \/>\n\t<meta property=\"og:image:height\" content=\"216\" \/>\n\t<meta property=\"og:image:type\" content=\"image\/jpeg\" \/>\n<meta name=\"author\" content=\"resumopolitico\" \/>\n<meta name=\"twitter:card\" content=\"summary_large_image\" \/>\n<meta name=\"twitter:label1\" content=\"Escrito por\" \/>\n\t<meta name=\"twitter:data1\" content=\"resumopolitico\" \/>\n\t<meta name=\"twitter:label2\" content=\"Est. tempo de leitura\" \/>\n\t<meta name=\"twitter:data2\" content=\"5 minutos\" \/>\n<script type=\"application\/ld+json\" class=\"yoast-schema-graph\">{\"@context\":\"https:\\\/\\\/schema.org\",\"@graph\":[{\"@type\":\"Article\",\"@id\":\"https:\\\/\\\/resumopolitico.com.br\\\/?p=35644#article\",\"isPartOf\":{\"@id\":\"https:\\\/\\\/resumopolitico.com.br\\\/?p=35644\"},\"author\":{\"name\":\"resumopolitico\",\"@id\":\"https:\\\/\\\/resumopolitico.com.br\\\/#\\\/schema\\\/person\\\/8e54285779750ca1eb5d54a40785d6f3\"},\"headline\":\"Escola Preparat\u00f3ria de Fortaleza\",\"datePublished\":\"2026-03-13T20:52:43+00:00\",\"dateModified\":\"2026-03-13T20:53:37+00:00\",\"mainEntityOfPage\":{\"@id\":\"https:\\\/\\\/resumopolitico.com.br\\\/?p=35644\"},\"wordCount\":785,\"commentCount\":0,\"image\":{\"@id\":\"https:\\\/\\\/resumopolitico.com.br\\\/?p=35644#primaryimage\"},\"thumbnailUrl\":\"https:\\\/\\\/resumopolitico.com.br\\\/wp-content\\\/uploads\\\/2025\\\/06\\\/carlito-1.jpg\",\"articleSection\":[\"Carlito Lima\",\"Destaque\"],\"inLanguage\":\"pt-BR\",\"potentialAction\":[{\"@type\":\"CommentAction\",\"name\":\"Comment\",\"target\":[\"https:\\\/\\\/resumopolitico.com.br\\\/?p=35644#respond\"]}]},{\"@type\":\"WebPage\",\"@id\":\"https:\\\/\\\/resumopolitico.com.br\\\/?p=35644\",\"url\":\"https:\\\/\\\/resumopolitico.com.br\\\/?p=35644\",\"name\":\"Escola Preparat\u00f3ria de Fortaleza - Resumo Pol\u00edtico\",\"isPartOf\":{\"@id\":\"https:\\\/\\\/resumopolitico.com.br\\\/#website\"},\"primaryImageOfPage\":{\"@id\":\"https:\\\/\\\/resumopolitico.com.br\\\/?p=35644#primaryimage\"},\"image\":{\"@id\":\"https:\\\/\\\/resumopolitico.com.br\\\/?p=35644#primaryimage\"},\"thumbnailUrl\":\"https:\\\/\\\/resumopolitico.com.br\\\/wp-content\\\/uploads\\\/2025\\\/06\\\/carlito-1.jpg\",\"datePublished\":\"2026-03-13T20:52:43+00:00\",\"dateModified\":\"2026-03-13T20:53:37+00:00\",\"author\":{\"@id\":\"https:\\\/\\\/resumopolitico.com.br\\\/#\\\/schema\\\/person\\\/8e54285779750ca1eb5d54a40785d6f3\"},\"breadcrumb\":{\"@id\":\"https:\\\/\\\/resumopolitico.com.br\\\/?p=35644#breadcrumb\"},\"inLanguage\":\"pt-BR\",\"potentialAction\":[{\"@type\":\"ReadAction\",\"target\":[\"https:\\\/\\\/resumopolitico.com.br\\\/?p=35644\"]}]},{\"@type\":\"ImageObject\",\"inLanguage\":\"pt-BR\",\"@id\":\"https:\\\/\\\/resumopolitico.com.br\\\/?p=35644#primaryimage\",\"url\":\"https:\\\/\\\/resumopolitico.com.br\\\/wp-content\\\/uploads\\\/2025\\\/06\\\/carlito-1.jpg\",\"contentUrl\":\"https:\\\/\\\/resumopolitico.com.br\\\/wp-content\\\/uploads\\\/2025\\\/06\\\/carlito-1.jpg\",\"width\":384,\"height\":216},{\"@type\":\"BreadcrumbList\",\"@id\":\"https:\\\/\\\/resumopolitico.com.br\\\/?p=35644#breadcrumb\",\"itemListElement\":[{\"@type\":\"ListItem\",\"position\":1,\"name\":\"In\u00edcio\",\"item\":\"https:\\\/\\\/resumopolitico.com.br\\\/\"},{\"@type\":\"ListItem\",\"position\":2,\"name\":\"Escola Preparat\u00f3ria de Fortaleza\"}]},{\"@type\":\"WebSite\",\"@id\":\"https:\\\/\\\/resumopolitico.com.br\\\/#website\",\"url\":\"https:\\\/\\\/resumopolitico.com.br\\\/\",\"name\":\"Resumo Pol\u00edtico\",\"description\":\"Resumo Pol\u00edtico\",\"potentialAction\":[{\"@type\":\"SearchAction\",\"target\":{\"@type\":\"EntryPoint\",\"urlTemplate\":\"https:\\\/\\\/resumopolitico.com.br\\\/?s={search_term_string}\"},\"query-input\":{\"@type\":\"PropertyValueSpecification\",\"valueRequired\":true,\"valueName\":\"search_term_string\"}}],\"inLanguage\":\"pt-BR\"},{\"@type\":\"Person\",\"@id\":\"https:\\\/\\\/resumopolitico.com.br\\\/#\\\/schema\\\/person\\\/8e54285779750ca1eb5d54a40785d6f3\",\"name\":\"resumopolitico\",\"image\":{\"@type\":\"ImageObject\",\"inLanguage\":\"pt-BR\",\"@id\":\"\\\/\\\/www.gravatar.com\\\/avatar\\\/964d308c93aaf0c33319e9a3bc3b8ac5?s=96&#038;r=g&#038;d=mm\",\"url\":\"\\\/\\\/www.gravatar.com\\\/avatar\\\/964d308c93aaf0c33319e9a3bc3b8ac5?s=96&#038;r=g&#038;d=mm\",\"contentUrl\":\"\\\/\\\/www.gravatar.com\\\/avatar\\\/964d308c93aaf0c33319e9a3bc3b8ac5?s=96&#038;r=g&#038;d=mm\",\"caption\":\"resumopolitico\"},\"sameAs\":[\"http:\\\/\\\/resumopolitico.com.br\"],\"url\":\"https:\\\/\\\/resumopolitico.com.br\\\/?bp_members=1&bp_member=resumopoliticoprofile\\\/home\\\/\"}]}<\/script>\n<!-- \/ Yoast SEO plugin. -->","yoast_head_json":{"title":"Escola Preparat\u00f3ria de Fortaleza - Resumo Pol\u00edtico","robots":{"index":"index","follow":"follow","max-snippet":"max-snippet:-1","max-image-preview":"max-image-preview:large","max-video-preview":"max-video-preview:-1"},"canonical":"https:\/\/resumopolitico.com.br\/?p=35644","og_locale":"pt_BR","og_type":"article","og_title":"Escola Preparat\u00f3ria de Fortaleza - Resumo Pol\u00edtico","og_description":"Hist\u00f3rias do Velho Capita Eu era menino, menino. Tinha me submetido ao dif\u00edcil exame para a Escola Preparat\u00f3ria de Cadetes de Fortaleza. Naquele tempo, em Macei\u00f3 s\u00f3 havia a Faculdade de Direito. O jovem ingressar na Escola Militar, ser Oficial do Ex\u00e9rcito ou entrar no Banco do Brasil era o sonho das fam\u00edlias da classe [&hellip;]","og_url":"https:\/\/resumopolitico.com.br\/?p=35644","og_site_name":"Resumo Pol\u00edtico","article_published_time":"2026-03-13T20:52:43+00:00","article_modified_time":"2026-03-13T20:53:37+00:00","og_image":[{"width":384,"height":216,"url":"https:\/\/resumopolitico.com.br\/wp-content\/uploads\/2025\/06\/carlito-1.jpg","type":"image\/jpeg"}],"author":"resumopolitico","twitter_card":"summary_large_image","twitter_misc":{"Escrito por":"resumopolitico","Est. tempo de leitura":"5 minutos"},"schema":{"@context":"https:\/\/schema.org","@graph":[{"@type":"Article","@id":"https:\/\/resumopolitico.com.br\/?p=35644#article","isPartOf":{"@id":"https:\/\/resumopolitico.com.br\/?p=35644"},"author":{"name":"resumopolitico","@id":"https:\/\/resumopolitico.com.br\/#\/schema\/person\/8e54285779750ca1eb5d54a40785d6f3"},"headline":"Escola Preparat\u00f3ria de Fortaleza","datePublished":"2026-03-13T20:52:43+00:00","dateModified":"2026-03-13T20:53:37+00:00","mainEntityOfPage":{"@id":"https:\/\/resumopolitico.com.br\/?p=35644"},"wordCount":785,"commentCount":0,"image":{"@id":"https:\/\/resumopolitico.com.br\/?p=35644#primaryimage"},"thumbnailUrl":"https:\/\/resumopolitico.com.br\/wp-content\/uploads\/2025\/06\/carlito-1.jpg","articleSection":["Carlito Lima","Destaque"],"inLanguage":"pt-BR","potentialAction":[{"@type":"CommentAction","name":"Comment","target":["https:\/\/resumopolitico.com.br\/?p=35644#respond"]}]},{"@type":"WebPage","@id":"https:\/\/resumopolitico.com.br\/?p=35644","url":"https:\/\/resumopolitico.com.br\/?p=35644","name":"Escola Preparat\u00f3ria de Fortaleza - Resumo Pol\u00edtico","isPartOf":{"@id":"https:\/\/resumopolitico.com.br\/#website"},"primaryImageOfPage":{"@id":"https:\/\/resumopolitico.com.br\/?p=35644#primaryimage"},"image":{"@id":"https:\/\/resumopolitico.com.br\/?p=35644#primaryimage"},"thumbnailUrl":"https:\/\/resumopolitico.com.br\/wp-content\/uploads\/2025\/06\/carlito-1.jpg","datePublished":"2026-03-13T20:52:43+00:00","dateModified":"2026-03-13T20:53:37+00:00","author":{"@id":"https:\/\/resumopolitico.com.br\/#\/schema\/person\/8e54285779750ca1eb5d54a40785d6f3"},"breadcrumb":{"@id":"https:\/\/resumopolitico.com.br\/?p=35644#breadcrumb"},"inLanguage":"pt-BR","potentialAction":[{"@type":"ReadAction","target":["https:\/\/resumopolitico.com.br\/?p=35644"]}]},{"@type":"ImageObject","inLanguage":"pt-BR","@id":"https:\/\/resumopolitico.com.br\/?p=35644#primaryimage","url":"https:\/\/resumopolitico.com.br\/wp-content\/uploads\/2025\/06\/carlito-1.jpg","contentUrl":"https:\/\/resumopolitico.com.br\/wp-content\/uploads\/2025\/06\/carlito-1.jpg","width":384,"height":216},{"@type":"BreadcrumbList","@id":"https:\/\/resumopolitico.com.br\/?p=35644#breadcrumb","itemListElement":[{"@type":"ListItem","position":1,"name":"In\u00edcio","item":"https:\/\/resumopolitico.com.br\/"},{"@type":"ListItem","position":2,"name":"Escola Preparat\u00f3ria de Fortaleza"}]},{"@type":"WebSite","@id":"https:\/\/resumopolitico.com.br\/#website","url":"https:\/\/resumopolitico.com.br\/","name":"Resumo Pol\u00edtico","description":"Resumo Pol\u00edtico","potentialAction":[{"@type":"SearchAction","target":{"@type":"EntryPoint","urlTemplate":"https:\/\/resumopolitico.com.br\/?s={search_term_string}"},"query-input":{"@type":"PropertyValueSpecification","valueRequired":true,"valueName":"search_term_string"}}],"inLanguage":"pt-BR"},{"@type":"Person","@id":"https:\/\/resumopolitico.com.br\/#\/schema\/person\/8e54285779750ca1eb5d54a40785d6f3","name":"resumopolitico","image":{"@type":"ImageObject","inLanguage":"pt-BR","@id":"\/\/www.gravatar.com\/avatar\/964d308c93aaf0c33319e9a3bc3b8ac5?s=96&#038;r=g&#038;d=mm","url":"\/\/www.gravatar.com\/avatar\/964d308c93aaf0c33319e9a3bc3b8ac5?s=96&#038;r=g&#038;d=mm","contentUrl":"\/\/www.gravatar.com\/avatar\/964d308c93aaf0c33319e9a3bc3b8ac5?s=96&#038;r=g&#038;d=mm","caption":"resumopolitico"},"sameAs":["http:\/\/resumopolitico.com.br"],"url":"https:\/\/resumopolitico.com.br\/?bp_members=1&bp_member=resumopoliticoprofile\/home\/"}]}},"_links":{"self":[{"href":"https:\/\/resumopolitico.com.br\/index.php?rest_route=\/wp\/v2\/posts\/35644","targetHints":{"allow":["GET"]}}],"collection":[{"href":"https:\/\/resumopolitico.com.br\/index.php?rest_route=\/wp\/v2\/posts"}],"about":[{"href":"https:\/\/resumopolitico.com.br\/index.php?rest_route=\/wp\/v2\/types\/post"}],"author":[{"embeddable":true,"href":"https:\/\/resumopolitico.com.br\/index.php?rest_route=\/wp\/v2\/users\/1"}],"replies":[{"embeddable":true,"href":"https:\/\/resumopolitico.com.br\/index.php?rest_route=%2Fwp%2Fv2%2Fcomments&post=35644"}],"version-history":[{"count":2,"href":"https:\/\/resumopolitico.com.br\/index.php?rest_route=\/wp\/v2\/posts\/35644\/revisions"}],"predecessor-version":[{"id":35647,"href":"https:\/\/resumopolitico.com.br\/index.php?rest_route=\/wp\/v2\/posts\/35644\/revisions\/35647"}],"wp:featuredmedia":[{"embeddable":true,"href":"https:\/\/resumopolitico.com.br\/index.php?rest_route=\/wp\/v2\/media\/30997"}],"wp:attachment":[{"href":"https:\/\/resumopolitico.com.br\/index.php?rest_route=%2Fwp%2Fv2%2Fmedia&parent=35644"}],"wp:term":[{"taxonomy":"category","embeddable":true,"href":"https:\/\/resumopolitico.com.br\/index.php?rest_route=%2Fwp%2Fv2%2Fcategories&post=35644"},{"taxonomy":"post_tag","embeddable":true,"href":"https:\/\/resumopolitico.com.br\/index.php?rest_route=%2Fwp%2Fv2%2Ftags&post=35644"}],"curies":[{"name":"wp","href":"https:\/\/api.w.org\/{rel}","templated":true}]}}