{"id":35648,"date":"2026-03-13T17:59:56","date_gmt":"2026-03-13T20:59:56","guid":{"rendered":"https:\/\/resumopolitico.com.br\/?p=35648"},"modified":"2026-03-13T18:00:24","modified_gmt":"2026-03-13T21:00:24","slug":"35648","status":"publish","type":"post","link":"https:\/\/resumopolitico.com.br\/?p=35648","title":{"rendered":"Coluna Pedro Oliveira"},"content":{"rendered":"<h2><strong>Fund\u00e3o prom\u00edscuo<\/strong><\/h2>\n<p><img fetchpriority=\"high\" decoding=\"async\" class=\"alignnone size-full wp-image-35649\" src=\"https:\/\/resumopolitico.com.br\/wp-content\/uploads\/2026\/03\/WhatsApp-Image-2026-03-13-at-15.13.28.jpeg\" alt=\"\" width=\"1024\" height=\"1536\" srcset=\"https:\/\/resumopolitico.com.br\/wp-content\/uploads\/2026\/03\/WhatsApp-Image-2026-03-13-at-15.13.28.jpeg 1024w, https:\/\/resumopolitico.com.br\/wp-content\/uploads\/2026\/03\/WhatsApp-Image-2026-03-13-at-15.13.28-200x300.jpeg 200w, https:\/\/resumopolitico.com.br\/wp-content\/uploads\/2026\/03\/WhatsApp-Image-2026-03-13-at-15.13.28-683x1024.jpeg 683w, https:\/\/resumopolitico.com.br\/wp-content\/uploads\/2026\/03\/WhatsApp-Image-2026-03-13-at-15.13.28-768x1152.jpeg 768w, https:\/\/resumopolitico.com.br\/wp-content\/uploads\/2026\/03\/WhatsApp-Image-2026-03-13-at-15.13.28-750x1125.jpeg 750w\" sizes=\"(max-width: 1024px) 100vw, 1024px\" \/><\/p>\n<p>Nos bastidores, cresce a ansiedade de partidos e candidatos diante do volume de recursos que circular\u00e1 nas pr\u00f3ximas elei\u00e7\u00f5es por meio do fundo partid\u00e1rio e do fundo eleitoral. Trata-se de cifras bilion\u00e1rias, previstas em lei para financiar campanhas e reduzir a depend\u00eancia de doa\u00e7\u00f5es privadas um modelo que, na teoria, busca dar mais transpar\u00eancia ao processo.<\/p>\n<p>Na pr\u00e1tica, por\u00e9m, a distribui\u00e7\u00e3o e o uso desses recursos continuam sob forte escrut\u00ednio p\u00fablico. Especialistas e observadores apontam que a fiscaliza\u00e7\u00e3o precisa ser permanente e rigorosa para evitar distor\u00e7\u00f5es, abusos e eventuais desvios, especialmente em disputas marcadas por estruturas regionais mais sens\u00edveis a press\u00f5es pol\u00edticas.<\/p>\n<hr \/>\n<h2><strong>Servidores amea\u00e7ados<\/strong><\/h2>\n<p><img decoding=\"async\" class=\"alignnone size-full wp-image-35650\" src=\"https:\/\/resumopolitico.com.br\/wp-content\/uploads\/2026\/03\/WhatsApp-Image-2026-03-13-at-15.15.35.jpeg\" alt=\"\" width=\"750\" height=\"501\" srcset=\"https:\/\/resumopolitico.com.br\/wp-content\/uploads\/2026\/03\/WhatsApp-Image-2026-03-13-at-15.15.35.jpeg 750w, https:\/\/resumopolitico.com.br\/wp-content\/uploads\/2026\/03\/WhatsApp-Image-2026-03-13-at-15.15.35-300x200.jpeg 300w\" sizes=\"(max-width: 750px) 100vw, 750px\" \/><\/p>\n<p>Por provoca\u00e7\u00e3o do Minist\u00e9rio P\u00fablico Federal, o Minist\u00e9rio P\u00fablico de Alagoas dever\u00e1 apurar e eventualmente denunciar quase uma centena de servidores do Tribunal de Contas, nomeados ap\u00f3s a promulga\u00e7\u00e3o da Constitui\u00e7\u00e3o de 1988 alguns deles j\u00e1 aposentados ou mortos.<\/p>\n<p>O caso reacende um velho debate sobre responsabilidades institucionais e seguran\u00e7a jur\u00eddica. Muitos ingressaram de boa-f\u00e9, cumpriram fun\u00e7\u00f5es por d\u00e9cadas e agora se veem diante de questionamentos que deveriam ter sido resolvidos \u00e0 \u00e9poca das nomea\u00e7\u00f5es.<\/p>\n<p>Para analistas, a situa\u00e7\u00e3o exp\u00f5e mais uma vez os efeitos de gest\u00f5es temer\u00e1rias e decis\u00f5es administrativas fr\u00e1geis, que acabam transferindo ao servidor comum o peso de erros estruturais. A apura\u00e7\u00e3o \u00e9 necess\u00e1ria, mas o desafio ser\u00e1 separar responsabilidades sem transformar corre\u00e7\u00e3o institucional em injusti\u00e7a individual<\/p>\n<hr \/>\n<h2><strong>Causa Animal<\/strong><\/h2>\n<p><img decoding=\"async\" class=\"alignnone size-full wp-image-35651\" src=\"https:\/\/resumopolitico.com.br\/wp-content\/uploads\/2026\/03\/WhatsApp-Image-2026-03-13-at-15.16.49.jpeg\" alt=\"\" width=\"750\" height=\"804\" srcset=\"https:\/\/resumopolitico.com.br\/wp-content\/uploads\/2026\/03\/WhatsApp-Image-2026-03-13-at-15.16.49.jpeg 750w, https:\/\/resumopolitico.com.br\/wp-content\/uploads\/2026\/03\/WhatsApp-Image-2026-03-13-at-15.16.49-280x300.jpeg 280w\" sizes=\"(max-width: 750px) 100vw, 750px\" \/><\/p>\n<p>Entre os 27 deputados estaduais, a percep\u00e7\u00e3o nos bastidores \u00e9 de que a causa animal segue com espa\u00e7o reduzido no Parlamento alagoano. Avalia\u00e7\u00f5es recorrentes apontam que poucas iniciativas ganharam f\u00f4lego institucional ou avan\u00e7aram de forma consistente na atual legislatura.<\/p>\n<p>Nesse cen\u00e1rio, o deputado Delegado Leonam \u00e9 frequentemente citado por ativistas e observadores como um dos poucos a levantar o tema com regularidade, seja por meio de propostas, debates ou articula\u00e7\u00e3o com entidades<\/p>\n<hr \/>\n<h2>O fantasma de Renan<\/h2>\n<p><img loading=\"lazy\" decoding=\"async\" class=\"alignnone size-full wp-image-35652\" src=\"https:\/\/resumopolitico.com.br\/wp-content\/uploads\/2026\/03\/WhatsApp-Image-2026-03-13-at-15.23.43.jpeg\" alt=\"\" width=\"519\" height=\"798\" srcset=\"https:\/\/resumopolitico.com.br\/wp-content\/uploads\/2026\/03\/WhatsApp-Image-2026-03-13-at-15.23.43.jpeg 519w, https:\/\/resumopolitico.com.br\/wp-content\/uploads\/2026\/03\/WhatsApp-Image-2026-03-13-at-15.23.43-195x300.jpeg 195w\" sizes=\"(max-width: 519px) 100vw, 519px\" \/><\/p>\n<p>O senador Renan Calheiros conhece como poucos o humor do eleitorado alagoano. Experiente, habilidoso e sobrevivente de in\u00fameras tempestades pol\u00edticas, sempre soube ler o vento antes da mudan\u00e7a. Mas, desta vez, h\u00e1 um fantasma que ronda seu entorno: o cansa\u00e7o do eleitor.<\/p>\n<p>Nas ruas e nas conversas reservadas, cresce a percep\u00e7\u00e3o de satura\u00e7\u00e3o com figuras tradicionais da pol\u00edtica. N\u00e3o \u00e9 um movimento ruidoso, nem organizado \u00e9 silencioso, difuso e, justamente por isso, mais perigoso. O eleitor parece disposto a experimentar o novo, ainda que com cautela.<\/p>\n<p>Renan segue com capilaridade, estrutura e recall eleitoral s\u00f3lidos. Ainda assim, o desgaste natural do tempo e a sede por renova\u00e7\u00e3o criam um cen\u00e1rio menos confort\u00e1vel do que em disputas anteriores.<\/p>\n<hr \/>\n<h2><strong>Zona Brasilis<\/strong><\/h2>\n<p><img loading=\"lazy\" decoding=\"async\" class=\"alignnone size-full wp-image-35653\" src=\"https:\/\/resumopolitico.com.br\/wp-content\/uploads\/2026\/03\/WhatsApp-Image-2026-03-13-at-15.24.57.jpeg\" alt=\"\" width=\"750\" height=\"490\" srcset=\"https:\/\/resumopolitico.com.br\/wp-content\/uploads\/2026\/03\/WhatsApp-Image-2026-03-13-at-15.24.57.jpeg 750w, https:\/\/resumopolitico.com.br\/wp-content\/uploads\/2026\/03\/WhatsApp-Image-2026-03-13-at-15.24.57-300x196.jpeg 300w\" sizes=\"(max-width: 750px) 100vw, 750px\" \/><\/p>\n<p>Na CPMI, o deputado alagoano Alfredo Gaspar abandonou qualquer diplomacia e partiu para o confronto direto. Em tom duro, chutou o pau da barraca e disparou que \u201co Brasil virou uma zona\u201d, frase que rapidamente reverberou nos corredores do Congresso e nas redes sociais.<\/p>\n<p>O discurso inflamado exp\u00f4s o clima de tens\u00e3o que domina os trabalhos da comiss\u00e3o. Gaspar atacou o que chamou de desorganiza\u00e7\u00e3o institucional, criticou a condu\u00e7\u00e3o de investiga\u00e7\u00f5es e acusou setores da pol\u00edtica de contribu\u00edrem para o desgaste da credibilidade p\u00fablica.<\/p>\n<p>Para aliados, foi um gesto de coragem e firmeza diante do que consideram descontrole. Para advers\u00e1rios, exagero ret\u00f3rico e tentativa de protagonismo. De todo modo, a fala recoloca o parlamentar no centro do debate e refor\u00e7a sua postura combativa marca que o acompanha desde os tempos de Minist\u00e9rio P\u00fablico.<\/p>\n<hr \/>\n<h2><strong>O suspeito<\/strong><\/h2>\n<p><img loading=\"lazy\" decoding=\"async\" class=\"alignnone size-full wp-image-35654\" src=\"https:\/\/resumopolitico.com.br\/wp-content\/uploads\/2026\/03\/WhatsApp-Image-2026-03-13-at-15.25.53.jpeg\" alt=\"\" width=\"750\" height=\"496\" srcset=\"https:\/\/resumopolitico.com.br\/wp-content\/uploads\/2026\/03\/WhatsApp-Image-2026-03-13-at-15.25.53.jpeg 750w, https:\/\/resumopolitico.com.br\/wp-content\/uploads\/2026\/03\/WhatsApp-Image-2026-03-13-at-15.25.53-300x198.jpeg 300w\" sizes=\"(max-width: 750px) 100vw, 750px\" \/><\/p>\n<p>O senador <strong>Davi Alcolumbre<\/strong> j\u00e1 teve o nome citado, ao longo dos \u00faltimos anos, em investiga\u00e7\u00f5es e controv\u00e9rsias envolvendo personagens e empresas sob apura\u00e7\u00e3o, o que alimentou cr\u00edticas e questionamentos de advers\u00e1rios pol\u00edticos.<\/p>\n<p>At\u00e9 aqui, contudo, n\u00e3o houve condena\u00e7\u00e3o que o atingisse diretamente nesses epis\u00f3dios, e aliados sustentam que as men\u00e7\u00f5es refletem mais o ambiente de disputa pol\u00edtica do que responsabiliza\u00e7\u00e3o efetiva.<\/p>\n<p>Em Bras\u00edlia, onde suspeitas e vers\u00f5es circulam com rapidez, o tema segue sens\u00edvel e frequentemente reaparece no debate p\u00fablico. O desafio, como sempre, \u00e9 separar fatos comprovados de narrativas pol\u00edticas tarefa que cabe \u00e0s institui\u00e7\u00f5es e \u00e0 Justi\u00e7a<\/p>\n<hr \/>\n<h2><strong>Eliane Aquino<\/strong><\/h2>\n<p><img loading=\"lazy\" decoding=\"async\" class=\"alignnone size-full wp-image-35655\" src=\"https:\/\/resumopolitico.com.br\/wp-content\/uploads\/2026\/03\/WhatsApp-Image-2026-03-13-at-15.26.09.jpeg\" alt=\"\" width=\"750\" height=\"822\" srcset=\"https:\/\/resumopolitico.com.br\/wp-content\/uploads\/2026\/03\/WhatsApp-Image-2026-03-13-at-15.26.09.jpeg 750w, https:\/\/resumopolitico.com.br\/wp-content\/uploads\/2026\/03\/WhatsApp-Image-2026-03-13-at-15.26.09-274x300.jpeg 274w\" sizes=\"(max-width: 750px) 100vw, 750px\" \/><\/p>\n<p>A jornalista Eliane Aquino, \u00e0 frente da Secretaria Municipal de Comunica\u00e7\u00e3o de Macei\u00f3, tem consolidado uma atua\u00e7\u00e3o marcada por \u00e9tica, responsabilidade e compet\u00eancia. No ambiente sempre sens\u00edvel da comunica\u00e7\u00e3o p\u00fablica, sua condu\u00e7\u00e3o t\u00e9cnica e equilibrada tem sido reconhecida por profissionais da \u00e1rea.<\/p>\n<p>Nos bastidores e nas reda\u00e7\u00f5es, Eliane mant\u00e9m bom tr\u00e2nsito e di\u00e1logo permanente com a categoria, o que contribui para uma rela\u00e7\u00e3o institucional mais est\u00e1vel entre gest\u00e3o e imprensa. Em tempos de polariza\u00e7\u00e3o e ru\u00eddo informacional, esse equil\u00edbrio se torna ainda mais relevante.<\/p>\n","protected":false},"excerpt":{"rendered":"<p>Fund\u00e3o prom\u00edscuo Nos bastidores, cresce a ansiedade de partidos e candidatos diante do volume de recursos que circular\u00e1 nas pr\u00f3ximas elei\u00e7\u00f5es por meio do fundo partid\u00e1rio e do fundo eleitoral. Trata-se de cifras bilion\u00e1rias, previstas em lei para financiar campanhas e reduzir a depend\u00eancia de doa\u00e7\u00f5es privadas um modelo que, na teoria, busca dar mais [&hellip;]<\/p>\n","protected":false},"author":1,"featured_media":26774,"comment_status":"open","ping_status":"open","sticky":false,"template":"","format":"standard","meta":{"_monsterinsights_skip_tracking":false,"_monsterinsights_sitenote_active":false,"_monsterinsights_sitenote_note":"","_monsterinsights_sitenote_category":0,"footnotes":""},"categories":[90],"tags":[],"class_list":["post-35648","post","type-post","status-publish","format-standard","has-post-thumbnail","hentry","category-coluna-pedro-oliveira"],"yoast_head":"<!-- This site is optimized with the Yoast SEO plugin v27.5 - https:\/\/yoast.com\/product\/yoast-seo-wordpress\/ -->\n<title>Coluna Pedro Oliveira - Resumo Pol\u00edtico<\/title>\n<meta name=\"robots\" content=\"index, follow, max-snippet:-1, max-image-preview:large, max-video-preview:-1\" \/>\n<link rel=\"canonical\" href=\"https:\/\/resumopolitico.com.br\/?p=35648\" \/>\n<meta property=\"og:locale\" content=\"pt_BR\" \/>\n<meta property=\"og:type\" content=\"article\" \/>\n<meta property=\"og:title\" content=\"Coluna Pedro Oliveira - Resumo Pol\u00edtico\" \/>\n<meta property=\"og:description\" content=\"Fund\u00e3o prom\u00edscuo Nos bastidores, cresce a ansiedade de partidos e candidatos diante do volume de recursos que circular\u00e1 nas pr\u00f3ximas elei\u00e7\u00f5es por meio do fundo partid\u00e1rio e do fundo eleitoral. Trata-se de cifras bilion\u00e1rias, previstas em lei para financiar campanhas e reduzir a depend\u00eancia de doa\u00e7\u00f5es privadas um modelo que, na teoria, busca dar mais [&hellip;]\" \/>\n<meta property=\"og:url\" content=\"https:\/\/resumopolitico.com.br\/?p=35648\" \/>\n<meta property=\"og:site_name\" content=\"Resumo Pol\u00edtico\" \/>\n<meta property=\"article:published_time\" content=\"2026-03-13T20:59:56+00:00\" \/>\n<meta property=\"article:modified_time\" content=\"2026-03-13T21:00:24+00:00\" \/>\n<meta property=\"og:image\" content=\"https:\/\/resumopolitico.com.br\/wp-content\/uploads\/2024\/10\/coluna.jpg\" \/>\n\t<meta property=\"og:image:width\" content=\"1140\" \/>\n\t<meta property=\"og:image:height\" content=\"570\" \/>\n\t<meta property=\"og:image:type\" content=\"image\/jpeg\" \/>\n<meta name=\"author\" content=\"resumopolitico\" \/>\n<meta name=\"twitter:card\" content=\"summary_large_image\" \/>\n<meta name=\"twitter:label1\" content=\"Escrito por\" \/>\n\t<meta name=\"twitter:data1\" content=\"resumopolitico\" \/>\n\t<meta name=\"twitter:label2\" content=\"Est. tempo de leitura\" \/>\n\t<meta name=\"twitter:data2\" content=\"6 minutos\" \/>\n<script type=\"application\/ld+json\" class=\"yoast-schema-graph\">{\"@context\":\"https:\\\/\\\/schema.org\",\"@graph\":[{\"@type\":\"Article\",\"@id\":\"https:\\\/\\\/resumopolitico.com.br\\\/?p=35648#article\",\"isPartOf\":{\"@id\":\"https:\\\/\\\/resumopolitico.com.br\\\/?p=35648\"},\"author\":{\"name\":\"resumopolitico\",\"@id\":\"https:\\\/\\\/resumopolitico.com.br\\\/#\\\/schema\\\/person\\\/8e54285779750ca1eb5d54a40785d6f3\"},\"headline\":\"Coluna Pedro Oliveira\",\"datePublished\":\"2026-03-13T20:59:56+00:00\",\"dateModified\":\"2026-03-13T21:00:24+00:00\",\"mainEntityOfPage\":{\"@id\":\"https:\\\/\\\/resumopolitico.com.br\\\/?p=35648\"},\"wordCount\":849,\"commentCount\":0,\"image\":{\"@id\":\"https:\\\/\\\/resumopolitico.com.br\\\/?p=35648#primaryimage\"},\"thumbnailUrl\":\"https:\\\/\\\/resumopolitico.com.br\\\/wp-content\\\/uploads\\\/2024\\\/10\\\/coluna.jpg\",\"articleSection\":[\"Coluna Pedro Oliveira\"],\"inLanguage\":\"pt-BR\",\"potentialAction\":[{\"@type\":\"CommentAction\",\"name\":\"Comment\",\"target\":[\"https:\\\/\\\/resumopolitico.com.br\\\/?p=35648#respond\"]}]},{\"@type\":\"WebPage\",\"@id\":\"https:\\\/\\\/resumopolitico.com.br\\\/?p=35648\",\"url\":\"https:\\\/\\\/resumopolitico.com.br\\\/?p=35648\",\"name\":\"Coluna Pedro Oliveira - Resumo Pol\u00edtico\",\"isPartOf\":{\"@id\":\"https:\\\/\\\/resumopolitico.com.br\\\/#website\"},\"primaryImageOfPage\":{\"@id\":\"https:\\\/\\\/resumopolitico.com.br\\\/?p=35648#primaryimage\"},\"image\":{\"@id\":\"https:\\\/\\\/resumopolitico.com.br\\\/?p=35648#primaryimage\"},\"thumbnailUrl\":\"https:\\\/\\\/resumopolitico.com.br\\\/wp-content\\\/uploads\\\/2024\\\/10\\\/coluna.jpg\",\"datePublished\":\"2026-03-13T20:59:56+00:00\",\"dateModified\":\"2026-03-13T21:00:24+00:00\",\"author\":{\"@id\":\"https:\\\/\\\/resumopolitico.com.br\\\/#\\\/schema\\\/person\\\/8e54285779750ca1eb5d54a40785d6f3\"},\"breadcrumb\":{\"@id\":\"https:\\\/\\\/resumopolitico.com.br\\\/?p=35648#breadcrumb\"},\"inLanguage\":\"pt-BR\",\"potentialAction\":[{\"@type\":\"ReadAction\",\"target\":[\"https:\\\/\\\/resumopolitico.com.br\\\/?p=35648\"]}]},{\"@type\":\"ImageObject\",\"inLanguage\":\"pt-BR\",\"@id\":\"https:\\\/\\\/resumopolitico.com.br\\\/?p=35648#primaryimage\",\"url\":\"https:\\\/\\\/resumopolitico.com.br\\\/wp-content\\\/uploads\\\/2024\\\/10\\\/coluna.jpg\",\"contentUrl\":\"https:\\\/\\\/resumopolitico.com.br\\\/wp-content\\\/uploads\\\/2024\\\/10\\\/coluna.jpg\",\"width\":1140,\"height\":570},{\"@type\":\"BreadcrumbList\",\"@id\":\"https:\\\/\\\/resumopolitico.com.br\\\/?p=35648#breadcrumb\",\"itemListElement\":[{\"@type\":\"ListItem\",\"position\":1,\"name\":\"In\u00edcio\",\"item\":\"https:\\\/\\\/resumopolitico.com.br\\\/\"},{\"@type\":\"ListItem\",\"position\":2,\"name\":\"Coluna Pedro Oliveira\"}]},{\"@type\":\"WebSite\",\"@id\":\"https:\\\/\\\/resumopolitico.com.br\\\/#website\",\"url\":\"https:\\\/\\\/resumopolitico.com.br\\\/\",\"name\":\"Resumo Pol\u00edtico\",\"description\":\"Resumo Pol\u00edtico\",\"potentialAction\":[{\"@type\":\"SearchAction\",\"target\":{\"@type\":\"EntryPoint\",\"urlTemplate\":\"https:\\\/\\\/resumopolitico.com.br\\\/?s={search_term_string}\"},\"query-input\":{\"@type\":\"PropertyValueSpecification\",\"valueRequired\":true,\"valueName\":\"search_term_string\"}}],\"inLanguage\":\"pt-BR\"},{\"@type\":\"Person\",\"@id\":\"https:\\\/\\\/resumopolitico.com.br\\\/#\\\/schema\\\/person\\\/8e54285779750ca1eb5d54a40785d6f3\",\"name\":\"resumopolitico\",\"image\":{\"@type\":\"ImageObject\",\"inLanguage\":\"pt-BR\",\"@id\":\"\\\/\\\/www.gravatar.com\\\/avatar\\\/964d308c93aaf0c33319e9a3bc3b8ac5?s=96&#038;r=g&#038;d=mm\",\"url\":\"\\\/\\\/www.gravatar.com\\\/avatar\\\/964d308c93aaf0c33319e9a3bc3b8ac5?s=96&#038;r=g&#038;d=mm\",\"contentUrl\":\"\\\/\\\/www.gravatar.com\\\/avatar\\\/964d308c93aaf0c33319e9a3bc3b8ac5?s=96&#038;r=g&#038;d=mm\",\"caption\":\"resumopolitico\"},\"sameAs\":[\"http:\\\/\\\/resumopolitico.com.br\"],\"url\":\"https:\\\/\\\/resumopolitico.com.br\\\/?bp_members=1&bp_member=resumopoliticoprofile\\\/home\\\/\"}]}<\/script>\n<!-- \/ Yoast SEO plugin. -->","yoast_head_json":{"title":"Coluna Pedro Oliveira - Resumo Pol\u00edtico","robots":{"index":"index","follow":"follow","max-snippet":"max-snippet:-1","max-image-preview":"max-image-preview:large","max-video-preview":"max-video-preview:-1"},"canonical":"https:\/\/resumopolitico.com.br\/?p=35648","og_locale":"pt_BR","og_type":"article","og_title":"Coluna Pedro Oliveira - Resumo Pol\u00edtico","og_description":"Fund\u00e3o prom\u00edscuo Nos bastidores, cresce a ansiedade de partidos e candidatos diante do volume de recursos que circular\u00e1 nas pr\u00f3ximas elei\u00e7\u00f5es por meio do fundo partid\u00e1rio e do fundo eleitoral. Trata-se de cifras bilion\u00e1rias, previstas em lei para financiar campanhas e reduzir a depend\u00eancia de doa\u00e7\u00f5es privadas um modelo que, na teoria, busca dar mais [&hellip;]","og_url":"https:\/\/resumopolitico.com.br\/?p=35648","og_site_name":"Resumo Pol\u00edtico","article_published_time":"2026-03-13T20:59:56+00:00","article_modified_time":"2026-03-13T21:00:24+00:00","og_image":[{"width":1140,"height":570,"url":"https:\/\/resumopolitico.com.br\/wp-content\/uploads\/2024\/10\/coluna.jpg","type":"image\/jpeg"}],"author":"resumopolitico","twitter_card":"summary_large_image","twitter_misc":{"Escrito por":"resumopolitico","Est. tempo de leitura":"6 minutos"},"schema":{"@context":"https:\/\/schema.org","@graph":[{"@type":"Article","@id":"https:\/\/resumopolitico.com.br\/?p=35648#article","isPartOf":{"@id":"https:\/\/resumopolitico.com.br\/?p=35648"},"author":{"name":"resumopolitico","@id":"https:\/\/resumopolitico.com.br\/#\/schema\/person\/8e54285779750ca1eb5d54a40785d6f3"},"headline":"Coluna Pedro Oliveira","datePublished":"2026-03-13T20:59:56+00:00","dateModified":"2026-03-13T21:00:24+00:00","mainEntityOfPage":{"@id":"https:\/\/resumopolitico.com.br\/?p=35648"},"wordCount":849,"commentCount":0,"image":{"@id":"https:\/\/resumopolitico.com.br\/?p=35648#primaryimage"},"thumbnailUrl":"https:\/\/resumopolitico.com.br\/wp-content\/uploads\/2024\/10\/coluna.jpg","articleSection":["Coluna Pedro Oliveira"],"inLanguage":"pt-BR","potentialAction":[{"@type":"CommentAction","name":"Comment","target":["https:\/\/resumopolitico.com.br\/?p=35648#respond"]}]},{"@type":"WebPage","@id":"https:\/\/resumopolitico.com.br\/?p=35648","url":"https:\/\/resumopolitico.com.br\/?p=35648","name":"Coluna Pedro Oliveira - Resumo Pol\u00edtico","isPartOf":{"@id":"https:\/\/resumopolitico.com.br\/#website"},"primaryImageOfPage":{"@id":"https:\/\/resumopolitico.com.br\/?p=35648#primaryimage"},"image":{"@id":"https:\/\/resumopolitico.com.br\/?p=35648#primaryimage"},"thumbnailUrl":"https:\/\/resumopolitico.com.br\/wp-content\/uploads\/2024\/10\/coluna.jpg","datePublished":"2026-03-13T20:59:56+00:00","dateModified":"2026-03-13T21:00:24+00:00","author":{"@id":"https:\/\/resumopolitico.com.br\/#\/schema\/person\/8e54285779750ca1eb5d54a40785d6f3"},"breadcrumb":{"@id":"https:\/\/resumopolitico.com.br\/?p=35648#breadcrumb"},"inLanguage":"pt-BR","potentialAction":[{"@type":"ReadAction","target":["https:\/\/resumopolitico.com.br\/?p=35648"]}]},{"@type":"ImageObject","inLanguage":"pt-BR","@id":"https:\/\/resumopolitico.com.br\/?p=35648#primaryimage","url":"https:\/\/resumopolitico.com.br\/wp-content\/uploads\/2024\/10\/coluna.jpg","contentUrl":"https:\/\/resumopolitico.com.br\/wp-content\/uploads\/2024\/10\/coluna.jpg","width":1140,"height":570},{"@type":"BreadcrumbList","@id":"https:\/\/resumopolitico.com.br\/?p=35648#breadcrumb","itemListElement":[{"@type":"ListItem","position":1,"name":"In\u00edcio","item":"https:\/\/resumopolitico.com.br\/"},{"@type":"ListItem","position":2,"name":"Coluna Pedro Oliveira"}]},{"@type":"WebSite","@id":"https:\/\/resumopolitico.com.br\/#website","url":"https:\/\/resumopolitico.com.br\/","name":"Resumo Pol\u00edtico","description":"Resumo Pol\u00edtico","potentialAction":[{"@type":"SearchAction","target":{"@type":"EntryPoint","urlTemplate":"https:\/\/resumopolitico.com.br\/?s={search_term_string}"},"query-input":{"@type":"PropertyValueSpecification","valueRequired":true,"valueName":"search_term_string"}}],"inLanguage":"pt-BR"},{"@type":"Person","@id":"https:\/\/resumopolitico.com.br\/#\/schema\/person\/8e54285779750ca1eb5d54a40785d6f3","name":"resumopolitico","image":{"@type":"ImageObject","inLanguage":"pt-BR","@id":"\/\/www.gravatar.com\/avatar\/964d308c93aaf0c33319e9a3bc3b8ac5?s=96&#038;r=g&#038;d=mm","url":"\/\/www.gravatar.com\/avatar\/964d308c93aaf0c33319e9a3bc3b8ac5?s=96&#038;r=g&#038;d=mm","contentUrl":"\/\/www.gravatar.com\/avatar\/964d308c93aaf0c33319e9a3bc3b8ac5?s=96&#038;r=g&#038;d=mm","caption":"resumopolitico"},"sameAs":["http:\/\/resumopolitico.com.br"],"url":"https:\/\/resumopolitico.com.br\/?bp_members=1&bp_member=resumopoliticoprofile\/home\/"}]}},"_links":{"self":[{"href":"https:\/\/resumopolitico.com.br\/index.php?rest_route=\/wp\/v2\/posts\/35648","targetHints":{"allow":["GET"]}}],"collection":[{"href":"https:\/\/resumopolitico.com.br\/index.php?rest_route=\/wp\/v2\/posts"}],"about":[{"href":"https:\/\/resumopolitico.com.br\/index.php?rest_route=\/wp\/v2\/types\/post"}],"author":[{"embeddable":true,"href":"https:\/\/resumopolitico.com.br\/index.php?rest_route=\/wp\/v2\/users\/1"}],"replies":[{"embeddable":true,"href":"https:\/\/resumopolitico.com.br\/index.php?rest_route=%2Fwp%2Fv2%2Fcomments&post=35648"}],"version-history":[{"count":2,"href":"https:\/\/resumopolitico.com.br\/index.php?rest_route=\/wp\/v2\/posts\/35648\/revisions"}],"predecessor-version":[{"id":35657,"href":"https:\/\/resumopolitico.com.br\/index.php?rest_route=\/wp\/v2\/posts\/35648\/revisions\/35657"}],"wp:featuredmedia":[{"embeddable":true,"href":"https:\/\/resumopolitico.com.br\/index.php?rest_route=\/wp\/v2\/media\/26774"}],"wp:attachment":[{"href":"https:\/\/resumopolitico.com.br\/index.php?rest_route=%2Fwp%2Fv2%2Fmedia&parent=35648"}],"wp:term":[{"taxonomy":"category","embeddable":true,"href":"https:\/\/resumopolitico.com.br\/index.php?rest_route=%2Fwp%2Fv2%2Fcategories&post=35648"},{"taxonomy":"post_tag","embeddable":true,"href":"https:\/\/resumopolitico.com.br\/index.php?rest_route=%2Fwp%2Fv2%2Ftags&post=35648"}],"curies":[{"name":"wp","href":"https:\/\/api.w.org\/{rel}","templated":true}]}}