{"id":36274,"date":"2026-04-22T21:26:48","date_gmt":"2026-04-23T00:26:48","guid":{"rendered":"https:\/\/resumopolitico.com.br\/?p=36274"},"modified":"2026-04-22T21:27:17","modified_gmt":"2026-04-23T00:27:17","slug":"36274","status":"publish","type":"post","link":"https:\/\/resumopolitico.com.br\/?p=36274","title":{"rendered":"Defesa Civil de Macei\u00f3 recomenda medidas urgentes para conter avan\u00e7o de vo\u00e7oroca em Rio Largo"},"content":{"rendered":"<p>\u00d3rg\u00e3o aponta necessidade de obra emergencial, proibi\u00e7\u00e3o de novas constru\u00e7\u00f5es e refor\u00e7o na fiscaliza\u00e7\u00e3o ambiental para reduzir riscos \u00e0 popula\u00e7\u00e3o<\/p>\n<p data-base-font=\"18\">A Defesa Civil de Macei\u00f3 concluiu, nesta quarta-feira (22), o Informativo T\u00e9cnico que alerta para o avan\u00e7o significativo de uma vo\u00e7oroca localizada na Mata do Rolo, no munic\u00edpio de Rio Largo, Regi\u00e3o Metropolitana da capital alagoana.<\/p>\n<p data-base-font=\"18\">O levantamento t\u00e9cnico identificou que a fei\u00e7\u00e3o erosiva, caracterizada por uma profunda degrada\u00e7\u00e3o do solo, causada principalmente pela a\u00e7\u00e3o da \u00e1gua, encontra-se em est\u00e1gio avan\u00e7ado de desenvolvimento e j\u00e1 representa risco direto \u00e0 popula\u00e7\u00e3o e \u00e0 infraestrutura urbana da regi\u00e3o.<\/p>\n<p data-base-font=\"18\">O estudo aponta que, entre 2016 e 2026, a \u00e1rea afetada pela vo\u00e7oroca cresceu de 990 m\u00b2 para aproximadamente 7.600 m\u00b2, com volume estimado de material erodido superior a 486 mil metros c\u00fabicos. A proje\u00e7\u00e3o t\u00e9cnica indica que, mantido o ritmo atual, a \u00e1rea pode atingir cerca de 15 mil m\u00b2 at\u00e9 2030.<\/p>\n<p data-base-font=\"18\">Entre os principais fatores que contribuem para o avan\u00e7o do processo erosivo est\u00e3o as caracter\u00edsticas naturais do solo, classificado como altamente suscet\u00edvel \u00e0 eros\u00e3o, o regime de chuvas intensas da regi\u00e3o e, sobretudo, a a\u00e7\u00e3o humana.<\/p>\n<p data-base-font=\"18\">O documento destaca a ocupa\u00e7\u00e3o urbana desordenada, a aus\u00eancia de sistemas adequados de drenagem e o lan\u00e7amento irregular de \u00e1guas pluviais e efluentes como agravantes do problema.<\/p>\n<p data-base-font=\"18\">A situa\u00e7\u00e3o \u00e9 considerada cr\u00edtica, especialmente devido \u00e0 proximidade de resid\u00eancias, algumas localizadas a menos de oito metros da borda da vo\u00e7oroca, o que aumenta o risco de desabamentos e danos estruturais.<\/p>\n<p data-base-font=\"18\">Diante do cen\u00e1rio, a Defesa Civil recomenda a ado\u00e7\u00e3o imediata de medidas emergenciais, incluindo o monitoramento cont\u00ednuo da \u00e1rea, a proibi\u00e7\u00e3o de novas constru\u00e7\u00f5es na zona de risco, a intensifica\u00e7\u00e3o da fiscaliza\u00e7\u00e3o ambiental e, principalmente, a execu\u00e7\u00e3o de obras definitivas de conten\u00e7\u00e3o.<\/p>\n<p data-base-font=\"18\">O \u00f3rg\u00e3o tamb\u00e9m ressalta a necessidade de implanta\u00e7\u00e3o de sistemas adequados de drenagem e saneamento b\u00e1sico, como forma de reduzir o fluxo de \u00e1gua direcionado \u00e0 vo\u00e7oroca e conter o avan\u00e7o da eros\u00e3o.<\/p>\n<div class=\"single-section-box single-section-img single-box-center\" data-base-font=\"14\">\n<figure data-base-font=\"14\"><a href=\"https:\/\/cdnpm.dhost.cloud\/imagens\/13-04-26-Cooperacao-Tecnica-Defesa-Civil-Maceio-Rio-Largo-Fotos-Allan-Cesar-31.jpeg\" data-fancybox=\"images\" data-base-font=\"14\"><img decoding=\"async\" src=\"https:\/\/maceio.al.gov.br\/transform\/imagens\/_845xAUTO_crop_center-center_none\/13-04-26-Cooperacao-Tecnica-Defesa-Civil-Maceio-Rio-Largo-Fotos-Allan-Cesar-31.jpeg\" alt=\"T\u00e9cnicos da Defesa Civil de Macei\u00f3 realizaram levantamento t\u00e9cnico detalhado da \u00e1rea afetada, utilizando escaneamento a laser com o sensor LiDar. Foto: Allan C\u00e9sar\/ Secom Macei\u00f3\" data-base-font=\"14\" \/><\/a><figcaption data-base-font=\"16\"><small class=\"img-credits\" data-base-font=\"14\">T\u00e9cnicos da Defesa Civil de Macei\u00f3 realizaram levantamento t\u00e9cnico detalhado da \u00e1rea afetada, utilizando escaneamento a laser com o sensor LiDar. Foto: Allan C\u00e9sar\/ Secom Macei\u00f3<\/small><\/figcaption><\/figure>\n<\/div>\n<p data-base-font=\"18\">Segundo o informativo, a aus\u00eancia de interven\u00e7\u00f5es pode resultar em impactos ambientais, sociais e econ\u00f4micos de grande magnitude, incluindo o comprometimento de edifica\u00e7\u00f5es e riscos \u00e0 vida da popula\u00e7\u00e3o.<\/p>\n<p data-base-font=\"18\">A Defesa Civil refor\u00e7a que o enfrentamento da situa\u00e7\u00e3o exige a\u00e7\u00e3o integrada entre os \u00f3rg\u00e3os competentes e deve ser tratado em car\u00e1ter emergencial, diante da r\u00e1pida evolu\u00e7\u00e3o do processo erosivo.<\/p>\n","protected":false},"excerpt":{"rendered":"<p>\u00d3rg\u00e3o aponta necessidade de obra emergencial, proibi\u00e7\u00e3o de novas constru\u00e7\u00f5es e refor\u00e7o na fiscaliza\u00e7\u00e3o ambiental para reduzir riscos \u00e0 popula\u00e7\u00e3o A Defesa Civil de Macei\u00f3 concluiu, nesta quarta-feira (22), o Informativo T\u00e9cnico que alerta para o avan\u00e7o significativo de uma vo\u00e7oroca localizada na Mata do Rolo, no munic\u00edpio de Rio Largo, Regi\u00e3o Metropolitana da capital [&hellip;]<\/p>\n","protected":false},"author":1,"featured_media":36275,"comment_status":"open","ping_status":"open","sticky":false,"template":"","format":"standard","meta":{"_monsterinsights_skip_tracking":false,"_monsterinsights_sitenote_active":false,"_monsterinsights_sitenote_note":"","_monsterinsights_sitenote_category":0,"footnotes":""},"categories":[66,104],"tags":[],"class_list":["post-36274","post","type-post","status-publish","format-standard","has-post-thumbnail","hentry","category-alagoas","category-destaque"],"yoast_head":"<!-- This site is optimized with the Yoast SEO plugin v27.5 - https:\/\/yoast.com\/product\/yoast-seo-wordpress\/ -->\n<title>Defesa Civil de Macei\u00f3 recomenda medidas urgentes para conter avan\u00e7o de vo\u00e7oroca em Rio Largo - Resumo Pol\u00edtico<\/title>\n<meta name=\"robots\" content=\"index, follow, max-snippet:-1, max-image-preview:large, max-video-preview:-1\" \/>\n<link rel=\"canonical\" href=\"https:\/\/resumopolitico.com.br\/?p=36274\" \/>\n<meta property=\"og:locale\" content=\"pt_BR\" \/>\n<meta property=\"og:type\" content=\"article\" \/>\n<meta property=\"og:title\" content=\"Defesa Civil de Macei\u00f3 recomenda medidas urgentes para conter avan\u00e7o de vo\u00e7oroca em Rio Largo - Resumo Pol\u00edtico\" \/>\n<meta property=\"og:description\" content=\"\u00d3rg\u00e3o aponta necessidade de obra emergencial, proibi\u00e7\u00e3o de novas constru\u00e7\u00f5es e refor\u00e7o na fiscaliza\u00e7\u00e3o ambiental para reduzir riscos \u00e0 popula\u00e7\u00e3o A Defesa Civil de Macei\u00f3 concluiu, nesta quarta-feira (22), o Informativo T\u00e9cnico que alerta para o avan\u00e7o significativo de uma vo\u00e7oroca localizada na Mata do Rolo, no munic\u00edpio de Rio Largo, Regi\u00e3o Metropolitana da capital [&hellip;]\" \/>\n<meta property=\"og:url\" content=\"https:\/\/resumopolitico.com.br\/?p=36274\" \/>\n<meta property=\"og:site_name\" content=\"Resumo Pol\u00edtico\" \/>\n<meta property=\"article:published_time\" content=\"2026-04-23T00:26:48+00:00\" \/>\n<meta property=\"article:modified_time\" content=\"2026-04-23T00:27:17+00:00\" \/>\n<meta property=\"og:image\" content=\"https:\/\/resumopolitico.com.br\/wp-content\/uploads\/2026\/04\/DJI_20260413111002_0031_D.JPG.jpeg\" \/>\n\t<meta property=\"og:image:width\" content=\"850\" \/>\n\t<meta property=\"og:image:height\" content=\"560\" \/>\n\t<meta property=\"og:image:type\" content=\"image\/jpeg\" \/>\n<meta name=\"author\" content=\"resumopolitico\" \/>\n<meta name=\"twitter:card\" content=\"summary_large_image\" \/>\n<meta name=\"twitter:label1\" content=\"Escrito por\" \/>\n\t<meta name=\"twitter:data1\" content=\"resumopolitico\" \/>\n\t<meta name=\"twitter:label2\" content=\"Est. tempo de leitura\" \/>\n\t<meta name=\"twitter:data2\" content=\"3 minutos\" \/>\n<script type=\"application\/ld+json\" class=\"yoast-schema-graph\">{\"@context\":\"https:\\\/\\\/schema.org\",\"@graph\":[{\"@type\":\"Article\",\"@id\":\"https:\\\/\\\/resumopolitico.com.br\\\/?p=36274#article\",\"isPartOf\":{\"@id\":\"https:\\\/\\\/resumopolitico.com.br\\\/?p=36274\"},\"author\":{\"name\":\"resumopolitico\",\"@id\":\"https:\\\/\\\/resumopolitico.com.br\\\/#\\\/schema\\\/person\\\/8e54285779750ca1eb5d54a40785d6f3\"},\"headline\":\"Defesa Civil de Macei\u00f3 recomenda medidas urgentes para conter avan\u00e7o de vo\u00e7oroca em Rio Largo\",\"datePublished\":\"2026-04-23T00:26:48+00:00\",\"dateModified\":\"2026-04-23T00:27:17+00:00\",\"mainEntityOfPage\":{\"@id\":\"https:\\\/\\\/resumopolitico.com.br\\\/?p=36274\"},\"wordCount\":473,\"commentCount\":0,\"image\":{\"@id\":\"https:\\\/\\\/resumopolitico.com.br\\\/?p=36274#primaryimage\"},\"thumbnailUrl\":\"https:\\\/\\\/resumopolitico.com.br\\\/wp-content\\\/uploads\\\/2026\\\/04\\\/DJI_20260413111002_0031_D.JPG.jpeg\",\"articleSection\":[\"Alagoas\",\"Destaque\"],\"inLanguage\":\"pt-BR\",\"potentialAction\":[{\"@type\":\"CommentAction\",\"name\":\"Comment\",\"target\":[\"https:\\\/\\\/resumopolitico.com.br\\\/?p=36274#respond\"]}]},{\"@type\":\"WebPage\",\"@id\":\"https:\\\/\\\/resumopolitico.com.br\\\/?p=36274\",\"url\":\"https:\\\/\\\/resumopolitico.com.br\\\/?p=36274\",\"name\":\"Defesa Civil de Macei\u00f3 recomenda medidas urgentes para conter avan\u00e7o de vo\u00e7oroca em Rio Largo - Resumo Pol\u00edtico\",\"isPartOf\":{\"@id\":\"https:\\\/\\\/resumopolitico.com.br\\\/#website\"},\"primaryImageOfPage\":{\"@id\":\"https:\\\/\\\/resumopolitico.com.br\\\/?p=36274#primaryimage\"},\"image\":{\"@id\":\"https:\\\/\\\/resumopolitico.com.br\\\/?p=36274#primaryimage\"},\"thumbnailUrl\":\"https:\\\/\\\/resumopolitico.com.br\\\/wp-content\\\/uploads\\\/2026\\\/04\\\/DJI_20260413111002_0031_D.JPG.jpeg\",\"datePublished\":\"2026-04-23T00:26:48+00:00\",\"dateModified\":\"2026-04-23T00:27:17+00:00\",\"author\":{\"@id\":\"https:\\\/\\\/resumopolitico.com.br\\\/#\\\/schema\\\/person\\\/8e54285779750ca1eb5d54a40785d6f3\"},\"breadcrumb\":{\"@id\":\"https:\\\/\\\/resumopolitico.com.br\\\/?p=36274#breadcrumb\"},\"inLanguage\":\"pt-BR\",\"potentialAction\":[{\"@type\":\"ReadAction\",\"target\":[\"https:\\\/\\\/resumopolitico.com.br\\\/?p=36274\"]}]},{\"@type\":\"ImageObject\",\"inLanguage\":\"pt-BR\",\"@id\":\"https:\\\/\\\/resumopolitico.com.br\\\/?p=36274#primaryimage\",\"url\":\"https:\\\/\\\/resumopolitico.com.br\\\/wp-content\\\/uploads\\\/2026\\\/04\\\/DJI_20260413111002_0031_D.JPG.jpeg\",\"contentUrl\":\"https:\\\/\\\/resumopolitico.com.br\\\/wp-content\\\/uploads\\\/2026\\\/04\\\/DJI_20260413111002_0031_D.JPG.jpeg\",\"width\":850,\"height\":560},{\"@type\":\"BreadcrumbList\",\"@id\":\"https:\\\/\\\/resumopolitico.com.br\\\/?p=36274#breadcrumb\",\"itemListElement\":[{\"@type\":\"ListItem\",\"position\":1,\"name\":\"In\u00edcio\",\"item\":\"https:\\\/\\\/resumopolitico.com.br\\\/\"},{\"@type\":\"ListItem\",\"position\":2,\"name\":\"Defesa Civil de Macei\u00f3 recomenda medidas urgentes para conter avan\u00e7o de vo\u00e7oroca em Rio Largo\"}]},{\"@type\":\"WebSite\",\"@id\":\"https:\\\/\\\/resumopolitico.com.br\\\/#website\",\"url\":\"https:\\\/\\\/resumopolitico.com.br\\\/\",\"name\":\"Resumo Pol\u00edtico\",\"description\":\"Resumo Pol\u00edtico\",\"potentialAction\":[{\"@type\":\"SearchAction\",\"target\":{\"@type\":\"EntryPoint\",\"urlTemplate\":\"https:\\\/\\\/resumopolitico.com.br\\\/?s={search_term_string}\"},\"query-input\":{\"@type\":\"PropertyValueSpecification\",\"valueRequired\":true,\"valueName\":\"search_term_string\"}}],\"inLanguage\":\"pt-BR\"},{\"@type\":\"Person\",\"@id\":\"https:\\\/\\\/resumopolitico.com.br\\\/#\\\/schema\\\/person\\\/8e54285779750ca1eb5d54a40785d6f3\",\"name\":\"resumopolitico\",\"image\":{\"@type\":\"ImageObject\",\"inLanguage\":\"pt-BR\",\"@id\":\"\\\/\\\/www.gravatar.com\\\/avatar\\\/964d308c93aaf0c33319e9a3bc3b8ac5?s=96&#038;r=g&#038;d=mm\",\"url\":\"\\\/\\\/www.gravatar.com\\\/avatar\\\/964d308c93aaf0c33319e9a3bc3b8ac5?s=96&#038;r=g&#038;d=mm\",\"contentUrl\":\"\\\/\\\/www.gravatar.com\\\/avatar\\\/964d308c93aaf0c33319e9a3bc3b8ac5?s=96&#038;r=g&#038;d=mm\",\"caption\":\"resumopolitico\"},\"sameAs\":[\"http:\\\/\\\/resumopolitico.com.br\"],\"url\":\"https:\\\/\\\/resumopolitico.com.br\\\/?bp_members=1&bp_member=resumopoliticoprofile\\\/home\\\/\"}]}<\/script>\n<!-- \/ Yoast SEO plugin. -->","yoast_head_json":{"title":"Defesa Civil de Macei\u00f3 recomenda medidas urgentes para conter avan\u00e7o de vo\u00e7oroca em Rio Largo - Resumo Pol\u00edtico","robots":{"index":"index","follow":"follow","max-snippet":"max-snippet:-1","max-image-preview":"max-image-preview:large","max-video-preview":"max-video-preview:-1"},"canonical":"https:\/\/resumopolitico.com.br\/?p=36274","og_locale":"pt_BR","og_type":"article","og_title":"Defesa Civil de Macei\u00f3 recomenda medidas urgentes para conter avan\u00e7o de vo\u00e7oroca em Rio Largo - Resumo Pol\u00edtico","og_description":"\u00d3rg\u00e3o aponta necessidade de obra emergencial, proibi\u00e7\u00e3o de novas constru\u00e7\u00f5es e refor\u00e7o na fiscaliza\u00e7\u00e3o ambiental para reduzir riscos \u00e0 popula\u00e7\u00e3o A Defesa Civil de Macei\u00f3 concluiu, nesta quarta-feira (22), o Informativo T\u00e9cnico que alerta para o avan\u00e7o significativo de uma vo\u00e7oroca localizada na Mata do Rolo, no munic\u00edpio de Rio Largo, Regi\u00e3o Metropolitana da capital [&hellip;]","og_url":"https:\/\/resumopolitico.com.br\/?p=36274","og_site_name":"Resumo Pol\u00edtico","article_published_time":"2026-04-23T00:26:48+00:00","article_modified_time":"2026-04-23T00:27:17+00:00","og_image":[{"width":850,"height":560,"url":"https:\/\/resumopolitico.com.br\/wp-content\/uploads\/2026\/04\/DJI_20260413111002_0031_D.JPG.jpeg","type":"image\/jpeg"}],"author":"resumopolitico","twitter_card":"summary_large_image","twitter_misc":{"Escrito por":"resumopolitico","Est. tempo de leitura":"3 minutos"},"schema":{"@context":"https:\/\/schema.org","@graph":[{"@type":"Article","@id":"https:\/\/resumopolitico.com.br\/?p=36274#article","isPartOf":{"@id":"https:\/\/resumopolitico.com.br\/?p=36274"},"author":{"name":"resumopolitico","@id":"https:\/\/resumopolitico.com.br\/#\/schema\/person\/8e54285779750ca1eb5d54a40785d6f3"},"headline":"Defesa Civil de Macei\u00f3 recomenda medidas urgentes para conter avan\u00e7o de vo\u00e7oroca em Rio Largo","datePublished":"2026-04-23T00:26:48+00:00","dateModified":"2026-04-23T00:27:17+00:00","mainEntityOfPage":{"@id":"https:\/\/resumopolitico.com.br\/?p=36274"},"wordCount":473,"commentCount":0,"image":{"@id":"https:\/\/resumopolitico.com.br\/?p=36274#primaryimage"},"thumbnailUrl":"https:\/\/resumopolitico.com.br\/wp-content\/uploads\/2026\/04\/DJI_20260413111002_0031_D.JPG.jpeg","articleSection":["Alagoas","Destaque"],"inLanguage":"pt-BR","potentialAction":[{"@type":"CommentAction","name":"Comment","target":["https:\/\/resumopolitico.com.br\/?p=36274#respond"]}]},{"@type":"WebPage","@id":"https:\/\/resumopolitico.com.br\/?p=36274","url":"https:\/\/resumopolitico.com.br\/?p=36274","name":"Defesa Civil de Macei\u00f3 recomenda medidas urgentes para conter avan\u00e7o de vo\u00e7oroca em Rio Largo - Resumo Pol\u00edtico","isPartOf":{"@id":"https:\/\/resumopolitico.com.br\/#website"},"primaryImageOfPage":{"@id":"https:\/\/resumopolitico.com.br\/?p=36274#primaryimage"},"image":{"@id":"https:\/\/resumopolitico.com.br\/?p=36274#primaryimage"},"thumbnailUrl":"https:\/\/resumopolitico.com.br\/wp-content\/uploads\/2026\/04\/DJI_20260413111002_0031_D.JPG.jpeg","datePublished":"2026-04-23T00:26:48+00:00","dateModified":"2026-04-23T00:27:17+00:00","author":{"@id":"https:\/\/resumopolitico.com.br\/#\/schema\/person\/8e54285779750ca1eb5d54a40785d6f3"},"breadcrumb":{"@id":"https:\/\/resumopolitico.com.br\/?p=36274#breadcrumb"},"inLanguage":"pt-BR","potentialAction":[{"@type":"ReadAction","target":["https:\/\/resumopolitico.com.br\/?p=36274"]}]},{"@type":"ImageObject","inLanguage":"pt-BR","@id":"https:\/\/resumopolitico.com.br\/?p=36274#primaryimage","url":"https:\/\/resumopolitico.com.br\/wp-content\/uploads\/2026\/04\/DJI_20260413111002_0031_D.JPG.jpeg","contentUrl":"https:\/\/resumopolitico.com.br\/wp-content\/uploads\/2026\/04\/DJI_20260413111002_0031_D.JPG.jpeg","width":850,"height":560},{"@type":"BreadcrumbList","@id":"https:\/\/resumopolitico.com.br\/?p=36274#breadcrumb","itemListElement":[{"@type":"ListItem","position":1,"name":"In\u00edcio","item":"https:\/\/resumopolitico.com.br\/"},{"@type":"ListItem","position":2,"name":"Defesa Civil de Macei\u00f3 recomenda medidas urgentes para conter avan\u00e7o de vo\u00e7oroca em Rio Largo"}]},{"@type":"WebSite","@id":"https:\/\/resumopolitico.com.br\/#website","url":"https:\/\/resumopolitico.com.br\/","name":"Resumo Pol\u00edtico","description":"Resumo Pol\u00edtico","potentialAction":[{"@type":"SearchAction","target":{"@type":"EntryPoint","urlTemplate":"https:\/\/resumopolitico.com.br\/?s={search_term_string}"},"query-input":{"@type":"PropertyValueSpecification","valueRequired":true,"valueName":"search_term_string"}}],"inLanguage":"pt-BR"},{"@type":"Person","@id":"https:\/\/resumopolitico.com.br\/#\/schema\/person\/8e54285779750ca1eb5d54a40785d6f3","name":"resumopolitico","image":{"@type":"ImageObject","inLanguage":"pt-BR","@id":"\/\/www.gravatar.com\/avatar\/964d308c93aaf0c33319e9a3bc3b8ac5?s=96&#038;r=g&#038;d=mm","url":"\/\/www.gravatar.com\/avatar\/964d308c93aaf0c33319e9a3bc3b8ac5?s=96&#038;r=g&#038;d=mm","contentUrl":"\/\/www.gravatar.com\/avatar\/964d308c93aaf0c33319e9a3bc3b8ac5?s=96&#038;r=g&#038;d=mm","caption":"resumopolitico"},"sameAs":["http:\/\/resumopolitico.com.br"],"url":"https:\/\/resumopolitico.com.br\/?bp_members=1&bp_member=resumopoliticoprofile\/home\/"}]}},"_links":{"self":[{"href":"https:\/\/resumopolitico.com.br\/index.php?rest_route=\/wp\/v2\/posts\/36274","targetHints":{"allow":["GET"]}}],"collection":[{"href":"https:\/\/resumopolitico.com.br\/index.php?rest_route=\/wp\/v2\/posts"}],"about":[{"href":"https:\/\/resumopolitico.com.br\/index.php?rest_route=\/wp\/v2\/types\/post"}],"author":[{"embeddable":true,"href":"https:\/\/resumopolitico.com.br\/index.php?rest_route=\/wp\/v2\/users\/1"}],"replies":[{"embeddable":true,"href":"https:\/\/resumopolitico.com.br\/index.php?rest_route=%2Fwp%2Fv2%2Fcomments&post=36274"}],"version-history":[{"count":2,"href":"https:\/\/resumopolitico.com.br\/index.php?rest_route=\/wp\/v2\/posts\/36274\/revisions"}],"predecessor-version":[{"id":36277,"href":"https:\/\/resumopolitico.com.br\/index.php?rest_route=\/wp\/v2\/posts\/36274\/revisions\/36277"}],"wp:featuredmedia":[{"embeddable":true,"href":"https:\/\/resumopolitico.com.br\/index.php?rest_route=\/wp\/v2\/media\/36275"}],"wp:attachment":[{"href":"https:\/\/resumopolitico.com.br\/index.php?rest_route=%2Fwp%2Fv2%2Fmedia&parent=36274"}],"wp:term":[{"taxonomy":"category","embeddable":true,"href":"https:\/\/resumopolitico.com.br\/index.php?rest_route=%2Fwp%2Fv2%2Fcategories&post=36274"},{"taxonomy":"post_tag","embeddable":true,"href":"https:\/\/resumopolitico.com.br\/index.php?rest_route=%2Fwp%2Fv2%2Ftags&post=36274"}],"curies":[{"name":"wp","href":"https:\/\/api.w.org\/{rel}","templated":true}]}}