{"id":36282,"date":"2026-04-22T22:01:42","date_gmt":"2026-04-23T01:01:42","guid":{"rendered":"https:\/\/resumopolitico.com.br\/?p=36282"},"modified":"2026-04-22T22:02:39","modified_gmt":"2026-04-23T01:02:39","slug":"36282","status":"publish","type":"post","link":"https:\/\/resumopolitico.com.br\/?p=36282","title":{"rendered":"Visitantes e apreciadores enaltecem trabalho dos artes\u00e3os alagoanos na Semana de Design de Mil\u00e3o 2026"},"content":{"rendered":"<p class=\"text-black font-18 mt-0 pt-0\">Evento vai at\u00e9 o dia 26 e apresenta um olhar sens\u00edvel e inovador sobre o fazer artesanal de 11 localidades, distribu\u00eddas por cinco regi\u00f5es do estado<\/p>\n<p>Mais de 200 mil visitantes da ind\u00fastria criativa, de cerca de 140 pa\u00edses, est\u00e3o tendo a oportunidade de conhecer a arte alagoana por meio de mais de 100 pe\u00e7as produzidas por 46 mestres e artes\u00e3os, que est\u00e3o sendo expostas at\u00e9 o dia 26 de abril, na Semana de Design de Mil\u00e3o 2026.<\/p>\n<p>Apreciadores de todas as partes do mundo se encantam com a pluralidade de t\u00e9cnicas e as diversas narrativas dos artistas que apresentam suas pe\u00e7as na Mostra, um dos maiores eventos de design contempor\u00e2neo do mundo.<\/p>\n<p>Harula \u00e9 brasileira, de Macei\u00f3, e atualmente mora na Gr\u00e9cia. Ela se mostrou bastante emocionada ao falar com a equipe do Alagoas Feita \u00e0 M\u00e3o e fez quest\u00e3o de demonstrar seu contentamento no evento.<\/p>\n<p><img decoding=\"async\" src=\"http:\/\/alagoas.al.gov.br\/imagens\/conteudos\/95430ceef364a14c8eb47a8d55ef3f85\/\/visitante%20brasileira.jfif\" \/><\/p>\n<p>\u201cEstou muito emocionada de estar aqui nesta exposi\u00e7\u00e3o, de sentir o cora\u00e7\u00e3o batendo mais forte ao saber que tudo o que est\u00e1 neste lugar vem de onde eu nasci, o que \u00e9 um amor eterno\u201d, relatou.<\/p>\n<p>A frequentadora italiana tamb\u00e9m enalteceu a arte alagoana e se encantou com as produ\u00e7\u00f5es dos artistas da cole\u00e7\u00e3o &#8220;Alagoas Plural&#8221;.<\/p>\n<p>\u201cMe chamo Mirella e adoro o Brasil. Chegar neste estande foi mesmo uma maravilha e est\u00e1 me encantando muito. Este artesanato \u00e9 estupendo. Levaria tudo para casa. \u00c9 maravilhoso. A popula\u00e7\u00e3o de voc\u00eas tamb\u00e9m \u00e9 estupenda e este \u00e9 um universo bel\u00edssimo\u201d, disse.<\/p>\n<p><img decoding=\"async\" src=\"http:\/\/alagoas.al.gov.br\/imagens\/conteudos\/95430ceef364a14c8eb47a8d55ef3f85\/\/Visitante%20italiana.jfif\" \/><\/p>\n<p>A Milan Design Week recebe as produ\u00e7\u00f5es de 26 artes\u00e3os individuais e 20 bordadeiras da Associa\u00e7\u00e3o Mimos de Dona Per\u00f3, que representam os munic\u00edpios de Capela, Uni\u00e3o dos Palmares, Pilar, Batalha, Barra de Santo Ant\u00f4nio, Lagoa da Canoa, Campo Alegre, Belo Monte e P\u00e3o de A\u00e7\u00facar, al\u00e9m dos povoados da Ilha do Ferro e Mata da On\u00e7a.<\/p>\n<p>A cole\u00e7\u00e3o \u201cAlagoas Plural\u201d tem curadoria de Marco Aur\u00e9lio Pulch\u00e9rio e promo\u00e7\u00e3o da Secretaria de Estado de Rela\u00e7\u00f5es Federativas e Internacionais (Serfi), que estimula estrat\u00e9gias de valoriza\u00e7\u00e3o cultural e proje\u00e7\u00e3o internacional do artesanato alagoano, abrindo caminhos para que o setor alcance cada vez mais notoriedade no Brasil e no exterior.<\/p>\n<p>&nbsp;<\/p>\n<p>&nbsp;<\/p>\n<p>Segundo a secret\u00e1ria executiva de Novos Neg\u00f3cios, J\u00falia Caro\u00e1, que est\u00e1 na It\u00e1lia, o programa Alagoas Feita \u00e0 M\u00e3o fortalece a economia artesanal alagoana e posiciona o estado em uma das mais importantes vitrines globais de design contempor\u00e2neo.<\/p>\n<p>&nbsp;<\/p>\n<p>&nbsp;<\/p>\n<p>A secret\u00e1ria de Estado de Rela\u00e7\u00f5es Federativas e Internacionais, Jacqueline R\u00eago, enfatiza a presen\u00e7a alagoana no evento e afirma que a Semana de Design de Mil\u00e3o \u00e9 mais uma forma de ampliar a participa\u00e7\u00e3o do estado em eventos internacionais e de divulgar os produtos da regi\u00e3o.<\/p>\n<p>&nbsp;<\/p>\n<p>&nbsp;<\/p>\n<p>\u201cO evento abre portas para novos mercados e oportunidades de neg\u00f3cios\u201d, diz, destacando tamb\u00e9m a parceria da secret\u00e1ria Paula Dantas na valoriza\u00e7\u00e3o e expans\u00e3o do artesanato.<\/p>\n<p>&nbsp;<\/p>\n<p>&nbsp;<\/p>\n<p>&nbsp;<\/p>\n<p>A cole\u00e7\u00e3o \u201cAlagoas Plural\u201d apresenta um olhar sens\u00edvel e inovador sobre o fazer artesanal de 11 localidades, distribu\u00eddas por cinco regi\u00f5es do estado. Ela faz parte da programa\u00e7\u00e3o do circuito Fuorisalone, no espa\u00e7o hist\u00f3rico Le Cavallerizze, edif\u00edcio do s\u00e9culo XIX que integra o complexo do Museu de Ci\u00eancia e Tecnologia Leonardo da Vinci, no distrito 5Vie Art+Design, uma das regi\u00f5es mais antigas e charmosas da cidade de Mil\u00e3o, na It\u00e1lia.<\/p>\n","protected":false},"excerpt":{"rendered":"<p>Evento vai at\u00e9 o dia 26 e apresenta um olhar sens\u00edvel e inovador sobre o fazer artesanal de 11 localidades, distribu\u00eddas por cinco regi\u00f5es do estado Mais de 200 mil visitantes da ind\u00fastria criativa, de cerca de 140 pa\u00edses, est\u00e3o tendo a oportunidade de conhecer a arte alagoana por meio de mais de 100 pe\u00e7as [&hellip;]<\/p>\n","protected":false},"author":1,"featured_media":36283,"comment_status":"open","ping_status":"open","sticky":false,"template":"","format":"standard","meta":{"_monsterinsights_skip_tracking":false,"_monsterinsights_sitenote_active":false,"_monsterinsights_sitenote_note":"","_monsterinsights_sitenote_category":0,"footnotes":""},"categories":[66,104],"tags":[],"class_list":["post-36282","post","type-post","status-publish","format-standard","has-post-thumbnail","hentry","category-alagoas","category-destaque"],"yoast_head":"<!-- This site is optimized with the Yoast SEO plugin v27.5 - https:\/\/yoast.com\/product\/yoast-seo-wordpress\/ -->\n<title>Visitantes e apreciadores enaltecem trabalho dos artes\u00e3os alagoanos na Semana de Design de Mil\u00e3o 2026 - Resumo Pol\u00edtico<\/title>\n<meta name=\"robots\" content=\"index, follow, max-snippet:-1, max-image-preview:large, max-video-preview:-1\" \/>\n<link rel=\"canonical\" href=\"https:\/\/resumopolitico.com.br\/?p=36282\" \/>\n<meta property=\"og:locale\" content=\"pt_BR\" \/>\n<meta property=\"og:type\" content=\"article\" \/>\n<meta property=\"og:title\" content=\"Visitantes e apreciadores enaltecem trabalho dos artes\u00e3os alagoanos na Semana de Design de Mil\u00e3o 2026 - Resumo Pol\u00edtico\" \/>\n<meta property=\"og:description\" content=\"Evento vai at\u00e9 o dia 26 e apresenta um olhar sens\u00edvel e inovador sobre o fazer artesanal de 11 localidades, distribu\u00eddas por cinco regi\u00f5es do estado Mais de 200 mil visitantes da ind\u00fastria criativa, de cerca de 140 pa\u00edses, est\u00e3o tendo a oportunidade de conhecer a arte alagoana por meio de mais de 100 pe\u00e7as [&hellip;]\" \/>\n<meta property=\"og:url\" content=\"https:\/\/resumopolitico.com.br\/?p=36282\" \/>\n<meta property=\"og:site_name\" content=\"Resumo Pol\u00edtico\" \/>\n<meta property=\"article:published_time\" content=\"2026-04-23T01:01:42+00:00\" \/>\n<meta property=\"article:modified_time\" content=\"2026-04-23T01:02:39+00:00\" \/>\n<meta property=\"og:image\" content=\"https:\/\/resumopolitico.com.br\/wp-content\/uploads\/2026\/04\/visitantes-e-apreciadores-enaltecem-trabalho-dos-artesaos-alagoanos-na-semana-de-design-de-milao-2026-scaled.jpg\" \/>\n\t<meta property=\"og:image:width\" content=\"2560\" \/>\n\t<meta property=\"og:image:height\" content=\"1711\" \/>\n\t<meta property=\"og:image:type\" content=\"image\/jpeg\" \/>\n<meta name=\"author\" content=\"resumopolitico\" \/>\n<meta name=\"twitter:card\" content=\"summary_large_image\" \/>\n<meta name=\"twitter:label1\" content=\"Escrito por\" \/>\n\t<meta name=\"twitter:data1\" content=\"resumopolitico\" \/>\n\t<meta name=\"twitter:label2\" content=\"Est. tempo de leitura\" \/>\n\t<meta name=\"twitter:data2\" content=\"4 minutos\" \/>\n<script type=\"application\/ld+json\" class=\"yoast-schema-graph\">{\"@context\":\"https:\\\/\\\/schema.org\",\"@graph\":[{\"@type\":\"Article\",\"@id\":\"https:\\\/\\\/resumopolitico.com.br\\\/?p=36282#article\",\"isPartOf\":{\"@id\":\"https:\\\/\\\/resumopolitico.com.br\\\/?p=36282\"},\"author\":{\"name\":\"resumopolitico\",\"@id\":\"https:\\\/\\\/resumopolitico.com.br\\\/#\\\/schema\\\/person\\\/8e54285779750ca1eb5d54a40785d6f3\"},\"headline\":\"Visitantes e apreciadores enaltecem trabalho dos artes\u00e3os alagoanos na Semana de Design de Mil\u00e3o 2026\",\"datePublished\":\"2026-04-23T01:01:42+00:00\",\"dateModified\":\"2026-04-23T01:02:39+00:00\",\"mainEntityOfPage\":{\"@id\":\"https:\\\/\\\/resumopolitico.com.br\\\/?p=36282\"},\"wordCount\":613,\"commentCount\":0,\"image\":{\"@id\":\"https:\\\/\\\/resumopolitico.com.br\\\/?p=36282#primaryimage\"},\"thumbnailUrl\":\"https:\\\/\\\/resumopolitico.com.br\\\/wp-content\\\/uploads\\\/2026\\\/04\\\/visitantes-e-apreciadores-enaltecem-trabalho-dos-artesaos-alagoanos-na-semana-de-design-de-milao-2026-scaled.jpg\",\"articleSection\":[\"Alagoas\",\"Destaque\"],\"inLanguage\":\"pt-BR\",\"potentialAction\":[{\"@type\":\"CommentAction\",\"name\":\"Comment\",\"target\":[\"https:\\\/\\\/resumopolitico.com.br\\\/?p=36282#respond\"]}]},{\"@type\":\"WebPage\",\"@id\":\"https:\\\/\\\/resumopolitico.com.br\\\/?p=36282\",\"url\":\"https:\\\/\\\/resumopolitico.com.br\\\/?p=36282\",\"name\":\"Visitantes e apreciadores enaltecem trabalho dos artes\u00e3os alagoanos na Semana de Design de Mil\u00e3o 2026 - Resumo Pol\u00edtico\",\"isPartOf\":{\"@id\":\"https:\\\/\\\/resumopolitico.com.br\\\/#website\"},\"primaryImageOfPage\":{\"@id\":\"https:\\\/\\\/resumopolitico.com.br\\\/?p=36282#primaryimage\"},\"image\":{\"@id\":\"https:\\\/\\\/resumopolitico.com.br\\\/?p=36282#primaryimage\"},\"thumbnailUrl\":\"https:\\\/\\\/resumopolitico.com.br\\\/wp-content\\\/uploads\\\/2026\\\/04\\\/visitantes-e-apreciadores-enaltecem-trabalho-dos-artesaos-alagoanos-na-semana-de-design-de-milao-2026-scaled.jpg\",\"datePublished\":\"2026-04-23T01:01:42+00:00\",\"dateModified\":\"2026-04-23T01:02:39+00:00\",\"author\":{\"@id\":\"https:\\\/\\\/resumopolitico.com.br\\\/#\\\/schema\\\/person\\\/8e54285779750ca1eb5d54a40785d6f3\"},\"breadcrumb\":{\"@id\":\"https:\\\/\\\/resumopolitico.com.br\\\/?p=36282#breadcrumb\"},\"inLanguage\":\"pt-BR\",\"potentialAction\":[{\"@type\":\"ReadAction\",\"target\":[\"https:\\\/\\\/resumopolitico.com.br\\\/?p=36282\"]}]},{\"@type\":\"ImageObject\",\"inLanguage\":\"pt-BR\",\"@id\":\"https:\\\/\\\/resumopolitico.com.br\\\/?p=36282#primaryimage\",\"url\":\"https:\\\/\\\/resumopolitico.com.br\\\/wp-content\\\/uploads\\\/2026\\\/04\\\/visitantes-e-apreciadores-enaltecem-trabalho-dos-artesaos-alagoanos-na-semana-de-design-de-milao-2026-scaled.jpg\",\"contentUrl\":\"https:\\\/\\\/resumopolitico.com.br\\\/wp-content\\\/uploads\\\/2026\\\/04\\\/visitantes-e-apreciadores-enaltecem-trabalho-dos-artesaos-alagoanos-na-semana-de-design-de-milao-2026-scaled.jpg\",\"width\":2560,\"height\":1711},{\"@type\":\"BreadcrumbList\",\"@id\":\"https:\\\/\\\/resumopolitico.com.br\\\/?p=36282#breadcrumb\",\"itemListElement\":[{\"@type\":\"ListItem\",\"position\":1,\"name\":\"In\u00edcio\",\"item\":\"https:\\\/\\\/resumopolitico.com.br\\\/\"},{\"@type\":\"ListItem\",\"position\":2,\"name\":\"Visitantes e apreciadores enaltecem trabalho dos artes\u00e3os alagoanos na Semana de Design de Mil\u00e3o 2026\"}]},{\"@type\":\"WebSite\",\"@id\":\"https:\\\/\\\/resumopolitico.com.br\\\/#website\",\"url\":\"https:\\\/\\\/resumopolitico.com.br\\\/\",\"name\":\"Resumo Pol\u00edtico\",\"description\":\"Resumo Pol\u00edtico\",\"potentialAction\":[{\"@type\":\"SearchAction\",\"target\":{\"@type\":\"EntryPoint\",\"urlTemplate\":\"https:\\\/\\\/resumopolitico.com.br\\\/?s={search_term_string}\"},\"query-input\":{\"@type\":\"PropertyValueSpecification\",\"valueRequired\":true,\"valueName\":\"search_term_string\"}}],\"inLanguage\":\"pt-BR\"},{\"@type\":\"Person\",\"@id\":\"https:\\\/\\\/resumopolitico.com.br\\\/#\\\/schema\\\/person\\\/8e54285779750ca1eb5d54a40785d6f3\",\"name\":\"resumopolitico\",\"image\":{\"@type\":\"ImageObject\",\"inLanguage\":\"pt-BR\",\"@id\":\"\\\/\\\/www.gravatar.com\\\/avatar\\\/964d308c93aaf0c33319e9a3bc3b8ac5?s=96&#038;r=g&#038;d=mm\",\"url\":\"\\\/\\\/www.gravatar.com\\\/avatar\\\/964d308c93aaf0c33319e9a3bc3b8ac5?s=96&#038;r=g&#038;d=mm\",\"contentUrl\":\"\\\/\\\/www.gravatar.com\\\/avatar\\\/964d308c93aaf0c33319e9a3bc3b8ac5?s=96&#038;r=g&#038;d=mm\",\"caption\":\"resumopolitico\"},\"sameAs\":[\"http:\\\/\\\/resumopolitico.com.br\"],\"url\":\"https:\\\/\\\/resumopolitico.com.br\\\/?bp_members=1&bp_member=resumopoliticoprofile\\\/home\\\/\"}]}<\/script>\n<!-- \/ Yoast SEO plugin. -->","yoast_head_json":{"title":"Visitantes e apreciadores enaltecem trabalho dos artes\u00e3os alagoanos na Semana de Design de Mil\u00e3o 2026 - Resumo Pol\u00edtico","robots":{"index":"index","follow":"follow","max-snippet":"max-snippet:-1","max-image-preview":"max-image-preview:large","max-video-preview":"max-video-preview:-1"},"canonical":"https:\/\/resumopolitico.com.br\/?p=36282","og_locale":"pt_BR","og_type":"article","og_title":"Visitantes e apreciadores enaltecem trabalho dos artes\u00e3os alagoanos na Semana de Design de Mil\u00e3o 2026 - Resumo Pol\u00edtico","og_description":"Evento vai at\u00e9 o dia 26 e apresenta um olhar sens\u00edvel e inovador sobre o fazer artesanal de 11 localidades, distribu\u00eddas por cinco regi\u00f5es do estado Mais de 200 mil visitantes da ind\u00fastria criativa, de cerca de 140 pa\u00edses, est\u00e3o tendo a oportunidade de conhecer a arte alagoana por meio de mais de 100 pe\u00e7as [&hellip;]","og_url":"https:\/\/resumopolitico.com.br\/?p=36282","og_site_name":"Resumo Pol\u00edtico","article_published_time":"2026-04-23T01:01:42+00:00","article_modified_time":"2026-04-23T01:02:39+00:00","og_image":[{"width":2560,"height":1711,"url":"https:\/\/resumopolitico.com.br\/wp-content\/uploads\/2026\/04\/visitantes-e-apreciadores-enaltecem-trabalho-dos-artesaos-alagoanos-na-semana-de-design-de-milao-2026-scaled.jpg","type":"image\/jpeg"}],"author":"resumopolitico","twitter_card":"summary_large_image","twitter_misc":{"Escrito por":"resumopolitico","Est. tempo de leitura":"4 minutos"},"schema":{"@context":"https:\/\/schema.org","@graph":[{"@type":"Article","@id":"https:\/\/resumopolitico.com.br\/?p=36282#article","isPartOf":{"@id":"https:\/\/resumopolitico.com.br\/?p=36282"},"author":{"name":"resumopolitico","@id":"https:\/\/resumopolitico.com.br\/#\/schema\/person\/8e54285779750ca1eb5d54a40785d6f3"},"headline":"Visitantes e apreciadores enaltecem trabalho dos artes\u00e3os alagoanos na Semana de Design de Mil\u00e3o 2026","datePublished":"2026-04-23T01:01:42+00:00","dateModified":"2026-04-23T01:02:39+00:00","mainEntityOfPage":{"@id":"https:\/\/resumopolitico.com.br\/?p=36282"},"wordCount":613,"commentCount":0,"image":{"@id":"https:\/\/resumopolitico.com.br\/?p=36282#primaryimage"},"thumbnailUrl":"https:\/\/resumopolitico.com.br\/wp-content\/uploads\/2026\/04\/visitantes-e-apreciadores-enaltecem-trabalho-dos-artesaos-alagoanos-na-semana-de-design-de-milao-2026-scaled.jpg","articleSection":["Alagoas","Destaque"],"inLanguage":"pt-BR","potentialAction":[{"@type":"CommentAction","name":"Comment","target":["https:\/\/resumopolitico.com.br\/?p=36282#respond"]}]},{"@type":"WebPage","@id":"https:\/\/resumopolitico.com.br\/?p=36282","url":"https:\/\/resumopolitico.com.br\/?p=36282","name":"Visitantes e apreciadores enaltecem trabalho dos artes\u00e3os alagoanos na Semana de Design de Mil\u00e3o 2026 - Resumo Pol\u00edtico","isPartOf":{"@id":"https:\/\/resumopolitico.com.br\/#website"},"primaryImageOfPage":{"@id":"https:\/\/resumopolitico.com.br\/?p=36282#primaryimage"},"image":{"@id":"https:\/\/resumopolitico.com.br\/?p=36282#primaryimage"},"thumbnailUrl":"https:\/\/resumopolitico.com.br\/wp-content\/uploads\/2026\/04\/visitantes-e-apreciadores-enaltecem-trabalho-dos-artesaos-alagoanos-na-semana-de-design-de-milao-2026-scaled.jpg","datePublished":"2026-04-23T01:01:42+00:00","dateModified":"2026-04-23T01:02:39+00:00","author":{"@id":"https:\/\/resumopolitico.com.br\/#\/schema\/person\/8e54285779750ca1eb5d54a40785d6f3"},"breadcrumb":{"@id":"https:\/\/resumopolitico.com.br\/?p=36282#breadcrumb"},"inLanguage":"pt-BR","potentialAction":[{"@type":"ReadAction","target":["https:\/\/resumopolitico.com.br\/?p=36282"]}]},{"@type":"ImageObject","inLanguage":"pt-BR","@id":"https:\/\/resumopolitico.com.br\/?p=36282#primaryimage","url":"https:\/\/resumopolitico.com.br\/wp-content\/uploads\/2026\/04\/visitantes-e-apreciadores-enaltecem-trabalho-dos-artesaos-alagoanos-na-semana-de-design-de-milao-2026-scaled.jpg","contentUrl":"https:\/\/resumopolitico.com.br\/wp-content\/uploads\/2026\/04\/visitantes-e-apreciadores-enaltecem-trabalho-dos-artesaos-alagoanos-na-semana-de-design-de-milao-2026-scaled.jpg","width":2560,"height":1711},{"@type":"BreadcrumbList","@id":"https:\/\/resumopolitico.com.br\/?p=36282#breadcrumb","itemListElement":[{"@type":"ListItem","position":1,"name":"In\u00edcio","item":"https:\/\/resumopolitico.com.br\/"},{"@type":"ListItem","position":2,"name":"Visitantes e apreciadores enaltecem trabalho dos artes\u00e3os alagoanos na Semana de Design de Mil\u00e3o 2026"}]},{"@type":"WebSite","@id":"https:\/\/resumopolitico.com.br\/#website","url":"https:\/\/resumopolitico.com.br\/","name":"Resumo Pol\u00edtico","description":"Resumo Pol\u00edtico","potentialAction":[{"@type":"SearchAction","target":{"@type":"EntryPoint","urlTemplate":"https:\/\/resumopolitico.com.br\/?s={search_term_string}"},"query-input":{"@type":"PropertyValueSpecification","valueRequired":true,"valueName":"search_term_string"}}],"inLanguage":"pt-BR"},{"@type":"Person","@id":"https:\/\/resumopolitico.com.br\/#\/schema\/person\/8e54285779750ca1eb5d54a40785d6f3","name":"resumopolitico","image":{"@type":"ImageObject","inLanguage":"pt-BR","@id":"\/\/www.gravatar.com\/avatar\/964d308c93aaf0c33319e9a3bc3b8ac5?s=96&#038;r=g&#038;d=mm","url":"\/\/www.gravatar.com\/avatar\/964d308c93aaf0c33319e9a3bc3b8ac5?s=96&#038;r=g&#038;d=mm","contentUrl":"\/\/www.gravatar.com\/avatar\/964d308c93aaf0c33319e9a3bc3b8ac5?s=96&#038;r=g&#038;d=mm","caption":"resumopolitico"},"sameAs":["http:\/\/resumopolitico.com.br"],"url":"https:\/\/resumopolitico.com.br\/?bp_members=1&bp_member=resumopoliticoprofile\/home\/"}]}},"_links":{"self":[{"href":"https:\/\/resumopolitico.com.br\/index.php?rest_route=\/wp\/v2\/posts\/36282","targetHints":{"allow":["GET"]}}],"collection":[{"href":"https:\/\/resumopolitico.com.br\/index.php?rest_route=\/wp\/v2\/posts"}],"about":[{"href":"https:\/\/resumopolitico.com.br\/index.php?rest_route=\/wp\/v2\/types\/post"}],"author":[{"embeddable":true,"href":"https:\/\/resumopolitico.com.br\/index.php?rest_route=\/wp\/v2\/users\/1"}],"replies":[{"embeddable":true,"href":"https:\/\/resumopolitico.com.br\/index.php?rest_route=%2Fwp%2Fv2%2Fcomments&post=36282"}],"version-history":[{"count":2,"href":"https:\/\/resumopolitico.com.br\/index.php?rest_route=\/wp\/v2\/posts\/36282\/revisions"}],"predecessor-version":[{"id":36285,"href":"https:\/\/resumopolitico.com.br\/index.php?rest_route=\/wp\/v2\/posts\/36282\/revisions\/36285"}],"wp:featuredmedia":[{"embeddable":true,"href":"https:\/\/resumopolitico.com.br\/index.php?rest_route=\/wp\/v2\/media\/36283"}],"wp:attachment":[{"href":"https:\/\/resumopolitico.com.br\/index.php?rest_route=%2Fwp%2Fv2%2Fmedia&parent=36282"}],"wp:term":[{"taxonomy":"category","embeddable":true,"href":"https:\/\/resumopolitico.com.br\/index.php?rest_route=%2Fwp%2Fv2%2Fcategories&post=36282"},{"taxonomy":"post_tag","embeddable":true,"href":"https:\/\/resumopolitico.com.br\/index.php?rest_route=%2Fwp%2Fv2%2Ftags&post=36282"}],"curies":[{"name":"wp","href":"https:\/\/api.w.org\/{rel}","templated":true}]}}