{"id":36286,"date":"2026-04-22T22:22:42","date_gmt":"2026-04-23T01:22:42","guid":{"rendered":"https:\/\/resumopolitico.com.br\/?p=36286"},"modified":"2026-04-22T22:23:21","modified_gmt":"2026-04-23T01:23:21","slug":"36286","status":"publish","type":"post","link":"https:\/\/resumopolitico.com.br\/?p=36286","title":{"rendered":"Crescer sem conta n\u00e3o fecha a conta"},"content":{"rendered":"<p><img fetchpriority=\"high\" decoding=\"async\" class=\"alignnone size-full wp-image-36287\" src=\"https:\/\/resumopolitico.com.br\/wp-content\/uploads\/2026\/04\/WhatsApp-Image-2026-04-22-at-00.08.55.jpeg\" alt=\"\" width=\"1536\" height=\"1024\" srcset=\"https:\/\/resumopolitico.com.br\/wp-content\/uploads\/2026\/04\/WhatsApp-Image-2026-04-22-at-00.08.55.jpeg 1536w, https:\/\/resumopolitico.com.br\/wp-content\/uploads\/2026\/04\/WhatsApp-Image-2026-04-22-at-00.08.55-300x200.jpeg 300w, https:\/\/resumopolitico.com.br\/wp-content\/uploads\/2026\/04\/WhatsApp-Image-2026-04-22-at-00.08.55-1024x683.jpeg 1024w, https:\/\/resumopolitico.com.br\/wp-content\/uploads\/2026\/04\/WhatsApp-Image-2026-04-22-at-00.08.55-768x512.jpeg 768w, https:\/\/resumopolitico.com.br\/wp-content\/uploads\/2026\/04\/WhatsApp-Image-2026-04-22-at-00.08.55-750x500.jpeg 750w, https:\/\/resumopolitico.com.br\/wp-content\/uploads\/2026\/04\/WhatsApp-Image-2026-04-22-at-00.08.55-1140x760.jpeg 1140w\" sizes=\"(max-width: 1536px) 100vw, 1536px\" \/>O debate econ\u00f4mico no Brasil continua preso a slogans. De um lado, a promessa de erradicar a pobreza. De outro, o alerta sobre infla\u00e7\u00e3o e d\u00edvida. O problema \u00e9 que, sem uma ponte clara entre esses dois polos, a conta n\u00e3o fecha \u2014 e quem paga \u00e9 o pr\u00f3prio crescimento.<\/p>\n<p>O governo Lula opera hoje numa estrat\u00e9gia h\u00edbrida: aceita o regime de metas de infla\u00e7\u00e3o e a autonomia do Banco Central, mas aposta na expans\u00e3o do gasto, no cr\u00e9dito p\u00fablico e em pol\u00edticas de transfer\u00eancia para sustentar a atividade. N\u00e3o \u00e9 um \u201cmodelo te\u00f3rico\u201d coeso; \u00e9 um arranjo pragm\u00e1tico. E, como todo arranjo, precisa de amarras para n\u00e3o se desfazer.<\/p>\n<p>A primeira pergunta \u00e9 direta: de onde vem o crescimento?<br \/>\nTransfer\u00eancia de renda ajuda a sustentar consumo no curto prazo, mas n\u00e3o substitui investimento nem ganho de produtividade. Sem aumento consistente de produtividade \u2014 via educa\u00e7\u00e3o, infraestrutura, inova\u00e7\u00e3o e ambiente de neg\u00f3cios \u2014 o impulso inicial se esgota e reaparece na forma de infla\u00e7\u00e3o ou de d\u00e9ficit.<\/p>\n<p>A segunda pergunta \u00e9 qualidade do gasto.<br \/>\nGastar mais n\u00e3o \u00e9 o mesmo que gastar melhor. Programas mal focalizados, subs\u00eddios pouco transparentes e cr\u00e9dito direcionado sem crit\u00e9rios claros podem at\u00e9 acelerar a economia por um tempo, mas deixam um rastro de baixa efici\u00eancia e press\u00f5es fiscais futuras. A diferen\u00e7a entre pol\u00edtica social sustent\u00e1vel e populismo fiscal est\u00e1 no desenho e na avalia\u00e7\u00e3o cont\u00ednua dos resultados.<\/p>\n<p>A terceira \u00e9 credibilidade fiscal.<br \/>\nSem uma \u00e2ncora cr\u00edvel \u2014 metas que o mercado e a sociedade acreditem que ser\u00e3o cumpridas \u2014 o pr\u00eamio de risco sobe. Isso encarece juros, trava investimento privado e corr\u00f3i exatamente o crescimento que o gasto pretendia estimular. A aritm\u00e9tica \u00e9 implac\u00e1vel: d\u00edvida crescente exige juros mais altos; juros mais altos inibem investimento; menos investimento reduz crescimento e arrecada\u00e7\u00e3o.<\/p>\n<p>H\u00e1 ainda a tens\u00e3o com a pol\u00edtica monet\u00e1ria. Quando o fiscal expande sem convic\u00e7\u00e3o de sustentabilidade, o Banco Central tende a compensar com juros mais altos para proteger a infla\u00e7\u00e3o. O resultado \u00e9 um jogo de empurra em que o est\u00edmulo de um lado \u00e9 neutralizado pelo aperto do outro \u2014 e o pa\u00eds cresce menos do que poderia.<\/p>\n<p>Nada disso significa abandonar pol\u00edticas sociais. Significa amarr\u00e1-las a uma estrat\u00e9gia de gera\u00e7\u00e3o de riqueza. O caminho passa por escolhas menos vis\u00edveis e mais dif\u00edceis: simplifica\u00e7\u00e3o tribut\u00e1ria com neutralidade, seguran\u00e7a jur\u00eddica, redu\u00e7\u00e3o de custos de contrata\u00e7\u00e3o, integra\u00e7\u00e3o a cadeias globais, investimento em capital humano e infraestrutura com retorno mensur\u00e1vel. \u00c9 a\u00ed que o crescimento deixa de ser epis\u00f3dico e vira tend\u00eancia.<\/p>\n<p>A provoca\u00e7\u00e3o necess\u00e1ria \u00e9 simples:<br \/>\no governo est\u00e1 aumentando o consumo ou est\u00e1 ampliando a capacidade de produzir?<br \/>\nSem a segunda perna, a primeira cobra a conta \u2014 em infla\u00e7\u00e3o, juros e d\u00edvida.<\/p>\n<p>Erradicar a pobreza \u00e9 um objetivo leg\u00edtimo. Sustent\u00e1-la ao longo do tempo exige algo menos popular, por\u00e9m decisivo: produtividade, investimento e disciplina fiscal. Sem isso, a promessa vira ciclo curto \u2014 e o ciclo curto nunca resolve um problema longo.<\/p>\n","protected":false},"excerpt":{"rendered":"<p>O debate econ\u00f4mico no Brasil continua preso a slogans. De um lado, a promessa de erradicar a pobreza. De outro, o alerta sobre infla\u00e7\u00e3o e d\u00edvida. O problema \u00e9 que, sem uma ponte clara entre esses dois polos, a conta n\u00e3o fecha \u2014 e quem paga \u00e9 o pr\u00f3prio crescimento. O governo Lula opera hoje [&hellip;]<\/p>\n","protected":false},"author":1,"featured_media":34856,"comment_status":"open","ping_status":"open","sticky":false,"template":"","format":"standard","meta":{"_monsterinsights_skip_tracking":false,"_monsterinsights_sitenote_active":false,"_monsterinsights_sitenote_note":"","_monsterinsights_sitenote_category":0,"footnotes":""},"categories":[104,123],"tags":[],"class_list":["post-36286","post","type-post","status-publish","format-standard","has-post-thumbnail","hentry","category-destaque","category-coluna-rui_guerra"],"yoast_head":"<!-- This site is optimized with the Yoast SEO plugin v27.5 - https:\/\/yoast.com\/product\/yoast-seo-wordpress\/ -->\n<title>Crescer sem conta n\u00e3o fecha a conta - Resumo Pol\u00edtico<\/title>\n<meta name=\"robots\" content=\"index, follow, max-snippet:-1, max-image-preview:large, max-video-preview:-1\" \/>\n<link rel=\"canonical\" href=\"https:\/\/resumopolitico.com.br\/?p=36286\" \/>\n<meta property=\"og:locale\" content=\"pt_BR\" \/>\n<meta property=\"og:type\" content=\"article\" \/>\n<meta property=\"og:title\" content=\"Crescer sem conta n\u00e3o fecha a conta - Resumo Pol\u00edtico\" \/>\n<meta property=\"og:description\" content=\"O debate econ\u00f4mico no Brasil continua preso a slogans. De um lado, a promessa de erradicar a pobreza. De outro, o alerta sobre infla\u00e7\u00e3o e d\u00edvida. O problema \u00e9 que, sem uma ponte clara entre esses dois polos, a conta n\u00e3o fecha \u2014 e quem paga \u00e9 o pr\u00f3prio crescimento. O governo Lula opera hoje [&hellip;]\" \/>\n<meta property=\"og:url\" content=\"https:\/\/resumopolitico.com.br\/?p=36286\" \/>\n<meta property=\"og:site_name\" content=\"Resumo Pol\u00edtico\" \/>\n<meta property=\"article:published_time\" content=\"2026-04-23T01:22:42+00:00\" \/>\n<meta property=\"article:modified_time\" content=\"2026-04-23T01:23:21+00:00\" \/>\n<meta property=\"og:image\" content=\"https:\/\/resumopolitico.com.br\/wp-content\/uploads\/2026\/01\/ruinovo-e1769472309464-800x1024.png\" \/>\n\t<meta property=\"og:image:width\" content=\"800\" \/>\n\t<meta property=\"og:image:height\" content=\"1024\" \/>\n\t<meta property=\"og:image:type\" content=\"image\/png\" \/>\n<meta name=\"author\" content=\"resumopolitico\" \/>\n<meta name=\"twitter:card\" content=\"summary_large_image\" \/>\n<meta name=\"twitter:label1\" content=\"Escrito por\" \/>\n\t<meta name=\"twitter:data1\" content=\"resumopolitico\" \/>\n\t<meta name=\"twitter:label2\" content=\"Est. tempo de leitura\" \/>\n\t<meta name=\"twitter:data2\" content=\"4 minutos\" \/>\n<script type=\"application\/ld+json\" class=\"yoast-schema-graph\">{\"@context\":\"https:\\\/\\\/schema.org\",\"@graph\":[{\"@type\":\"Article\",\"@id\":\"https:\\\/\\\/resumopolitico.com.br\\\/?p=36286#article\",\"isPartOf\":{\"@id\":\"https:\\\/\\\/resumopolitico.com.br\\\/?p=36286\"},\"author\":{\"name\":\"resumopolitico\",\"@id\":\"https:\\\/\\\/resumopolitico.com.br\\\/#\\\/schema\\\/person\\\/8e54285779750ca1eb5d54a40785d6f3\"},\"headline\":\"Crescer sem conta n\u00e3o fecha a conta\",\"datePublished\":\"2026-04-23T01:22:42+00:00\",\"dateModified\":\"2026-04-23T01:23:21+00:00\",\"mainEntityOfPage\":{\"@id\":\"https:\\\/\\\/resumopolitico.com.br\\\/?p=36286\"},\"wordCount\":548,\"commentCount\":0,\"image\":{\"@id\":\"https:\\\/\\\/resumopolitico.com.br\\\/?p=36286#primaryimage\"},\"thumbnailUrl\":\"https:\\\/\\\/resumopolitico.com.br\\\/wp-content\\\/uploads\\\/2026\\\/01\\\/ruinovo-e1769472309464.png\",\"articleSection\":[\"Destaque\",\"LUPA, um olhar cr\u00edtico de quem viveu na coxia\"],\"inLanguage\":\"pt-BR\",\"potentialAction\":[{\"@type\":\"CommentAction\",\"name\":\"Comment\",\"target\":[\"https:\\\/\\\/resumopolitico.com.br\\\/?p=36286#respond\"]}]},{\"@type\":\"WebPage\",\"@id\":\"https:\\\/\\\/resumopolitico.com.br\\\/?p=36286\",\"url\":\"https:\\\/\\\/resumopolitico.com.br\\\/?p=36286\",\"name\":\"Crescer sem conta n\u00e3o fecha a conta - Resumo Pol\u00edtico\",\"isPartOf\":{\"@id\":\"https:\\\/\\\/resumopolitico.com.br\\\/#website\"},\"primaryImageOfPage\":{\"@id\":\"https:\\\/\\\/resumopolitico.com.br\\\/?p=36286#primaryimage\"},\"image\":{\"@id\":\"https:\\\/\\\/resumopolitico.com.br\\\/?p=36286#primaryimage\"},\"thumbnailUrl\":\"https:\\\/\\\/resumopolitico.com.br\\\/wp-content\\\/uploads\\\/2026\\\/01\\\/ruinovo-e1769472309464.png\",\"datePublished\":\"2026-04-23T01:22:42+00:00\",\"dateModified\":\"2026-04-23T01:23:21+00:00\",\"author\":{\"@id\":\"https:\\\/\\\/resumopolitico.com.br\\\/#\\\/schema\\\/person\\\/8e54285779750ca1eb5d54a40785d6f3\"},\"breadcrumb\":{\"@id\":\"https:\\\/\\\/resumopolitico.com.br\\\/?p=36286#breadcrumb\"},\"inLanguage\":\"pt-BR\",\"potentialAction\":[{\"@type\":\"ReadAction\",\"target\":[\"https:\\\/\\\/resumopolitico.com.br\\\/?p=36286\"]}]},{\"@type\":\"ImageObject\",\"inLanguage\":\"pt-BR\",\"@id\":\"https:\\\/\\\/resumopolitico.com.br\\\/?p=36286#primaryimage\",\"url\":\"https:\\\/\\\/resumopolitico.com.br\\\/wp-content\\\/uploads\\\/2026\\\/01\\\/ruinovo-e1769472309464.png\",\"contentUrl\":\"https:\\\/\\\/resumopolitico.com.br\\\/wp-content\\\/uploads\\\/2026\\\/01\\\/ruinovo-e1769472309464.png\",\"width\":1024,\"height\":1310},{\"@type\":\"BreadcrumbList\",\"@id\":\"https:\\\/\\\/resumopolitico.com.br\\\/?p=36286#breadcrumb\",\"itemListElement\":[{\"@type\":\"ListItem\",\"position\":1,\"name\":\"In\u00edcio\",\"item\":\"https:\\\/\\\/resumopolitico.com.br\\\/\"},{\"@type\":\"ListItem\",\"position\":2,\"name\":\"Crescer sem conta n\u00e3o fecha a conta\"}]},{\"@type\":\"WebSite\",\"@id\":\"https:\\\/\\\/resumopolitico.com.br\\\/#website\",\"url\":\"https:\\\/\\\/resumopolitico.com.br\\\/\",\"name\":\"Resumo Pol\u00edtico\",\"description\":\"Resumo Pol\u00edtico\",\"potentialAction\":[{\"@type\":\"SearchAction\",\"target\":{\"@type\":\"EntryPoint\",\"urlTemplate\":\"https:\\\/\\\/resumopolitico.com.br\\\/?s={search_term_string}\"},\"query-input\":{\"@type\":\"PropertyValueSpecification\",\"valueRequired\":true,\"valueName\":\"search_term_string\"}}],\"inLanguage\":\"pt-BR\"},{\"@type\":\"Person\",\"@id\":\"https:\\\/\\\/resumopolitico.com.br\\\/#\\\/schema\\\/person\\\/8e54285779750ca1eb5d54a40785d6f3\",\"name\":\"resumopolitico\",\"image\":{\"@type\":\"ImageObject\",\"inLanguage\":\"pt-BR\",\"@id\":\"\\\/\\\/www.gravatar.com\\\/avatar\\\/964d308c93aaf0c33319e9a3bc3b8ac5?s=96&#038;r=g&#038;d=mm\",\"url\":\"\\\/\\\/www.gravatar.com\\\/avatar\\\/964d308c93aaf0c33319e9a3bc3b8ac5?s=96&#038;r=g&#038;d=mm\",\"contentUrl\":\"\\\/\\\/www.gravatar.com\\\/avatar\\\/964d308c93aaf0c33319e9a3bc3b8ac5?s=96&#038;r=g&#038;d=mm\",\"caption\":\"resumopolitico\"},\"sameAs\":[\"http:\\\/\\\/resumopolitico.com.br\"],\"url\":\"https:\\\/\\\/resumopolitico.com.br\\\/?bp_members=1&bp_member=resumopoliticoprofile\\\/home\\\/\"}]}<\/script>\n<!-- \/ Yoast SEO plugin. -->","yoast_head_json":{"title":"Crescer sem conta n\u00e3o fecha a conta - Resumo Pol\u00edtico","robots":{"index":"index","follow":"follow","max-snippet":"max-snippet:-1","max-image-preview":"max-image-preview:large","max-video-preview":"max-video-preview:-1"},"canonical":"https:\/\/resumopolitico.com.br\/?p=36286","og_locale":"pt_BR","og_type":"article","og_title":"Crescer sem conta n\u00e3o fecha a conta - Resumo Pol\u00edtico","og_description":"O debate econ\u00f4mico no Brasil continua preso a slogans. De um lado, a promessa de erradicar a pobreza. De outro, o alerta sobre infla\u00e7\u00e3o e d\u00edvida. O problema \u00e9 que, sem uma ponte clara entre esses dois polos, a conta n\u00e3o fecha \u2014 e quem paga \u00e9 o pr\u00f3prio crescimento. O governo Lula opera hoje [&hellip;]","og_url":"https:\/\/resumopolitico.com.br\/?p=36286","og_site_name":"Resumo Pol\u00edtico","article_published_time":"2026-04-23T01:22:42+00:00","article_modified_time":"2026-04-23T01:23:21+00:00","og_image":[{"width":800,"height":1024,"url":"https:\/\/resumopolitico.com.br\/wp-content\/uploads\/2026\/01\/ruinovo-e1769472309464-800x1024.png","type":"image\/png"}],"author":"resumopolitico","twitter_card":"summary_large_image","twitter_misc":{"Escrito por":"resumopolitico","Est. tempo de leitura":"4 minutos"},"schema":{"@context":"https:\/\/schema.org","@graph":[{"@type":"Article","@id":"https:\/\/resumopolitico.com.br\/?p=36286#article","isPartOf":{"@id":"https:\/\/resumopolitico.com.br\/?p=36286"},"author":{"name":"resumopolitico","@id":"https:\/\/resumopolitico.com.br\/#\/schema\/person\/8e54285779750ca1eb5d54a40785d6f3"},"headline":"Crescer sem conta n\u00e3o fecha a conta","datePublished":"2026-04-23T01:22:42+00:00","dateModified":"2026-04-23T01:23:21+00:00","mainEntityOfPage":{"@id":"https:\/\/resumopolitico.com.br\/?p=36286"},"wordCount":548,"commentCount":0,"image":{"@id":"https:\/\/resumopolitico.com.br\/?p=36286#primaryimage"},"thumbnailUrl":"https:\/\/resumopolitico.com.br\/wp-content\/uploads\/2026\/01\/ruinovo-e1769472309464.png","articleSection":["Destaque","LUPA, um olhar cr\u00edtico de quem viveu na coxia"],"inLanguage":"pt-BR","potentialAction":[{"@type":"CommentAction","name":"Comment","target":["https:\/\/resumopolitico.com.br\/?p=36286#respond"]}]},{"@type":"WebPage","@id":"https:\/\/resumopolitico.com.br\/?p=36286","url":"https:\/\/resumopolitico.com.br\/?p=36286","name":"Crescer sem conta n\u00e3o fecha a conta - Resumo Pol\u00edtico","isPartOf":{"@id":"https:\/\/resumopolitico.com.br\/#website"},"primaryImageOfPage":{"@id":"https:\/\/resumopolitico.com.br\/?p=36286#primaryimage"},"image":{"@id":"https:\/\/resumopolitico.com.br\/?p=36286#primaryimage"},"thumbnailUrl":"https:\/\/resumopolitico.com.br\/wp-content\/uploads\/2026\/01\/ruinovo-e1769472309464.png","datePublished":"2026-04-23T01:22:42+00:00","dateModified":"2026-04-23T01:23:21+00:00","author":{"@id":"https:\/\/resumopolitico.com.br\/#\/schema\/person\/8e54285779750ca1eb5d54a40785d6f3"},"breadcrumb":{"@id":"https:\/\/resumopolitico.com.br\/?p=36286#breadcrumb"},"inLanguage":"pt-BR","potentialAction":[{"@type":"ReadAction","target":["https:\/\/resumopolitico.com.br\/?p=36286"]}]},{"@type":"ImageObject","inLanguage":"pt-BR","@id":"https:\/\/resumopolitico.com.br\/?p=36286#primaryimage","url":"https:\/\/resumopolitico.com.br\/wp-content\/uploads\/2026\/01\/ruinovo-e1769472309464.png","contentUrl":"https:\/\/resumopolitico.com.br\/wp-content\/uploads\/2026\/01\/ruinovo-e1769472309464.png","width":1024,"height":1310},{"@type":"BreadcrumbList","@id":"https:\/\/resumopolitico.com.br\/?p=36286#breadcrumb","itemListElement":[{"@type":"ListItem","position":1,"name":"In\u00edcio","item":"https:\/\/resumopolitico.com.br\/"},{"@type":"ListItem","position":2,"name":"Crescer sem conta n\u00e3o fecha a conta"}]},{"@type":"WebSite","@id":"https:\/\/resumopolitico.com.br\/#website","url":"https:\/\/resumopolitico.com.br\/","name":"Resumo Pol\u00edtico","description":"Resumo Pol\u00edtico","potentialAction":[{"@type":"SearchAction","target":{"@type":"EntryPoint","urlTemplate":"https:\/\/resumopolitico.com.br\/?s={search_term_string}"},"query-input":{"@type":"PropertyValueSpecification","valueRequired":true,"valueName":"search_term_string"}}],"inLanguage":"pt-BR"},{"@type":"Person","@id":"https:\/\/resumopolitico.com.br\/#\/schema\/person\/8e54285779750ca1eb5d54a40785d6f3","name":"resumopolitico","image":{"@type":"ImageObject","inLanguage":"pt-BR","@id":"\/\/www.gravatar.com\/avatar\/964d308c93aaf0c33319e9a3bc3b8ac5?s=96&#038;r=g&#038;d=mm","url":"\/\/www.gravatar.com\/avatar\/964d308c93aaf0c33319e9a3bc3b8ac5?s=96&#038;r=g&#038;d=mm","contentUrl":"\/\/www.gravatar.com\/avatar\/964d308c93aaf0c33319e9a3bc3b8ac5?s=96&#038;r=g&#038;d=mm","caption":"resumopolitico"},"sameAs":["http:\/\/resumopolitico.com.br"],"url":"https:\/\/resumopolitico.com.br\/?bp_members=1&bp_member=resumopoliticoprofile\/home\/"}]}},"_links":{"self":[{"href":"https:\/\/resumopolitico.com.br\/index.php?rest_route=\/wp\/v2\/posts\/36286","targetHints":{"allow":["GET"]}}],"collection":[{"href":"https:\/\/resumopolitico.com.br\/index.php?rest_route=\/wp\/v2\/posts"}],"about":[{"href":"https:\/\/resumopolitico.com.br\/index.php?rest_route=\/wp\/v2\/types\/post"}],"author":[{"embeddable":true,"href":"https:\/\/resumopolitico.com.br\/index.php?rest_route=\/wp\/v2\/users\/1"}],"replies":[{"embeddable":true,"href":"https:\/\/resumopolitico.com.br\/index.php?rest_route=%2Fwp%2Fv2%2Fcomments&post=36286"}],"version-history":[{"count":2,"href":"https:\/\/resumopolitico.com.br\/index.php?rest_route=\/wp\/v2\/posts\/36286\/revisions"}],"predecessor-version":[{"id":36289,"href":"https:\/\/resumopolitico.com.br\/index.php?rest_route=\/wp\/v2\/posts\/36286\/revisions\/36289"}],"wp:featuredmedia":[{"embeddable":true,"href":"https:\/\/resumopolitico.com.br\/index.php?rest_route=\/wp\/v2\/media\/34856"}],"wp:attachment":[{"href":"https:\/\/resumopolitico.com.br\/index.php?rest_route=%2Fwp%2Fv2%2Fmedia&parent=36286"}],"wp:term":[{"taxonomy":"category","embeddable":true,"href":"https:\/\/resumopolitico.com.br\/index.php?rest_route=%2Fwp%2Fv2%2Fcategories&post=36286"},{"taxonomy":"post_tag","embeddable":true,"href":"https:\/\/resumopolitico.com.br\/index.php?rest_route=%2Fwp%2Fv2%2Ftags&post=36286"}],"curies":[{"name":"wp","href":"https:\/\/api.w.org\/{rel}","templated":true}]}}