{"id":36293,"date":"2026-04-23T20:00:42","date_gmt":"2026-04-23T23:00:42","guid":{"rendered":"https:\/\/resumopolitico.com.br\/?p=36293"},"modified":"2026-04-23T20:01:59","modified_gmt":"2026-04-23T23:01:59","slug":"36293","status":"publish","type":"post","link":"https:\/\/resumopolitico.com.br\/?p=36293","title":{"rendered":"Seguran\u00e7a Cidad\u00e3 e trade tur\u00edstico se re\u00fanem para debater ordenamento da orla mar\u00edtima de Macei\u00f3"},"content":{"rendered":"<p>Entre as demandas apresentadas pelo trade tur\u00edstico est\u00e1 a desorganiza\u00e7\u00e3o de ambulantes que obstruem a circula\u00e7\u00e3o<\/p>\n<p data-base-font=\"18\">A Secretaria de Seguran\u00e7a Cidad\u00e3 de Macei\u00f3 (Semsc) e representantes do trade tur\u00edstico se reuniram, nesta quinta-feira (23), para debater o ordenamento da orla mar\u00edtima de Macei\u00f3. O encontro teve como objetivo ouvir as demandas do setor e alinhar futuras a\u00e7\u00f5es de organiza\u00e7\u00e3o na regi\u00e3o.<\/p>\n<p data-base-font=\"18\">O secret\u00e1rio da pasta, Thiago Prado, destacou a import\u00e2ncia do turismo para o desenvolvimento da capital alagoana.<\/p>\n<p data-base-font=\"18\">\u201cMacei\u00f3 tem recebido um n\u00famero cada vez maior de turistas e se consolidado como um dos principais destinos do Nordeste. \u00c9 uma cidade naturalmente vocacionada para o turismo, com belezas \u00fanicas e uma rede de servi\u00e7os que cresce a cada ano. Por isso, \u00e9 fundamental refor\u00e7ar que Macei\u00f3 \u00e9 uma cidade ordeira, que preza pela organiza\u00e7\u00e3o dos seus espa\u00e7os p\u00fablicos. Discutir o ordenamento da nossa orla \u00e9 essencial para garantir que esse processo ocorra de forma estruturada e segura para todos, empreendedores, empres\u00e1rios e visitantes\u201d, afirmou.<\/p>\n<p data-base-font=\"18\">Entre as principais demandas apresentadas pelo trade tur\u00edstico est\u00e1 a desorganiza\u00e7\u00e3o provocada pela concentra\u00e7\u00e3o de ambulantes, em determinados pontos da orla mar\u00edtima, o que acaba obstruindo as vias de circula\u00e7\u00e3o.<\/p>\n<p data-base-font=\"18\">Mauro Vasconcelos, presidente da Associa\u00e7\u00e3o Brasileira da Ind\u00fastria de Hot\u00e9is de Alagoas (ABIH-AL), tamb\u00e9m participou da reuni\u00e3o e ressaltou a import\u00e2ncia do ordenamento para fortalecer a perman\u00eancia dos turistas na capital.<\/p>\n<p data-base-font=\"18\">\u201c\u00c9 preciso criar experi\u00eancias para que o turista permane\u00e7a em Macei\u00f3 e n\u00e3o precise buscar outras cidades. No entanto, essa experi\u00eancia deve ser organizada e agrad\u00e1vel. Hoje, h\u00e1 uma concentra\u00e7\u00e3o excessiva de ambulantes em pontos espec\u00edficos da orla, o que tem impactado negativamente os empres\u00e1rios dessas \u00e1reas e comprometido a experi\u00eancia dos visitantes\u201d, destacou.<\/p>\n<p data-base-font=\"18\">Tamb\u00e9m participaram da reuni\u00e3o representantes do Macei\u00f3 Convention, da ABIH, da Associa\u00e7\u00e3o Brasileira de Jornalistas de Turismo (Abrajet Alagoas), Abav, e da Abrasel.<\/p>\n","protected":false},"excerpt":{"rendered":"<p>Entre as demandas apresentadas pelo trade tur\u00edstico est\u00e1 a desorganiza\u00e7\u00e3o de ambulantes que obstruem a circula\u00e7\u00e3o A Secretaria de Seguran\u00e7a Cidad\u00e3 de Macei\u00f3 (Semsc) e representantes do trade tur\u00edstico se reuniram, nesta quinta-feira (23), para debater o ordenamento da orla mar\u00edtima de Macei\u00f3. O encontro teve como objetivo ouvir as demandas do setor e alinhar [&hellip;]<\/p>\n","protected":false},"author":1,"featured_media":36294,"comment_status":"open","ping_status":"open","sticky":false,"template":"","format":"standard","meta":{"_monsterinsights_skip_tracking":false,"_monsterinsights_sitenote_active":false,"_monsterinsights_sitenote_note":"","_monsterinsights_sitenote_category":0,"footnotes":""},"categories":[66,104],"tags":[],"class_list":["post-36293","post","type-post","status-publish","format-standard","has-post-thumbnail","hentry","category-alagoas","category-destaque"],"yoast_head":"<!-- This site is optimized with the Yoast SEO plugin v27.5 - https:\/\/yoast.com\/product\/yoast-seo-wordpress\/ -->\n<title>Seguran\u00e7a Cidad\u00e3 e trade tur\u00edstico se re\u00fanem para debater ordenamento da orla mar\u00edtima de Macei\u00f3 - Resumo Pol\u00edtico<\/title>\n<meta name=\"robots\" content=\"index, follow, max-snippet:-1, max-image-preview:large, max-video-preview:-1\" \/>\n<link rel=\"canonical\" href=\"https:\/\/resumopolitico.com.br\/?p=36293\" \/>\n<meta property=\"og:locale\" content=\"pt_BR\" \/>\n<meta property=\"og:type\" content=\"article\" \/>\n<meta property=\"og:title\" content=\"Seguran\u00e7a Cidad\u00e3 e trade tur\u00edstico se re\u00fanem para debater ordenamento da orla mar\u00edtima de Macei\u00f3 - Resumo Pol\u00edtico\" \/>\n<meta property=\"og:description\" content=\"Entre as demandas apresentadas pelo trade tur\u00edstico est\u00e1 a desorganiza\u00e7\u00e3o de ambulantes que obstruem a circula\u00e7\u00e3o A Secretaria de Seguran\u00e7a Cidad\u00e3 de Macei\u00f3 (Semsc) e representantes do trade tur\u00edstico se reuniram, nesta quinta-feira (23), para debater o ordenamento da orla mar\u00edtima de Macei\u00f3. O encontro teve como objetivo ouvir as demandas do setor e alinhar [&hellip;]\" \/>\n<meta property=\"og:url\" content=\"https:\/\/resumopolitico.com.br\/?p=36293\" \/>\n<meta property=\"og:site_name\" content=\"Resumo Pol\u00edtico\" \/>\n<meta property=\"article:published_time\" content=\"2026-04-23T23:00:42+00:00\" \/>\n<meta property=\"article:modified_time\" content=\"2026-04-23T23:01:59+00:00\" \/>\n<meta property=\"og:image\" content=\"https:\/\/resumopolitico.com.br\/wp-content\/uploads\/2026\/04\/2304.jpeg\" \/>\n\t<meta property=\"og:image:width\" content=\"850\" \/>\n\t<meta property=\"og:image:height\" content=\"560\" \/>\n\t<meta property=\"og:image:type\" content=\"image\/jpeg\" \/>\n<meta name=\"author\" content=\"resumopolitico\" \/>\n<meta name=\"twitter:card\" content=\"summary_large_image\" \/>\n<meta name=\"twitter:label1\" content=\"Escrito por\" \/>\n\t<meta name=\"twitter:data1\" content=\"resumopolitico\" \/>\n\t<meta name=\"twitter:label2\" content=\"Est. tempo de leitura\" \/>\n\t<meta name=\"twitter:data2\" content=\"2 minutos\" \/>\n<script type=\"application\/ld+json\" class=\"yoast-schema-graph\">{\"@context\":\"https:\\\/\\\/schema.org\",\"@graph\":[{\"@type\":\"Article\",\"@id\":\"https:\\\/\\\/resumopolitico.com.br\\\/?p=36293#article\",\"isPartOf\":{\"@id\":\"https:\\\/\\\/resumopolitico.com.br\\\/?p=36293\"},\"author\":{\"name\":\"resumopolitico\",\"@id\":\"https:\\\/\\\/resumopolitico.com.br\\\/#\\\/schema\\\/person\\\/8e54285779750ca1eb5d54a40785d6f3\"},\"headline\":\"Seguran\u00e7a Cidad\u00e3 e trade tur\u00edstico se re\u00fanem para debater ordenamento da orla mar\u00edtima de Macei\u00f3\",\"datePublished\":\"2026-04-23T23:00:42+00:00\",\"dateModified\":\"2026-04-23T23:01:59+00:00\",\"mainEntityOfPage\":{\"@id\":\"https:\\\/\\\/resumopolitico.com.br\\\/?p=36293\"},\"wordCount\":357,\"commentCount\":0,\"image\":{\"@id\":\"https:\\\/\\\/resumopolitico.com.br\\\/?p=36293#primaryimage\"},\"thumbnailUrl\":\"https:\\\/\\\/resumopolitico.com.br\\\/wp-content\\\/uploads\\\/2026\\\/04\\\/2304.jpeg\",\"articleSection\":[\"Alagoas\",\"Destaque\"],\"inLanguage\":\"pt-BR\",\"potentialAction\":[{\"@type\":\"CommentAction\",\"name\":\"Comment\",\"target\":[\"https:\\\/\\\/resumopolitico.com.br\\\/?p=36293#respond\"]}]},{\"@type\":\"WebPage\",\"@id\":\"https:\\\/\\\/resumopolitico.com.br\\\/?p=36293\",\"url\":\"https:\\\/\\\/resumopolitico.com.br\\\/?p=36293\",\"name\":\"Seguran\u00e7a Cidad\u00e3 e trade tur\u00edstico se re\u00fanem para debater ordenamento da orla mar\u00edtima de Macei\u00f3 - Resumo Pol\u00edtico\",\"isPartOf\":{\"@id\":\"https:\\\/\\\/resumopolitico.com.br\\\/#website\"},\"primaryImageOfPage\":{\"@id\":\"https:\\\/\\\/resumopolitico.com.br\\\/?p=36293#primaryimage\"},\"image\":{\"@id\":\"https:\\\/\\\/resumopolitico.com.br\\\/?p=36293#primaryimage\"},\"thumbnailUrl\":\"https:\\\/\\\/resumopolitico.com.br\\\/wp-content\\\/uploads\\\/2026\\\/04\\\/2304.jpeg\",\"datePublished\":\"2026-04-23T23:00:42+00:00\",\"dateModified\":\"2026-04-23T23:01:59+00:00\",\"author\":{\"@id\":\"https:\\\/\\\/resumopolitico.com.br\\\/#\\\/schema\\\/person\\\/8e54285779750ca1eb5d54a40785d6f3\"},\"breadcrumb\":{\"@id\":\"https:\\\/\\\/resumopolitico.com.br\\\/?p=36293#breadcrumb\"},\"inLanguage\":\"pt-BR\",\"potentialAction\":[{\"@type\":\"ReadAction\",\"target\":[\"https:\\\/\\\/resumopolitico.com.br\\\/?p=36293\"]}]},{\"@type\":\"ImageObject\",\"inLanguage\":\"pt-BR\",\"@id\":\"https:\\\/\\\/resumopolitico.com.br\\\/?p=36293#primaryimage\",\"url\":\"https:\\\/\\\/resumopolitico.com.br\\\/wp-content\\\/uploads\\\/2026\\\/04\\\/2304.jpeg\",\"contentUrl\":\"https:\\\/\\\/resumopolitico.com.br\\\/wp-content\\\/uploads\\\/2026\\\/04\\\/2304.jpeg\",\"width\":850,\"height\":560},{\"@type\":\"BreadcrumbList\",\"@id\":\"https:\\\/\\\/resumopolitico.com.br\\\/?p=36293#breadcrumb\",\"itemListElement\":[{\"@type\":\"ListItem\",\"position\":1,\"name\":\"In\u00edcio\",\"item\":\"https:\\\/\\\/resumopolitico.com.br\\\/\"},{\"@type\":\"ListItem\",\"position\":2,\"name\":\"Seguran\u00e7a Cidad\u00e3 e trade tur\u00edstico se re\u00fanem para debater ordenamento da orla mar\u00edtima de Macei\u00f3\"}]},{\"@type\":\"WebSite\",\"@id\":\"https:\\\/\\\/resumopolitico.com.br\\\/#website\",\"url\":\"https:\\\/\\\/resumopolitico.com.br\\\/\",\"name\":\"Resumo Pol\u00edtico\",\"description\":\"Resumo Pol\u00edtico\",\"potentialAction\":[{\"@type\":\"SearchAction\",\"target\":{\"@type\":\"EntryPoint\",\"urlTemplate\":\"https:\\\/\\\/resumopolitico.com.br\\\/?s={search_term_string}\"},\"query-input\":{\"@type\":\"PropertyValueSpecification\",\"valueRequired\":true,\"valueName\":\"search_term_string\"}}],\"inLanguage\":\"pt-BR\"},{\"@type\":\"Person\",\"@id\":\"https:\\\/\\\/resumopolitico.com.br\\\/#\\\/schema\\\/person\\\/8e54285779750ca1eb5d54a40785d6f3\",\"name\":\"resumopolitico\",\"image\":{\"@type\":\"ImageObject\",\"inLanguage\":\"pt-BR\",\"@id\":\"\\\/\\\/www.gravatar.com\\\/avatar\\\/964d308c93aaf0c33319e9a3bc3b8ac5?s=96&#038;r=g&#038;d=mm\",\"url\":\"\\\/\\\/www.gravatar.com\\\/avatar\\\/964d308c93aaf0c33319e9a3bc3b8ac5?s=96&#038;r=g&#038;d=mm\",\"contentUrl\":\"\\\/\\\/www.gravatar.com\\\/avatar\\\/964d308c93aaf0c33319e9a3bc3b8ac5?s=96&#038;r=g&#038;d=mm\",\"caption\":\"resumopolitico\"},\"sameAs\":[\"http:\\\/\\\/resumopolitico.com.br\"],\"url\":\"https:\\\/\\\/resumopolitico.com.br\\\/?bp_members=1&bp_member=resumopoliticoprofile\\\/home\\\/\"}]}<\/script>\n<!-- \/ Yoast SEO plugin. -->","yoast_head_json":{"title":"Seguran\u00e7a Cidad\u00e3 e trade tur\u00edstico se re\u00fanem para debater ordenamento da orla mar\u00edtima de Macei\u00f3 - Resumo Pol\u00edtico","robots":{"index":"index","follow":"follow","max-snippet":"max-snippet:-1","max-image-preview":"max-image-preview:large","max-video-preview":"max-video-preview:-1"},"canonical":"https:\/\/resumopolitico.com.br\/?p=36293","og_locale":"pt_BR","og_type":"article","og_title":"Seguran\u00e7a Cidad\u00e3 e trade tur\u00edstico se re\u00fanem para debater ordenamento da orla mar\u00edtima de Macei\u00f3 - Resumo Pol\u00edtico","og_description":"Entre as demandas apresentadas pelo trade tur\u00edstico est\u00e1 a desorganiza\u00e7\u00e3o de ambulantes que obstruem a circula\u00e7\u00e3o A Secretaria de Seguran\u00e7a Cidad\u00e3 de Macei\u00f3 (Semsc) e representantes do trade tur\u00edstico se reuniram, nesta quinta-feira (23), para debater o ordenamento da orla mar\u00edtima de Macei\u00f3. O encontro teve como objetivo ouvir as demandas do setor e alinhar [&hellip;]","og_url":"https:\/\/resumopolitico.com.br\/?p=36293","og_site_name":"Resumo Pol\u00edtico","article_published_time":"2026-04-23T23:00:42+00:00","article_modified_time":"2026-04-23T23:01:59+00:00","og_image":[{"width":850,"height":560,"url":"https:\/\/resumopolitico.com.br\/wp-content\/uploads\/2026\/04\/2304.jpeg","type":"image\/jpeg"}],"author":"resumopolitico","twitter_card":"summary_large_image","twitter_misc":{"Escrito por":"resumopolitico","Est. tempo de leitura":"2 minutos"},"schema":{"@context":"https:\/\/schema.org","@graph":[{"@type":"Article","@id":"https:\/\/resumopolitico.com.br\/?p=36293#article","isPartOf":{"@id":"https:\/\/resumopolitico.com.br\/?p=36293"},"author":{"name":"resumopolitico","@id":"https:\/\/resumopolitico.com.br\/#\/schema\/person\/8e54285779750ca1eb5d54a40785d6f3"},"headline":"Seguran\u00e7a Cidad\u00e3 e trade tur\u00edstico se re\u00fanem para debater ordenamento da orla mar\u00edtima de Macei\u00f3","datePublished":"2026-04-23T23:00:42+00:00","dateModified":"2026-04-23T23:01:59+00:00","mainEntityOfPage":{"@id":"https:\/\/resumopolitico.com.br\/?p=36293"},"wordCount":357,"commentCount":0,"image":{"@id":"https:\/\/resumopolitico.com.br\/?p=36293#primaryimage"},"thumbnailUrl":"https:\/\/resumopolitico.com.br\/wp-content\/uploads\/2026\/04\/2304.jpeg","articleSection":["Alagoas","Destaque"],"inLanguage":"pt-BR","potentialAction":[{"@type":"CommentAction","name":"Comment","target":["https:\/\/resumopolitico.com.br\/?p=36293#respond"]}]},{"@type":"WebPage","@id":"https:\/\/resumopolitico.com.br\/?p=36293","url":"https:\/\/resumopolitico.com.br\/?p=36293","name":"Seguran\u00e7a Cidad\u00e3 e trade tur\u00edstico se re\u00fanem para debater ordenamento da orla mar\u00edtima de Macei\u00f3 - Resumo Pol\u00edtico","isPartOf":{"@id":"https:\/\/resumopolitico.com.br\/#website"},"primaryImageOfPage":{"@id":"https:\/\/resumopolitico.com.br\/?p=36293#primaryimage"},"image":{"@id":"https:\/\/resumopolitico.com.br\/?p=36293#primaryimage"},"thumbnailUrl":"https:\/\/resumopolitico.com.br\/wp-content\/uploads\/2026\/04\/2304.jpeg","datePublished":"2026-04-23T23:00:42+00:00","dateModified":"2026-04-23T23:01:59+00:00","author":{"@id":"https:\/\/resumopolitico.com.br\/#\/schema\/person\/8e54285779750ca1eb5d54a40785d6f3"},"breadcrumb":{"@id":"https:\/\/resumopolitico.com.br\/?p=36293#breadcrumb"},"inLanguage":"pt-BR","potentialAction":[{"@type":"ReadAction","target":["https:\/\/resumopolitico.com.br\/?p=36293"]}]},{"@type":"ImageObject","inLanguage":"pt-BR","@id":"https:\/\/resumopolitico.com.br\/?p=36293#primaryimage","url":"https:\/\/resumopolitico.com.br\/wp-content\/uploads\/2026\/04\/2304.jpeg","contentUrl":"https:\/\/resumopolitico.com.br\/wp-content\/uploads\/2026\/04\/2304.jpeg","width":850,"height":560},{"@type":"BreadcrumbList","@id":"https:\/\/resumopolitico.com.br\/?p=36293#breadcrumb","itemListElement":[{"@type":"ListItem","position":1,"name":"In\u00edcio","item":"https:\/\/resumopolitico.com.br\/"},{"@type":"ListItem","position":2,"name":"Seguran\u00e7a Cidad\u00e3 e trade tur\u00edstico se re\u00fanem para debater ordenamento da orla mar\u00edtima de Macei\u00f3"}]},{"@type":"WebSite","@id":"https:\/\/resumopolitico.com.br\/#website","url":"https:\/\/resumopolitico.com.br\/","name":"Resumo Pol\u00edtico","description":"Resumo Pol\u00edtico","potentialAction":[{"@type":"SearchAction","target":{"@type":"EntryPoint","urlTemplate":"https:\/\/resumopolitico.com.br\/?s={search_term_string}"},"query-input":{"@type":"PropertyValueSpecification","valueRequired":true,"valueName":"search_term_string"}}],"inLanguage":"pt-BR"},{"@type":"Person","@id":"https:\/\/resumopolitico.com.br\/#\/schema\/person\/8e54285779750ca1eb5d54a40785d6f3","name":"resumopolitico","image":{"@type":"ImageObject","inLanguage":"pt-BR","@id":"\/\/www.gravatar.com\/avatar\/964d308c93aaf0c33319e9a3bc3b8ac5?s=96&#038;r=g&#038;d=mm","url":"\/\/www.gravatar.com\/avatar\/964d308c93aaf0c33319e9a3bc3b8ac5?s=96&#038;r=g&#038;d=mm","contentUrl":"\/\/www.gravatar.com\/avatar\/964d308c93aaf0c33319e9a3bc3b8ac5?s=96&#038;r=g&#038;d=mm","caption":"resumopolitico"},"sameAs":["http:\/\/resumopolitico.com.br"],"url":"https:\/\/resumopolitico.com.br\/?bp_members=1&bp_member=resumopoliticoprofile\/home\/"}]}},"_links":{"self":[{"href":"https:\/\/resumopolitico.com.br\/index.php?rest_route=\/wp\/v2\/posts\/36293","targetHints":{"allow":["GET"]}}],"collection":[{"href":"https:\/\/resumopolitico.com.br\/index.php?rest_route=\/wp\/v2\/posts"}],"about":[{"href":"https:\/\/resumopolitico.com.br\/index.php?rest_route=\/wp\/v2\/types\/post"}],"author":[{"embeddable":true,"href":"https:\/\/resumopolitico.com.br\/index.php?rest_route=\/wp\/v2\/users\/1"}],"replies":[{"embeddable":true,"href":"https:\/\/resumopolitico.com.br\/index.php?rest_route=%2Fwp%2Fv2%2Fcomments&post=36293"}],"version-history":[{"count":2,"href":"https:\/\/resumopolitico.com.br\/index.php?rest_route=\/wp\/v2\/posts\/36293\/revisions"}],"predecessor-version":[{"id":36296,"href":"https:\/\/resumopolitico.com.br\/index.php?rest_route=\/wp\/v2\/posts\/36293\/revisions\/36296"}],"wp:featuredmedia":[{"embeddable":true,"href":"https:\/\/resumopolitico.com.br\/index.php?rest_route=\/wp\/v2\/media\/36294"}],"wp:attachment":[{"href":"https:\/\/resumopolitico.com.br\/index.php?rest_route=%2Fwp%2Fv2%2Fmedia&parent=36293"}],"wp:term":[{"taxonomy":"category","embeddable":true,"href":"https:\/\/resumopolitico.com.br\/index.php?rest_route=%2Fwp%2Fv2%2Fcategories&post=36293"},{"taxonomy":"post_tag","embeddable":true,"href":"https:\/\/resumopolitico.com.br\/index.php?rest_route=%2Fwp%2Fv2%2Ftags&post=36293"}],"curies":[{"name":"wp","href":"https:\/\/api.w.org\/{rel}","templated":true}]}}