{"id":36297,"date":"2026-04-23T20:04:53","date_gmt":"2026-04-23T23:04:53","guid":{"rendered":"https:\/\/resumopolitico.com.br\/?p=36297"},"modified":"2026-04-23T20:30:43","modified_gmt":"2026-04-23T23:30:43","slug":"36297","status":"publish","type":"post","link":"https:\/\/resumopolitico.com.br\/?p=36297","title":{"rendered":"Prefeitura inicia implanta\u00e7\u00e3o de rede de ilumina\u00e7\u00e3o p\u00fablica em nova avenida de Cruz das Almas"},"content":{"rendered":"<p>Projeto prev\u00ea mais de 2,9 km de rede el\u00e9trica para ativar os novos pontos de ilumina\u00e7\u00e3o em LED da via entre os bairros de S\u00e3o Jorge e Cruz das Almas<\/p>\n<p data-base-font=\"18\">A Autarquia de Ilumina\u00e7\u00e3o P\u00fablica de Macei\u00f3 (Ilumina) iniciou as obras para a implanta\u00e7\u00e3o de uma nova rede de ilumina\u00e7\u00e3o p\u00fablica na Avenida Jos\u00e9 Ribeiro Tol\u00eado, no bairro Cruz das Almas, com fia\u00e7\u00e3o subterr\u00e2nea.<\/p>\n<p data-base-font=\"18\">O projeto contempla a implanta\u00e7\u00e3o completa da infraestrutura luminosa da via, com lumin\u00e1rias em LED de alta efici\u00eancia de pot\u00eancia luminosa de 185W, nos equipamentos virados para a via, e 70W quando virados para o passeio p\u00fablico, e prev\u00ea tamb\u00e9m a instala\u00e7\u00e3o de postes de fibra de vidro, tecnologia mais resistente e moderna, instalados de forma alternada dos dois lados da avenida, garantindo maior alcance luminoso e efici\u00eancia energ\u00e9tica.<\/p>\n<p data-base-font=\"18\">A rede ser\u00e1 estruturada com 65 caixas de passagem, 1.600 metros de eletrodutos subterr\u00e2neos (entre 1\u201d e 2\u201d) e 65 hastes de aterramento, garantindo seguran\u00e7a e estabilidade operacional.<\/p>\n<p data-base-font=\"18\">O modelo adotado combina trechos de rede a\u00e9rea e subterr\u00e2nea, com uso de materiais de baixa emiss\u00e3o de fuma\u00e7a e alta resist\u00eancia, seguindo padr\u00f5es t\u00e9cnicos de seguran\u00e7a e durabilidade. O sistema el\u00e9trico inclui a implanta\u00e7\u00e3o de aproximadamente 2.900 metros de rede com cabos de alum\u00ednio multiplexado, al\u00e9m de 1.200 metros de cabos multipolares e trechos complementares de cabeamento unipolar.<\/p>\n<p data-base-font=\"18\">Tamb\u00e9m est\u00e3o previstos quadros de medi\u00e7\u00e3o e distribui\u00e7\u00e3o, conectores, rel\u00e9s fotoel\u00e9tricos e demais componentes t\u00e9cnicos necess\u00e1rios para o pleno funcionamento do sistema, al\u00e9m da execu\u00e7\u00e3o de servi\u00e7os civis, como abertura de valas e recomposi\u00e7\u00e3o de pavimento.<\/p>\n<p data-base-font=\"18\">O diretor-presidente da Ilumina, Gutenberg de Melo, refor\u00e7a que esta \u00e9 mais uma obra de ilumina\u00e7\u00e3o realizada pela Prefeitura de Macei\u00f3, que tem feito um extenso trabalho de amplia\u00e7\u00e3o e requalifica\u00e7\u00e3o do parque luminoso nos \u00faltimos anos.<\/p>\n<p data-base-font=\"18\">\u201cA interven\u00e7\u00e3o vai ampliar a cobertura de ilumina\u00e7\u00e3o nesta avenida que fica localizada pr\u00f3ximo a shoppings, supermercados, residenciais que est\u00e3o sendo constru\u00eddos e tamb\u00e9m dos principais corredores de transporte de bairros como Cruz das Almas, S\u00e3o Jorge, Barro Duro e Jacarecica, refor\u00e7ando a seguran\u00e7a vi\u00e1ria e contribuindo para a qualifica\u00e7\u00e3o urbana de toda a regi\u00e3o\u201d, ressalta o titular da pasta.<\/p>\n","protected":false},"excerpt":{"rendered":"<p>Projeto prev\u00ea mais de 2,9 km de rede el\u00e9trica para ativar os novos pontos de ilumina\u00e7\u00e3o em LED da via entre os bairros de S\u00e3o Jorge e Cruz das Almas A Autarquia de Ilumina\u00e7\u00e3o P\u00fablica de Macei\u00f3 (Ilumina) iniciou as obras para a implanta\u00e7\u00e3o de uma nova rede de ilumina\u00e7\u00e3o p\u00fablica na Avenida Jos\u00e9 Ribeiro [&hellip;]<\/p>\n","protected":false},"author":1,"featured_media":36298,"comment_status":"open","ping_status":"open","sticky":false,"template":"","format":"standard","meta":{"_monsterinsights_skip_tracking":false,"_monsterinsights_sitenote_active":false,"_monsterinsights_sitenote_note":"","_monsterinsights_sitenote_category":0,"footnotes":""},"categories":[66,104],"tags":[],"class_list":["post-36297","post","type-post","status-publish","format-standard","has-post-thumbnail","hentry","category-alagoas","category-destaque"],"yoast_head":"<!-- This site is optimized with the Yoast SEO plugin v27.5 - https:\/\/yoast.com\/product\/yoast-seo-wordpress\/ -->\n<title>Prefeitura inicia implanta\u00e7\u00e3o de rede de ilumina\u00e7\u00e3o p\u00fablica em nova avenida de Cruz das Almas - Resumo Pol\u00edtico<\/title>\n<meta name=\"robots\" content=\"index, follow, max-snippet:-1, max-image-preview:large, max-video-preview:-1\" \/>\n<link rel=\"canonical\" href=\"https:\/\/resumopolitico.com.br\/?p=36297\" \/>\n<meta property=\"og:locale\" content=\"pt_BR\" \/>\n<meta property=\"og:type\" content=\"article\" \/>\n<meta property=\"og:title\" content=\"Prefeitura inicia implanta\u00e7\u00e3o de rede de ilumina\u00e7\u00e3o p\u00fablica em nova avenida de Cruz das Almas - Resumo Pol\u00edtico\" \/>\n<meta property=\"og:description\" content=\"Projeto prev\u00ea mais de 2,9 km de rede el\u00e9trica para ativar os novos pontos de ilumina\u00e7\u00e3o em LED da via entre os bairros de S\u00e3o Jorge e Cruz das Almas A Autarquia de Ilumina\u00e7\u00e3o P\u00fablica de Macei\u00f3 (Ilumina) iniciou as obras para a implanta\u00e7\u00e3o de uma nova rede de ilumina\u00e7\u00e3o p\u00fablica na Avenida Jos\u00e9 Ribeiro [&hellip;]\" \/>\n<meta property=\"og:url\" content=\"https:\/\/resumopolitico.com.br\/?p=36297\" \/>\n<meta property=\"og:site_name\" content=\"Resumo Pol\u00edtico\" \/>\n<meta property=\"article:published_time\" content=\"2026-04-23T23:04:53+00:00\" \/>\n<meta property=\"article:modified_time\" content=\"2026-04-23T23:30:43+00:00\" \/>\n<meta property=\"og:image\" content=\"https:\/\/resumopolitico.com.br\/wp-content\/uploads\/2026\/04\/WhatsApp-Image-2026-04-23-at-10.46.42.jpeg\" \/>\n\t<meta property=\"og:image:width\" content=\"850\" \/>\n\t<meta property=\"og:image:height\" content=\"560\" \/>\n\t<meta property=\"og:image:type\" content=\"image\/jpeg\" \/>\n<meta name=\"author\" content=\"resumopolitico\" \/>\n<meta name=\"twitter:card\" content=\"summary_large_image\" \/>\n<meta name=\"twitter:label1\" content=\"Escrito por\" \/>\n\t<meta name=\"twitter:data1\" content=\"resumopolitico\" \/>\n\t<meta name=\"twitter:label2\" content=\"Est. tempo de leitura\" \/>\n\t<meta name=\"twitter:data2\" content=\"3 minutos\" \/>\n<script type=\"application\/ld+json\" class=\"yoast-schema-graph\">{\"@context\":\"https:\\\/\\\/schema.org\",\"@graph\":[{\"@type\":\"Article\",\"@id\":\"https:\\\/\\\/resumopolitico.com.br\\\/?p=36297#article\",\"isPartOf\":{\"@id\":\"https:\\\/\\\/resumopolitico.com.br\\\/?p=36297\"},\"author\":{\"name\":\"resumopolitico\",\"@id\":\"https:\\\/\\\/resumopolitico.com.br\\\/#\\\/schema\\\/person\\\/8e54285779750ca1eb5d54a40785d6f3\"},\"headline\":\"Prefeitura inicia implanta\u00e7\u00e3o de rede de ilumina\u00e7\u00e3o p\u00fablica em nova avenida de Cruz das Almas\",\"datePublished\":\"2026-04-23T23:04:53+00:00\",\"dateModified\":\"2026-04-23T23:30:43+00:00\",\"mainEntityOfPage\":{\"@id\":\"https:\\\/\\\/resumopolitico.com.br\\\/?p=36297\"},\"wordCount\":424,\"commentCount\":0,\"image\":{\"@id\":\"https:\\\/\\\/resumopolitico.com.br\\\/?p=36297#primaryimage\"},\"thumbnailUrl\":\"https:\\\/\\\/resumopolitico.com.br\\\/wp-content\\\/uploads\\\/2026\\\/04\\\/WhatsApp-Image-2026-04-23-at-10.46.42.jpeg\",\"articleSection\":[\"Alagoas\",\"Destaque\"],\"inLanguage\":\"pt-BR\",\"potentialAction\":[{\"@type\":\"CommentAction\",\"name\":\"Comment\",\"target\":[\"https:\\\/\\\/resumopolitico.com.br\\\/?p=36297#respond\"]}]},{\"@type\":\"WebPage\",\"@id\":\"https:\\\/\\\/resumopolitico.com.br\\\/?p=36297\",\"url\":\"https:\\\/\\\/resumopolitico.com.br\\\/?p=36297\",\"name\":\"Prefeitura inicia implanta\u00e7\u00e3o de rede de ilumina\u00e7\u00e3o p\u00fablica em nova avenida de Cruz das Almas - Resumo Pol\u00edtico\",\"isPartOf\":{\"@id\":\"https:\\\/\\\/resumopolitico.com.br\\\/#website\"},\"primaryImageOfPage\":{\"@id\":\"https:\\\/\\\/resumopolitico.com.br\\\/?p=36297#primaryimage\"},\"image\":{\"@id\":\"https:\\\/\\\/resumopolitico.com.br\\\/?p=36297#primaryimage\"},\"thumbnailUrl\":\"https:\\\/\\\/resumopolitico.com.br\\\/wp-content\\\/uploads\\\/2026\\\/04\\\/WhatsApp-Image-2026-04-23-at-10.46.42.jpeg\",\"datePublished\":\"2026-04-23T23:04:53+00:00\",\"dateModified\":\"2026-04-23T23:30:43+00:00\",\"author\":{\"@id\":\"https:\\\/\\\/resumopolitico.com.br\\\/#\\\/schema\\\/person\\\/8e54285779750ca1eb5d54a40785d6f3\"},\"breadcrumb\":{\"@id\":\"https:\\\/\\\/resumopolitico.com.br\\\/?p=36297#breadcrumb\"},\"inLanguage\":\"pt-BR\",\"potentialAction\":[{\"@type\":\"ReadAction\",\"target\":[\"https:\\\/\\\/resumopolitico.com.br\\\/?p=36297\"]}]},{\"@type\":\"ImageObject\",\"inLanguage\":\"pt-BR\",\"@id\":\"https:\\\/\\\/resumopolitico.com.br\\\/?p=36297#primaryimage\",\"url\":\"https:\\\/\\\/resumopolitico.com.br\\\/wp-content\\\/uploads\\\/2026\\\/04\\\/WhatsApp-Image-2026-04-23-at-10.46.42.jpeg\",\"contentUrl\":\"https:\\\/\\\/resumopolitico.com.br\\\/wp-content\\\/uploads\\\/2026\\\/04\\\/WhatsApp-Image-2026-04-23-at-10.46.42.jpeg\",\"width\":850,\"height\":560},{\"@type\":\"BreadcrumbList\",\"@id\":\"https:\\\/\\\/resumopolitico.com.br\\\/?p=36297#breadcrumb\",\"itemListElement\":[{\"@type\":\"ListItem\",\"position\":1,\"name\":\"In\u00edcio\",\"item\":\"https:\\\/\\\/resumopolitico.com.br\\\/\"},{\"@type\":\"ListItem\",\"position\":2,\"name\":\"Prefeitura inicia implanta\u00e7\u00e3o de rede de ilumina\u00e7\u00e3o p\u00fablica em nova avenida de Cruz das Almas\"}]},{\"@type\":\"WebSite\",\"@id\":\"https:\\\/\\\/resumopolitico.com.br\\\/#website\",\"url\":\"https:\\\/\\\/resumopolitico.com.br\\\/\",\"name\":\"Resumo Pol\u00edtico\",\"description\":\"Resumo Pol\u00edtico\",\"potentialAction\":[{\"@type\":\"SearchAction\",\"target\":{\"@type\":\"EntryPoint\",\"urlTemplate\":\"https:\\\/\\\/resumopolitico.com.br\\\/?s={search_term_string}\"},\"query-input\":{\"@type\":\"PropertyValueSpecification\",\"valueRequired\":true,\"valueName\":\"search_term_string\"}}],\"inLanguage\":\"pt-BR\"},{\"@type\":\"Person\",\"@id\":\"https:\\\/\\\/resumopolitico.com.br\\\/#\\\/schema\\\/person\\\/8e54285779750ca1eb5d54a40785d6f3\",\"name\":\"resumopolitico\",\"image\":{\"@type\":\"ImageObject\",\"inLanguage\":\"pt-BR\",\"@id\":\"\\\/\\\/www.gravatar.com\\\/avatar\\\/964d308c93aaf0c33319e9a3bc3b8ac5?s=96&#038;r=g&#038;d=mm\",\"url\":\"\\\/\\\/www.gravatar.com\\\/avatar\\\/964d308c93aaf0c33319e9a3bc3b8ac5?s=96&#038;r=g&#038;d=mm\",\"contentUrl\":\"\\\/\\\/www.gravatar.com\\\/avatar\\\/964d308c93aaf0c33319e9a3bc3b8ac5?s=96&#038;r=g&#038;d=mm\",\"caption\":\"resumopolitico\"},\"sameAs\":[\"http:\\\/\\\/resumopolitico.com.br\"],\"url\":\"https:\\\/\\\/resumopolitico.com.br\\\/?bp_members=1&bp_member=resumopoliticoprofile\\\/home\\\/\"}]}<\/script>\n<!-- \/ Yoast SEO plugin. -->","yoast_head_json":{"title":"Prefeitura inicia implanta\u00e7\u00e3o de rede de ilumina\u00e7\u00e3o p\u00fablica em nova avenida de Cruz das Almas - Resumo Pol\u00edtico","robots":{"index":"index","follow":"follow","max-snippet":"max-snippet:-1","max-image-preview":"max-image-preview:large","max-video-preview":"max-video-preview:-1"},"canonical":"https:\/\/resumopolitico.com.br\/?p=36297","og_locale":"pt_BR","og_type":"article","og_title":"Prefeitura inicia implanta\u00e7\u00e3o de rede de ilumina\u00e7\u00e3o p\u00fablica em nova avenida de Cruz das Almas - Resumo Pol\u00edtico","og_description":"Projeto prev\u00ea mais de 2,9 km de rede el\u00e9trica para ativar os novos pontos de ilumina\u00e7\u00e3o em LED da via entre os bairros de S\u00e3o Jorge e Cruz das Almas A Autarquia de Ilumina\u00e7\u00e3o P\u00fablica de Macei\u00f3 (Ilumina) iniciou as obras para a implanta\u00e7\u00e3o de uma nova rede de ilumina\u00e7\u00e3o p\u00fablica na Avenida Jos\u00e9 Ribeiro [&hellip;]","og_url":"https:\/\/resumopolitico.com.br\/?p=36297","og_site_name":"Resumo Pol\u00edtico","article_published_time":"2026-04-23T23:04:53+00:00","article_modified_time":"2026-04-23T23:30:43+00:00","og_image":[{"width":850,"height":560,"url":"https:\/\/resumopolitico.com.br\/wp-content\/uploads\/2026\/04\/WhatsApp-Image-2026-04-23-at-10.46.42.jpeg","type":"image\/jpeg"}],"author":"resumopolitico","twitter_card":"summary_large_image","twitter_misc":{"Escrito por":"resumopolitico","Est. tempo de leitura":"3 minutos"},"schema":{"@context":"https:\/\/schema.org","@graph":[{"@type":"Article","@id":"https:\/\/resumopolitico.com.br\/?p=36297#article","isPartOf":{"@id":"https:\/\/resumopolitico.com.br\/?p=36297"},"author":{"name":"resumopolitico","@id":"https:\/\/resumopolitico.com.br\/#\/schema\/person\/8e54285779750ca1eb5d54a40785d6f3"},"headline":"Prefeitura inicia implanta\u00e7\u00e3o de rede de ilumina\u00e7\u00e3o p\u00fablica em nova avenida de Cruz das Almas","datePublished":"2026-04-23T23:04:53+00:00","dateModified":"2026-04-23T23:30:43+00:00","mainEntityOfPage":{"@id":"https:\/\/resumopolitico.com.br\/?p=36297"},"wordCount":424,"commentCount":0,"image":{"@id":"https:\/\/resumopolitico.com.br\/?p=36297#primaryimage"},"thumbnailUrl":"https:\/\/resumopolitico.com.br\/wp-content\/uploads\/2026\/04\/WhatsApp-Image-2026-04-23-at-10.46.42.jpeg","articleSection":["Alagoas","Destaque"],"inLanguage":"pt-BR","potentialAction":[{"@type":"CommentAction","name":"Comment","target":["https:\/\/resumopolitico.com.br\/?p=36297#respond"]}]},{"@type":"WebPage","@id":"https:\/\/resumopolitico.com.br\/?p=36297","url":"https:\/\/resumopolitico.com.br\/?p=36297","name":"Prefeitura inicia implanta\u00e7\u00e3o de rede de ilumina\u00e7\u00e3o p\u00fablica em nova avenida de Cruz das Almas - Resumo Pol\u00edtico","isPartOf":{"@id":"https:\/\/resumopolitico.com.br\/#website"},"primaryImageOfPage":{"@id":"https:\/\/resumopolitico.com.br\/?p=36297#primaryimage"},"image":{"@id":"https:\/\/resumopolitico.com.br\/?p=36297#primaryimage"},"thumbnailUrl":"https:\/\/resumopolitico.com.br\/wp-content\/uploads\/2026\/04\/WhatsApp-Image-2026-04-23-at-10.46.42.jpeg","datePublished":"2026-04-23T23:04:53+00:00","dateModified":"2026-04-23T23:30:43+00:00","author":{"@id":"https:\/\/resumopolitico.com.br\/#\/schema\/person\/8e54285779750ca1eb5d54a40785d6f3"},"breadcrumb":{"@id":"https:\/\/resumopolitico.com.br\/?p=36297#breadcrumb"},"inLanguage":"pt-BR","potentialAction":[{"@type":"ReadAction","target":["https:\/\/resumopolitico.com.br\/?p=36297"]}]},{"@type":"ImageObject","inLanguage":"pt-BR","@id":"https:\/\/resumopolitico.com.br\/?p=36297#primaryimage","url":"https:\/\/resumopolitico.com.br\/wp-content\/uploads\/2026\/04\/WhatsApp-Image-2026-04-23-at-10.46.42.jpeg","contentUrl":"https:\/\/resumopolitico.com.br\/wp-content\/uploads\/2026\/04\/WhatsApp-Image-2026-04-23-at-10.46.42.jpeg","width":850,"height":560},{"@type":"BreadcrumbList","@id":"https:\/\/resumopolitico.com.br\/?p=36297#breadcrumb","itemListElement":[{"@type":"ListItem","position":1,"name":"In\u00edcio","item":"https:\/\/resumopolitico.com.br\/"},{"@type":"ListItem","position":2,"name":"Prefeitura inicia implanta\u00e7\u00e3o de rede de ilumina\u00e7\u00e3o p\u00fablica em nova avenida de Cruz das Almas"}]},{"@type":"WebSite","@id":"https:\/\/resumopolitico.com.br\/#website","url":"https:\/\/resumopolitico.com.br\/","name":"Resumo Pol\u00edtico","description":"Resumo Pol\u00edtico","potentialAction":[{"@type":"SearchAction","target":{"@type":"EntryPoint","urlTemplate":"https:\/\/resumopolitico.com.br\/?s={search_term_string}"},"query-input":{"@type":"PropertyValueSpecification","valueRequired":true,"valueName":"search_term_string"}}],"inLanguage":"pt-BR"},{"@type":"Person","@id":"https:\/\/resumopolitico.com.br\/#\/schema\/person\/8e54285779750ca1eb5d54a40785d6f3","name":"resumopolitico","image":{"@type":"ImageObject","inLanguage":"pt-BR","@id":"\/\/www.gravatar.com\/avatar\/964d308c93aaf0c33319e9a3bc3b8ac5?s=96&#038;r=g&#038;d=mm","url":"\/\/www.gravatar.com\/avatar\/964d308c93aaf0c33319e9a3bc3b8ac5?s=96&#038;r=g&#038;d=mm","contentUrl":"\/\/www.gravatar.com\/avatar\/964d308c93aaf0c33319e9a3bc3b8ac5?s=96&#038;r=g&#038;d=mm","caption":"resumopolitico"},"sameAs":["http:\/\/resumopolitico.com.br"],"url":"https:\/\/resumopolitico.com.br\/?bp_members=1&bp_member=resumopoliticoprofile\/home\/"}]}},"_links":{"self":[{"href":"https:\/\/resumopolitico.com.br\/index.php?rest_route=\/wp\/v2\/posts\/36297","targetHints":{"allow":["GET"]}}],"collection":[{"href":"https:\/\/resumopolitico.com.br\/index.php?rest_route=\/wp\/v2\/posts"}],"about":[{"href":"https:\/\/resumopolitico.com.br\/index.php?rest_route=\/wp\/v2\/types\/post"}],"author":[{"embeddable":true,"href":"https:\/\/resumopolitico.com.br\/index.php?rest_route=\/wp\/v2\/users\/1"}],"replies":[{"embeddable":true,"href":"https:\/\/resumopolitico.com.br\/index.php?rest_route=%2Fwp%2Fv2%2Fcomments&post=36297"}],"version-history":[{"count":2,"href":"https:\/\/resumopolitico.com.br\/index.php?rest_route=\/wp\/v2\/posts\/36297\/revisions"}],"predecessor-version":[{"id":36300,"href":"https:\/\/resumopolitico.com.br\/index.php?rest_route=\/wp\/v2\/posts\/36297\/revisions\/36300"}],"wp:featuredmedia":[{"embeddable":true,"href":"https:\/\/resumopolitico.com.br\/index.php?rest_route=\/wp\/v2\/media\/36298"}],"wp:attachment":[{"href":"https:\/\/resumopolitico.com.br\/index.php?rest_route=%2Fwp%2Fv2%2Fmedia&parent=36297"}],"wp:term":[{"taxonomy":"category","embeddable":true,"href":"https:\/\/resumopolitico.com.br\/index.php?rest_route=%2Fwp%2Fv2%2Fcategories&post=36297"},{"taxonomy":"post_tag","embeddable":true,"href":"https:\/\/resumopolitico.com.br\/index.php?rest_route=%2Fwp%2Fv2%2Ftags&post=36297"}],"curies":[{"name":"wp","href":"https:\/\/api.w.org\/{rel}","templated":true}]}}