{"id":36318,"date":"2026-04-24T20:20:41","date_gmt":"2026-04-24T23:20:41","guid":{"rendered":"https:\/\/resumopolitico.com.br\/?p=36318"},"modified":"2026-04-24T20:24:25","modified_gmt":"2026-04-24T23:24:25","slug":"36318","status":"publish","type":"post","link":"https:\/\/resumopolitico.com.br\/?p=36318","title":{"rendered":"Coluna Pedro Oliveira"},"content":{"rendered":"<h3><strong>O abandono animal<\/strong><\/h3>\n<p><img fetchpriority=\"high\" decoding=\"async\" class=\"alignnone size-full wp-image-36319\" src=\"https:\/\/resumopolitico.com.br\/wp-content\/uploads\/2026\/04\/WhatsApp-Image-2026-04-24-at-18.14.51.jpeg\" alt=\"\" width=\"1280\" height=\"620\" srcset=\"https:\/\/resumopolitico.com.br\/wp-content\/uploads\/2026\/04\/WhatsApp-Image-2026-04-24-at-18.14.51.jpeg 1280w, https:\/\/resumopolitico.com.br\/wp-content\/uploads\/2026\/04\/WhatsApp-Image-2026-04-24-at-18.14.51-300x145.jpeg 300w, https:\/\/resumopolitico.com.br\/wp-content\/uploads\/2026\/04\/WhatsApp-Image-2026-04-24-at-18.14.51-1024x496.jpeg 1024w, https:\/\/resumopolitico.com.br\/wp-content\/uploads\/2026\/04\/WhatsApp-Image-2026-04-24-at-18.14.51-768x372.jpeg 768w, https:\/\/resumopolitico.com.br\/wp-content\/uploads\/2026\/04\/WhatsApp-Image-2026-04-24-at-18.14.51-750x363.jpeg 750w, https:\/\/resumopolitico.com.br\/wp-content\/uploads\/2026\/04\/WhatsApp-Image-2026-04-24-at-18.14.51-1140x552.jpeg 1140w\" sizes=\"(max-width: 1280px) 100vw, 1280px\" \/><\/p>\n<p>O Brasil come\u00e7a, finalmente, a acordar para a pauta animal. O que antes era tratado como sensibilidade de poucos, hoje se transforma em exig\u00eancia social: leis mais duras, fiscaliza\u00e7\u00e3o efetiva e cobran\u00e7a direta aos governos.<\/p>\n<p>Mas, enquanto o pa\u00eds avan\u00e7a, Alagoas parece caminhar a passos lentos, quase constrangedores. Em Macei\u00f3, o cen\u00e1rio ainda \u00e9 de abandono, improviso e aus\u00eancia de pol\u00edticas estruturadas. Animais vagando pelas ruas, den\u00fancias recorrentes de maus-tratos e uma rede de prote\u00e7\u00e3o fr\u00e1gil exp\u00f5em uma realidade que j\u00e1 n\u00e3o pode mais ser ignorada.<\/p>\n<p>N\u00e3o falta diagn\u00f3stico. Falta decis\u00e3o.<\/p>\n<hr \/>\n<h3><strong>Diplomacia firme e recados claros<\/strong><\/h3>\n<p><img decoding=\"async\" class=\"alignnone size-full wp-image-36320\" src=\"https:\/\/resumopolitico.com.br\/wp-content\/uploads\/2026\/04\/WhatsApp-Image-2026-04-24-at-18.15.18.jpeg\" alt=\"\" width=\"1280\" height=\"725\" srcset=\"https:\/\/resumopolitico.com.br\/wp-content\/uploads\/2026\/04\/WhatsApp-Image-2026-04-24-at-18.15.18.jpeg 1280w, https:\/\/resumopolitico.com.br\/wp-content\/uploads\/2026\/04\/WhatsApp-Image-2026-04-24-at-18.15.18-300x170.jpeg 300w, https:\/\/resumopolitico.com.br\/wp-content\/uploads\/2026\/04\/WhatsApp-Image-2026-04-24-at-18.15.18-1024x580.jpeg 1024w, https:\/\/resumopolitico.com.br\/wp-content\/uploads\/2026\/04\/WhatsApp-Image-2026-04-24-at-18.15.18-768x435.jpeg 768w, https:\/\/resumopolitico.com.br\/wp-content\/uploads\/2026\/04\/WhatsApp-Image-2026-04-24-at-18.15.18-750x425.jpeg 750w, https:\/\/resumopolitico.com.br\/wp-content\/uploads\/2026\/04\/WhatsApp-Image-2026-04-24-at-18.15.18-1140x646.jpeg 1140w\" sizes=\"(max-width: 1280px) 100vw, 1280px\" \/><\/p>\n<p>O presidente Luiz In\u00e1cio Lula da Silva tem adotado um tom firme e direto em suas declara\u00e7\u00f5es no cen\u00e1rio internacional. Ao criticar conflitos armados em curso, a atua\u00e7\u00e3o da Organiza\u00e7\u00e3o das Na\u00e7\u00f5es Unidas e posi\u00e7\u00f5es do presidente Donald Trump,<\/p>\n<p>Por onde passa, o presidente brasileiro tem deixado recados claros: o pa\u00eds defende a paz, o di\u00e1logo e o respeito entre as na\u00e7\u00f5es, mas n\u00e3o abre m\u00e3o de sua soberania. Ao afirmar que eventuais retalia\u00e7\u00f5es ser\u00e3o respondidas com reciprocidade, Lula sinaliza que o Brasil n\u00e3o aceitar\u00e1 press\u00f5es externas sem rea\u00e7\u00e3o.<\/p>\n<hr \/>\n<h3><strong>A Lessa, o que \u00e9 de Lessa<\/strong><\/h3>\n<p><img decoding=\"async\" class=\"alignnone size-full wp-image-36321\" src=\"https:\/\/resumopolitico.com.br\/wp-content\/uploads\/2026\/04\/WhatsApp-Image-2026-04-24-at-18.15.38.jpeg\" alt=\"\" width=\"903\" height=\"733\" srcset=\"https:\/\/resumopolitico.com.br\/wp-content\/uploads\/2026\/04\/WhatsApp-Image-2026-04-24-at-18.15.38.jpeg 903w, https:\/\/resumopolitico.com.br\/wp-content\/uploads\/2026\/04\/WhatsApp-Image-2026-04-24-at-18.15.38-300x244.jpeg 300w, https:\/\/resumopolitico.com.br\/wp-content\/uploads\/2026\/04\/WhatsApp-Image-2026-04-24-at-18.15.38-768x623.jpeg 768w, https:\/\/resumopolitico.com.br\/wp-content\/uploads\/2026\/04\/WhatsApp-Image-2026-04-24-at-18.15.38-750x609.jpeg 750w\" sizes=\"(max-width: 903px) 100vw, 903px\" \/><\/p>\n<p>O PDT resolveu publicar uma nota de solidariedade ao seu \u201cdono\u201d, Ronaldo Lessa. O gesto, longe de soar espont\u00e2neo, pareceu uma for\u00e7ada de barra em busca de visibilidade um movimento extempor\u00e2neo, sem fato concreto que o justificasse.<\/p>\n<p>Na pol\u00edtica, gestos fora de tempo revelam mais do que aparentam. E, neste caso, escancaram uma tentativa de recolocar no tabuleiro quem j\u00e1 n\u00e3o ocupa o mesmo espa\u00e7o de antes.<\/p>\n<p>Ronaldo Lessa, figura conhecida da pol\u00edtica alagoana, d\u00e1 sinais claros de que busca um lugar na pr\u00f3xima elei\u00e7\u00e3o n\u00e3o importa onde, nem ao lado de quem. A l\u00f3gica parece ser a da sobreviv\u00eancia pol\u00edtica a qualquer custo.<\/p>\n<hr \/>\n<h3><strong>Teot\u00f4nio Vilela<\/strong><\/h3>\n<p><img loading=\"lazy\" decoding=\"async\" class=\"alignnone size-full wp-image-36322\" src=\"https:\/\/resumopolitico.com.br\/wp-content\/uploads\/2026\/04\/WhatsApp-Image-2026-04-24-at-18.16.14.jpeg\" alt=\"\" width=\"1070\" height=\"1280\" srcset=\"https:\/\/resumopolitico.com.br\/wp-content\/uploads\/2026\/04\/WhatsApp-Image-2026-04-24-at-18.16.14.jpeg 1070w, https:\/\/resumopolitico.com.br\/wp-content\/uploads\/2026\/04\/WhatsApp-Image-2026-04-24-at-18.16.14-251x300.jpeg 251w, https:\/\/resumopolitico.com.br\/wp-content\/uploads\/2026\/04\/WhatsApp-Image-2026-04-24-at-18.16.14-856x1024.jpeg 856w, https:\/\/resumopolitico.com.br\/wp-content\/uploads\/2026\/04\/WhatsApp-Image-2026-04-24-at-18.16.14-768x919.jpeg 768w, https:\/\/resumopolitico.com.br\/wp-content\/uploads\/2026\/04\/WhatsApp-Image-2026-04-24-at-18.16.14-750x897.jpeg 750w\" sizes=\"(max-width: 1070px) 100vw, 1070px\" \/><\/p>\n<p>Atacar Teot\u00f4nio Vilela Filho \u00e9, antes de tudo, desrespeitar uma trajet\u00f3ria que se confunde com a pr\u00f3pria hist\u00f3ria pol\u00edtica recente de Alagoas. N\u00e3o se trata apenas de defender um nome, mas de preservar um legado constru\u00eddo com coer\u00eancia, firmeza e compromisso p\u00fablico.<\/p>\n<p>Teot\u00f4nio n\u00e3o \u00e9 apenas uma lideran\u00e7a \u00e9 s\u00edmbolo de uma gera\u00e7\u00e3o que acreditou na pol\u00edtica como instrumento de transforma\u00e7\u00e3o, pautada na \u00e9tica e no di\u00e1logo.<\/p>\n<p>Ao entrar novamente no debate pol\u00edtico, mesmo sem a condi\u00e7\u00e3o de candidato, demonstra que continua sendo pe\u00e7a relevante no tabuleiro. Articula, agrega e constr\u00f3i pontes, algo raro em tempos de polariza\u00e7\u00e3o rasa e ataques f\u00e1ceis.<\/p>\n<hr \/>\n<h3><strong>Nom Veritas<\/strong><\/h3>\n<p><img loading=\"lazy\" decoding=\"async\" class=\"alignnone size-full wp-image-36323\" src=\"https:\/\/resumopolitico.com.br\/wp-content\/uploads\/2026\/04\/WhatsApp-Image-2026-04-24-at-18.16.39.jpeg\" alt=\"\" width=\"1254\" height=\"1254\" srcset=\"https:\/\/resumopolitico.com.br\/wp-content\/uploads\/2026\/04\/WhatsApp-Image-2026-04-24-at-18.16.39.jpeg 1254w, https:\/\/resumopolitico.com.br\/wp-content\/uploads\/2026\/04\/WhatsApp-Image-2026-04-24-at-18.16.39-300x300.jpeg 300w, https:\/\/resumopolitico.com.br\/wp-content\/uploads\/2026\/04\/WhatsApp-Image-2026-04-24-at-18.16.39-1024x1024.jpeg 1024w, https:\/\/resumopolitico.com.br\/wp-content\/uploads\/2026\/04\/WhatsApp-Image-2026-04-24-at-18.16.39-150x150.jpeg 150w, https:\/\/resumopolitico.com.br\/wp-content\/uploads\/2026\/04\/WhatsApp-Image-2026-04-24-at-18.16.39-768x768.jpeg 768w, https:\/\/resumopolitico.com.br\/wp-content\/uploads\/2026\/04\/WhatsApp-Image-2026-04-24-at-18.16.39-75x75.jpeg 75w, https:\/\/resumopolitico.com.br\/wp-content\/uploads\/2026\/04\/WhatsApp-Image-2026-04-24-at-18.16.39-750x750.jpeg 750w, https:\/\/resumopolitico.com.br\/wp-content\/uploads\/2026\/04\/WhatsApp-Image-2026-04-24-at-18.16.39-1140x1140.jpeg 1140w\" sizes=\"(max-width: 1254px) 100vw, 1254px\" \/><\/p>\n<p>Em meio \u00e0 polariza\u00e7\u00e3o eleitoral, voltam \u00e0 cena as \u201cpesquisas fakes\u201d, fabricadas por institutos de fachada a servi\u00e7o de pol\u00edticos sem voto. N\u00e3o \u00e9 erro \u00e9 fraude deliberada para manipular o eleitor.<\/p>\n<p>Cabe ao Tribunal Regional Eleitoral agir com rapidez e rigor: identificar respons\u00e1veis, rastrear financiadores e punir exemplarmente. Democracia n\u00e3o se constr\u00f3i com n\u00fameros forjados, mas com respeito \u00e0 verdade e \u00e0 vontade popular<\/p>\n<hr \/>\n<h3><strong>Renan e seu inferno astral<\/strong><\/h3>\n<p><img loading=\"lazy\" decoding=\"async\" class=\"alignnone size-full wp-image-36324\" src=\"https:\/\/resumopolitico.com.br\/wp-content\/uploads\/2026\/04\/WhatsApp-Image-2026-04-24-at-18.17.21.jpeg\" alt=\"\" width=\"1254\" height=\"1254\" srcset=\"https:\/\/resumopolitico.com.br\/wp-content\/uploads\/2026\/04\/WhatsApp-Image-2026-04-24-at-18.17.21.jpeg 1254w, https:\/\/resumopolitico.com.br\/wp-content\/uploads\/2026\/04\/WhatsApp-Image-2026-04-24-at-18.17.21-300x300.jpeg 300w, https:\/\/resumopolitico.com.br\/wp-content\/uploads\/2026\/04\/WhatsApp-Image-2026-04-24-at-18.17.21-1024x1024.jpeg 1024w, https:\/\/resumopolitico.com.br\/wp-content\/uploads\/2026\/04\/WhatsApp-Image-2026-04-24-at-18.17.21-150x150.jpeg 150w, https:\/\/resumopolitico.com.br\/wp-content\/uploads\/2026\/04\/WhatsApp-Image-2026-04-24-at-18.17.21-768x768.jpeg 768w, https:\/\/resumopolitico.com.br\/wp-content\/uploads\/2026\/04\/WhatsApp-Image-2026-04-24-at-18.17.21-75x75.jpeg 75w, https:\/\/resumopolitico.com.br\/wp-content\/uploads\/2026\/04\/WhatsApp-Image-2026-04-24-at-18.17.21-750x750.jpeg 750w, https:\/\/resumopolitico.com.br\/wp-content\/uploads\/2026\/04\/WhatsApp-Image-2026-04-24-at-18.17.21-1140x1140.jpeg 1140w\" sizes=\"(max-width: 1254px) 100vw, 1254px\" \/><\/p>\n<p>Os votos do Sert\u00e3o, historicamente divididos entre dois polos Arthur Lira e Renan Calheiros passam agora a um novo e imprevis\u00edvel tabuleiro. A entrada de Alfredo Gaspar quebra o velho eixo de poder e transforma a disputa em um jogo de tr\u00eas for\u00e7as.<\/p>\n<p>Nesse novo cen\u00e1rio, \u00e9 ineg\u00e1vel: Renan Calheiros larga atr\u00e1s. A elevada rejei\u00e7\u00e3o na regi\u00e3o metropolitana de Macei\u00f3 pesa como \u00e2ncora em sua trajet\u00f3ria,<\/p>\n<p>O eleitor, antes fiel \u00e0s estruturas tradicionais, est\u00e1 mais inclinado a rupturas. Como bem resumiu um matuto, com a sabedoria simples que antecipa grandes viradas:<\/p>\n<p><strong>\u201c\u00c1gua de morro abaixo, fogo de morro acima e eleitor quando resolve mudar\u2026 n\u00e3o tem quem segure.\u201d<\/strong><\/p>\n","protected":false},"excerpt":{"rendered":"<p>O abandono animal O Brasil come\u00e7a, finalmente, a acordar para a pauta animal. O que antes era tratado como sensibilidade de poucos, hoje se transforma em exig\u00eancia social: leis mais duras, fiscaliza\u00e7\u00e3o efetiva e cobran\u00e7a direta aos governos. Mas, enquanto o pa\u00eds avan\u00e7a, Alagoas parece caminhar a passos lentos, quase constrangedores. Em Macei\u00f3, o cen\u00e1rio [&hellip;]<\/p>\n","protected":false},"author":1,"featured_media":27874,"comment_status":"open","ping_status":"open","sticky":false,"template":"","format":"standard","meta":{"_monsterinsights_skip_tracking":false,"_monsterinsights_sitenote_active":false,"_monsterinsights_sitenote_note":"","_monsterinsights_sitenote_category":0,"footnotes":""},"categories":[90],"tags":[],"class_list":["post-36318","post","type-post","status-publish","format-standard","has-post-thumbnail","hentry","category-coluna-pedro-oliveira"],"yoast_head":"<!-- This site is optimized with the Yoast SEO plugin v27.5 - https:\/\/yoast.com\/product\/yoast-seo-wordpress\/ -->\n<title>Coluna Pedro Oliveira - Resumo Pol\u00edtico<\/title>\n<meta name=\"robots\" content=\"index, follow, max-snippet:-1, max-image-preview:large, max-video-preview:-1\" \/>\n<link rel=\"canonical\" href=\"https:\/\/resumopolitico.com.br\/?p=36318\" \/>\n<meta property=\"og:locale\" content=\"pt_BR\" \/>\n<meta property=\"og:type\" content=\"article\" \/>\n<meta property=\"og:title\" content=\"Coluna Pedro Oliveira - Resumo Pol\u00edtico\" \/>\n<meta property=\"og:description\" content=\"O abandono animal O Brasil come\u00e7a, finalmente, a acordar para a pauta animal. O que antes era tratado como sensibilidade de poucos, hoje se transforma em exig\u00eancia social: leis mais duras, fiscaliza\u00e7\u00e3o efetiva e cobran\u00e7a direta aos governos. Mas, enquanto o pa\u00eds avan\u00e7a, Alagoas parece caminhar a passos lentos, quase constrangedores. Em Macei\u00f3, o cen\u00e1rio [&hellip;]\" \/>\n<meta property=\"og:url\" content=\"https:\/\/resumopolitico.com.br\/?p=36318\" \/>\n<meta property=\"og:site_name\" content=\"Resumo Pol\u00edtico\" \/>\n<meta property=\"article:published_time\" content=\"2026-04-24T23:20:41+00:00\" \/>\n<meta property=\"article:modified_time\" content=\"2026-04-24T23:24:25+00:00\" \/>\n<meta property=\"og:image\" content=\"https:\/\/resumopolitico.com.br\/wp-content\/uploads\/2025\/01\/coluna-Pedro-Oliveira-1024x512-1.jpg\" \/>\n\t<meta property=\"og:image:width\" content=\"1024\" \/>\n\t<meta property=\"og:image:height\" content=\"512\" \/>\n\t<meta property=\"og:image:type\" content=\"image\/jpeg\" \/>\n<meta name=\"author\" content=\"resumopolitico\" \/>\n<meta name=\"twitter:card\" content=\"summary_large_image\" \/>\n<meta name=\"twitter:label1\" content=\"Escrito por\" \/>\n\t<meta name=\"twitter:data1\" content=\"resumopolitico\" \/>\n\t<meta name=\"twitter:label2\" content=\"Est. tempo de leitura\" \/>\n\t<meta name=\"twitter:data2\" content=\"5 minutos\" \/>\n<script type=\"application\/ld+json\" class=\"yoast-schema-graph\">{\"@context\":\"https:\\\/\\\/schema.org\",\"@graph\":[{\"@type\":\"Article\",\"@id\":\"https:\\\/\\\/resumopolitico.com.br\\\/?p=36318#article\",\"isPartOf\":{\"@id\":\"https:\\\/\\\/resumopolitico.com.br\\\/?p=36318\"},\"author\":{\"name\":\"resumopolitico\",\"@id\":\"https:\\\/\\\/resumopolitico.com.br\\\/#\\\/schema\\\/person\\\/8e54285779750ca1eb5d54a40785d6f3\"},\"headline\":\"Coluna Pedro Oliveira\",\"datePublished\":\"2026-04-24T23:20:41+00:00\",\"dateModified\":\"2026-04-24T23:24:25+00:00\",\"mainEntityOfPage\":{\"@id\":\"https:\\\/\\\/resumopolitico.com.br\\\/?p=36318\"},\"wordCount\":664,\"commentCount\":0,\"image\":{\"@id\":\"https:\\\/\\\/resumopolitico.com.br\\\/?p=36318#primaryimage\"},\"thumbnailUrl\":\"https:\\\/\\\/resumopolitico.com.br\\\/wp-content\\\/uploads\\\/2025\\\/01\\\/coluna-Pedro-Oliveira-1024x512-1.jpg\",\"articleSection\":[\"Coluna Pedro Oliveira\"],\"inLanguage\":\"pt-BR\",\"potentialAction\":[{\"@type\":\"CommentAction\",\"name\":\"Comment\",\"target\":[\"https:\\\/\\\/resumopolitico.com.br\\\/?p=36318#respond\"]}]},{\"@type\":\"WebPage\",\"@id\":\"https:\\\/\\\/resumopolitico.com.br\\\/?p=36318\",\"url\":\"https:\\\/\\\/resumopolitico.com.br\\\/?p=36318\",\"name\":\"Coluna Pedro Oliveira - Resumo Pol\u00edtico\",\"isPartOf\":{\"@id\":\"https:\\\/\\\/resumopolitico.com.br\\\/#website\"},\"primaryImageOfPage\":{\"@id\":\"https:\\\/\\\/resumopolitico.com.br\\\/?p=36318#primaryimage\"},\"image\":{\"@id\":\"https:\\\/\\\/resumopolitico.com.br\\\/?p=36318#primaryimage\"},\"thumbnailUrl\":\"https:\\\/\\\/resumopolitico.com.br\\\/wp-content\\\/uploads\\\/2025\\\/01\\\/coluna-Pedro-Oliveira-1024x512-1.jpg\",\"datePublished\":\"2026-04-24T23:20:41+00:00\",\"dateModified\":\"2026-04-24T23:24:25+00:00\",\"author\":{\"@id\":\"https:\\\/\\\/resumopolitico.com.br\\\/#\\\/schema\\\/person\\\/8e54285779750ca1eb5d54a40785d6f3\"},\"breadcrumb\":{\"@id\":\"https:\\\/\\\/resumopolitico.com.br\\\/?p=36318#breadcrumb\"},\"inLanguage\":\"pt-BR\",\"potentialAction\":[{\"@type\":\"ReadAction\",\"target\":[\"https:\\\/\\\/resumopolitico.com.br\\\/?p=36318\"]}]},{\"@type\":\"ImageObject\",\"inLanguage\":\"pt-BR\",\"@id\":\"https:\\\/\\\/resumopolitico.com.br\\\/?p=36318#primaryimage\",\"url\":\"https:\\\/\\\/resumopolitico.com.br\\\/wp-content\\\/uploads\\\/2025\\\/01\\\/coluna-Pedro-Oliveira-1024x512-1.jpg\",\"contentUrl\":\"https:\\\/\\\/resumopolitico.com.br\\\/wp-content\\\/uploads\\\/2025\\\/01\\\/coluna-Pedro-Oliveira-1024x512-1.jpg\",\"width\":1024,\"height\":512},{\"@type\":\"BreadcrumbList\",\"@id\":\"https:\\\/\\\/resumopolitico.com.br\\\/?p=36318#breadcrumb\",\"itemListElement\":[{\"@type\":\"ListItem\",\"position\":1,\"name\":\"In\u00edcio\",\"item\":\"https:\\\/\\\/resumopolitico.com.br\\\/\"},{\"@type\":\"ListItem\",\"position\":2,\"name\":\"Coluna Pedro Oliveira\"}]},{\"@type\":\"WebSite\",\"@id\":\"https:\\\/\\\/resumopolitico.com.br\\\/#website\",\"url\":\"https:\\\/\\\/resumopolitico.com.br\\\/\",\"name\":\"Resumo Pol\u00edtico\",\"description\":\"Resumo Pol\u00edtico\",\"potentialAction\":[{\"@type\":\"SearchAction\",\"target\":{\"@type\":\"EntryPoint\",\"urlTemplate\":\"https:\\\/\\\/resumopolitico.com.br\\\/?s={search_term_string}\"},\"query-input\":{\"@type\":\"PropertyValueSpecification\",\"valueRequired\":true,\"valueName\":\"search_term_string\"}}],\"inLanguage\":\"pt-BR\"},{\"@type\":\"Person\",\"@id\":\"https:\\\/\\\/resumopolitico.com.br\\\/#\\\/schema\\\/person\\\/8e54285779750ca1eb5d54a40785d6f3\",\"name\":\"resumopolitico\",\"image\":{\"@type\":\"ImageObject\",\"inLanguage\":\"pt-BR\",\"@id\":\"\\\/\\\/www.gravatar.com\\\/avatar\\\/964d308c93aaf0c33319e9a3bc3b8ac5?s=96&#038;r=g&#038;d=mm\",\"url\":\"\\\/\\\/www.gravatar.com\\\/avatar\\\/964d308c93aaf0c33319e9a3bc3b8ac5?s=96&#038;r=g&#038;d=mm\",\"contentUrl\":\"\\\/\\\/www.gravatar.com\\\/avatar\\\/964d308c93aaf0c33319e9a3bc3b8ac5?s=96&#038;r=g&#038;d=mm\",\"caption\":\"resumopolitico\"},\"sameAs\":[\"http:\\\/\\\/resumopolitico.com.br\"],\"url\":\"https:\\\/\\\/resumopolitico.com.br\\\/?bp_members=1&bp_member=resumopoliticoprofile\\\/home\\\/\"}]}<\/script>\n<!-- \/ Yoast SEO plugin. -->","yoast_head_json":{"title":"Coluna Pedro Oliveira - Resumo Pol\u00edtico","robots":{"index":"index","follow":"follow","max-snippet":"max-snippet:-1","max-image-preview":"max-image-preview:large","max-video-preview":"max-video-preview:-1"},"canonical":"https:\/\/resumopolitico.com.br\/?p=36318","og_locale":"pt_BR","og_type":"article","og_title":"Coluna Pedro Oliveira - Resumo Pol\u00edtico","og_description":"O abandono animal O Brasil come\u00e7a, finalmente, a acordar para a pauta animal. O que antes era tratado como sensibilidade de poucos, hoje se transforma em exig\u00eancia social: leis mais duras, fiscaliza\u00e7\u00e3o efetiva e cobran\u00e7a direta aos governos. Mas, enquanto o pa\u00eds avan\u00e7a, Alagoas parece caminhar a passos lentos, quase constrangedores. Em Macei\u00f3, o cen\u00e1rio [&hellip;]","og_url":"https:\/\/resumopolitico.com.br\/?p=36318","og_site_name":"Resumo Pol\u00edtico","article_published_time":"2026-04-24T23:20:41+00:00","article_modified_time":"2026-04-24T23:24:25+00:00","og_image":[{"width":1024,"height":512,"url":"https:\/\/resumopolitico.com.br\/wp-content\/uploads\/2025\/01\/coluna-Pedro-Oliveira-1024x512-1.jpg","type":"image\/jpeg"}],"author":"resumopolitico","twitter_card":"summary_large_image","twitter_misc":{"Escrito por":"resumopolitico","Est. tempo de leitura":"5 minutos"},"schema":{"@context":"https:\/\/schema.org","@graph":[{"@type":"Article","@id":"https:\/\/resumopolitico.com.br\/?p=36318#article","isPartOf":{"@id":"https:\/\/resumopolitico.com.br\/?p=36318"},"author":{"name":"resumopolitico","@id":"https:\/\/resumopolitico.com.br\/#\/schema\/person\/8e54285779750ca1eb5d54a40785d6f3"},"headline":"Coluna Pedro Oliveira","datePublished":"2026-04-24T23:20:41+00:00","dateModified":"2026-04-24T23:24:25+00:00","mainEntityOfPage":{"@id":"https:\/\/resumopolitico.com.br\/?p=36318"},"wordCount":664,"commentCount":0,"image":{"@id":"https:\/\/resumopolitico.com.br\/?p=36318#primaryimage"},"thumbnailUrl":"https:\/\/resumopolitico.com.br\/wp-content\/uploads\/2025\/01\/coluna-Pedro-Oliveira-1024x512-1.jpg","articleSection":["Coluna Pedro Oliveira"],"inLanguage":"pt-BR","potentialAction":[{"@type":"CommentAction","name":"Comment","target":["https:\/\/resumopolitico.com.br\/?p=36318#respond"]}]},{"@type":"WebPage","@id":"https:\/\/resumopolitico.com.br\/?p=36318","url":"https:\/\/resumopolitico.com.br\/?p=36318","name":"Coluna Pedro Oliveira - Resumo Pol\u00edtico","isPartOf":{"@id":"https:\/\/resumopolitico.com.br\/#website"},"primaryImageOfPage":{"@id":"https:\/\/resumopolitico.com.br\/?p=36318#primaryimage"},"image":{"@id":"https:\/\/resumopolitico.com.br\/?p=36318#primaryimage"},"thumbnailUrl":"https:\/\/resumopolitico.com.br\/wp-content\/uploads\/2025\/01\/coluna-Pedro-Oliveira-1024x512-1.jpg","datePublished":"2026-04-24T23:20:41+00:00","dateModified":"2026-04-24T23:24:25+00:00","author":{"@id":"https:\/\/resumopolitico.com.br\/#\/schema\/person\/8e54285779750ca1eb5d54a40785d6f3"},"breadcrumb":{"@id":"https:\/\/resumopolitico.com.br\/?p=36318#breadcrumb"},"inLanguage":"pt-BR","potentialAction":[{"@type":"ReadAction","target":["https:\/\/resumopolitico.com.br\/?p=36318"]}]},{"@type":"ImageObject","inLanguage":"pt-BR","@id":"https:\/\/resumopolitico.com.br\/?p=36318#primaryimage","url":"https:\/\/resumopolitico.com.br\/wp-content\/uploads\/2025\/01\/coluna-Pedro-Oliveira-1024x512-1.jpg","contentUrl":"https:\/\/resumopolitico.com.br\/wp-content\/uploads\/2025\/01\/coluna-Pedro-Oliveira-1024x512-1.jpg","width":1024,"height":512},{"@type":"BreadcrumbList","@id":"https:\/\/resumopolitico.com.br\/?p=36318#breadcrumb","itemListElement":[{"@type":"ListItem","position":1,"name":"In\u00edcio","item":"https:\/\/resumopolitico.com.br\/"},{"@type":"ListItem","position":2,"name":"Coluna Pedro Oliveira"}]},{"@type":"WebSite","@id":"https:\/\/resumopolitico.com.br\/#website","url":"https:\/\/resumopolitico.com.br\/","name":"Resumo Pol\u00edtico","description":"Resumo Pol\u00edtico","potentialAction":[{"@type":"SearchAction","target":{"@type":"EntryPoint","urlTemplate":"https:\/\/resumopolitico.com.br\/?s={search_term_string}"},"query-input":{"@type":"PropertyValueSpecification","valueRequired":true,"valueName":"search_term_string"}}],"inLanguage":"pt-BR"},{"@type":"Person","@id":"https:\/\/resumopolitico.com.br\/#\/schema\/person\/8e54285779750ca1eb5d54a40785d6f3","name":"resumopolitico","image":{"@type":"ImageObject","inLanguage":"pt-BR","@id":"\/\/www.gravatar.com\/avatar\/964d308c93aaf0c33319e9a3bc3b8ac5?s=96&#038;r=g&#038;d=mm","url":"\/\/www.gravatar.com\/avatar\/964d308c93aaf0c33319e9a3bc3b8ac5?s=96&#038;r=g&#038;d=mm","contentUrl":"\/\/www.gravatar.com\/avatar\/964d308c93aaf0c33319e9a3bc3b8ac5?s=96&#038;r=g&#038;d=mm","caption":"resumopolitico"},"sameAs":["http:\/\/resumopolitico.com.br"],"url":"https:\/\/resumopolitico.com.br\/?bp_members=1&bp_member=resumopoliticoprofile\/home\/"}]}},"_links":{"self":[{"href":"https:\/\/resumopolitico.com.br\/index.php?rest_route=\/wp\/v2\/posts\/36318","targetHints":{"allow":["GET"]}}],"collection":[{"href":"https:\/\/resumopolitico.com.br\/index.php?rest_route=\/wp\/v2\/posts"}],"about":[{"href":"https:\/\/resumopolitico.com.br\/index.php?rest_route=\/wp\/v2\/types\/post"}],"author":[{"embeddable":true,"href":"https:\/\/resumopolitico.com.br\/index.php?rest_route=\/wp\/v2\/users\/1"}],"replies":[{"embeddable":true,"href":"https:\/\/resumopolitico.com.br\/index.php?rest_route=%2Fwp%2Fv2%2Fcomments&post=36318"}],"version-history":[{"count":3,"href":"https:\/\/resumopolitico.com.br\/index.php?rest_route=\/wp\/v2\/posts\/36318\/revisions"}],"predecessor-version":[{"id":36328,"href":"https:\/\/resumopolitico.com.br\/index.php?rest_route=\/wp\/v2\/posts\/36318\/revisions\/36328"}],"wp:featuredmedia":[{"embeddable":true,"href":"https:\/\/resumopolitico.com.br\/index.php?rest_route=\/wp\/v2\/media\/27874"}],"wp:attachment":[{"href":"https:\/\/resumopolitico.com.br\/index.php?rest_route=%2Fwp%2Fv2%2Fmedia&parent=36318"}],"wp:term":[{"taxonomy":"category","embeddable":true,"href":"https:\/\/resumopolitico.com.br\/index.php?rest_route=%2Fwp%2Fv2%2Fcategories&post=36318"},{"taxonomy":"post_tag","embeddable":true,"href":"https:\/\/resumopolitico.com.br\/index.php?rest_route=%2Fwp%2Fv2%2Ftags&post=36318"}],"curies":[{"name":"wp","href":"https:\/\/api.w.org\/{rel}","templated":true}]}}