{"id":36341,"date":"2026-04-24T21:46:42","date_gmt":"2026-04-25T00:46:42","guid":{"rendered":"https:\/\/resumopolitico.com.br\/?p=36341"},"modified":"2026-04-24T21:49:08","modified_gmt":"2026-04-25T00:49:08","slug":"36341","status":"publish","type":"post","link":"https:\/\/resumopolitico.com.br\/?p=36341","title":{"rendered":"Alfredo Gaspar faz exame de DNA, aponta denuncia\u00e7\u00e3o caluniosa e aguarda Justi\u00e7a contra acusadores"},"content":{"rendered":"<p>O deputado federal Alfredo Gaspar informou, por meio de suas redes sociais, que realizou a coleta de material gen\u00e9tico para exame de DNA, por iniciativa pr\u00f3pria, na Per\u00edcia Oficial do Estado de Alagoas. Segundo o parlamentar, a medida foi solicitada judicialmente com o objetivo de antecipar a produ\u00e7\u00e3o de provas e acelerar o esclarecimento de acusa\u00e7\u00f5es que ele classifica como falsas e criminosas.<\/p>\n<p>O caso ganhou repercuss\u00e3o ap\u00f3s pol\u00edticos ligados ao governo federal o acusarem, durante a leitura do relat\u00f3rio da CPMI do INSS, de uma suposta paternidade de uma crian\u00e7a, sem que, at\u00e9 o momento, tenham sido apresentadas provas.<\/p>\n<p>\u201cAcabei de coletar o meu material gen\u00e9tico e, por livre e espont\u00e2nea vontade, pedi uma ordem judicial para fazer essa coleta. Fui acusado de forma covarde por um crime que jamais pratiquei, como cortina de fuma\u00e7a justamente no dia em que pedi a pris\u00e3o do filho do presidente da Rep\u00fablica. O PT age assim, jogando sujo\u201d, afirmou Alfredo Gaspar.<\/p>\n<p>Ainda no v\u00eddeo, o parlamentar declarou que n\u00e3o teme investiga\u00e7\u00f5es e defendeu celeridade na apura\u00e7\u00e3o. \u201cO crime praticado contra a minha pessoa foi vil e abjeto. Mas a verdade \u00e9 soberana. Eu s\u00f3 quero justi\u00e7a. Eu quero celeridade. O povo brasileiro merece essa resposta imediata\u201d, destacou.<\/p>\n<p>Al\u00e9m da realiza\u00e7\u00e3o do exame, Alfredo Gaspar j\u00e1 adotou medidas judiciais contra os respons\u00e1veis pelas acusa\u00e7\u00f5es. Segundo ele, foram protocoladas a\u00e7\u00f5es nas esferas c\u00edvel e criminal, com pedidos de responsabiliza\u00e7\u00e3o por danos morais, al\u00e9m de representa\u00e7\u00e3o para apura\u00e7\u00e3o de eventuais crimes como cal\u00fania e difama\u00e7\u00e3o. Na C\u00e2mara dos Deputados e no Senado Federal, tamb\u00e9m foram feitas representa\u00e7\u00f5es pedindo a cassa\u00e7\u00e3o de mandatos dos envolvidos.<\/p>\n","protected":false},"excerpt":{"rendered":"<p>O deputado federal Alfredo Gaspar informou, por meio de suas redes sociais, que realizou a coleta de material gen\u00e9tico para exame de DNA, por iniciativa pr\u00f3pria, na Per\u00edcia Oficial do Estado de Alagoas. Segundo o parlamentar, a medida foi solicitada judicialmente com o objetivo de antecipar a produ\u00e7\u00e3o de provas e acelerar o esclarecimento de [&hellip;]<\/p>\n","protected":false},"author":1,"featured_media":36342,"comment_status":"open","ping_status":"open","sticky":false,"template":"","format":"standard","meta":{"_monsterinsights_skip_tracking":false,"_monsterinsights_sitenote_active":false,"_monsterinsights_sitenote_note":"","_monsterinsights_sitenote_category":0,"footnotes":""},"categories":[104,96],"tags":[],"class_list":["post-36341","post","type-post","status-publish","format-standard","has-post-thumbnail","hentry","category-destaque","category-geral"],"yoast_head":"<!-- This site is optimized with the Yoast SEO plugin v27.5 - https:\/\/yoast.com\/product\/yoast-seo-wordpress\/ -->\n<title>Alfredo Gaspar faz exame de DNA, aponta denuncia\u00e7\u00e3o caluniosa e aguarda Justi\u00e7a contra acusadores - Resumo Pol\u00edtico<\/title>\n<meta name=\"robots\" content=\"index, follow, max-snippet:-1, max-image-preview:large, max-video-preview:-1\" \/>\n<link rel=\"canonical\" href=\"https:\/\/resumopolitico.com.br\/?p=36341\" \/>\n<meta property=\"og:locale\" content=\"pt_BR\" \/>\n<meta property=\"og:type\" content=\"article\" \/>\n<meta property=\"og:title\" content=\"Alfredo Gaspar faz exame de DNA, aponta denuncia\u00e7\u00e3o caluniosa e aguarda Justi\u00e7a contra acusadores - Resumo Pol\u00edtico\" \/>\n<meta property=\"og:description\" content=\"O deputado federal Alfredo Gaspar informou, por meio de suas redes sociais, que realizou a coleta de material gen\u00e9tico para exame de DNA, por iniciativa pr\u00f3pria, na Per\u00edcia Oficial do Estado de Alagoas. Segundo o parlamentar, a medida foi solicitada judicialmente com o objetivo de antecipar a produ\u00e7\u00e3o de provas e acelerar o esclarecimento de [&hellip;]\" \/>\n<meta property=\"og:url\" content=\"https:\/\/resumopolitico.com.br\/?p=36341\" \/>\n<meta property=\"og:site_name\" content=\"Resumo Pol\u00edtico\" \/>\n<meta property=\"article:published_time\" content=\"2026-04-25T00:46:42+00:00\" \/>\n<meta property=\"article:modified_time\" content=\"2026-04-25T00:49:08+00:00\" \/>\n<meta property=\"og:image\" content=\"https:\/\/resumopolitico.com.br\/wp-content\/uploads\/2026\/04\/WhatsApp-Image-2026-04-24-at-21.38.07.jpeg\" \/>\n\t<meta property=\"og:image:width\" content=\"1048\" \/>\n\t<meta property=\"og:image:height\" content=\"1600\" \/>\n\t<meta property=\"og:image:type\" content=\"image\/jpeg\" \/>\n<meta name=\"author\" content=\"resumopolitico\" \/>\n<meta name=\"twitter:card\" content=\"summary_large_image\" \/>\n<meta name=\"twitter:label1\" content=\"Escrito por\" \/>\n\t<meta name=\"twitter:data1\" content=\"resumopolitico\" \/>\n\t<meta name=\"twitter:label2\" content=\"Est. tempo de leitura\" \/>\n\t<meta name=\"twitter:data2\" content=\"2 minutos\" \/>\n<script type=\"application\/ld+json\" class=\"yoast-schema-graph\">{\"@context\":\"https:\\\/\\\/schema.org\",\"@graph\":[{\"@type\":\"Article\",\"@id\":\"https:\\\/\\\/resumopolitico.com.br\\\/?p=36341#article\",\"isPartOf\":{\"@id\":\"https:\\\/\\\/resumopolitico.com.br\\\/?p=36341\"},\"author\":{\"name\":\"resumopolitico\",\"@id\":\"https:\\\/\\\/resumopolitico.com.br\\\/#\\\/schema\\\/person\\\/8e54285779750ca1eb5d54a40785d6f3\"},\"headline\":\"Alfredo Gaspar faz exame de DNA, aponta denuncia\u00e7\u00e3o caluniosa e aguarda Justi\u00e7a contra acusadores\",\"datePublished\":\"2026-04-25T00:46:42+00:00\",\"dateModified\":\"2026-04-25T00:49:08+00:00\",\"mainEntityOfPage\":{\"@id\":\"https:\\\/\\\/resumopolitico.com.br\\\/?p=36341\"},\"wordCount\":320,\"commentCount\":0,\"image\":{\"@id\":\"https:\\\/\\\/resumopolitico.com.br\\\/?p=36341#primaryimage\"},\"thumbnailUrl\":\"https:\\\/\\\/resumopolitico.com.br\\\/wp-content\\\/uploads\\\/2026\\\/04\\\/WhatsApp-Image-2026-04-24-at-21.38.07.jpeg\",\"articleSection\":[\"Destaque\",\"Geral\"],\"inLanguage\":\"pt-BR\",\"potentialAction\":[{\"@type\":\"CommentAction\",\"name\":\"Comment\",\"target\":[\"https:\\\/\\\/resumopolitico.com.br\\\/?p=36341#respond\"]}]},{\"@type\":\"WebPage\",\"@id\":\"https:\\\/\\\/resumopolitico.com.br\\\/?p=36341\",\"url\":\"https:\\\/\\\/resumopolitico.com.br\\\/?p=36341\",\"name\":\"Alfredo Gaspar faz exame de DNA, aponta denuncia\u00e7\u00e3o caluniosa e aguarda Justi\u00e7a contra acusadores - Resumo Pol\u00edtico\",\"isPartOf\":{\"@id\":\"https:\\\/\\\/resumopolitico.com.br\\\/#website\"},\"primaryImageOfPage\":{\"@id\":\"https:\\\/\\\/resumopolitico.com.br\\\/?p=36341#primaryimage\"},\"image\":{\"@id\":\"https:\\\/\\\/resumopolitico.com.br\\\/?p=36341#primaryimage\"},\"thumbnailUrl\":\"https:\\\/\\\/resumopolitico.com.br\\\/wp-content\\\/uploads\\\/2026\\\/04\\\/WhatsApp-Image-2026-04-24-at-21.38.07.jpeg\",\"datePublished\":\"2026-04-25T00:46:42+00:00\",\"dateModified\":\"2026-04-25T00:49:08+00:00\",\"author\":{\"@id\":\"https:\\\/\\\/resumopolitico.com.br\\\/#\\\/schema\\\/person\\\/8e54285779750ca1eb5d54a40785d6f3\"},\"breadcrumb\":{\"@id\":\"https:\\\/\\\/resumopolitico.com.br\\\/?p=36341#breadcrumb\"},\"inLanguage\":\"pt-BR\",\"potentialAction\":[{\"@type\":\"ReadAction\",\"target\":[\"https:\\\/\\\/resumopolitico.com.br\\\/?p=36341\"]}]},{\"@type\":\"ImageObject\",\"inLanguage\":\"pt-BR\",\"@id\":\"https:\\\/\\\/resumopolitico.com.br\\\/?p=36341#primaryimage\",\"url\":\"https:\\\/\\\/resumopolitico.com.br\\\/wp-content\\\/uploads\\\/2026\\\/04\\\/WhatsApp-Image-2026-04-24-at-21.38.07.jpeg\",\"contentUrl\":\"https:\\\/\\\/resumopolitico.com.br\\\/wp-content\\\/uploads\\\/2026\\\/04\\\/WhatsApp-Image-2026-04-24-at-21.38.07.jpeg\",\"width\":1048,\"height\":1600},{\"@type\":\"BreadcrumbList\",\"@id\":\"https:\\\/\\\/resumopolitico.com.br\\\/?p=36341#breadcrumb\",\"itemListElement\":[{\"@type\":\"ListItem\",\"position\":1,\"name\":\"In\u00edcio\",\"item\":\"https:\\\/\\\/resumopolitico.com.br\\\/\"},{\"@type\":\"ListItem\",\"position\":2,\"name\":\"Alfredo Gaspar faz exame de DNA, aponta denuncia\u00e7\u00e3o caluniosa e aguarda Justi\u00e7a contra acusadores\"}]},{\"@type\":\"WebSite\",\"@id\":\"https:\\\/\\\/resumopolitico.com.br\\\/#website\",\"url\":\"https:\\\/\\\/resumopolitico.com.br\\\/\",\"name\":\"Resumo Pol\u00edtico\",\"description\":\"Resumo Pol\u00edtico\",\"potentialAction\":[{\"@type\":\"SearchAction\",\"target\":{\"@type\":\"EntryPoint\",\"urlTemplate\":\"https:\\\/\\\/resumopolitico.com.br\\\/?s={search_term_string}\"},\"query-input\":{\"@type\":\"PropertyValueSpecification\",\"valueRequired\":true,\"valueName\":\"search_term_string\"}}],\"inLanguage\":\"pt-BR\"},{\"@type\":\"Person\",\"@id\":\"https:\\\/\\\/resumopolitico.com.br\\\/#\\\/schema\\\/person\\\/8e54285779750ca1eb5d54a40785d6f3\",\"name\":\"resumopolitico\",\"image\":{\"@type\":\"ImageObject\",\"inLanguage\":\"pt-BR\",\"@id\":\"\\\/\\\/www.gravatar.com\\\/avatar\\\/964d308c93aaf0c33319e9a3bc3b8ac5?s=96&#038;r=g&#038;d=mm\",\"url\":\"\\\/\\\/www.gravatar.com\\\/avatar\\\/964d308c93aaf0c33319e9a3bc3b8ac5?s=96&#038;r=g&#038;d=mm\",\"contentUrl\":\"\\\/\\\/www.gravatar.com\\\/avatar\\\/964d308c93aaf0c33319e9a3bc3b8ac5?s=96&#038;r=g&#038;d=mm\",\"caption\":\"resumopolitico\"},\"sameAs\":[\"http:\\\/\\\/resumopolitico.com.br\"],\"url\":\"https:\\\/\\\/resumopolitico.com.br\\\/?bp_members=1&bp_member=resumopoliticoprofile\\\/home\\\/\"}]}<\/script>\n<!-- \/ Yoast SEO plugin. -->","yoast_head_json":{"title":"Alfredo Gaspar faz exame de DNA, aponta denuncia\u00e7\u00e3o caluniosa e aguarda Justi\u00e7a contra acusadores - Resumo Pol\u00edtico","robots":{"index":"index","follow":"follow","max-snippet":"max-snippet:-1","max-image-preview":"max-image-preview:large","max-video-preview":"max-video-preview:-1"},"canonical":"https:\/\/resumopolitico.com.br\/?p=36341","og_locale":"pt_BR","og_type":"article","og_title":"Alfredo Gaspar faz exame de DNA, aponta denuncia\u00e7\u00e3o caluniosa e aguarda Justi\u00e7a contra acusadores - Resumo Pol\u00edtico","og_description":"O deputado federal Alfredo Gaspar informou, por meio de suas redes sociais, que realizou a coleta de material gen\u00e9tico para exame de DNA, por iniciativa pr\u00f3pria, na Per\u00edcia Oficial do Estado de Alagoas. Segundo o parlamentar, a medida foi solicitada judicialmente com o objetivo de antecipar a produ\u00e7\u00e3o de provas e acelerar o esclarecimento de [&hellip;]","og_url":"https:\/\/resumopolitico.com.br\/?p=36341","og_site_name":"Resumo Pol\u00edtico","article_published_time":"2026-04-25T00:46:42+00:00","article_modified_time":"2026-04-25T00:49:08+00:00","og_image":[{"width":1048,"height":1600,"url":"https:\/\/resumopolitico.com.br\/wp-content\/uploads\/2026\/04\/WhatsApp-Image-2026-04-24-at-21.38.07.jpeg","type":"image\/jpeg"}],"author":"resumopolitico","twitter_card":"summary_large_image","twitter_misc":{"Escrito por":"resumopolitico","Est. tempo de leitura":"2 minutos"},"schema":{"@context":"https:\/\/schema.org","@graph":[{"@type":"Article","@id":"https:\/\/resumopolitico.com.br\/?p=36341#article","isPartOf":{"@id":"https:\/\/resumopolitico.com.br\/?p=36341"},"author":{"name":"resumopolitico","@id":"https:\/\/resumopolitico.com.br\/#\/schema\/person\/8e54285779750ca1eb5d54a40785d6f3"},"headline":"Alfredo Gaspar faz exame de DNA, aponta denuncia\u00e7\u00e3o caluniosa e aguarda Justi\u00e7a contra acusadores","datePublished":"2026-04-25T00:46:42+00:00","dateModified":"2026-04-25T00:49:08+00:00","mainEntityOfPage":{"@id":"https:\/\/resumopolitico.com.br\/?p=36341"},"wordCount":320,"commentCount":0,"image":{"@id":"https:\/\/resumopolitico.com.br\/?p=36341#primaryimage"},"thumbnailUrl":"https:\/\/resumopolitico.com.br\/wp-content\/uploads\/2026\/04\/WhatsApp-Image-2026-04-24-at-21.38.07.jpeg","articleSection":["Destaque","Geral"],"inLanguage":"pt-BR","potentialAction":[{"@type":"CommentAction","name":"Comment","target":["https:\/\/resumopolitico.com.br\/?p=36341#respond"]}]},{"@type":"WebPage","@id":"https:\/\/resumopolitico.com.br\/?p=36341","url":"https:\/\/resumopolitico.com.br\/?p=36341","name":"Alfredo Gaspar faz exame de DNA, aponta denuncia\u00e7\u00e3o caluniosa e aguarda Justi\u00e7a contra acusadores - Resumo Pol\u00edtico","isPartOf":{"@id":"https:\/\/resumopolitico.com.br\/#website"},"primaryImageOfPage":{"@id":"https:\/\/resumopolitico.com.br\/?p=36341#primaryimage"},"image":{"@id":"https:\/\/resumopolitico.com.br\/?p=36341#primaryimage"},"thumbnailUrl":"https:\/\/resumopolitico.com.br\/wp-content\/uploads\/2026\/04\/WhatsApp-Image-2026-04-24-at-21.38.07.jpeg","datePublished":"2026-04-25T00:46:42+00:00","dateModified":"2026-04-25T00:49:08+00:00","author":{"@id":"https:\/\/resumopolitico.com.br\/#\/schema\/person\/8e54285779750ca1eb5d54a40785d6f3"},"breadcrumb":{"@id":"https:\/\/resumopolitico.com.br\/?p=36341#breadcrumb"},"inLanguage":"pt-BR","potentialAction":[{"@type":"ReadAction","target":["https:\/\/resumopolitico.com.br\/?p=36341"]}]},{"@type":"ImageObject","inLanguage":"pt-BR","@id":"https:\/\/resumopolitico.com.br\/?p=36341#primaryimage","url":"https:\/\/resumopolitico.com.br\/wp-content\/uploads\/2026\/04\/WhatsApp-Image-2026-04-24-at-21.38.07.jpeg","contentUrl":"https:\/\/resumopolitico.com.br\/wp-content\/uploads\/2026\/04\/WhatsApp-Image-2026-04-24-at-21.38.07.jpeg","width":1048,"height":1600},{"@type":"BreadcrumbList","@id":"https:\/\/resumopolitico.com.br\/?p=36341#breadcrumb","itemListElement":[{"@type":"ListItem","position":1,"name":"In\u00edcio","item":"https:\/\/resumopolitico.com.br\/"},{"@type":"ListItem","position":2,"name":"Alfredo Gaspar faz exame de DNA, aponta denuncia\u00e7\u00e3o caluniosa e aguarda Justi\u00e7a contra acusadores"}]},{"@type":"WebSite","@id":"https:\/\/resumopolitico.com.br\/#website","url":"https:\/\/resumopolitico.com.br\/","name":"Resumo Pol\u00edtico","description":"Resumo Pol\u00edtico","potentialAction":[{"@type":"SearchAction","target":{"@type":"EntryPoint","urlTemplate":"https:\/\/resumopolitico.com.br\/?s={search_term_string}"},"query-input":{"@type":"PropertyValueSpecification","valueRequired":true,"valueName":"search_term_string"}}],"inLanguage":"pt-BR"},{"@type":"Person","@id":"https:\/\/resumopolitico.com.br\/#\/schema\/person\/8e54285779750ca1eb5d54a40785d6f3","name":"resumopolitico","image":{"@type":"ImageObject","inLanguage":"pt-BR","@id":"\/\/www.gravatar.com\/avatar\/964d308c93aaf0c33319e9a3bc3b8ac5?s=96&#038;r=g&#038;d=mm","url":"\/\/www.gravatar.com\/avatar\/964d308c93aaf0c33319e9a3bc3b8ac5?s=96&#038;r=g&#038;d=mm","contentUrl":"\/\/www.gravatar.com\/avatar\/964d308c93aaf0c33319e9a3bc3b8ac5?s=96&#038;r=g&#038;d=mm","caption":"resumopolitico"},"sameAs":["http:\/\/resumopolitico.com.br"],"url":"https:\/\/resumopolitico.com.br\/?bp_members=1&bp_member=resumopoliticoprofile\/home\/"}]}},"_links":{"self":[{"href":"https:\/\/resumopolitico.com.br\/index.php?rest_route=\/wp\/v2\/posts\/36341","targetHints":{"allow":["GET"]}}],"collection":[{"href":"https:\/\/resumopolitico.com.br\/index.php?rest_route=\/wp\/v2\/posts"}],"about":[{"href":"https:\/\/resumopolitico.com.br\/index.php?rest_route=\/wp\/v2\/types\/post"}],"author":[{"embeddable":true,"href":"https:\/\/resumopolitico.com.br\/index.php?rest_route=\/wp\/v2\/users\/1"}],"replies":[{"embeddable":true,"href":"https:\/\/resumopolitico.com.br\/index.php?rest_route=%2Fwp%2Fv2%2Fcomments&post=36341"}],"version-history":[{"count":2,"href":"https:\/\/resumopolitico.com.br\/index.php?rest_route=\/wp\/v2\/posts\/36341\/revisions"}],"predecessor-version":[{"id":36344,"href":"https:\/\/resumopolitico.com.br\/index.php?rest_route=\/wp\/v2\/posts\/36341\/revisions\/36344"}],"wp:featuredmedia":[{"embeddable":true,"href":"https:\/\/resumopolitico.com.br\/index.php?rest_route=\/wp\/v2\/media\/36342"}],"wp:attachment":[{"href":"https:\/\/resumopolitico.com.br\/index.php?rest_route=%2Fwp%2Fv2%2Fmedia&parent=36341"}],"wp:term":[{"taxonomy":"category","embeddable":true,"href":"https:\/\/resumopolitico.com.br\/index.php?rest_route=%2Fwp%2Fv2%2Fcategories&post=36341"},{"taxonomy":"post_tag","embeddable":true,"href":"https:\/\/resumopolitico.com.br\/index.php?rest_route=%2Fwp%2Fv2%2Ftags&post=36341"}],"curies":[{"name":"wp","href":"https:\/\/api.w.org\/{rel}","templated":true}]}}