{"id":36346,"date":"2026-04-27T17:24:15","date_gmt":"2026-04-27T20:24:15","guid":{"rendered":"https:\/\/resumopolitico.com.br\/?p=36346"},"modified":"2026-04-27T17:24:50","modified_gmt":"2026-04-27T20:24:50","slug":"36346","status":"publish","type":"post","link":"https:\/\/resumopolitico.com.br\/?p=36346","title":{"rendered":"Sa\u00fade destaca import\u00e2ncia da vacina contra influenza durante Semana Mundial de Imuniza\u00e7\u00e3o"},"content":{"rendered":"<p>Macei\u00f3 imunizou 23,33% do p\u00fablico priorit\u00e1rio desde o in\u00edcio da campanha em mar\u00e7o<\/p>\n<p data-base-font=\"18\"><span data-base-font=\"18\">A Semana Mundial de Imuniza\u00e7\u00e3o, celebrada entre os dias 24 e 30 de abril, refor\u00e7a a import\u00e2ncia da vacina\u00e7\u00e3o como estrat\u00e9gia fundamental de sa\u00fade p\u00fablica. Em Macei\u00f3, a Secretaria Municipal de Sa\u00fade (SMS) mant\u00e9m a\u00e7\u00f5es cont\u00ednuas para aumentar a cobertura vacinal e proteger o maior n\u00famero poss\u00edvel de pessoas.<\/span><\/p>\n<p class=\"text-justify\" data-base-font=\"18\"><span data-base-font=\"18\">Reconhecida como uma das formas mais eficazes de preven\u00e7\u00e3o, a vacina\u00e7\u00e3o \u00e9 essencial no combate a diversas doen\u00e7as, contribuindo para reduzir a circula\u00e7\u00e3o de v\u00edrus e bact\u00e9rias e, consequentemente, os riscos \u00e0 popula\u00e7\u00e3o.<\/span><\/p>\n<p class=\"text-justify\" data-base-font=\"18\"><span data-base-font=\"18\">Atualmente, o munic\u00edpio de Macei\u00f3 est\u00e1 engajado na Campanha Nacional de Vacina\u00e7\u00e3o contra a Influenza a fim de assegurar prote\u00e7\u00e3o \u00e0 popula\u00e7\u00e3o. A SMS tamb\u00e9m destaca a necessidade da atualiza\u00e7\u00e3o das demais vacinas do calend\u00e1rio, priorizando os p\u00fablicos mais vulner\u00e1veis.<\/span><\/p>\n<p class=\"text-justify\" data-base-font=\"18\"><span data-base-font=\"18\">De acordo com a coordenadora de Imuniza\u00e7\u00e3o de Macei\u00f3, Eunice Amorim, a estrat\u00e9gia contra a influenza inclui a amplia\u00e7\u00e3o dos pontos de vacina\u00e7\u00e3o. \u201cEstamos em meio \u00e0 campanha contra a Influenza e intensificamos a imuniza\u00e7\u00e3o dos grupos priorit\u00e1rios em locais estrat\u00e9gicos, como shoppings, o Centro de Atendimento ao Turista, unidades de sa\u00fade e tamb\u00e9m nas escolas. Essa mobiliza\u00e7\u00e3o \u00e9 fundamental, especialmente neste per\u00edodo de aumento das s\u00edndromes gripais\u201d, destacou.<\/span><\/p>\n<p class=\"text-justify\" data-base-font=\"18\"><span data-base-font=\"18\">Desde o in\u00edcio da campanha, em 28 de mar\u00e7o, Macei\u00f3 imunizou 23,33% do p\u00fablico priorit\u00e1rio. A cobertura vacinal no Brasil alcan\u00e7a 23,86%, enquanto o estado de Alagoas registra 25,79%.<\/span><\/p>\n<p class=\"text-justify\" data-base-font=\"18\"><span data-base-font=\"18\"><strong data-base-font=\"18\">P\u00fablico alvo<\/strong><\/span><\/p>\n<p class=\"text-justify\" data-base-font=\"18\"><span data-base-font=\"18\"><strong data-base-font=\"18\">Crian\u00e7as de 6 meses at\u00e9 5 anos, 11 meses e 29 dias:\u00a0<\/strong>necess\u00e1rio apresentar caderneta de vacina\u00e7\u00e3o para avalia\u00e7\u00e3o do esquema vacinal.<\/span><\/p>\n<p class=\"text-justify\" data-base-font=\"18\"><span data-base-font=\"18\"><strong data-base-font=\"18\">Pessoas com 60 anos ou mais de idade<\/strong>: necess\u00e1rio apresentar documento que comprove a idade.<\/span><\/p>\n<p class=\"text-justify\" data-base-font=\"18\"><span data-base-font=\"18\"><strong data-base-font=\"18\">Gestantes\u00a0<\/strong>(em qualquer idade gestacional): autodeclarada verbalizada o seu estado de gravidez.<\/span><\/p>\n<p class=\"text-justify\" data-base-font=\"18\"><span data-base-font=\"18\"><strong data-base-font=\"18\">Pu\u00e9rperas (at\u00e9 45 dias ap\u00f3s o parto)<\/strong>: necess\u00e1rio apresentar a Certid\u00e3o de Nascimento\u00a0<strong data-base-font=\"18\">ou<\/strong>\u00a0Cart\u00e3o da Gestante\u00a0<strong data-base-font=\"18\">ou<\/strong>\u00a0Documento do hospital onde ocorreu o parto.<\/span><\/p>\n<p class=\"text-justify\" data-base-font=\"18\"><span data-base-font=\"18\"><strong data-base-font=\"18\">Trabalhadores de sa\u00fade:<\/strong>\u00a0necess\u00e1rio apresentar a Carteira do Conselho de Classe\u00a0<strong data-base-font=\"18\">ou\u00a0<\/strong>crach\u00e1\u00a0<strong data-base-font=\"18\">ou<\/strong>\u00a0contracheque\u00a0<strong data-base-font=\"18\">ou<\/strong>\u00a0declara\u00e7\u00e3o do estabelecimento de sa\u00fade carimbada e assinada.<\/span><\/p>\n<p class=\"text-justify\" data-base-font=\"18\"><span data-base-font=\"18\"><strong data-base-font=\"18\">Pessoas com doen\u00e7as cr\u00f4nicas n\u00e3o transmiss\u00edveis e outras condi\u00e7\u00f5es cl\u00ednicas especiais:\u00a0<\/strong>necess\u00e1rio apresentar relat\u00f3rio m\u00e9dico\u00a0<strong data-base-font=\"18\">ou<\/strong>\u00a0prescri\u00e7\u00e3o m\u00e9dica com justificativa\u00a0<strong data-base-font=\"18\">ou<\/strong>\u00a0exame diagn\u00f3stico\u00a0<strong data-base-font=\"18\">ou<\/strong>\u00a0receita medicamentosa a depender do caso (medicamento espec\u00edfico para a doen\u00e7a)<\/span><\/p>\n<p class=\"text-justify\" data-base-font=\"18\"><span data-base-font=\"18\"><strong data-base-font=\"18\">Cadastro de idosos acamados<\/strong><\/span><\/p>\n<p class=\"text-justify\" data-base-font=\"18\"><span data-base-font=\"18\">Para cadastro de vacina\u00e7\u00e3o de idosos acamados, os respons\u00e1veis podem entrar em contato para que a equipe fa\u00e7a a vacina\u00e7\u00e3o na resid\u00eancia.<\/span><\/p>\n<p class=\"text-justify\" data-base-font=\"18\"><span data-base-font=\"18\">\u00a0Hor\u00e1rio de atendimento: segunda a sexta-feira, das 8h \u00e0s 17h;<\/span><\/p>\n<p class=\"text-justify\" data-base-font=\"18\"><span data-base-font=\"18\">\u00a0E-mail:\u00a0<a href=\"mailto:idososacamados@sms.maceio.al.gov.br\" data-base-font=\"18\">idososacamados@sms.maceio.al.gov.br<\/a><\/span><\/p>\n<p class=\"text-justify\" data-base-font=\"18\"><span data-base-font=\"18\"><strong data-base-font=\"18\">Confira nos links:<\/strong><\/span><\/p>\n<p class=\"text-justify\" data-base-font=\"18\"><a href=\"https:\/\/cdnpm.dhost.cloud\/imagens\/Publico-alvo-completo-e-documentacao-para-comprovacao-1_2026-04-27-181641_aryr.pdf\" target=\"_blank\" rel=\"noopener noreferrer\" data-base-font=\"18\"><span data-base-font=\"18\">P\u00fablico priorit\u00e1rio completo<\/span><\/a><\/p>\n<p class=\"text-justify\" data-base-font=\"18\"><a href=\"https:\/\/cdnpm.dhost.cloud\/imagens\/Grupos-Especiais-Comorbidade-Influenza-2026-1_2026-04-27-181751_fsol.pdf\" target=\"_blank\" rel=\"noopener noreferrer\" data-base-font=\"18\"><span data-base-font=\"18\">Documenta\u00e7\u00e3o necess\u00e1ria para comprovar comorbidade<\/span><\/a><\/p>\n<p class=\"text-justify\" data-base-font=\"18\"><a href=\"https:\/\/cdnpm.dhost.cloud\/imagens\/Corujao-da-Saude-vacinacao.pdf\" target=\"_blank\" rel=\"noopener noreferrer\" data-base-font=\"18\"><span data-base-font=\"18\">Unidades com atendimento ampliado<\/span><\/a><\/p>\n","protected":false},"excerpt":{"rendered":"<p>Macei\u00f3 imunizou 23,33% do p\u00fablico priorit\u00e1rio desde o in\u00edcio da campanha em mar\u00e7o A Semana Mundial de Imuniza\u00e7\u00e3o, celebrada entre os dias 24 e 30 de abril, refor\u00e7a a import\u00e2ncia da vacina\u00e7\u00e3o como estrat\u00e9gia fundamental de sa\u00fade p\u00fablica. Em Macei\u00f3, a Secretaria Municipal de Sa\u00fade (SMS) mant\u00e9m a\u00e7\u00f5es cont\u00ednuas para aumentar a cobertura vacinal e [&hellip;]<\/p>\n","protected":false},"author":1,"featured_media":36347,"comment_status":"open","ping_status":"open","sticky":false,"template":"","format":"standard","meta":{"_monsterinsights_skip_tracking":false,"_monsterinsights_sitenote_active":false,"_monsterinsights_sitenote_note":"","_monsterinsights_sitenote_category":0,"footnotes":""},"categories":[66,104],"tags":[],"class_list":["post-36346","post","type-post","status-publish","format-standard","has-post-thumbnail","hentry","category-alagoas","category-destaque"],"yoast_head":"<!-- This site is optimized with the Yoast SEO plugin v27.5 - https:\/\/yoast.com\/product\/yoast-seo-wordpress\/ -->\n<title>Sa\u00fade destaca import\u00e2ncia da vacina contra influenza durante Semana Mundial de Imuniza\u00e7\u00e3o - Resumo Pol\u00edtico<\/title>\n<meta name=\"robots\" content=\"index, follow, max-snippet:-1, max-image-preview:large, max-video-preview:-1\" \/>\n<link rel=\"canonical\" href=\"https:\/\/resumopolitico.com.br\/?p=36346\" \/>\n<meta property=\"og:locale\" content=\"pt_BR\" \/>\n<meta property=\"og:type\" content=\"article\" \/>\n<meta property=\"og:title\" content=\"Sa\u00fade destaca import\u00e2ncia da vacina contra influenza durante Semana Mundial de Imuniza\u00e7\u00e3o - Resumo Pol\u00edtico\" \/>\n<meta property=\"og:description\" content=\"Macei\u00f3 imunizou 23,33% do p\u00fablico priorit\u00e1rio desde o in\u00edcio da campanha em mar\u00e7o A Semana Mundial de Imuniza\u00e7\u00e3o, celebrada entre os dias 24 e 30 de abril, refor\u00e7a a import\u00e2ncia da vacina\u00e7\u00e3o como estrat\u00e9gia fundamental de sa\u00fade p\u00fablica. Em Macei\u00f3, a Secretaria Municipal de Sa\u00fade (SMS) mant\u00e9m a\u00e7\u00f5es cont\u00ednuas para aumentar a cobertura vacinal e [&hellip;]\" \/>\n<meta property=\"og:url\" content=\"https:\/\/resumopolitico.com.br\/?p=36346\" \/>\n<meta property=\"og:site_name\" content=\"Resumo Pol\u00edtico\" \/>\n<meta property=\"article:published_time\" content=\"2026-04-27T20:24:15+00:00\" \/>\n<meta property=\"article:modified_time\" content=\"2026-04-27T20:24:50+00:00\" \/>\n<meta property=\"og:image\" content=\"https:\/\/resumopolitico.com.br\/wp-content\/uploads\/2026\/04\/xfxfxf_2026-04-27-181428_dzmc.jpeg\" \/>\n\t<meta property=\"og:image:width\" content=\"850\" \/>\n\t<meta property=\"og:image:height\" content=\"560\" \/>\n\t<meta property=\"og:image:type\" content=\"image\/jpeg\" \/>\n<meta name=\"author\" content=\"resumopolitico\" \/>\n<meta name=\"twitter:card\" content=\"summary_large_image\" \/>\n<meta name=\"twitter:label1\" content=\"Escrito por\" \/>\n\t<meta name=\"twitter:data1\" content=\"resumopolitico\" \/>\n\t<meta name=\"twitter:label2\" content=\"Est. tempo de leitura\" \/>\n\t<meta name=\"twitter:data2\" content=\"3 minutos\" \/>\n<script type=\"application\/ld+json\" class=\"yoast-schema-graph\">{\"@context\":\"https:\\\/\\\/schema.org\",\"@graph\":[{\"@type\":\"Article\",\"@id\":\"https:\\\/\\\/resumopolitico.com.br\\\/?p=36346#article\",\"isPartOf\":{\"@id\":\"https:\\\/\\\/resumopolitico.com.br\\\/?p=36346\"},\"author\":{\"name\":\"resumopolitico\",\"@id\":\"https:\\\/\\\/resumopolitico.com.br\\\/#\\\/schema\\\/person\\\/8e54285779750ca1eb5d54a40785d6f3\"},\"headline\":\"Sa\u00fade destaca import\u00e2ncia da vacina contra influenza durante Semana Mundial de Imuniza\u00e7\u00e3o\",\"datePublished\":\"2026-04-27T20:24:15+00:00\",\"dateModified\":\"2026-04-27T20:24:50+00:00\",\"mainEntityOfPage\":{\"@id\":\"https:\\\/\\\/resumopolitico.com.br\\\/?p=36346\"},\"wordCount\":512,\"commentCount\":0,\"image\":{\"@id\":\"https:\\\/\\\/resumopolitico.com.br\\\/?p=36346#primaryimage\"},\"thumbnailUrl\":\"https:\\\/\\\/resumopolitico.com.br\\\/wp-content\\\/uploads\\\/2026\\\/04\\\/xfxfxf_2026-04-27-181428_dzmc.jpeg\",\"articleSection\":[\"Alagoas\",\"Destaque\"],\"inLanguage\":\"pt-BR\",\"potentialAction\":[{\"@type\":\"CommentAction\",\"name\":\"Comment\",\"target\":[\"https:\\\/\\\/resumopolitico.com.br\\\/?p=36346#respond\"]}]},{\"@type\":\"WebPage\",\"@id\":\"https:\\\/\\\/resumopolitico.com.br\\\/?p=36346\",\"url\":\"https:\\\/\\\/resumopolitico.com.br\\\/?p=36346\",\"name\":\"Sa\u00fade destaca import\u00e2ncia da vacina contra influenza durante Semana Mundial de Imuniza\u00e7\u00e3o - Resumo Pol\u00edtico\",\"isPartOf\":{\"@id\":\"https:\\\/\\\/resumopolitico.com.br\\\/#website\"},\"primaryImageOfPage\":{\"@id\":\"https:\\\/\\\/resumopolitico.com.br\\\/?p=36346#primaryimage\"},\"image\":{\"@id\":\"https:\\\/\\\/resumopolitico.com.br\\\/?p=36346#primaryimage\"},\"thumbnailUrl\":\"https:\\\/\\\/resumopolitico.com.br\\\/wp-content\\\/uploads\\\/2026\\\/04\\\/xfxfxf_2026-04-27-181428_dzmc.jpeg\",\"datePublished\":\"2026-04-27T20:24:15+00:00\",\"dateModified\":\"2026-04-27T20:24:50+00:00\",\"author\":{\"@id\":\"https:\\\/\\\/resumopolitico.com.br\\\/#\\\/schema\\\/person\\\/8e54285779750ca1eb5d54a40785d6f3\"},\"breadcrumb\":{\"@id\":\"https:\\\/\\\/resumopolitico.com.br\\\/?p=36346#breadcrumb\"},\"inLanguage\":\"pt-BR\",\"potentialAction\":[{\"@type\":\"ReadAction\",\"target\":[\"https:\\\/\\\/resumopolitico.com.br\\\/?p=36346\"]}]},{\"@type\":\"ImageObject\",\"inLanguage\":\"pt-BR\",\"@id\":\"https:\\\/\\\/resumopolitico.com.br\\\/?p=36346#primaryimage\",\"url\":\"https:\\\/\\\/resumopolitico.com.br\\\/wp-content\\\/uploads\\\/2026\\\/04\\\/xfxfxf_2026-04-27-181428_dzmc.jpeg\",\"contentUrl\":\"https:\\\/\\\/resumopolitico.com.br\\\/wp-content\\\/uploads\\\/2026\\\/04\\\/xfxfxf_2026-04-27-181428_dzmc.jpeg\",\"width\":850,\"height\":560},{\"@type\":\"BreadcrumbList\",\"@id\":\"https:\\\/\\\/resumopolitico.com.br\\\/?p=36346#breadcrumb\",\"itemListElement\":[{\"@type\":\"ListItem\",\"position\":1,\"name\":\"In\u00edcio\",\"item\":\"https:\\\/\\\/resumopolitico.com.br\\\/\"},{\"@type\":\"ListItem\",\"position\":2,\"name\":\"Sa\u00fade destaca import\u00e2ncia da vacina contra influenza durante Semana Mundial de Imuniza\u00e7\u00e3o\"}]},{\"@type\":\"WebSite\",\"@id\":\"https:\\\/\\\/resumopolitico.com.br\\\/#website\",\"url\":\"https:\\\/\\\/resumopolitico.com.br\\\/\",\"name\":\"Resumo Pol\u00edtico\",\"description\":\"Resumo Pol\u00edtico\",\"potentialAction\":[{\"@type\":\"SearchAction\",\"target\":{\"@type\":\"EntryPoint\",\"urlTemplate\":\"https:\\\/\\\/resumopolitico.com.br\\\/?s={search_term_string}\"},\"query-input\":{\"@type\":\"PropertyValueSpecification\",\"valueRequired\":true,\"valueName\":\"search_term_string\"}}],\"inLanguage\":\"pt-BR\"},{\"@type\":\"Person\",\"@id\":\"https:\\\/\\\/resumopolitico.com.br\\\/#\\\/schema\\\/person\\\/8e54285779750ca1eb5d54a40785d6f3\",\"name\":\"resumopolitico\",\"image\":{\"@type\":\"ImageObject\",\"inLanguage\":\"pt-BR\",\"@id\":\"\\\/\\\/www.gravatar.com\\\/avatar\\\/964d308c93aaf0c33319e9a3bc3b8ac5?s=96&#038;r=g&#038;d=mm\",\"url\":\"\\\/\\\/www.gravatar.com\\\/avatar\\\/964d308c93aaf0c33319e9a3bc3b8ac5?s=96&#038;r=g&#038;d=mm\",\"contentUrl\":\"\\\/\\\/www.gravatar.com\\\/avatar\\\/964d308c93aaf0c33319e9a3bc3b8ac5?s=96&#038;r=g&#038;d=mm\",\"caption\":\"resumopolitico\"},\"sameAs\":[\"http:\\\/\\\/resumopolitico.com.br\"],\"url\":\"https:\\\/\\\/resumopolitico.com.br\\\/?bp_members=1&bp_member=resumopoliticoprofile\\\/home\\\/\"}]}<\/script>\n<!-- \/ Yoast SEO plugin. -->","yoast_head_json":{"title":"Sa\u00fade destaca import\u00e2ncia da vacina contra influenza durante Semana Mundial de Imuniza\u00e7\u00e3o - Resumo Pol\u00edtico","robots":{"index":"index","follow":"follow","max-snippet":"max-snippet:-1","max-image-preview":"max-image-preview:large","max-video-preview":"max-video-preview:-1"},"canonical":"https:\/\/resumopolitico.com.br\/?p=36346","og_locale":"pt_BR","og_type":"article","og_title":"Sa\u00fade destaca import\u00e2ncia da vacina contra influenza durante Semana Mundial de Imuniza\u00e7\u00e3o - Resumo Pol\u00edtico","og_description":"Macei\u00f3 imunizou 23,33% do p\u00fablico priorit\u00e1rio desde o in\u00edcio da campanha em mar\u00e7o A Semana Mundial de Imuniza\u00e7\u00e3o, celebrada entre os dias 24 e 30 de abril, refor\u00e7a a import\u00e2ncia da vacina\u00e7\u00e3o como estrat\u00e9gia fundamental de sa\u00fade p\u00fablica. Em Macei\u00f3, a Secretaria Municipal de Sa\u00fade (SMS) mant\u00e9m a\u00e7\u00f5es cont\u00ednuas para aumentar a cobertura vacinal e [&hellip;]","og_url":"https:\/\/resumopolitico.com.br\/?p=36346","og_site_name":"Resumo Pol\u00edtico","article_published_time":"2026-04-27T20:24:15+00:00","article_modified_time":"2026-04-27T20:24:50+00:00","og_image":[{"width":850,"height":560,"url":"https:\/\/resumopolitico.com.br\/wp-content\/uploads\/2026\/04\/xfxfxf_2026-04-27-181428_dzmc.jpeg","type":"image\/jpeg"}],"author":"resumopolitico","twitter_card":"summary_large_image","twitter_misc":{"Escrito por":"resumopolitico","Est. tempo de leitura":"3 minutos"},"schema":{"@context":"https:\/\/schema.org","@graph":[{"@type":"Article","@id":"https:\/\/resumopolitico.com.br\/?p=36346#article","isPartOf":{"@id":"https:\/\/resumopolitico.com.br\/?p=36346"},"author":{"name":"resumopolitico","@id":"https:\/\/resumopolitico.com.br\/#\/schema\/person\/8e54285779750ca1eb5d54a40785d6f3"},"headline":"Sa\u00fade destaca import\u00e2ncia da vacina contra influenza durante Semana Mundial de Imuniza\u00e7\u00e3o","datePublished":"2026-04-27T20:24:15+00:00","dateModified":"2026-04-27T20:24:50+00:00","mainEntityOfPage":{"@id":"https:\/\/resumopolitico.com.br\/?p=36346"},"wordCount":512,"commentCount":0,"image":{"@id":"https:\/\/resumopolitico.com.br\/?p=36346#primaryimage"},"thumbnailUrl":"https:\/\/resumopolitico.com.br\/wp-content\/uploads\/2026\/04\/xfxfxf_2026-04-27-181428_dzmc.jpeg","articleSection":["Alagoas","Destaque"],"inLanguage":"pt-BR","potentialAction":[{"@type":"CommentAction","name":"Comment","target":["https:\/\/resumopolitico.com.br\/?p=36346#respond"]}]},{"@type":"WebPage","@id":"https:\/\/resumopolitico.com.br\/?p=36346","url":"https:\/\/resumopolitico.com.br\/?p=36346","name":"Sa\u00fade destaca import\u00e2ncia da vacina contra influenza durante Semana Mundial de Imuniza\u00e7\u00e3o - Resumo Pol\u00edtico","isPartOf":{"@id":"https:\/\/resumopolitico.com.br\/#website"},"primaryImageOfPage":{"@id":"https:\/\/resumopolitico.com.br\/?p=36346#primaryimage"},"image":{"@id":"https:\/\/resumopolitico.com.br\/?p=36346#primaryimage"},"thumbnailUrl":"https:\/\/resumopolitico.com.br\/wp-content\/uploads\/2026\/04\/xfxfxf_2026-04-27-181428_dzmc.jpeg","datePublished":"2026-04-27T20:24:15+00:00","dateModified":"2026-04-27T20:24:50+00:00","author":{"@id":"https:\/\/resumopolitico.com.br\/#\/schema\/person\/8e54285779750ca1eb5d54a40785d6f3"},"breadcrumb":{"@id":"https:\/\/resumopolitico.com.br\/?p=36346#breadcrumb"},"inLanguage":"pt-BR","potentialAction":[{"@type":"ReadAction","target":["https:\/\/resumopolitico.com.br\/?p=36346"]}]},{"@type":"ImageObject","inLanguage":"pt-BR","@id":"https:\/\/resumopolitico.com.br\/?p=36346#primaryimage","url":"https:\/\/resumopolitico.com.br\/wp-content\/uploads\/2026\/04\/xfxfxf_2026-04-27-181428_dzmc.jpeg","contentUrl":"https:\/\/resumopolitico.com.br\/wp-content\/uploads\/2026\/04\/xfxfxf_2026-04-27-181428_dzmc.jpeg","width":850,"height":560},{"@type":"BreadcrumbList","@id":"https:\/\/resumopolitico.com.br\/?p=36346#breadcrumb","itemListElement":[{"@type":"ListItem","position":1,"name":"In\u00edcio","item":"https:\/\/resumopolitico.com.br\/"},{"@type":"ListItem","position":2,"name":"Sa\u00fade destaca import\u00e2ncia da vacina contra influenza durante Semana Mundial de Imuniza\u00e7\u00e3o"}]},{"@type":"WebSite","@id":"https:\/\/resumopolitico.com.br\/#website","url":"https:\/\/resumopolitico.com.br\/","name":"Resumo Pol\u00edtico","description":"Resumo Pol\u00edtico","potentialAction":[{"@type":"SearchAction","target":{"@type":"EntryPoint","urlTemplate":"https:\/\/resumopolitico.com.br\/?s={search_term_string}"},"query-input":{"@type":"PropertyValueSpecification","valueRequired":true,"valueName":"search_term_string"}}],"inLanguage":"pt-BR"},{"@type":"Person","@id":"https:\/\/resumopolitico.com.br\/#\/schema\/person\/8e54285779750ca1eb5d54a40785d6f3","name":"resumopolitico","image":{"@type":"ImageObject","inLanguage":"pt-BR","@id":"\/\/www.gravatar.com\/avatar\/964d308c93aaf0c33319e9a3bc3b8ac5?s=96&#038;r=g&#038;d=mm","url":"\/\/www.gravatar.com\/avatar\/964d308c93aaf0c33319e9a3bc3b8ac5?s=96&#038;r=g&#038;d=mm","contentUrl":"\/\/www.gravatar.com\/avatar\/964d308c93aaf0c33319e9a3bc3b8ac5?s=96&#038;r=g&#038;d=mm","caption":"resumopolitico"},"sameAs":["http:\/\/resumopolitico.com.br"],"url":"https:\/\/resumopolitico.com.br\/?bp_members=1&bp_member=resumopoliticoprofile\/home\/"}]}},"_links":{"self":[{"href":"https:\/\/resumopolitico.com.br\/index.php?rest_route=\/wp\/v2\/posts\/36346","targetHints":{"allow":["GET"]}}],"collection":[{"href":"https:\/\/resumopolitico.com.br\/index.php?rest_route=\/wp\/v2\/posts"}],"about":[{"href":"https:\/\/resumopolitico.com.br\/index.php?rest_route=\/wp\/v2\/types\/post"}],"author":[{"embeddable":true,"href":"https:\/\/resumopolitico.com.br\/index.php?rest_route=\/wp\/v2\/users\/1"}],"replies":[{"embeddable":true,"href":"https:\/\/resumopolitico.com.br\/index.php?rest_route=%2Fwp%2Fv2%2Fcomments&post=36346"}],"version-history":[{"count":2,"href":"https:\/\/resumopolitico.com.br\/index.php?rest_route=\/wp\/v2\/posts\/36346\/revisions"}],"predecessor-version":[{"id":36349,"href":"https:\/\/resumopolitico.com.br\/index.php?rest_route=\/wp\/v2\/posts\/36346\/revisions\/36349"}],"wp:featuredmedia":[{"embeddable":true,"href":"https:\/\/resumopolitico.com.br\/index.php?rest_route=\/wp\/v2\/media\/36347"}],"wp:attachment":[{"href":"https:\/\/resumopolitico.com.br\/index.php?rest_route=%2Fwp%2Fv2%2Fmedia&parent=36346"}],"wp:term":[{"taxonomy":"category","embeddable":true,"href":"https:\/\/resumopolitico.com.br\/index.php?rest_route=%2Fwp%2Fv2%2Fcategories&post=36346"},{"taxonomy":"post_tag","embeddable":true,"href":"https:\/\/resumopolitico.com.br\/index.php?rest_route=%2Fwp%2Fv2%2Ftags&post=36346"}],"curies":[{"name":"wp","href":"https:\/\/api.w.org\/{rel}","templated":true}]}}