{"id":36358,"date":"2026-04-27T18:06:42","date_gmt":"2026-04-27T21:06:42","guid":{"rendered":"https:\/\/resumopolitico.com.br\/?p=36358"},"modified":"2026-04-27T18:07:27","modified_gmt":"2026-04-27T21:07:27","slug":"36358","status":"publish","type":"post","link":"https:\/\/resumopolitico.com.br\/?p=36358","title":{"rendered":"Litoral e Zona da Mata em Estado de Aten\u00e7\u00e3o para chuvas nas pr\u00f3ximas 24 horas"},"content":{"rendered":"<p class=\"text-black font-18 mt-0 pt-0\">Tempo deve ficar mais inst\u00e1vel e trazer bastante chuva a partir desta segunda-feira<\/p>\n<p>A Secretaria de Estado do Meio Ambiente e dos Recursos H\u00eddricos (Semarh) emitiu, nesta segunda-feira (27), um aviso de Estado de Aten\u00e7\u00e3o para as regi\u00f5es do Litoral, incluindo a Regi\u00e3o Metropolitana de Macei\u00f3, e a Zona da Mata.\u00a0O monitoramento meteorol\u00f3gico indica a possibilidade de pancadas de chuva que podem gerar acumulados significativos em pontos isolados at\u00e9 a ter\u00e7a-feira (28).<\/p>\n<p>A instabilidade \u00e9 provocada pela atua\u00e7\u00e3o de cavados nos baixos n\u00edveis da atmosfera, que s\u00e3o \u00e1reas alongadas de baixa press\u00e3o que favorecem a forma\u00e7\u00e3o de nuvens.<\/p>\n<p>A principal preocupa\u00e7\u00e3o t\u00e9cnica reside na ocorr\u00eancia de chuvas de intensidade moderada e persistente. Esse cen\u00e1rio pode causar a eleva\u00e7\u00e3o do n\u00edvel de pequenos c\u00f3rregos e riachos, al\u00e9m de provocar alagamentos em \u00e1reas urbanas que possuem defici\u00eancia no sistema de escoamento de \u00e1gua. Caso as precipita\u00e7\u00f5es continuem sem interrup\u00e7\u00f5es, o risco para deslizamentos de terra em \u00e1reas de encosta aumenta consideravelmente.<\/p>\n<p>At\u00e9 o presente momento, a Semarh informa que n\u00e3o h\u00e1 risco de eleva\u00e7\u00e3o dos principais rios e lagoas do estado, que seguem sob acompanhamento cont\u00ednuo. A equipe t\u00e9cnica permanece monitorando as condi\u00e7\u00f5es atmosf\u00e9ricas e ressalta que novas atualiza\u00e7\u00f5es podem ser enviadas a qualquer momento. Se houver um aumento nos volumes de chuva previstos pelos modelos num\u00e9ricos, a secretaria poder\u00e1 elevar o n\u00edvel do aviso para um alerta meteorol\u00f3gico.<\/p>\n","protected":false},"excerpt":{"rendered":"<p>Tempo deve ficar mais inst\u00e1vel e trazer bastante chuva a partir desta segunda-feira A Secretaria de Estado do Meio Ambiente e dos Recursos H\u00eddricos (Semarh) emitiu, nesta segunda-feira (27), um aviso de Estado de Aten\u00e7\u00e3o para as regi\u00f5es do Litoral, incluindo a Regi\u00e3o Metropolitana de Macei\u00f3, e a Zona da Mata.\u00a0O monitoramento meteorol\u00f3gico indica a [&hellip;]<\/p>\n","protected":false},"author":1,"featured_media":36359,"comment_status":"open","ping_status":"open","sticky":false,"template":"","format":"standard","meta":{"_monsterinsights_skip_tracking":false,"_monsterinsights_sitenote_active":false,"_monsterinsights_sitenote_note":"","_monsterinsights_sitenote_category":0,"footnotes":""},"categories":[66,104],"tags":[],"class_list":["post-36358","post","type-post","status-publish","format-standard","has-post-thumbnail","hentry","category-alagoas","category-destaque"],"yoast_head":"<!-- This site is optimized with the Yoast SEO plugin v27.5 - https:\/\/yoast.com\/product\/yoast-seo-wordpress\/ -->\n<title>Litoral e Zona da Mata em Estado de Aten\u00e7\u00e3o para chuvas nas pr\u00f3ximas 24 horas - Resumo Pol\u00edtico<\/title>\n<meta name=\"robots\" content=\"index, follow, max-snippet:-1, max-image-preview:large, max-video-preview:-1\" \/>\n<link rel=\"canonical\" href=\"https:\/\/resumopolitico.com.br\/?p=36358\" \/>\n<meta property=\"og:locale\" content=\"pt_BR\" \/>\n<meta property=\"og:type\" content=\"article\" \/>\n<meta property=\"og:title\" content=\"Litoral e Zona da Mata em Estado de Aten\u00e7\u00e3o para chuvas nas pr\u00f3ximas 24 horas - Resumo Pol\u00edtico\" \/>\n<meta property=\"og:description\" content=\"Tempo deve ficar mais inst\u00e1vel e trazer bastante chuva a partir desta segunda-feira A Secretaria de Estado do Meio Ambiente e dos Recursos H\u00eddricos (Semarh) emitiu, nesta segunda-feira (27), um aviso de Estado de Aten\u00e7\u00e3o para as regi\u00f5es do Litoral, incluindo a Regi\u00e3o Metropolitana de Macei\u00f3, e a Zona da Mata.\u00a0O monitoramento meteorol\u00f3gico indica a [&hellip;]\" \/>\n<meta property=\"og:url\" content=\"https:\/\/resumopolitico.com.br\/?p=36358\" \/>\n<meta property=\"og:site_name\" content=\"Resumo Pol\u00edtico\" \/>\n<meta property=\"article:published_time\" content=\"2026-04-27T21:06:42+00:00\" \/>\n<meta property=\"article:modified_time\" content=\"2026-04-27T21:07:27+00:00\" \/>\n<meta property=\"og:image\" content=\"https:\/\/resumopolitico.com.br\/wp-content\/uploads\/2026\/04\/litoral-e-zona-da-mata-em-estado-de-atencao-para-chuvas-nas-proximas-24-horas-scaled.jpeg\" \/>\n\t<meta property=\"og:image:width\" content=\"2560\" \/>\n\t<meta property=\"og:image:height\" content=\"1584\" \/>\n\t<meta property=\"og:image:type\" content=\"image\/jpeg\" \/>\n<meta name=\"author\" content=\"resumopolitico\" \/>\n<meta name=\"twitter:card\" content=\"summary_large_image\" \/>\n<meta name=\"twitter:label1\" content=\"Escrito por\" \/>\n\t<meta name=\"twitter:data1\" content=\"resumopolitico\" \/>\n\t<meta name=\"twitter:label2\" content=\"Est. tempo de leitura\" \/>\n\t<meta name=\"twitter:data2\" content=\"2 minutos\" \/>\n<script type=\"application\/ld+json\" class=\"yoast-schema-graph\">{\"@context\":\"https:\\\/\\\/schema.org\",\"@graph\":[{\"@type\":\"Article\",\"@id\":\"https:\\\/\\\/resumopolitico.com.br\\\/?p=36358#article\",\"isPartOf\":{\"@id\":\"https:\\\/\\\/resumopolitico.com.br\\\/?p=36358\"},\"author\":{\"name\":\"resumopolitico\",\"@id\":\"https:\\\/\\\/resumopolitico.com.br\\\/#\\\/schema\\\/person\\\/8e54285779750ca1eb5d54a40785d6f3\"},\"headline\":\"Litoral e Zona da Mata em Estado de Aten\u00e7\u00e3o para chuvas nas pr\u00f3ximas 24 horas\",\"datePublished\":\"2026-04-27T21:06:42+00:00\",\"dateModified\":\"2026-04-27T21:07:27+00:00\",\"mainEntityOfPage\":{\"@id\":\"https:\\\/\\\/resumopolitico.com.br\\\/?p=36358\"},\"wordCount\":274,\"commentCount\":0,\"image\":{\"@id\":\"https:\\\/\\\/resumopolitico.com.br\\\/?p=36358#primaryimage\"},\"thumbnailUrl\":\"https:\\\/\\\/resumopolitico.com.br\\\/wp-content\\\/uploads\\\/2026\\\/04\\\/litoral-e-zona-da-mata-em-estado-de-atencao-para-chuvas-nas-proximas-24-horas-scaled.jpeg\",\"articleSection\":[\"Alagoas\",\"Destaque\"],\"inLanguage\":\"pt-BR\",\"potentialAction\":[{\"@type\":\"CommentAction\",\"name\":\"Comment\",\"target\":[\"https:\\\/\\\/resumopolitico.com.br\\\/?p=36358#respond\"]}]},{\"@type\":\"WebPage\",\"@id\":\"https:\\\/\\\/resumopolitico.com.br\\\/?p=36358\",\"url\":\"https:\\\/\\\/resumopolitico.com.br\\\/?p=36358\",\"name\":\"Litoral e Zona da Mata em Estado de Aten\u00e7\u00e3o para chuvas nas pr\u00f3ximas 24 horas - Resumo Pol\u00edtico\",\"isPartOf\":{\"@id\":\"https:\\\/\\\/resumopolitico.com.br\\\/#website\"},\"primaryImageOfPage\":{\"@id\":\"https:\\\/\\\/resumopolitico.com.br\\\/?p=36358#primaryimage\"},\"image\":{\"@id\":\"https:\\\/\\\/resumopolitico.com.br\\\/?p=36358#primaryimage\"},\"thumbnailUrl\":\"https:\\\/\\\/resumopolitico.com.br\\\/wp-content\\\/uploads\\\/2026\\\/04\\\/litoral-e-zona-da-mata-em-estado-de-atencao-para-chuvas-nas-proximas-24-horas-scaled.jpeg\",\"datePublished\":\"2026-04-27T21:06:42+00:00\",\"dateModified\":\"2026-04-27T21:07:27+00:00\",\"author\":{\"@id\":\"https:\\\/\\\/resumopolitico.com.br\\\/#\\\/schema\\\/person\\\/8e54285779750ca1eb5d54a40785d6f3\"},\"breadcrumb\":{\"@id\":\"https:\\\/\\\/resumopolitico.com.br\\\/?p=36358#breadcrumb\"},\"inLanguage\":\"pt-BR\",\"potentialAction\":[{\"@type\":\"ReadAction\",\"target\":[\"https:\\\/\\\/resumopolitico.com.br\\\/?p=36358\"]}]},{\"@type\":\"ImageObject\",\"inLanguage\":\"pt-BR\",\"@id\":\"https:\\\/\\\/resumopolitico.com.br\\\/?p=36358#primaryimage\",\"url\":\"https:\\\/\\\/resumopolitico.com.br\\\/wp-content\\\/uploads\\\/2026\\\/04\\\/litoral-e-zona-da-mata-em-estado-de-atencao-para-chuvas-nas-proximas-24-horas-scaled.jpeg\",\"contentUrl\":\"https:\\\/\\\/resumopolitico.com.br\\\/wp-content\\\/uploads\\\/2026\\\/04\\\/litoral-e-zona-da-mata-em-estado-de-atencao-para-chuvas-nas-proximas-24-horas-scaled.jpeg\",\"width\":2560,\"height\":1584},{\"@type\":\"BreadcrumbList\",\"@id\":\"https:\\\/\\\/resumopolitico.com.br\\\/?p=36358#breadcrumb\",\"itemListElement\":[{\"@type\":\"ListItem\",\"position\":1,\"name\":\"In\u00edcio\",\"item\":\"https:\\\/\\\/resumopolitico.com.br\\\/\"},{\"@type\":\"ListItem\",\"position\":2,\"name\":\"Litoral e Zona da Mata em Estado de Aten\u00e7\u00e3o para chuvas nas pr\u00f3ximas 24 horas\"}]},{\"@type\":\"WebSite\",\"@id\":\"https:\\\/\\\/resumopolitico.com.br\\\/#website\",\"url\":\"https:\\\/\\\/resumopolitico.com.br\\\/\",\"name\":\"Resumo Pol\u00edtico\",\"description\":\"Resumo Pol\u00edtico\",\"potentialAction\":[{\"@type\":\"SearchAction\",\"target\":{\"@type\":\"EntryPoint\",\"urlTemplate\":\"https:\\\/\\\/resumopolitico.com.br\\\/?s={search_term_string}\"},\"query-input\":{\"@type\":\"PropertyValueSpecification\",\"valueRequired\":true,\"valueName\":\"search_term_string\"}}],\"inLanguage\":\"pt-BR\"},{\"@type\":\"Person\",\"@id\":\"https:\\\/\\\/resumopolitico.com.br\\\/#\\\/schema\\\/person\\\/8e54285779750ca1eb5d54a40785d6f3\",\"name\":\"resumopolitico\",\"image\":{\"@type\":\"ImageObject\",\"inLanguage\":\"pt-BR\",\"@id\":\"\\\/\\\/www.gravatar.com\\\/avatar\\\/964d308c93aaf0c33319e9a3bc3b8ac5?s=96&#038;r=g&#038;d=mm\",\"url\":\"\\\/\\\/www.gravatar.com\\\/avatar\\\/964d308c93aaf0c33319e9a3bc3b8ac5?s=96&#038;r=g&#038;d=mm\",\"contentUrl\":\"\\\/\\\/www.gravatar.com\\\/avatar\\\/964d308c93aaf0c33319e9a3bc3b8ac5?s=96&#038;r=g&#038;d=mm\",\"caption\":\"resumopolitico\"},\"sameAs\":[\"http:\\\/\\\/resumopolitico.com.br\"],\"url\":\"https:\\\/\\\/resumopolitico.com.br\\\/?bp_members=1&bp_member=resumopoliticoprofile\\\/home\\\/\"}]}<\/script>\n<!-- \/ Yoast SEO plugin. -->","yoast_head_json":{"title":"Litoral e Zona da Mata em Estado de Aten\u00e7\u00e3o para chuvas nas pr\u00f3ximas 24 horas - Resumo Pol\u00edtico","robots":{"index":"index","follow":"follow","max-snippet":"max-snippet:-1","max-image-preview":"max-image-preview:large","max-video-preview":"max-video-preview:-1"},"canonical":"https:\/\/resumopolitico.com.br\/?p=36358","og_locale":"pt_BR","og_type":"article","og_title":"Litoral e Zona da Mata em Estado de Aten\u00e7\u00e3o para chuvas nas pr\u00f3ximas 24 horas - Resumo Pol\u00edtico","og_description":"Tempo deve ficar mais inst\u00e1vel e trazer bastante chuva a partir desta segunda-feira A Secretaria de Estado do Meio Ambiente e dos Recursos H\u00eddricos (Semarh) emitiu, nesta segunda-feira (27), um aviso de Estado de Aten\u00e7\u00e3o para as regi\u00f5es do Litoral, incluindo a Regi\u00e3o Metropolitana de Macei\u00f3, e a Zona da Mata.\u00a0O monitoramento meteorol\u00f3gico indica a [&hellip;]","og_url":"https:\/\/resumopolitico.com.br\/?p=36358","og_site_name":"Resumo Pol\u00edtico","article_published_time":"2026-04-27T21:06:42+00:00","article_modified_time":"2026-04-27T21:07:27+00:00","og_image":[{"width":2560,"height":1584,"url":"https:\/\/resumopolitico.com.br\/wp-content\/uploads\/2026\/04\/litoral-e-zona-da-mata-em-estado-de-atencao-para-chuvas-nas-proximas-24-horas-scaled.jpeg","type":"image\/jpeg"}],"author":"resumopolitico","twitter_card":"summary_large_image","twitter_misc":{"Escrito por":"resumopolitico","Est. tempo de leitura":"2 minutos"},"schema":{"@context":"https:\/\/schema.org","@graph":[{"@type":"Article","@id":"https:\/\/resumopolitico.com.br\/?p=36358#article","isPartOf":{"@id":"https:\/\/resumopolitico.com.br\/?p=36358"},"author":{"name":"resumopolitico","@id":"https:\/\/resumopolitico.com.br\/#\/schema\/person\/8e54285779750ca1eb5d54a40785d6f3"},"headline":"Litoral e Zona da Mata em Estado de Aten\u00e7\u00e3o para chuvas nas pr\u00f3ximas 24 horas","datePublished":"2026-04-27T21:06:42+00:00","dateModified":"2026-04-27T21:07:27+00:00","mainEntityOfPage":{"@id":"https:\/\/resumopolitico.com.br\/?p=36358"},"wordCount":274,"commentCount":0,"image":{"@id":"https:\/\/resumopolitico.com.br\/?p=36358#primaryimage"},"thumbnailUrl":"https:\/\/resumopolitico.com.br\/wp-content\/uploads\/2026\/04\/litoral-e-zona-da-mata-em-estado-de-atencao-para-chuvas-nas-proximas-24-horas-scaled.jpeg","articleSection":["Alagoas","Destaque"],"inLanguage":"pt-BR","potentialAction":[{"@type":"CommentAction","name":"Comment","target":["https:\/\/resumopolitico.com.br\/?p=36358#respond"]}]},{"@type":"WebPage","@id":"https:\/\/resumopolitico.com.br\/?p=36358","url":"https:\/\/resumopolitico.com.br\/?p=36358","name":"Litoral e Zona da Mata em Estado de Aten\u00e7\u00e3o para chuvas nas pr\u00f3ximas 24 horas - Resumo Pol\u00edtico","isPartOf":{"@id":"https:\/\/resumopolitico.com.br\/#website"},"primaryImageOfPage":{"@id":"https:\/\/resumopolitico.com.br\/?p=36358#primaryimage"},"image":{"@id":"https:\/\/resumopolitico.com.br\/?p=36358#primaryimage"},"thumbnailUrl":"https:\/\/resumopolitico.com.br\/wp-content\/uploads\/2026\/04\/litoral-e-zona-da-mata-em-estado-de-atencao-para-chuvas-nas-proximas-24-horas-scaled.jpeg","datePublished":"2026-04-27T21:06:42+00:00","dateModified":"2026-04-27T21:07:27+00:00","author":{"@id":"https:\/\/resumopolitico.com.br\/#\/schema\/person\/8e54285779750ca1eb5d54a40785d6f3"},"breadcrumb":{"@id":"https:\/\/resumopolitico.com.br\/?p=36358#breadcrumb"},"inLanguage":"pt-BR","potentialAction":[{"@type":"ReadAction","target":["https:\/\/resumopolitico.com.br\/?p=36358"]}]},{"@type":"ImageObject","inLanguage":"pt-BR","@id":"https:\/\/resumopolitico.com.br\/?p=36358#primaryimage","url":"https:\/\/resumopolitico.com.br\/wp-content\/uploads\/2026\/04\/litoral-e-zona-da-mata-em-estado-de-atencao-para-chuvas-nas-proximas-24-horas-scaled.jpeg","contentUrl":"https:\/\/resumopolitico.com.br\/wp-content\/uploads\/2026\/04\/litoral-e-zona-da-mata-em-estado-de-atencao-para-chuvas-nas-proximas-24-horas-scaled.jpeg","width":2560,"height":1584},{"@type":"BreadcrumbList","@id":"https:\/\/resumopolitico.com.br\/?p=36358#breadcrumb","itemListElement":[{"@type":"ListItem","position":1,"name":"In\u00edcio","item":"https:\/\/resumopolitico.com.br\/"},{"@type":"ListItem","position":2,"name":"Litoral e Zona da Mata em Estado de Aten\u00e7\u00e3o para chuvas nas pr\u00f3ximas 24 horas"}]},{"@type":"WebSite","@id":"https:\/\/resumopolitico.com.br\/#website","url":"https:\/\/resumopolitico.com.br\/","name":"Resumo Pol\u00edtico","description":"Resumo Pol\u00edtico","potentialAction":[{"@type":"SearchAction","target":{"@type":"EntryPoint","urlTemplate":"https:\/\/resumopolitico.com.br\/?s={search_term_string}"},"query-input":{"@type":"PropertyValueSpecification","valueRequired":true,"valueName":"search_term_string"}}],"inLanguage":"pt-BR"},{"@type":"Person","@id":"https:\/\/resumopolitico.com.br\/#\/schema\/person\/8e54285779750ca1eb5d54a40785d6f3","name":"resumopolitico","image":{"@type":"ImageObject","inLanguage":"pt-BR","@id":"\/\/www.gravatar.com\/avatar\/964d308c93aaf0c33319e9a3bc3b8ac5?s=96&#038;r=g&#038;d=mm","url":"\/\/www.gravatar.com\/avatar\/964d308c93aaf0c33319e9a3bc3b8ac5?s=96&#038;r=g&#038;d=mm","contentUrl":"\/\/www.gravatar.com\/avatar\/964d308c93aaf0c33319e9a3bc3b8ac5?s=96&#038;r=g&#038;d=mm","caption":"resumopolitico"},"sameAs":["http:\/\/resumopolitico.com.br"],"url":"https:\/\/resumopolitico.com.br\/?bp_members=1&bp_member=resumopoliticoprofile\/home\/"}]}},"_links":{"self":[{"href":"https:\/\/resumopolitico.com.br\/index.php?rest_route=\/wp\/v2\/posts\/36358","targetHints":{"allow":["GET"]}}],"collection":[{"href":"https:\/\/resumopolitico.com.br\/index.php?rest_route=\/wp\/v2\/posts"}],"about":[{"href":"https:\/\/resumopolitico.com.br\/index.php?rest_route=\/wp\/v2\/types\/post"}],"author":[{"embeddable":true,"href":"https:\/\/resumopolitico.com.br\/index.php?rest_route=\/wp\/v2\/users\/1"}],"replies":[{"embeddable":true,"href":"https:\/\/resumopolitico.com.br\/index.php?rest_route=%2Fwp%2Fv2%2Fcomments&post=36358"}],"version-history":[{"count":2,"href":"https:\/\/resumopolitico.com.br\/index.php?rest_route=\/wp\/v2\/posts\/36358\/revisions"}],"predecessor-version":[{"id":36361,"href":"https:\/\/resumopolitico.com.br\/index.php?rest_route=\/wp\/v2\/posts\/36358\/revisions\/36361"}],"wp:featuredmedia":[{"embeddable":true,"href":"https:\/\/resumopolitico.com.br\/index.php?rest_route=\/wp\/v2\/media\/36359"}],"wp:attachment":[{"href":"https:\/\/resumopolitico.com.br\/index.php?rest_route=%2Fwp%2Fv2%2Fmedia&parent=36358"}],"wp:term":[{"taxonomy":"category","embeddable":true,"href":"https:\/\/resumopolitico.com.br\/index.php?rest_route=%2Fwp%2Fv2%2Fcategories&post=36358"},{"taxonomy":"post_tag","embeddable":true,"href":"https:\/\/resumopolitico.com.br\/index.php?rest_route=%2Fwp%2Fv2%2Ftags&post=36358"}],"curies":[{"name":"wp","href":"https:\/\/api.w.org\/{rel}","templated":true}]}}