{"id":36362,"date":"2026-04-27T20:04:48","date_gmt":"2026-04-27T23:04:48","guid":{"rendered":"https:\/\/resumopolitico.com.br\/?p=36362"},"modified":"2026-04-27T20:06:09","modified_gmt":"2026-04-27T23:06:09","slug":"36362","status":"publish","type":"post","link":"https:\/\/resumopolitico.com.br\/?p=36362","title":{"rendered":"Diret\u00f3rio Estadual da Unidade Popular (UP) aprova pr\u00e9-candidaturas de Lenilda Luna ao Governo e de Alexandre Fleming ao Senado"},"content":{"rendered":"<p>O Diret\u00f3rio Estadual da Unidade Popular, em reuni\u00e3o realizada neste domingo, dia 26 de abril, deliberou pela aprova\u00e7\u00e3o das pr\u00e9-candidaturas de Lenilda Luna ao Governo de Alagoas e de Alexandre Fleming ao Senado Federal. A defini\u00e7\u00e3o foi tomada ap\u00f3s debate sobre as tarefas da Unidade Popular diante da luta eleitoral e da conjuntura local e nacional.<\/p>\n<p>Lenilda Luna \u00e9 jornalista da Ufal e foi a terceira mais votada nas elei\u00e7\u00f5es \u00e0 Prefeitura de Macei\u00f3, em 2024. J\u00e1 Alexandre Fleming \u00e9 professor do Ifal e tamb\u00e9m foi candidato \u00e0 Prefeitura de Macei\u00f3, em 2012, obtendo mais de 20 mil votos, o equivalente a 5,13% do total.<\/p>\n<p>Ao comentar a decis\u00e3o, Lenilda destacou o sentido social das candidaturas: \u201cOs trabalhadores e trabalhadoras de Alagoas precisam estar representados nestas elei\u00e7\u00f5es por pessoas comprometidas com a luta por direitos fundamentais como sa\u00fade, educa\u00e7\u00e3o, moradia, seguran\u00e7a, enfim, por uma vida digna. Esse compromisso \u00e9 da Unidade Popular, que organiza o povo, n\u00e3o de nenhum dos nomes das oligarquias alagoanas\u201d.<\/p>\n<p>O lan\u00e7amento das pr\u00e9-candidaturas ser\u00e1 realizado no dia 13 de maio. A decis\u00e3o de lan\u00e7ar pr\u00e9-candidaturas est\u00e1 em conson\u00e2ncia e reafirma as diretrizes j\u00e1 indicadas no V Congresso Estadual e Municipal da Unidade Popular, realizado em 28 de mar\u00e7o: \u201cA Unidade Popular afirma ao povo alagoano que ter\u00e1 uma chapa independente e socialista nas elei\u00e7\u00f5es de 2026, apresentando nomes ao pleito estadual\u201d.<\/p>\n<p>Para Fleming, a UP ser\u00e1 o diferencial nessa disputa: \u201cN\u00e3o vamos dar vida f\u00e1cil aos representantes das oligarquias para o Senado. Renan Calheiros e Arthur Lira encenam diverg\u00eancias, mas operam na mesma l\u00f3gica de poder, articulando alian\u00e7as secretas com prefeituras do interior por meio de currais eleitorais e voto de cabresto. Esses velhos m\u00e9todos est\u00e3o esgotados e n\u00e3o v\u00e3o mais se impor pela for\u00e7a e poder econ\u00f4mica. Vamos expor essas contradi\u00e7\u00f5es e enfrent\u00e1-los diretamente, com o povo consciente e organizado, que est\u00e1 na luta por direitos, pela redu\u00e7\u00e3o da jornada de trabalho e contras as privatiza\u00e7\u00f5es, que tanto afetam o nosso povo\u201d.<\/p>\n<p>Al\u00e9m das candidaturas, a UP definiu por uma ampla mobiliza\u00e7\u00e3o em torno do primeiro de maio e da luta pelo fim da escala 6&#215;1, com panfletagens em locais de trabalho, f\u00e1bricas e universidades, ampliando o di\u00e1logo com trabalhadores, estudantes e a popula\u00e7\u00e3o em geral.<\/p>\n","protected":false},"excerpt":{"rendered":"<p>O Diret\u00f3rio Estadual da Unidade Popular, em reuni\u00e3o realizada neste domingo, dia 26 de abril, deliberou pela aprova\u00e7\u00e3o das pr\u00e9-candidaturas de Lenilda Luna ao Governo de Alagoas e de Alexandre Fleming ao Senado Federal. A defini\u00e7\u00e3o foi tomada ap\u00f3s debate sobre as tarefas da Unidade Popular diante da luta eleitoral e da conjuntura local e [&hellip;]<\/p>\n","protected":false},"author":1,"featured_media":36363,"comment_status":"open","ping_status":"open","sticky":false,"template":"","format":"standard","meta":{"_monsterinsights_skip_tracking":false,"_monsterinsights_sitenote_active":false,"_monsterinsights_sitenote_note":"","_monsterinsights_sitenote_category":0,"footnotes":""},"categories":[66,104],"tags":[],"class_list":["post-36362","post","type-post","status-publish","format-standard","has-post-thumbnail","hentry","category-alagoas","category-destaque"],"yoast_head":"<!-- This site is optimized with the Yoast SEO plugin v27.5 - https:\/\/yoast.com\/product\/yoast-seo-wordpress\/ -->\n<title>Diret\u00f3rio Estadual da Unidade Popular (UP) aprova pr\u00e9-candidaturas de Lenilda Luna ao Governo e de Alexandre Fleming ao Senado - Resumo Pol\u00edtico<\/title>\n<meta name=\"robots\" content=\"index, follow, max-snippet:-1, max-image-preview:large, max-video-preview:-1\" \/>\n<link rel=\"canonical\" href=\"https:\/\/resumopolitico.com.br\/?p=36362\" \/>\n<meta property=\"og:locale\" content=\"pt_BR\" \/>\n<meta property=\"og:type\" content=\"article\" \/>\n<meta property=\"og:title\" content=\"Diret\u00f3rio Estadual da Unidade Popular (UP) aprova pr\u00e9-candidaturas de Lenilda Luna ao Governo e de Alexandre Fleming ao Senado - Resumo Pol\u00edtico\" \/>\n<meta property=\"og:description\" content=\"O Diret\u00f3rio Estadual da Unidade Popular, em reuni\u00e3o realizada neste domingo, dia 26 de abril, deliberou pela aprova\u00e7\u00e3o das pr\u00e9-candidaturas de Lenilda Luna ao Governo de Alagoas e de Alexandre Fleming ao Senado Federal. A defini\u00e7\u00e3o foi tomada ap\u00f3s debate sobre as tarefas da Unidade Popular diante da luta eleitoral e da conjuntura local e [&hellip;]\" \/>\n<meta property=\"og:url\" content=\"https:\/\/resumopolitico.com.br\/?p=36362\" \/>\n<meta property=\"og:site_name\" content=\"Resumo Pol\u00edtico\" \/>\n<meta property=\"article:published_time\" content=\"2026-04-27T23:04:48+00:00\" \/>\n<meta property=\"article:modified_time\" content=\"2026-04-27T23:06:09+00:00\" \/>\n<meta property=\"og:image\" content=\"https:\/\/resumopolitico.com.br\/wp-content\/uploads\/2026\/04\/WhatsApp-Image-2026-04-27-at-19.41.57-1.jpeg\" \/>\n\t<meta property=\"og:image:width\" content=\"960\" \/>\n\t<meta property=\"og:image:height\" content=\"1280\" \/>\n\t<meta property=\"og:image:type\" content=\"image\/jpeg\" \/>\n<meta name=\"author\" content=\"resumopolitico\" \/>\n<meta name=\"twitter:card\" content=\"summary_large_image\" \/>\n<meta name=\"twitter:label1\" content=\"Escrito por\" \/>\n\t<meta name=\"twitter:data1\" content=\"resumopolitico\" \/>\n\t<meta name=\"twitter:label2\" content=\"Est. tempo de leitura\" \/>\n\t<meta name=\"twitter:data2\" content=\"3 minutos\" \/>\n<script type=\"application\/ld+json\" class=\"yoast-schema-graph\">{\"@context\":\"https:\\\/\\\/schema.org\",\"@graph\":[{\"@type\":\"Article\",\"@id\":\"https:\\\/\\\/resumopolitico.com.br\\\/?p=36362#article\",\"isPartOf\":{\"@id\":\"https:\\\/\\\/resumopolitico.com.br\\\/?p=36362\"},\"author\":{\"name\":\"resumopolitico\",\"@id\":\"https:\\\/\\\/resumopolitico.com.br\\\/#\\\/schema\\\/person\\\/8e54285779750ca1eb5d54a40785d6f3\"},\"headline\":\"Diret\u00f3rio Estadual da Unidade Popular (UP) aprova pr\u00e9-candidaturas de Lenilda Luna ao Governo e de Alexandre Fleming ao Senado\",\"datePublished\":\"2026-04-27T23:04:48+00:00\",\"dateModified\":\"2026-04-27T23:06:09+00:00\",\"mainEntityOfPage\":{\"@id\":\"https:\\\/\\\/resumopolitico.com.br\\\/?p=36362\"},\"wordCount\":422,\"commentCount\":0,\"image\":{\"@id\":\"https:\\\/\\\/resumopolitico.com.br\\\/?p=36362#primaryimage\"},\"thumbnailUrl\":\"https:\\\/\\\/resumopolitico.com.br\\\/wp-content\\\/uploads\\\/2026\\\/04\\\/WhatsApp-Image-2026-04-27-at-19.41.57-1.jpeg\",\"articleSection\":[\"Alagoas\",\"Destaque\"],\"inLanguage\":\"pt-BR\",\"potentialAction\":[{\"@type\":\"CommentAction\",\"name\":\"Comment\",\"target\":[\"https:\\\/\\\/resumopolitico.com.br\\\/?p=36362#respond\"]}]},{\"@type\":\"WebPage\",\"@id\":\"https:\\\/\\\/resumopolitico.com.br\\\/?p=36362\",\"url\":\"https:\\\/\\\/resumopolitico.com.br\\\/?p=36362\",\"name\":\"Diret\u00f3rio Estadual da Unidade Popular (UP) aprova pr\u00e9-candidaturas de Lenilda Luna ao Governo e de Alexandre Fleming ao Senado - Resumo Pol\u00edtico\",\"isPartOf\":{\"@id\":\"https:\\\/\\\/resumopolitico.com.br\\\/#website\"},\"primaryImageOfPage\":{\"@id\":\"https:\\\/\\\/resumopolitico.com.br\\\/?p=36362#primaryimage\"},\"image\":{\"@id\":\"https:\\\/\\\/resumopolitico.com.br\\\/?p=36362#primaryimage\"},\"thumbnailUrl\":\"https:\\\/\\\/resumopolitico.com.br\\\/wp-content\\\/uploads\\\/2026\\\/04\\\/WhatsApp-Image-2026-04-27-at-19.41.57-1.jpeg\",\"datePublished\":\"2026-04-27T23:04:48+00:00\",\"dateModified\":\"2026-04-27T23:06:09+00:00\",\"author\":{\"@id\":\"https:\\\/\\\/resumopolitico.com.br\\\/#\\\/schema\\\/person\\\/8e54285779750ca1eb5d54a40785d6f3\"},\"breadcrumb\":{\"@id\":\"https:\\\/\\\/resumopolitico.com.br\\\/?p=36362#breadcrumb\"},\"inLanguage\":\"pt-BR\",\"potentialAction\":[{\"@type\":\"ReadAction\",\"target\":[\"https:\\\/\\\/resumopolitico.com.br\\\/?p=36362\"]}]},{\"@type\":\"ImageObject\",\"inLanguage\":\"pt-BR\",\"@id\":\"https:\\\/\\\/resumopolitico.com.br\\\/?p=36362#primaryimage\",\"url\":\"https:\\\/\\\/resumopolitico.com.br\\\/wp-content\\\/uploads\\\/2026\\\/04\\\/WhatsApp-Image-2026-04-27-at-19.41.57-1.jpeg\",\"contentUrl\":\"https:\\\/\\\/resumopolitico.com.br\\\/wp-content\\\/uploads\\\/2026\\\/04\\\/WhatsApp-Image-2026-04-27-at-19.41.57-1.jpeg\",\"width\":960,\"height\":1280},{\"@type\":\"BreadcrumbList\",\"@id\":\"https:\\\/\\\/resumopolitico.com.br\\\/?p=36362#breadcrumb\",\"itemListElement\":[{\"@type\":\"ListItem\",\"position\":1,\"name\":\"In\u00edcio\",\"item\":\"https:\\\/\\\/resumopolitico.com.br\\\/\"},{\"@type\":\"ListItem\",\"position\":2,\"name\":\"Diret\u00f3rio Estadual da Unidade Popular (UP) aprova pr\u00e9-candidaturas de Lenilda Luna ao Governo e de Alexandre Fleming ao Senado\"}]},{\"@type\":\"WebSite\",\"@id\":\"https:\\\/\\\/resumopolitico.com.br\\\/#website\",\"url\":\"https:\\\/\\\/resumopolitico.com.br\\\/\",\"name\":\"Resumo Pol\u00edtico\",\"description\":\"Resumo Pol\u00edtico\",\"potentialAction\":[{\"@type\":\"SearchAction\",\"target\":{\"@type\":\"EntryPoint\",\"urlTemplate\":\"https:\\\/\\\/resumopolitico.com.br\\\/?s={search_term_string}\"},\"query-input\":{\"@type\":\"PropertyValueSpecification\",\"valueRequired\":true,\"valueName\":\"search_term_string\"}}],\"inLanguage\":\"pt-BR\"},{\"@type\":\"Person\",\"@id\":\"https:\\\/\\\/resumopolitico.com.br\\\/#\\\/schema\\\/person\\\/8e54285779750ca1eb5d54a40785d6f3\",\"name\":\"resumopolitico\",\"image\":{\"@type\":\"ImageObject\",\"inLanguage\":\"pt-BR\",\"@id\":\"\\\/\\\/www.gravatar.com\\\/avatar\\\/964d308c93aaf0c33319e9a3bc3b8ac5?s=96&#038;r=g&#038;d=mm\",\"url\":\"\\\/\\\/www.gravatar.com\\\/avatar\\\/964d308c93aaf0c33319e9a3bc3b8ac5?s=96&#038;r=g&#038;d=mm\",\"contentUrl\":\"\\\/\\\/www.gravatar.com\\\/avatar\\\/964d308c93aaf0c33319e9a3bc3b8ac5?s=96&#038;r=g&#038;d=mm\",\"caption\":\"resumopolitico\"},\"sameAs\":[\"http:\\\/\\\/resumopolitico.com.br\"],\"url\":\"https:\\\/\\\/resumopolitico.com.br\\\/?bp_members=1&bp_member=resumopoliticoprofile\\\/home\\\/\"}]}<\/script>\n<!-- \/ Yoast SEO plugin. -->","yoast_head_json":{"title":"Diret\u00f3rio Estadual da Unidade Popular (UP) aprova pr\u00e9-candidaturas de Lenilda Luna ao Governo e de Alexandre Fleming ao Senado - Resumo Pol\u00edtico","robots":{"index":"index","follow":"follow","max-snippet":"max-snippet:-1","max-image-preview":"max-image-preview:large","max-video-preview":"max-video-preview:-1"},"canonical":"https:\/\/resumopolitico.com.br\/?p=36362","og_locale":"pt_BR","og_type":"article","og_title":"Diret\u00f3rio Estadual da Unidade Popular (UP) aprova pr\u00e9-candidaturas de Lenilda Luna ao Governo e de Alexandre Fleming ao Senado - Resumo Pol\u00edtico","og_description":"O Diret\u00f3rio Estadual da Unidade Popular, em reuni\u00e3o realizada neste domingo, dia 26 de abril, deliberou pela aprova\u00e7\u00e3o das pr\u00e9-candidaturas de Lenilda Luna ao Governo de Alagoas e de Alexandre Fleming ao Senado Federal. A defini\u00e7\u00e3o foi tomada ap\u00f3s debate sobre as tarefas da Unidade Popular diante da luta eleitoral e da conjuntura local e [&hellip;]","og_url":"https:\/\/resumopolitico.com.br\/?p=36362","og_site_name":"Resumo Pol\u00edtico","article_published_time":"2026-04-27T23:04:48+00:00","article_modified_time":"2026-04-27T23:06:09+00:00","og_image":[{"width":960,"height":1280,"url":"https:\/\/resumopolitico.com.br\/wp-content\/uploads\/2026\/04\/WhatsApp-Image-2026-04-27-at-19.41.57-1.jpeg","type":"image\/jpeg"}],"author":"resumopolitico","twitter_card":"summary_large_image","twitter_misc":{"Escrito por":"resumopolitico","Est. tempo de leitura":"3 minutos"},"schema":{"@context":"https:\/\/schema.org","@graph":[{"@type":"Article","@id":"https:\/\/resumopolitico.com.br\/?p=36362#article","isPartOf":{"@id":"https:\/\/resumopolitico.com.br\/?p=36362"},"author":{"name":"resumopolitico","@id":"https:\/\/resumopolitico.com.br\/#\/schema\/person\/8e54285779750ca1eb5d54a40785d6f3"},"headline":"Diret\u00f3rio Estadual da Unidade Popular (UP) aprova pr\u00e9-candidaturas de Lenilda Luna ao Governo e de Alexandre Fleming ao Senado","datePublished":"2026-04-27T23:04:48+00:00","dateModified":"2026-04-27T23:06:09+00:00","mainEntityOfPage":{"@id":"https:\/\/resumopolitico.com.br\/?p=36362"},"wordCount":422,"commentCount":0,"image":{"@id":"https:\/\/resumopolitico.com.br\/?p=36362#primaryimage"},"thumbnailUrl":"https:\/\/resumopolitico.com.br\/wp-content\/uploads\/2026\/04\/WhatsApp-Image-2026-04-27-at-19.41.57-1.jpeg","articleSection":["Alagoas","Destaque"],"inLanguage":"pt-BR","potentialAction":[{"@type":"CommentAction","name":"Comment","target":["https:\/\/resumopolitico.com.br\/?p=36362#respond"]}]},{"@type":"WebPage","@id":"https:\/\/resumopolitico.com.br\/?p=36362","url":"https:\/\/resumopolitico.com.br\/?p=36362","name":"Diret\u00f3rio Estadual da Unidade Popular (UP) aprova pr\u00e9-candidaturas de Lenilda Luna ao Governo e de Alexandre Fleming ao Senado - Resumo Pol\u00edtico","isPartOf":{"@id":"https:\/\/resumopolitico.com.br\/#website"},"primaryImageOfPage":{"@id":"https:\/\/resumopolitico.com.br\/?p=36362#primaryimage"},"image":{"@id":"https:\/\/resumopolitico.com.br\/?p=36362#primaryimage"},"thumbnailUrl":"https:\/\/resumopolitico.com.br\/wp-content\/uploads\/2026\/04\/WhatsApp-Image-2026-04-27-at-19.41.57-1.jpeg","datePublished":"2026-04-27T23:04:48+00:00","dateModified":"2026-04-27T23:06:09+00:00","author":{"@id":"https:\/\/resumopolitico.com.br\/#\/schema\/person\/8e54285779750ca1eb5d54a40785d6f3"},"breadcrumb":{"@id":"https:\/\/resumopolitico.com.br\/?p=36362#breadcrumb"},"inLanguage":"pt-BR","potentialAction":[{"@type":"ReadAction","target":["https:\/\/resumopolitico.com.br\/?p=36362"]}]},{"@type":"ImageObject","inLanguage":"pt-BR","@id":"https:\/\/resumopolitico.com.br\/?p=36362#primaryimage","url":"https:\/\/resumopolitico.com.br\/wp-content\/uploads\/2026\/04\/WhatsApp-Image-2026-04-27-at-19.41.57-1.jpeg","contentUrl":"https:\/\/resumopolitico.com.br\/wp-content\/uploads\/2026\/04\/WhatsApp-Image-2026-04-27-at-19.41.57-1.jpeg","width":960,"height":1280},{"@type":"BreadcrumbList","@id":"https:\/\/resumopolitico.com.br\/?p=36362#breadcrumb","itemListElement":[{"@type":"ListItem","position":1,"name":"In\u00edcio","item":"https:\/\/resumopolitico.com.br\/"},{"@type":"ListItem","position":2,"name":"Diret\u00f3rio Estadual da Unidade Popular (UP) aprova pr\u00e9-candidaturas de Lenilda Luna ao Governo e de Alexandre Fleming ao Senado"}]},{"@type":"WebSite","@id":"https:\/\/resumopolitico.com.br\/#website","url":"https:\/\/resumopolitico.com.br\/","name":"Resumo Pol\u00edtico","description":"Resumo Pol\u00edtico","potentialAction":[{"@type":"SearchAction","target":{"@type":"EntryPoint","urlTemplate":"https:\/\/resumopolitico.com.br\/?s={search_term_string}"},"query-input":{"@type":"PropertyValueSpecification","valueRequired":true,"valueName":"search_term_string"}}],"inLanguage":"pt-BR"},{"@type":"Person","@id":"https:\/\/resumopolitico.com.br\/#\/schema\/person\/8e54285779750ca1eb5d54a40785d6f3","name":"resumopolitico","image":{"@type":"ImageObject","inLanguage":"pt-BR","@id":"\/\/www.gravatar.com\/avatar\/964d308c93aaf0c33319e9a3bc3b8ac5?s=96&#038;r=g&#038;d=mm","url":"\/\/www.gravatar.com\/avatar\/964d308c93aaf0c33319e9a3bc3b8ac5?s=96&#038;r=g&#038;d=mm","contentUrl":"\/\/www.gravatar.com\/avatar\/964d308c93aaf0c33319e9a3bc3b8ac5?s=96&#038;r=g&#038;d=mm","caption":"resumopolitico"},"sameAs":["http:\/\/resumopolitico.com.br"],"url":"https:\/\/resumopolitico.com.br\/?bp_members=1&bp_member=resumopoliticoprofile\/home\/"}]}},"_links":{"self":[{"href":"https:\/\/resumopolitico.com.br\/index.php?rest_route=\/wp\/v2\/posts\/36362","targetHints":{"allow":["GET"]}}],"collection":[{"href":"https:\/\/resumopolitico.com.br\/index.php?rest_route=\/wp\/v2\/posts"}],"about":[{"href":"https:\/\/resumopolitico.com.br\/index.php?rest_route=\/wp\/v2\/types\/post"}],"author":[{"embeddable":true,"href":"https:\/\/resumopolitico.com.br\/index.php?rest_route=\/wp\/v2\/users\/1"}],"replies":[{"embeddable":true,"href":"https:\/\/resumopolitico.com.br\/index.php?rest_route=%2Fwp%2Fv2%2Fcomments&post=36362"}],"version-history":[{"count":2,"href":"https:\/\/resumopolitico.com.br\/index.php?rest_route=\/wp\/v2\/posts\/36362\/revisions"}],"predecessor-version":[{"id":36365,"href":"https:\/\/resumopolitico.com.br\/index.php?rest_route=\/wp\/v2\/posts\/36362\/revisions\/36365"}],"wp:featuredmedia":[{"embeddable":true,"href":"https:\/\/resumopolitico.com.br\/index.php?rest_route=\/wp\/v2\/media\/36363"}],"wp:attachment":[{"href":"https:\/\/resumopolitico.com.br\/index.php?rest_route=%2Fwp%2Fv2%2Fmedia&parent=36362"}],"wp:term":[{"taxonomy":"category","embeddable":true,"href":"https:\/\/resumopolitico.com.br\/index.php?rest_route=%2Fwp%2Fv2%2Fcategories&post=36362"},{"taxonomy":"post_tag","embeddable":true,"href":"https:\/\/resumopolitico.com.br\/index.php?rest_route=%2Fwp%2Fv2%2Ftags&post=36362"}],"curies":[{"name":"wp","href":"https:\/\/api.w.org\/{rel}","templated":true}]}}