{"id":36366,"date":"2026-04-28T22:23:38","date_gmt":"2026-04-29T01:23:38","guid":{"rendered":"https:\/\/resumopolitico.com.br\/?p=36366"},"modified":"2026-04-28T22:24:21","modified_gmt":"2026-04-29T01:24:21","slug":"36366","status":"publish","type":"post","link":"https:\/\/resumopolitico.com.br\/?p=36366","title":{"rendered":"Estudantes participam de concerto da Orquestra Sinf\u00f4nica de Lisboa"},"content":{"rendered":"<p>No Dia Mundial da Educa\u00e7\u00e3o, evento aborda cultura e combate ao bullying nas escolas<\/p>\n<p data-base-font=\"18\">O som dos violinos e dos metais ganhou um novo significado para 1.400 alunos da rede p\u00fablica de ensino de Macei\u00f3. Em uma celebra\u00e7\u00e3o marcante, nesta ter\u00e7a-feira (28), quando \u00e9 comemorado o Dia Mundial da Educa\u00e7\u00e3o, a Secretaria Municipal de Educa\u00e7\u00e3o (Semed) promoveu um encontro hist\u00f3rico entre os estudantes e a Orquestra Sinf\u00f4nica de Lisboa, em uma parceria in\u00e9dita.<\/p>\n<p data-base-font=\"18\">O espet\u00e1culo interativo &#8220;O S\u00edtio da Amizade \u2013 Uma F\u00e1bula Sinf\u00f4nica para Audi\u00e7\u00e3o Participativa&#8221;, foi apresentado no palco do Teatro Gustavo Leite, no Centro de Conven\u00e7\u00f5es. A iniciativa transformou o dia dos estudantes que participam da aula de campo sobre cultura, musicaliza\u00e7\u00e3o, toler\u00e2ncia e o combate ao bullying. O evento contou com a participa\u00e7\u00e3o de estudantes e professores de 20 escolas municipais.<\/p>\n<p data-base-font=\"18\">A iniciativa nasceu com o prop\u00f3sito de desmistificar a m\u00fasica cl\u00e1ssica. Fantasiados de animais, os m\u00fasicos aproximam a arte erudita para o cotidiano dos estudantes, conforme explicou o maestro da Orquestra Sinf\u00f4nica de Lisboa, Miguel Pernes.<\/p>\n<p data-base-font=\"18\">\u201cTentamos oferecer a nossa infantiliza\u00e7\u00e3o, n\u00e3o da partitura e nem da mensagem, mas da nossa forma de estar e no nosso comportamento com elas. O projeto aborda o direito \u00e0 diferen\u00e7a, \u00e0 amizade e a reflex\u00e3o sobre a rejei\u00e7\u00e3o do outro s\u00f3 por ser diferente\u201d, explicou o maestro, refor\u00e7ando que a obra serve como uma ferramenta de preven\u00e7\u00e3o contra o bullying.<\/p>\n<p data-base-font=\"18\"><strong data-base-font=\"18\">A emo\u00e7\u00e3o da primeira vez<\/strong><\/p>\n<p data-base-font=\"18\">Para muitos estudantes, como Rallye Vit\u00f3ria da Silva, 15 anos, da Escola Municipal Padre Brand\u00e3o Lima, participar do evento representou o primeiro contato com o universo teatral e sinf\u00f4nico. \u201cAchei muito bom, foi uma hist\u00f3ria sobre amizade e falava sobre a nossa vida, sobre pessoas que eram exclu\u00eddas. Independente das caracter\u00edsticas, a gente precisa respeitar e fazer amizade\u201d, relatou.<\/p>\n<p data-base-font=\"18\">A pequena Daniela Vit\u00f3ria, de apenas 9 anos, aluna da Escola Municipal Petr\u00f4nio Viana, tamb\u00e9m se encantou com a magia do espet\u00e1culo. \u201cEu gostei muito do elefante. Foi muito legal na hora que ele assoprou o instrumento e gostei tamb\u00e9m dos outros animais\u201d, contou, com o brilho nos olhos de quem viveu uma experi\u00eancia nova.<\/p>\n<p data-base-font=\"18\"><strong data-base-font=\"18\">Al\u00e9m dos muros da escola<\/strong><\/p>\n<p data-base-font=\"18\">Segundo o coordenador de Arte e Cultura da Semed, a a\u00e7\u00e3o faz parte de um movimento estrat\u00e9gico da Semed para intensificar e integrar a cultura e a musicaliza\u00e7\u00e3o ao curr\u00edculo pedag\u00f3gico. \u201cA Semed busca firmar parceria com equipamentos culturais, pois entendemos que \u00e9 fundamental na forma\u00e7\u00e3o dos estudantes. Antes deste concerto, os professores trabalharam em sala o material sobre a f\u00e1bula e a caracter\u00edstica de cada instrumento\u201d, afirmou T\u00e9rcio Smith.<\/p>\n<p data-base-font=\"18\">O aprendizado pr\u00e1tico foi refor\u00e7ado pela participa\u00e7\u00e3o ativa dos alunos, que confeccionaram suas pr\u00f3prias baquetas para interagir musicalmente com a orquestra. O professor de m\u00fasica Denis Nascimento, da Escola Municipal Luiza Suruagy, comentou sobre a experi\u00eancia. \u201cVer de uma forma pr\u00e1tica os instrumentos de corda e metais \u00e9 o melhor aprendizado. Foi um momento \u00edmpar de intera\u00e7\u00e3o\u201d, pontuou.<\/p>\n<p data-base-font=\"18\">A professora Gilvana dos Santos, da Escola Municipal Nossa Senhora Aparecida, destacou a import\u00e2ncia da iniciativa. \u201c\u00c9 preciso levar a cultura para as escolas. Foi uma aula de campo diferente que valoriza o conhecimento al\u00e9m da sala de aula\u201d, disse.<\/p>\n<p data-base-font=\"18\"><strong data-base-font=\"18\">Legado Pedag\u00f3gico<\/strong><\/p>\n<p data-base-font=\"18\">Ao final do espet\u00e1culo, as 20 escolas receberam um kit contendo o livro did\u00e1tico do projeto, com a f\u00e1bula, orienta\u00e7\u00f5es para interagir com a orquestra, al\u00e9m de QR Codes para que os alunos possam ouvir as m\u00fasicas do concerto sempre que desejarem, garantindo que a melodia da educa\u00e7\u00e3o continue ressoando no dia a dia escolar.<\/p>\n","protected":false},"excerpt":{"rendered":"<p>No Dia Mundial da Educa\u00e7\u00e3o, evento aborda cultura e combate ao bullying nas escolas O som dos violinos e dos metais ganhou um novo significado para 1.400 alunos da rede p\u00fablica de ensino de Macei\u00f3. Em uma celebra\u00e7\u00e3o marcante, nesta ter\u00e7a-feira (28), quando \u00e9 comemorado o Dia Mundial da Educa\u00e7\u00e3o, a Secretaria Municipal de Educa\u00e7\u00e3o [&hellip;]<\/p>\n","protected":false},"author":1,"featured_media":36367,"comment_status":"open","ping_status":"open","sticky":false,"template":"","format":"standard","meta":{"_monsterinsights_skip_tracking":false,"_monsterinsights_sitenote_active":false,"_monsterinsights_sitenote_note":"","_monsterinsights_sitenote_category":0,"footnotes":""},"categories":[66,104],"tags":[],"class_list":["post-36366","post","type-post","status-publish","format-standard","has-post-thumbnail","hentry","category-alagoas","category-destaque"],"yoast_head":"<!-- This site is optimized with the Yoast SEO plugin v27.5 - https:\/\/yoast.com\/product\/yoast-seo-wordpress\/ -->\n<title>Estudantes participam de concerto da Orquestra Sinf\u00f4nica de Lisboa - Resumo Pol\u00edtico<\/title>\n<meta name=\"robots\" content=\"index, follow, max-snippet:-1, max-image-preview:large, max-video-preview:-1\" \/>\n<link rel=\"canonical\" href=\"https:\/\/resumopolitico.com.br\/?p=36366\" \/>\n<meta property=\"og:locale\" content=\"pt_BR\" \/>\n<meta property=\"og:type\" content=\"article\" \/>\n<meta property=\"og:title\" content=\"Estudantes participam de concerto da Orquestra Sinf\u00f4nica de Lisboa - Resumo Pol\u00edtico\" \/>\n<meta property=\"og:description\" content=\"No Dia Mundial da Educa\u00e7\u00e3o, evento aborda cultura e combate ao bullying nas escolas O som dos violinos e dos metais ganhou um novo significado para 1.400 alunos da rede p\u00fablica de ensino de Macei\u00f3. Em uma celebra\u00e7\u00e3o marcante, nesta ter\u00e7a-feira (28), quando \u00e9 comemorado o Dia Mundial da Educa\u00e7\u00e3o, a Secretaria Municipal de Educa\u00e7\u00e3o [&hellip;]\" \/>\n<meta property=\"og:url\" content=\"https:\/\/resumopolitico.com.br\/?p=36366\" \/>\n<meta property=\"og:site_name\" content=\"Resumo Pol\u00edtico\" \/>\n<meta property=\"article:published_time\" content=\"2026-04-29T01:23:38+00:00\" \/>\n<meta property=\"article:modified_time\" content=\"2026-04-29T01:24:21+00:00\" \/>\n<meta property=\"og:image\" content=\"https:\/\/resumopolitico.com.br\/wp-content\/uploads\/2026\/04\/WhatsApp-Image-2026-04-28-at-16.13.16-1.jpeg\" \/>\n\t<meta property=\"og:image:width\" content=\"850\" \/>\n\t<meta property=\"og:image:height\" content=\"560\" \/>\n\t<meta property=\"og:image:type\" content=\"image\/jpeg\" \/>\n<meta name=\"author\" content=\"resumopolitico\" \/>\n<meta name=\"twitter:card\" content=\"summary_large_image\" \/>\n<meta name=\"twitter:label1\" content=\"Escrito por\" \/>\n\t<meta name=\"twitter:data1\" content=\"resumopolitico\" \/>\n\t<meta name=\"twitter:label2\" content=\"Est. tempo de leitura\" \/>\n\t<meta name=\"twitter:data2\" content=\"4 minutos\" \/>\n<script type=\"application\/ld+json\" class=\"yoast-schema-graph\">{\"@context\":\"https:\\\/\\\/schema.org\",\"@graph\":[{\"@type\":\"Article\",\"@id\":\"https:\\\/\\\/resumopolitico.com.br\\\/?p=36366#article\",\"isPartOf\":{\"@id\":\"https:\\\/\\\/resumopolitico.com.br\\\/?p=36366\"},\"author\":{\"name\":\"resumopolitico\",\"@id\":\"https:\\\/\\\/resumopolitico.com.br\\\/#\\\/schema\\\/person\\\/8e54285779750ca1eb5d54a40785d6f3\"},\"headline\":\"Estudantes participam de concerto da Orquestra Sinf\u00f4nica de Lisboa\",\"datePublished\":\"2026-04-29T01:23:38+00:00\",\"dateModified\":\"2026-04-29T01:24:21+00:00\",\"mainEntityOfPage\":{\"@id\":\"https:\\\/\\\/resumopolitico.com.br\\\/?p=36366\"},\"wordCount\":649,\"commentCount\":0,\"image\":{\"@id\":\"https:\\\/\\\/resumopolitico.com.br\\\/?p=36366#primaryimage\"},\"thumbnailUrl\":\"https:\\\/\\\/resumopolitico.com.br\\\/wp-content\\\/uploads\\\/2026\\\/04\\\/WhatsApp-Image-2026-04-28-at-16.13.16-1.jpeg\",\"articleSection\":[\"Alagoas\",\"Destaque\"],\"inLanguage\":\"pt-BR\",\"potentialAction\":[{\"@type\":\"CommentAction\",\"name\":\"Comment\",\"target\":[\"https:\\\/\\\/resumopolitico.com.br\\\/?p=36366#respond\"]}]},{\"@type\":\"WebPage\",\"@id\":\"https:\\\/\\\/resumopolitico.com.br\\\/?p=36366\",\"url\":\"https:\\\/\\\/resumopolitico.com.br\\\/?p=36366\",\"name\":\"Estudantes participam de concerto da Orquestra Sinf\u00f4nica de Lisboa - Resumo Pol\u00edtico\",\"isPartOf\":{\"@id\":\"https:\\\/\\\/resumopolitico.com.br\\\/#website\"},\"primaryImageOfPage\":{\"@id\":\"https:\\\/\\\/resumopolitico.com.br\\\/?p=36366#primaryimage\"},\"image\":{\"@id\":\"https:\\\/\\\/resumopolitico.com.br\\\/?p=36366#primaryimage\"},\"thumbnailUrl\":\"https:\\\/\\\/resumopolitico.com.br\\\/wp-content\\\/uploads\\\/2026\\\/04\\\/WhatsApp-Image-2026-04-28-at-16.13.16-1.jpeg\",\"datePublished\":\"2026-04-29T01:23:38+00:00\",\"dateModified\":\"2026-04-29T01:24:21+00:00\",\"author\":{\"@id\":\"https:\\\/\\\/resumopolitico.com.br\\\/#\\\/schema\\\/person\\\/8e54285779750ca1eb5d54a40785d6f3\"},\"breadcrumb\":{\"@id\":\"https:\\\/\\\/resumopolitico.com.br\\\/?p=36366#breadcrumb\"},\"inLanguage\":\"pt-BR\",\"potentialAction\":[{\"@type\":\"ReadAction\",\"target\":[\"https:\\\/\\\/resumopolitico.com.br\\\/?p=36366\"]}]},{\"@type\":\"ImageObject\",\"inLanguage\":\"pt-BR\",\"@id\":\"https:\\\/\\\/resumopolitico.com.br\\\/?p=36366#primaryimage\",\"url\":\"https:\\\/\\\/resumopolitico.com.br\\\/wp-content\\\/uploads\\\/2026\\\/04\\\/WhatsApp-Image-2026-04-28-at-16.13.16-1.jpeg\",\"contentUrl\":\"https:\\\/\\\/resumopolitico.com.br\\\/wp-content\\\/uploads\\\/2026\\\/04\\\/WhatsApp-Image-2026-04-28-at-16.13.16-1.jpeg\",\"width\":850,\"height\":560},{\"@type\":\"BreadcrumbList\",\"@id\":\"https:\\\/\\\/resumopolitico.com.br\\\/?p=36366#breadcrumb\",\"itemListElement\":[{\"@type\":\"ListItem\",\"position\":1,\"name\":\"In\u00edcio\",\"item\":\"https:\\\/\\\/resumopolitico.com.br\\\/\"},{\"@type\":\"ListItem\",\"position\":2,\"name\":\"Estudantes participam de concerto da Orquestra Sinf\u00f4nica de Lisboa\"}]},{\"@type\":\"WebSite\",\"@id\":\"https:\\\/\\\/resumopolitico.com.br\\\/#website\",\"url\":\"https:\\\/\\\/resumopolitico.com.br\\\/\",\"name\":\"Resumo Pol\u00edtico\",\"description\":\"Resumo Pol\u00edtico\",\"potentialAction\":[{\"@type\":\"SearchAction\",\"target\":{\"@type\":\"EntryPoint\",\"urlTemplate\":\"https:\\\/\\\/resumopolitico.com.br\\\/?s={search_term_string}\"},\"query-input\":{\"@type\":\"PropertyValueSpecification\",\"valueRequired\":true,\"valueName\":\"search_term_string\"}}],\"inLanguage\":\"pt-BR\"},{\"@type\":\"Person\",\"@id\":\"https:\\\/\\\/resumopolitico.com.br\\\/#\\\/schema\\\/person\\\/8e54285779750ca1eb5d54a40785d6f3\",\"name\":\"resumopolitico\",\"image\":{\"@type\":\"ImageObject\",\"inLanguage\":\"pt-BR\",\"@id\":\"\\\/\\\/www.gravatar.com\\\/avatar\\\/964d308c93aaf0c33319e9a3bc3b8ac5?s=96&#038;r=g&#038;d=mm\",\"url\":\"\\\/\\\/www.gravatar.com\\\/avatar\\\/964d308c93aaf0c33319e9a3bc3b8ac5?s=96&#038;r=g&#038;d=mm\",\"contentUrl\":\"\\\/\\\/www.gravatar.com\\\/avatar\\\/964d308c93aaf0c33319e9a3bc3b8ac5?s=96&#038;r=g&#038;d=mm\",\"caption\":\"resumopolitico\"},\"sameAs\":[\"http:\\\/\\\/resumopolitico.com.br\"],\"url\":\"https:\\\/\\\/resumopolitico.com.br\\\/?bp_members=1&bp_member=resumopoliticoprofile\\\/home\\\/\"}]}<\/script>\n<!-- \/ Yoast SEO plugin. -->","yoast_head_json":{"title":"Estudantes participam de concerto da Orquestra Sinf\u00f4nica de Lisboa - Resumo Pol\u00edtico","robots":{"index":"index","follow":"follow","max-snippet":"max-snippet:-1","max-image-preview":"max-image-preview:large","max-video-preview":"max-video-preview:-1"},"canonical":"https:\/\/resumopolitico.com.br\/?p=36366","og_locale":"pt_BR","og_type":"article","og_title":"Estudantes participam de concerto da Orquestra Sinf\u00f4nica de Lisboa - Resumo Pol\u00edtico","og_description":"No Dia Mundial da Educa\u00e7\u00e3o, evento aborda cultura e combate ao bullying nas escolas O som dos violinos e dos metais ganhou um novo significado para 1.400 alunos da rede p\u00fablica de ensino de Macei\u00f3. Em uma celebra\u00e7\u00e3o marcante, nesta ter\u00e7a-feira (28), quando \u00e9 comemorado o Dia Mundial da Educa\u00e7\u00e3o, a Secretaria Municipal de Educa\u00e7\u00e3o [&hellip;]","og_url":"https:\/\/resumopolitico.com.br\/?p=36366","og_site_name":"Resumo Pol\u00edtico","article_published_time":"2026-04-29T01:23:38+00:00","article_modified_time":"2026-04-29T01:24:21+00:00","og_image":[{"width":850,"height":560,"url":"https:\/\/resumopolitico.com.br\/wp-content\/uploads\/2026\/04\/WhatsApp-Image-2026-04-28-at-16.13.16-1.jpeg","type":"image\/jpeg"}],"author":"resumopolitico","twitter_card":"summary_large_image","twitter_misc":{"Escrito por":"resumopolitico","Est. tempo de leitura":"4 minutos"},"schema":{"@context":"https:\/\/schema.org","@graph":[{"@type":"Article","@id":"https:\/\/resumopolitico.com.br\/?p=36366#article","isPartOf":{"@id":"https:\/\/resumopolitico.com.br\/?p=36366"},"author":{"name":"resumopolitico","@id":"https:\/\/resumopolitico.com.br\/#\/schema\/person\/8e54285779750ca1eb5d54a40785d6f3"},"headline":"Estudantes participam de concerto da Orquestra Sinf\u00f4nica de Lisboa","datePublished":"2026-04-29T01:23:38+00:00","dateModified":"2026-04-29T01:24:21+00:00","mainEntityOfPage":{"@id":"https:\/\/resumopolitico.com.br\/?p=36366"},"wordCount":649,"commentCount":0,"image":{"@id":"https:\/\/resumopolitico.com.br\/?p=36366#primaryimage"},"thumbnailUrl":"https:\/\/resumopolitico.com.br\/wp-content\/uploads\/2026\/04\/WhatsApp-Image-2026-04-28-at-16.13.16-1.jpeg","articleSection":["Alagoas","Destaque"],"inLanguage":"pt-BR","potentialAction":[{"@type":"CommentAction","name":"Comment","target":["https:\/\/resumopolitico.com.br\/?p=36366#respond"]}]},{"@type":"WebPage","@id":"https:\/\/resumopolitico.com.br\/?p=36366","url":"https:\/\/resumopolitico.com.br\/?p=36366","name":"Estudantes participam de concerto da Orquestra Sinf\u00f4nica de Lisboa - Resumo Pol\u00edtico","isPartOf":{"@id":"https:\/\/resumopolitico.com.br\/#website"},"primaryImageOfPage":{"@id":"https:\/\/resumopolitico.com.br\/?p=36366#primaryimage"},"image":{"@id":"https:\/\/resumopolitico.com.br\/?p=36366#primaryimage"},"thumbnailUrl":"https:\/\/resumopolitico.com.br\/wp-content\/uploads\/2026\/04\/WhatsApp-Image-2026-04-28-at-16.13.16-1.jpeg","datePublished":"2026-04-29T01:23:38+00:00","dateModified":"2026-04-29T01:24:21+00:00","author":{"@id":"https:\/\/resumopolitico.com.br\/#\/schema\/person\/8e54285779750ca1eb5d54a40785d6f3"},"breadcrumb":{"@id":"https:\/\/resumopolitico.com.br\/?p=36366#breadcrumb"},"inLanguage":"pt-BR","potentialAction":[{"@type":"ReadAction","target":["https:\/\/resumopolitico.com.br\/?p=36366"]}]},{"@type":"ImageObject","inLanguage":"pt-BR","@id":"https:\/\/resumopolitico.com.br\/?p=36366#primaryimage","url":"https:\/\/resumopolitico.com.br\/wp-content\/uploads\/2026\/04\/WhatsApp-Image-2026-04-28-at-16.13.16-1.jpeg","contentUrl":"https:\/\/resumopolitico.com.br\/wp-content\/uploads\/2026\/04\/WhatsApp-Image-2026-04-28-at-16.13.16-1.jpeg","width":850,"height":560},{"@type":"BreadcrumbList","@id":"https:\/\/resumopolitico.com.br\/?p=36366#breadcrumb","itemListElement":[{"@type":"ListItem","position":1,"name":"In\u00edcio","item":"https:\/\/resumopolitico.com.br\/"},{"@type":"ListItem","position":2,"name":"Estudantes participam de concerto da Orquestra Sinf\u00f4nica de Lisboa"}]},{"@type":"WebSite","@id":"https:\/\/resumopolitico.com.br\/#website","url":"https:\/\/resumopolitico.com.br\/","name":"Resumo Pol\u00edtico","description":"Resumo Pol\u00edtico","potentialAction":[{"@type":"SearchAction","target":{"@type":"EntryPoint","urlTemplate":"https:\/\/resumopolitico.com.br\/?s={search_term_string}"},"query-input":{"@type":"PropertyValueSpecification","valueRequired":true,"valueName":"search_term_string"}}],"inLanguage":"pt-BR"},{"@type":"Person","@id":"https:\/\/resumopolitico.com.br\/#\/schema\/person\/8e54285779750ca1eb5d54a40785d6f3","name":"resumopolitico","image":{"@type":"ImageObject","inLanguage":"pt-BR","@id":"\/\/www.gravatar.com\/avatar\/964d308c93aaf0c33319e9a3bc3b8ac5?s=96&#038;r=g&#038;d=mm","url":"\/\/www.gravatar.com\/avatar\/964d308c93aaf0c33319e9a3bc3b8ac5?s=96&#038;r=g&#038;d=mm","contentUrl":"\/\/www.gravatar.com\/avatar\/964d308c93aaf0c33319e9a3bc3b8ac5?s=96&#038;r=g&#038;d=mm","caption":"resumopolitico"},"sameAs":["http:\/\/resumopolitico.com.br"],"url":"https:\/\/resumopolitico.com.br\/?bp_members=1&bp_member=resumopoliticoprofile\/home\/"}]}},"_links":{"self":[{"href":"https:\/\/resumopolitico.com.br\/index.php?rest_route=\/wp\/v2\/posts\/36366","targetHints":{"allow":["GET"]}}],"collection":[{"href":"https:\/\/resumopolitico.com.br\/index.php?rest_route=\/wp\/v2\/posts"}],"about":[{"href":"https:\/\/resumopolitico.com.br\/index.php?rest_route=\/wp\/v2\/types\/post"}],"author":[{"embeddable":true,"href":"https:\/\/resumopolitico.com.br\/index.php?rest_route=\/wp\/v2\/users\/1"}],"replies":[{"embeddable":true,"href":"https:\/\/resumopolitico.com.br\/index.php?rest_route=%2Fwp%2Fv2%2Fcomments&post=36366"}],"version-history":[{"count":3,"href":"https:\/\/resumopolitico.com.br\/index.php?rest_route=\/wp\/v2\/posts\/36366\/revisions"}],"predecessor-version":[{"id":36370,"href":"https:\/\/resumopolitico.com.br\/index.php?rest_route=\/wp\/v2\/posts\/36366\/revisions\/36370"}],"wp:featuredmedia":[{"embeddable":true,"href":"https:\/\/resumopolitico.com.br\/index.php?rest_route=\/wp\/v2\/media\/36367"}],"wp:attachment":[{"href":"https:\/\/resumopolitico.com.br\/index.php?rest_route=%2Fwp%2Fv2%2Fmedia&parent=36366"}],"wp:term":[{"taxonomy":"category","embeddable":true,"href":"https:\/\/resumopolitico.com.br\/index.php?rest_route=%2Fwp%2Fv2%2Fcategories&post=36366"},{"taxonomy":"post_tag","embeddable":true,"href":"https:\/\/resumopolitico.com.br\/index.php?rest_route=%2Fwp%2Fv2%2Ftags&post=36366"}],"curies":[{"name":"wp","href":"https:\/\/api.w.org\/{rel}","templated":true}]}}