{"id":36379,"date":"2026-04-29T20:55:25","date_gmt":"2026-04-29T23:55:25","guid":{"rendered":"https:\/\/resumopolitico.com.br\/?p=36379"},"modified":"2026-04-29T20:55:56","modified_gmt":"2026-04-29T23:55:56","slug":"36379","status":"publish","type":"post","link":"https:\/\/resumopolitico.com.br\/?p=36379","title":{"rendered":"Indica\u00e7\u00e3o de Jorge Messias ao STF \u00e9 rejeitada pelo Senado"},"content":{"rendered":"<p>Por 42 contr\u00e1rios a 34 votos a favor, o Plen\u00e1rio rejeitou nesta quarta-feira (29) a indica\u00e7\u00e3o de Jorge Rodrigo Ara\u00fajo Messias para ministro do Supremo Tribunal Federal. A aprova\u00e7\u00e3o da indica\u00e7\u00e3o (<a href=\"https:\/\/www25.senado.leg.br\/web\/atividade\/materias\/-\/materia\/173452\" target=\"_blank\" rel=\"noopener\">MSF 7\/2026<\/a>) dependia do voto favor\u00e1vel de pelo menos 41 senadores.<\/p>\n<p><img fetchpriority=\"high\" decoding=\"async\" class=\"alignnone size-full wp-image-36382\" src=\"https:\/\/resumopolitico.com.br\/wp-content\/uploads\/2026\/04\/WhatsApp-Image-2026-04-29-at-20.25.41.jpeg\" alt=\"\" width=\"1290\" height=\"823\" srcset=\"https:\/\/resumopolitico.com.br\/wp-content\/uploads\/2026\/04\/WhatsApp-Image-2026-04-29-at-20.25.41.jpeg 1290w, https:\/\/resumopolitico.com.br\/wp-content\/uploads\/2026\/04\/WhatsApp-Image-2026-04-29-at-20.25.41-300x191.jpeg 300w, https:\/\/resumopolitico.com.br\/wp-content\/uploads\/2026\/04\/WhatsApp-Image-2026-04-29-at-20.25.41-1024x653.jpeg 1024w, https:\/\/resumopolitico.com.br\/wp-content\/uploads\/2026\/04\/WhatsApp-Image-2026-04-29-at-20.25.41-768x490.jpeg 768w, https:\/\/resumopolitico.com.br\/wp-content\/uploads\/2026\/04\/WhatsApp-Image-2026-04-29-at-20.25.41-750x478.jpeg 750w, https:\/\/resumopolitico.com.br\/wp-content\/uploads\/2026\/04\/WhatsApp-Image-2026-04-29-at-20.25.41-1140x727.jpeg 1140w\" sizes=\"(max-width: 1290px) 100vw, 1290px\" \/><\/p>\n<p>Esta foi a primeira vez que uma indica\u00e7\u00e3o ao STF foi rejeitada em 132 anos. Antes desse per\u00edodo, apenas cinco indica\u00e7\u00f5es feitas pelo ent\u00e3o presidente da Rep\u00fablica foram derrubadas pelos senadores. Todas as rejei\u00e7\u00f5es ocorreram em 1894, no governo do marechal Floriano Peixoto. O STF foi criado em 1890, ap\u00f3s a Proclama\u00e7\u00e3o da Rep\u00fablica.<\/p>\n<p>O atual advogado-geral da Uni\u00e3o foi indicado para o cargo pelo presidente Luiz In\u00e1cio Lula da Silva, na vaga decorrente da aposentadoria antecipada de Lu\u00eds Roberto Barroso, que deixou o tribunal em outubro de 2025.<\/p>\n<p>A indica\u00e7\u00e3o seguiu para vota\u00e7\u00e3o em Plen\u00e1rio ap\u00f3s sabatina de Jorge Messias na Comiss\u00e3o de Constitui\u00e7\u00e3o, Justi\u00e7a e Cidadania (CCJ), que o aprovou por 16 votos favor\u00e1veis e 11 contr\u00e1rios.<\/p>\n<p><img decoding=\"async\" class=\"alignnone size-full wp-image-36380\" src=\"https:\/\/resumopolitico.com.br\/wp-content\/uploads\/2026\/04\/WhatsApp-Image-2026-04-29-at-20.22.52-1.jpeg\" alt=\"\" width=\"1290\" height=\"899\" srcset=\"https:\/\/resumopolitico.com.br\/wp-content\/uploads\/2026\/04\/WhatsApp-Image-2026-04-29-at-20.22.52-1.jpeg 1290w, https:\/\/resumopolitico.com.br\/wp-content\/uploads\/2026\/04\/WhatsApp-Image-2026-04-29-at-20.22.52-1-300x209.jpeg 300w, https:\/\/resumopolitico.com.br\/wp-content\/uploads\/2026\/04\/WhatsApp-Image-2026-04-29-at-20.22.52-1-1024x714.jpeg 1024w, https:\/\/resumopolitico.com.br\/wp-content\/uploads\/2026\/04\/WhatsApp-Image-2026-04-29-at-20.22.52-1-768x535.jpeg 768w, https:\/\/resumopolitico.com.br\/wp-content\/uploads\/2026\/04\/WhatsApp-Image-2026-04-29-at-20.22.52-1-750x523.jpeg 750w, https:\/\/resumopolitico.com.br\/wp-content\/uploads\/2026\/04\/WhatsApp-Image-2026-04-29-at-20.22.52-1-1140x794.jpeg 1140w\" sizes=\"(max-width: 1290px) 100vw, 1290px\" \/><\/p>\n<p>Antes da vota\u00e7\u00e3o, em resposta ao relator da indica\u00e7\u00e3o na CCJ, senador Weverton (PDT-MA), o presidente do Senado, Davi Alcolumbre, disse que cumpriu com as suas atribui\u00e7\u00f5es constitucionais e regimentais em rela\u00e7\u00e3o \u00e0 sabatina de autoridades. Davi criticou a demora do Poder Executivo para enviar a mensagem com a indica\u00e7\u00e3o de Jorge Messias. Embora o an\u00fancio do nome tenha sido feito em novembro do ano passado, a mensagem s\u00f3 chegou formalmente ao Senado em abril deste ano.<\/p>\n<p><img decoding=\"async\" class=\"alignnone size-full wp-image-36381\" src=\"https:\/\/resumopolitico.com.br\/wp-content\/uploads\/2026\/04\/WhatsApp-Image-2026-04-29-at-20.22.52.jpeg\" alt=\"\" width=\"1290\" height=\"705\" srcset=\"https:\/\/resumopolitico.com.br\/wp-content\/uploads\/2026\/04\/WhatsApp-Image-2026-04-29-at-20.22.52.jpeg 1290w, https:\/\/resumopolitico.com.br\/wp-content\/uploads\/2026\/04\/WhatsApp-Image-2026-04-29-at-20.22.52-300x164.jpeg 300w, https:\/\/resumopolitico.com.br\/wp-content\/uploads\/2026\/04\/WhatsApp-Image-2026-04-29-at-20.22.52-1024x560.jpeg 1024w, https:\/\/resumopolitico.com.br\/wp-content\/uploads\/2026\/04\/WhatsApp-Image-2026-04-29-at-20.22.52-768x420.jpeg 768w, https:\/\/resumopolitico.com.br\/wp-content\/uploads\/2026\/04\/WhatsApp-Image-2026-04-29-at-20.22.52-750x410.jpeg 750w, https:\/\/resumopolitico.com.br\/wp-content\/uploads\/2026\/04\/WhatsApp-Image-2026-04-29-at-20.22.52-1140x623.jpeg 1140w\" sizes=\"(max-width: 1290px) 100vw, 1290px\" \/><\/p>\n<p>\u2014 O que eu pretendo fazer hoje? Votar todas as autoridades do CNMP e do CNJ, chamando aten\u00e7\u00e3o para os senadores, para que eles possam vir ao Plen\u00e1rio, para que n\u00f3s possamos ter um n\u00famero adequado e expressivo de senadores e senadoras, para, a\u00ed sim, deliberarmos a Defensoria, o Tribunal do Trabalho e o Supremo Tribunal Federal. Essa \u00e9 a nossa decis\u00e3o.<\/p>\n<p><em><strong>Fonte: Ag\u00eancia Senado<\/strong><\/em><\/p>\n","protected":false},"excerpt":{"rendered":"<p>Por 42 contr\u00e1rios a 34 votos a favor, o Plen\u00e1rio rejeitou nesta quarta-feira (29) a indica\u00e7\u00e3o de Jorge Rodrigo Ara\u00fajo Messias para ministro do Supremo Tribunal Federal. A aprova\u00e7\u00e3o da indica\u00e7\u00e3o (MSF 7\/2026) dependia do voto favor\u00e1vel de pelo menos 41 senadores. Esta foi a primeira vez que uma indica\u00e7\u00e3o ao STF foi rejeitada em [&hellip;]<\/p>\n","protected":false},"author":1,"featured_media":36383,"comment_status":"open","ping_status":"open","sticky":false,"template":"","format":"standard","meta":{"_monsterinsights_skip_tracking":false,"_monsterinsights_sitenote_active":false,"_monsterinsights_sitenote_note":"","_monsterinsights_sitenote_category":0,"footnotes":""},"categories":[104],"tags":[],"class_list":["post-36379","post","type-post","status-publish","format-standard","has-post-thumbnail","hentry","category-destaque"],"yoast_head":"<!-- This site is optimized with the Yoast SEO plugin v27.5 - https:\/\/yoast.com\/product\/yoast-seo-wordpress\/ -->\n<title>Indica\u00e7\u00e3o de Jorge Messias ao STF \u00e9 rejeitada pelo Senado - Resumo Pol\u00edtico<\/title>\n<meta name=\"robots\" content=\"index, follow, max-snippet:-1, max-image-preview:large, max-video-preview:-1\" \/>\n<link rel=\"canonical\" href=\"https:\/\/resumopolitico.com.br\/?p=36379\" \/>\n<meta property=\"og:locale\" content=\"pt_BR\" \/>\n<meta property=\"og:type\" content=\"article\" \/>\n<meta property=\"og:title\" content=\"Indica\u00e7\u00e3o de Jorge Messias ao STF \u00e9 rejeitada pelo Senado - Resumo Pol\u00edtico\" \/>\n<meta property=\"og:description\" content=\"Por 42 contr\u00e1rios a 34 votos a favor, o Plen\u00e1rio rejeitou nesta quarta-feira (29) a indica\u00e7\u00e3o de Jorge Rodrigo Ara\u00fajo Messias para ministro do Supremo Tribunal Federal. A aprova\u00e7\u00e3o da indica\u00e7\u00e3o (MSF 7\/2026) dependia do voto favor\u00e1vel de pelo menos 41 senadores. Esta foi a primeira vez que uma indica\u00e7\u00e3o ao STF foi rejeitada em [&hellip;]\" \/>\n<meta property=\"og:url\" content=\"https:\/\/resumopolitico.com.br\/?p=36379\" \/>\n<meta property=\"og:site_name\" content=\"Resumo Pol\u00edtico\" \/>\n<meta property=\"article:published_time\" content=\"2026-04-29T23:55:25+00:00\" \/>\n<meta property=\"article:modified_time\" content=\"2026-04-29T23:55:56+00:00\" \/>\n<meta property=\"og:image\" content=\"https:\/\/resumopolitico.com.br\/wp-content\/uploads\/2026\/04\/imagem_materia.jpg\" \/>\n\t<meta property=\"og:image:width\" content=\"860\" \/>\n\t<meta property=\"og:image:height\" content=\"570\" \/>\n\t<meta property=\"og:image:type\" content=\"image\/jpeg\" \/>\n<meta name=\"author\" content=\"resumopolitico\" \/>\n<meta name=\"twitter:card\" content=\"summary_large_image\" \/>\n<meta name=\"twitter:label1\" content=\"Escrito por\" \/>\n\t<meta name=\"twitter:data1\" content=\"resumopolitico\" \/>\n\t<meta name=\"twitter:label2\" content=\"Est. tempo de leitura\" \/>\n\t<meta name=\"twitter:data2\" content=\"3 minutos\" \/>\n<script type=\"application\/ld+json\" class=\"yoast-schema-graph\">{\"@context\":\"https:\\\/\\\/schema.org\",\"@graph\":[{\"@type\":\"Article\",\"@id\":\"https:\\\/\\\/resumopolitico.com.br\\\/?p=36379#article\",\"isPartOf\":{\"@id\":\"https:\\\/\\\/resumopolitico.com.br\\\/?p=36379\"},\"author\":{\"name\":\"resumopolitico\",\"@id\":\"https:\\\/\\\/resumopolitico.com.br\\\/#\\\/schema\\\/person\\\/8e54285779750ca1eb5d54a40785d6f3\"},\"headline\":\"Indica\u00e7\u00e3o de Jorge Messias ao STF \u00e9 rejeitada pelo Senado\",\"datePublished\":\"2026-04-29T23:55:25+00:00\",\"dateModified\":\"2026-04-29T23:55:56+00:00\",\"mainEntityOfPage\":{\"@id\":\"https:\\\/\\\/resumopolitico.com.br\\\/?p=36379\"},\"wordCount\":339,\"commentCount\":0,\"image\":{\"@id\":\"https:\\\/\\\/resumopolitico.com.br\\\/?p=36379#primaryimage\"},\"thumbnailUrl\":\"https:\\\/\\\/resumopolitico.com.br\\\/wp-content\\\/uploads\\\/2026\\\/04\\\/imagem_materia.jpg\",\"articleSection\":[\"Destaque\"],\"inLanguage\":\"pt-BR\",\"potentialAction\":[{\"@type\":\"CommentAction\",\"name\":\"Comment\",\"target\":[\"https:\\\/\\\/resumopolitico.com.br\\\/?p=36379#respond\"]}]},{\"@type\":\"WebPage\",\"@id\":\"https:\\\/\\\/resumopolitico.com.br\\\/?p=36379\",\"url\":\"https:\\\/\\\/resumopolitico.com.br\\\/?p=36379\",\"name\":\"Indica\u00e7\u00e3o de Jorge Messias ao STF \u00e9 rejeitada pelo Senado - Resumo Pol\u00edtico\",\"isPartOf\":{\"@id\":\"https:\\\/\\\/resumopolitico.com.br\\\/#website\"},\"primaryImageOfPage\":{\"@id\":\"https:\\\/\\\/resumopolitico.com.br\\\/?p=36379#primaryimage\"},\"image\":{\"@id\":\"https:\\\/\\\/resumopolitico.com.br\\\/?p=36379#primaryimage\"},\"thumbnailUrl\":\"https:\\\/\\\/resumopolitico.com.br\\\/wp-content\\\/uploads\\\/2026\\\/04\\\/imagem_materia.jpg\",\"datePublished\":\"2026-04-29T23:55:25+00:00\",\"dateModified\":\"2026-04-29T23:55:56+00:00\",\"author\":{\"@id\":\"https:\\\/\\\/resumopolitico.com.br\\\/#\\\/schema\\\/person\\\/8e54285779750ca1eb5d54a40785d6f3\"},\"breadcrumb\":{\"@id\":\"https:\\\/\\\/resumopolitico.com.br\\\/?p=36379#breadcrumb\"},\"inLanguage\":\"pt-BR\",\"potentialAction\":[{\"@type\":\"ReadAction\",\"target\":[\"https:\\\/\\\/resumopolitico.com.br\\\/?p=36379\"]}]},{\"@type\":\"ImageObject\",\"inLanguage\":\"pt-BR\",\"@id\":\"https:\\\/\\\/resumopolitico.com.br\\\/?p=36379#primaryimage\",\"url\":\"https:\\\/\\\/resumopolitico.com.br\\\/wp-content\\\/uploads\\\/2026\\\/04\\\/imagem_materia.jpg\",\"contentUrl\":\"https:\\\/\\\/resumopolitico.com.br\\\/wp-content\\\/uploads\\\/2026\\\/04\\\/imagem_materia.jpg\",\"width\":860,\"height\":570},{\"@type\":\"BreadcrumbList\",\"@id\":\"https:\\\/\\\/resumopolitico.com.br\\\/?p=36379#breadcrumb\",\"itemListElement\":[{\"@type\":\"ListItem\",\"position\":1,\"name\":\"In\u00edcio\",\"item\":\"https:\\\/\\\/resumopolitico.com.br\\\/\"},{\"@type\":\"ListItem\",\"position\":2,\"name\":\"Indica\u00e7\u00e3o de Jorge Messias ao STF \u00e9 rejeitada pelo Senado\"}]},{\"@type\":\"WebSite\",\"@id\":\"https:\\\/\\\/resumopolitico.com.br\\\/#website\",\"url\":\"https:\\\/\\\/resumopolitico.com.br\\\/\",\"name\":\"Resumo Pol\u00edtico\",\"description\":\"Resumo Pol\u00edtico\",\"potentialAction\":[{\"@type\":\"SearchAction\",\"target\":{\"@type\":\"EntryPoint\",\"urlTemplate\":\"https:\\\/\\\/resumopolitico.com.br\\\/?s={search_term_string}\"},\"query-input\":{\"@type\":\"PropertyValueSpecification\",\"valueRequired\":true,\"valueName\":\"search_term_string\"}}],\"inLanguage\":\"pt-BR\"},{\"@type\":\"Person\",\"@id\":\"https:\\\/\\\/resumopolitico.com.br\\\/#\\\/schema\\\/person\\\/8e54285779750ca1eb5d54a40785d6f3\",\"name\":\"resumopolitico\",\"image\":{\"@type\":\"ImageObject\",\"inLanguage\":\"pt-BR\",\"@id\":\"\\\/\\\/www.gravatar.com\\\/avatar\\\/964d308c93aaf0c33319e9a3bc3b8ac5?s=96&#038;r=g&#038;d=mm\",\"url\":\"\\\/\\\/www.gravatar.com\\\/avatar\\\/964d308c93aaf0c33319e9a3bc3b8ac5?s=96&#038;r=g&#038;d=mm\",\"contentUrl\":\"\\\/\\\/www.gravatar.com\\\/avatar\\\/964d308c93aaf0c33319e9a3bc3b8ac5?s=96&#038;r=g&#038;d=mm\",\"caption\":\"resumopolitico\"},\"sameAs\":[\"http:\\\/\\\/resumopolitico.com.br\"],\"url\":\"https:\\\/\\\/resumopolitico.com.br\\\/?bp_members=1&bp_member=resumopoliticoprofile\\\/home\\\/\"}]}<\/script>\n<!-- \/ Yoast SEO plugin. -->","yoast_head_json":{"title":"Indica\u00e7\u00e3o de Jorge Messias ao STF \u00e9 rejeitada pelo Senado - Resumo Pol\u00edtico","robots":{"index":"index","follow":"follow","max-snippet":"max-snippet:-1","max-image-preview":"max-image-preview:large","max-video-preview":"max-video-preview:-1"},"canonical":"https:\/\/resumopolitico.com.br\/?p=36379","og_locale":"pt_BR","og_type":"article","og_title":"Indica\u00e7\u00e3o de Jorge Messias ao STF \u00e9 rejeitada pelo Senado - Resumo Pol\u00edtico","og_description":"Por 42 contr\u00e1rios a 34 votos a favor, o Plen\u00e1rio rejeitou nesta quarta-feira (29) a indica\u00e7\u00e3o de Jorge Rodrigo Ara\u00fajo Messias para ministro do Supremo Tribunal Federal. A aprova\u00e7\u00e3o da indica\u00e7\u00e3o (MSF 7\/2026) dependia do voto favor\u00e1vel de pelo menos 41 senadores. Esta foi a primeira vez que uma indica\u00e7\u00e3o ao STF foi rejeitada em [&hellip;]","og_url":"https:\/\/resumopolitico.com.br\/?p=36379","og_site_name":"Resumo Pol\u00edtico","article_published_time":"2026-04-29T23:55:25+00:00","article_modified_time":"2026-04-29T23:55:56+00:00","og_image":[{"width":860,"height":570,"url":"https:\/\/resumopolitico.com.br\/wp-content\/uploads\/2026\/04\/imagem_materia.jpg","type":"image\/jpeg"}],"author":"resumopolitico","twitter_card":"summary_large_image","twitter_misc":{"Escrito por":"resumopolitico","Est. tempo de leitura":"3 minutos"},"schema":{"@context":"https:\/\/schema.org","@graph":[{"@type":"Article","@id":"https:\/\/resumopolitico.com.br\/?p=36379#article","isPartOf":{"@id":"https:\/\/resumopolitico.com.br\/?p=36379"},"author":{"name":"resumopolitico","@id":"https:\/\/resumopolitico.com.br\/#\/schema\/person\/8e54285779750ca1eb5d54a40785d6f3"},"headline":"Indica\u00e7\u00e3o de Jorge Messias ao STF \u00e9 rejeitada pelo Senado","datePublished":"2026-04-29T23:55:25+00:00","dateModified":"2026-04-29T23:55:56+00:00","mainEntityOfPage":{"@id":"https:\/\/resumopolitico.com.br\/?p=36379"},"wordCount":339,"commentCount":0,"image":{"@id":"https:\/\/resumopolitico.com.br\/?p=36379#primaryimage"},"thumbnailUrl":"https:\/\/resumopolitico.com.br\/wp-content\/uploads\/2026\/04\/imagem_materia.jpg","articleSection":["Destaque"],"inLanguage":"pt-BR","potentialAction":[{"@type":"CommentAction","name":"Comment","target":["https:\/\/resumopolitico.com.br\/?p=36379#respond"]}]},{"@type":"WebPage","@id":"https:\/\/resumopolitico.com.br\/?p=36379","url":"https:\/\/resumopolitico.com.br\/?p=36379","name":"Indica\u00e7\u00e3o de Jorge Messias ao STF \u00e9 rejeitada pelo Senado - Resumo Pol\u00edtico","isPartOf":{"@id":"https:\/\/resumopolitico.com.br\/#website"},"primaryImageOfPage":{"@id":"https:\/\/resumopolitico.com.br\/?p=36379#primaryimage"},"image":{"@id":"https:\/\/resumopolitico.com.br\/?p=36379#primaryimage"},"thumbnailUrl":"https:\/\/resumopolitico.com.br\/wp-content\/uploads\/2026\/04\/imagem_materia.jpg","datePublished":"2026-04-29T23:55:25+00:00","dateModified":"2026-04-29T23:55:56+00:00","author":{"@id":"https:\/\/resumopolitico.com.br\/#\/schema\/person\/8e54285779750ca1eb5d54a40785d6f3"},"breadcrumb":{"@id":"https:\/\/resumopolitico.com.br\/?p=36379#breadcrumb"},"inLanguage":"pt-BR","potentialAction":[{"@type":"ReadAction","target":["https:\/\/resumopolitico.com.br\/?p=36379"]}]},{"@type":"ImageObject","inLanguage":"pt-BR","@id":"https:\/\/resumopolitico.com.br\/?p=36379#primaryimage","url":"https:\/\/resumopolitico.com.br\/wp-content\/uploads\/2026\/04\/imagem_materia.jpg","contentUrl":"https:\/\/resumopolitico.com.br\/wp-content\/uploads\/2026\/04\/imagem_materia.jpg","width":860,"height":570},{"@type":"BreadcrumbList","@id":"https:\/\/resumopolitico.com.br\/?p=36379#breadcrumb","itemListElement":[{"@type":"ListItem","position":1,"name":"In\u00edcio","item":"https:\/\/resumopolitico.com.br\/"},{"@type":"ListItem","position":2,"name":"Indica\u00e7\u00e3o de Jorge Messias ao STF \u00e9 rejeitada pelo Senado"}]},{"@type":"WebSite","@id":"https:\/\/resumopolitico.com.br\/#website","url":"https:\/\/resumopolitico.com.br\/","name":"Resumo Pol\u00edtico","description":"Resumo Pol\u00edtico","potentialAction":[{"@type":"SearchAction","target":{"@type":"EntryPoint","urlTemplate":"https:\/\/resumopolitico.com.br\/?s={search_term_string}"},"query-input":{"@type":"PropertyValueSpecification","valueRequired":true,"valueName":"search_term_string"}}],"inLanguage":"pt-BR"},{"@type":"Person","@id":"https:\/\/resumopolitico.com.br\/#\/schema\/person\/8e54285779750ca1eb5d54a40785d6f3","name":"resumopolitico","image":{"@type":"ImageObject","inLanguage":"pt-BR","@id":"\/\/www.gravatar.com\/avatar\/964d308c93aaf0c33319e9a3bc3b8ac5?s=96&#038;r=g&#038;d=mm","url":"\/\/www.gravatar.com\/avatar\/964d308c93aaf0c33319e9a3bc3b8ac5?s=96&#038;r=g&#038;d=mm","contentUrl":"\/\/www.gravatar.com\/avatar\/964d308c93aaf0c33319e9a3bc3b8ac5?s=96&#038;r=g&#038;d=mm","caption":"resumopolitico"},"sameAs":["http:\/\/resumopolitico.com.br"],"url":"https:\/\/resumopolitico.com.br\/?bp_members=1&bp_member=resumopoliticoprofile\/home\/"}]}},"_links":{"self":[{"href":"https:\/\/resumopolitico.com.br\/index.php?rest_route=\/wp\/v2\/posts\/36379","targetHints":{"allow":["GET"]}}],"collection":[{"href":"https:\/\/resumopolitico.com.br\/index.php?rest_route=\/wp\/v2\/posts"}],"about":[{"href":"https:\/\/resumopolitico.com.br\/index.php?rest_route=\/wp\/v2\/types\/post"}],"author":[{"embeddable":true,"href":"https:\/\/resumopolitico.com.br\/index.php?rest_route=\/wp\/v2\/users\/1"}],"replies":[{"embeddable":true,"href":"https:\/\/resumopolitico.com.br\/index.php?rest_route=%2Fwp%2Fv2%2Fcomments&post=36379"}],"version-history":[{"count":2,"href":"https:\/\/resumopolitico.com.br\/index.php?rest_route=\/wp\/v2\/posts\/36379\/revisions"}],"predecessor-version":[{"id":36385,"href":"https:\/\/resumopolitico.com.br\/index.php?rest_route=\/wp\/v2\/posts\/36379\/revisions\/36385"}],"wp:featuredmedia":[{"embeddable":true,"href":"https:\/\/resumopolitico.com.br\/index.php?rest_route=\/wp\/v2\/media\/36383"}],"wp:attachment":[{"href":"https:\/\/resumopolitico.com.br\/index.php?rest_route=%2Fwp%2Fv2%2Fmedia&parent=36379"}],"wp:term":[{"taxonomy":"category","embeddable":true,"href":"https:\/\/resumopolitico.com.br\/index.php?rest_route=%2Fwp%2Fv2%2Fcategories&post=36379"},{"taxonomy":"post_tag","embeddable":true,"href":"https:\/\/resumopolitico.com.br\/index.php?rest_route=%2Fwp%2Fv2%2Ftags&post=36379"}],"curies":[{"name":"wp","href":"https:\/\/api.w.org\/{rel}","templated":true}]}}