{"id":36390,"date":"2026-04-29T22:28:19","date_gmt":"2026-04-30T01:28:19","guid":{"rendered":"https:\/\/resumopolitico.com.br\/?p=36390"},"modified":"2026-04-29T22:28:45","modified_gmt":"2026-04-30T01:28:45","slug":"36390","status":"publish","type":"post","link":"https:\/\/resumopolitico.com.br\/?p=36390","title":{"rendered":"Prefeito Rodrigo Cunha acompanha in\u00edcio das atividades do Gigant\u00e3o e refor\u00e7a import\u00e2ncia da educa\u00e7\u00e3o integral"},"content":{"rendered":"<p>Gestor esteve no primeiro dia de aulas do equipamento, que vai atender at\u00e9 3.400 estudantes da rede p\u00fablica municipal no contraturno<\/p>\n<p data-base-font=\"18\">O prefeito Rodrigo Cunha acompanhou, nesta quarta-feira (29), o in\u00edcio das atividades no Gigant\u00e3o Vila Ol\u00edmpica, novo espa\u00e7o voltado \u00e0 educa\u00e7\u00e3o integral e ao desenvolvimento esportivo de estudantes da rede p\u00fablica de Macei\u00f3. A iniciativa marca o come\u00e7o de uma nova fase para o equipamento, que ter\u00e1 capacidade para atender at\u00e9 3.400 alunos no contraturno escolar.<\/p>\n<p data-base-font=\"18\">Durante a visita, o prefeito destacou o impacto do projeto na forma\u00e7\u00e3o das crian\u00e7as e adolescentes. \u201cEsse \u00e9 um espa\u00e7o que vai muito al\u00e9m do esporte. Aqui, a gente est\u00e1 investindo no presente e no futuro das nossas crian\u00e7as, oferecendo oportunidades, descobrindo talentos e garantindo um ambiente seguro para aprender, crescer e se exercitar\u201d, afirmou.<\/p>\n<p data-base-font=\"18\">Nesta primeira etapa, 700 estudantes de sete escolas municipais participaram das atividades, entre elas Pompeu Sarmento, Arnon de Mello, Padre Pinho, Higino Belo, Rui Palmeira, Dom H\u00e9lder C\u00e2mara e Ant\u00eddio Vieira. O p\u00fablico inclui alunos do 3\u00ba ao 5\u00ba ano do Ensino Fundamental e tamb\u00e9m do 6\u00ba ao 9\u00ba ano, com prioridade para turmas do tempo integral.<\/p>\n<div class=\"single-section-box single-section-img single-box-center\" data-base-font=\"14\">\n<figure data-base-font=\"14\"><a href=\"https:\/\/cdnpm.dhost.cloud\/imagens\/29-04-26-Primeiro-Dia-de-Atividades-Gigantao-SEMED-Rodrigo-Cunha-Foto-Felipe-Sostenes-71.jpg\" data-fancybox=\"images\" data-base-font=\"14\"><img decoding=\"async\" src=\"https:\/\/maceio.al.gov.br\/transform\/imagens\/_845xAUTO_crop_center-center_none\/29-04-26-Primeiro-Dia-de-Atividades-Gigantao-SEMED-Rodrigo-Cunha-Foto-Felipe-Sostenes-71.jpg\" alt=\"Prefeito Rodrigo Cunha na roda de Capoeira com estudantes. Foto: Felipe S\u00f3stenes\/ Secom Macei\u00f3\" data-base-font=\"14\" \/><\/a><figcaption data-base-font=\"16\"><small class=\"img-credits\" data-base-font=\"14\">Prefeito Rodrigo Cunha na roda de Capoeira com estudantes. Foto: Felipe S\u00f3stenes\/ Secom Macei\u00f3<\/small><\/figcaption><\/figure>\n<\/div>\n<p data-base-font=\"18\">As atividades acontecem nos turnos da manh\u00e3, das 8h \u00e0s 11h30, e da tarde, das 13h \u00e0s 16h30, com programa\u00e7\u00e3o diversificada que inclui capoeira, dan\u00e7a, teatro, m\u00fasica e modalidades esportivas como futebol, futsal, voleibol e queimado.<\/p>\n<p data-base-font=\"18\">A estudante Ana Alice, 11 anos, da Escola Municipal Arnon de Mello, comemorou a oportunidade de participar das atividades do Gigant\u00e3o. \u201cEstou gostando muito e estou muito feliz em praticar v\u00e1rios esportes aqui. Estou fazendo gin\u00e1stica e v\u00f4lei, mas quero conhecer outros esportes\u201d, contou.<\/p>\n<p data-base-font=\"18\">De acordo com o secret\u00e1rio de Educa\u00e7\u00e3o, Rog\u00e9rio Lima, os estudantes ser\u00e3o direcionados para diferentes atividades, como capoeira, dan\u00e7a e diversas modalidades esportivas, sempre acompanhados por professores e outros profissionais. \u201cA proposta \u00e9 garantir que, ao longo da semana, os estudantes tenham acesso a diferentes experi\u00eancias. Ou seja, a expectativa \u00e9 a melhor poss\u00edvel. Tudo foi planejado para que funcione bem\u201d, destacou.<\/p>\n<p data-base-font=\"18\">Al\u00e9m de um centro esportivo, o Gigant\u00e3o Vila Ol\u00edmpica se consolida como um espa\u00e7o de desenvolvimento integral, unindo pr\u00e1ticas corporais, culturais e pedag\u00f3gicas. A iniciativa tamb\u00e9m fortalece a pol\u00edtica de educa\u00e7\u00e3o em tempo integral no munic\u00edpio de Macei\u00f3, ampliando o tempo de perman\u00eancia dos estudantes em atividades educativas e inclusivas.<\/p>\n<p data-base-font=\"18\">Com estrutura ampla e proposta inovadora, o Gigant\u00e3o tamb\u00e9m deve contribuir para a forma\u00e7\u00e3o de novos talentos esportivos, projetando estudantes para competi\u00e7\u00f5es locais, nacionais e at\u00e9 internacionais.<\/p>\n","protected":false},"excerpt":{"rendered":"<p>Gestor esteve no primeiro dia de aulas do equipamento, que vai atender at\u00e9 3.400 estudantes da rede p\u00fablica municipal no contraturno O prefeito Rodrigo Cunha acompanhou, nesta quarta-feira (29), o in\u00edcio das atividades no Gigant\u00e3o Vila Ol\u00edmpica, novo espa\u00e7o voltado \u00e0 educa\u00e7\u00e3o integral e ao desenvolvimento esportivo de estudantes da rede p\u00fablica de Macei\u00f3. A [&hellip;]<\/p>\n","protected":false},"author":1,"featured_media":36391,"comment_status":"open","ping_status":"open","sticky":false,"template":"","format":"standard","meta":{"_monsterinsights_skip_tracking":false,"_monsterinsights_sitenote_active":false,"_monsterinsights_sitenote_note":"","_monsterinsights_sitenote_category":0,"footnotes":""},"categories":[66,104],"tags":[],"class_list":["post-36390","post","type-post","status-publish","format-standard","has-post-thumbnail","hentry","category-alagoas","category-destaque"],"yoast_head":"<!-- This site is optimized with the Yoast SEO plugin v27.5 - https:\/\/yoast.com\/product\/yoast-seo-wordpress\/ -->\n<title>Prefeito Rodrigo Cunha acompanha in\u00edcio das atividades do Gigant\u00e3o e refor\u00e7a import\u00e2ncia da educa\u00e7\u00e3o integral - Resumo Pol\u00edtico<\/title>\n<meta name=\"robots\" content=\"index, follow, max-snippet:-1, max-image-preview:large, max-video-preview:-1\" \/>\n<link rel=\"canonical\" href=\"https:\/\/resumopolitico.com.br\/?p=36390\" \/>\n<meta property=\"og:locale\" content=\"pt_BR\" \/>\n<meta property=\"og:type\" content=\"article\" \/>\n<meta property=\"og:title\" content=\"Prefeito Rodrigo Cunha acompanha in\u00edcio das atividades do Gigant\u00e3o e refor\u00e7a import\u00e2ncia da educa\u00e7\u00e3o integral - Resumo Pol\u00edtico\" \/>\n<meta property=\"og:description\" content=\"Gestor esteve no primeiro dia de aulas do equipamento, que vai atender at\u00e9 3.400 estudantes da rede p\u00fablica municipal no contraturno O prefeito Rodrigo Cunha acompanhou, nesta quarta-feira (29), o in\u00edcio das atividades no Gigant\u00e3o Vila Ol\u00edmpica, novo espa\u00e7o voltado \u00e0 educa\u00e7\u00e3o integral e ao desenvolvimento esportivo de estudantes da rede p\u00fablica de Macei\u00f3. A [&hellip;]\" \/>\n<meta property=\"og:url\" content=\"https:\/\/resumopolitico.com.br\/?p=36390\" \/>\n<meta property=\"og:site_name\" content=\"Resumo Pol\u00edtico\" \/>\n<meta property=\"article:published_time\" content=\"2026-04-30T01:28:19+00:00\" \/>\n<meta property=\"article:modified_time\" content=\"2026-04-30T01:28:45+00:00\" \/>\n<meta property=\"og:image\" content=\"https:\/\/resumopolitico.com.br\/wp-content\/uploads\/2026\/04\/29-04-26-Primeiro-Dia-de-Atividades-Gigantao-SEMED-Rodrigo-Cunha-Foto-Felipe-Sostenes-96.jpg\" \/>\n\t<meta property=\"og:image:width\" content=\"850\" \/>\n\t<meta property=\"og:image:height\" content=\"560\" \/>\n\t<meta property=\"og:image:type\" content=\"image\/jpeg\" \/>\n<meta name=\"author\" content=\"resumopolitico\" \/>\n<meta name=\"twitter:card\" content=\"summary_large_image\" \/>\n<meta name=\"twitter:label1\" content=\"Escrito por\" \/>\n\t<meta name=\"twitter:data1\" content=\"resumopolitico\" \/>\n\t<meta name=\"twitter:label2\" content=\"Est. tempo de leitura\" \/>\n\t<meta name=\"twitter:data2\" content=\"3 minutos\" \/>\n<script type=\"application\/ld+json\" class=\"yoast-schema-graph\">{\"@context\":\"https:\\\/\\\/schema.org\",\"@graph\":[{\"@type\":\"Article\",\"@id\":\"https:\\\/\\\/resumopolitico.com.br\\\/?p=36390#article\",\"isPartOf\":{\"@id\":\"https:\\\/\\\/resumopolitico.com.br\\\/?p=36390\"},\"author\":{\"name\":\"resumopolitico\",\"@id\":\"https:\\\/\\\/resumopolitico.com.br\\\/#\\\/schema\\\/person\\\/8e54285779750ca1eb5d54a40785d6f3\"},\"headline\":\"Prefeito Rodrigo Cunha acompanha in\u00edcio das atividades do Gigant\u00e3o e refor\u00e7a import\u00e2ncia da educa\u00e7\u00e3o integral\",\"datePublished\":\"2026-04-30T01:28:19+00:00\",\"dateModified\":\"2026-04-30T01:28:45+00:00\",\"mainEntityOfPage\":{\"@id\":\"https:\\\/\\\/resumopolitico.com.br\\\/?p=36390\"},\"wordCount\":477,\"commentCount\":0,\"image\":{\"@id\":\"https:\\\/\\\/resumopolitico.com.br\\\/?p=36390#primaryimage\"},\"thumbnailUrl\":\"https:\\\/\\\/resumopolitico.com.br\\\/wp-content\\\/uploads\\\/2026\\\/04\\\/29-04-26-Primeiro-Dia-de-Atividades-Gigantao-SEMED-Rodrigo-Cunha-Foto-Felipe-Sostenes-96.jpg\",\"articleSection\":[\"Alagoas\",\"Destaque\"],\"inLanguage\":\"pt-BR\",\"potentialAction\":[{\"@type\":\"CommentAction\",\"name\":\"Comment\",\"target\":[\"https:\\\/\\\/resumopolitico.com.br\\\/?p=36390#respond\"]}]},{\"@type\":\"WebPage\",\"@id\":\"https:\\\/\\\/resumopolitico.com.br\\\/?p=36390\",\"url\":\"https:\\\/\\\/resumopolitico.com.br\\\/?p=36390\",\"name\":\"Prefeito Rodrigo Cunha acompanha in\u00edcio das atividades do Gigant\u00e3o e refor\u00e7a import\u00e2ncia da educa\u00e7\u00e3o integral - Resumo Pol\u00edtico\",\"isPartOf\":{\"@id\":\"https:\\\/\\\/resumopolitico.com.br\\\/#website\"},\"primaryImageOfPage\":{\"@id\":\"https:\\\/\\\/resumopolitico.com.br\\\/?p=36390#primaryimage\"},\"image\":{\"@id\":\"https:\\\/\\\/resumopolitico.com.br\\\/?p=36390#primaryimage\"},\"thumbnailUrl\":\"https:\\\/\\\/resumopolitico.com.br\\\/wp-content\\\/uploads\\\/2026\\\/04\\\/29-04-26-Primeiro-Dia-de-Atividades-Gigantao-SEMED-Rodrigo-Cunha-Foto-Felipe-Sostenes-96.jpg\",\"datePublished\":\"2026-04-30T01:28:19+00:00\",\"dateModified\":\"2026-04-30T01:28:45+00:00\",\"author\":{\"@id\":\"https:\\\/\\\/resumopolitico.com.br\\\/#\\\/schema\\\/person\\\/8e54285779750ca1eb5d54a40785d6f3\"},\"breadcrumb\":{\"@id\":\"https:\\\/\\\/resumopolitico.com.br\\\/?p=36390#breadcrumb\"},\"inLanguage\":\"pt-BR\",\"potentialAction\":[{\"@type\":\"ReadAction\",\"target\":[\"https:\\\/\\\/resumopolitico.com.br\\\/?p=36390\"]}]},{\"@type\":\"ImageObject\",\"inLanguage\":\"pt-BR\",\"@id\":\"https:\\\/\\\/resumopolitico.com.br\\\/?p=36390#primaryimage\",\"url\":\"https:\\\/\\\/resumopolitico.com.br\\\/wp-content\\\/uploads\\\/2026\\\/04\\\/29-04-26-Primeiro-Dia-de-Atividades-Gigantao-SEMED-Rodrigo-Cunha-Foto-Felipe-Sostenes-96.jpg\",\"contentUrl\":\"https:\\\/\\\/resumopolitico.com.br\\\/wp-content\\\/uploads\\\/2026\\\/04\\\/29-04-26-Primeiro-Dia-de-Atividades-Gigantao-SEMED-Rodrigo-Cunha-Foto-Felipe-Sostenes-96.jpg\",\"width\":850,\"height\":560},{\"@type\":\"BreadcrumbList\",\"@id\":\"https:\\\/\\\/resumopolitico.com.br\\\/?p=36390#breadcrumb\",\"itemListElement\":[{\"@type\":\"ListItem\",\"position\":1,\"name\":\"In\u00edcio\",\"item\":\"https:\\\/\\\/resumopolitico.com.br\\\/\"},{\"@type\":\"ListItem\",\"position\":2,\"name\":\"Prefeito Rodrigo Cunha acompanha in\u00edcio das atividades do Gigant\u00e3o e refor\u00e7a import\u00e2ncia da educa\u00e7\u00e3o integral\"}]},{\"@type\":\"WebSite\",\"@id\":\"https:\\\/\\\/resumopolitico.com.br\\\/#website\",\"url\":\"https:\\\/\\\/resumopolitico.com.br\\\/\",\"name\":\"Resumo Pol\u00edtico\",\"description\":\"Resumo Pol\u00edtico\",\"potentialAction\":[{\"@type\":\"SearchAction\",\"target\":{\"@type\":\"EntryPoint\",\"urlTemplate\":\"https:\\\/\\\/resumopolitico.com.br\\\/?s={search_term_string}\"},\"query-input\":{\"@type\":\"PropertyValueSpecification\",\"valueRequired\":true,\"valueName\":\"search_term_string\"}}],\"inLanguage\":\"pt-BR\"},{\"@type\":\"Person\",\"@id\":\"https:\\\/\\\/resumopolitico.com.br\\\/#\\\/schema\\\/person\\\/8e54285779750ca1eb5d54a40785d6f3\",\"name\":\"resumopolitico\",\"image\":{\"@type\":\"ImageObject\",\"inLanguage\":\"pt-BR\",\"@id\":\"\\\/\\\/www.gravatar.com\\\/avatar\\\/964d308c93aaf0c33319e9a3bc3b8ac5?s=96&#038;r=g&#038;d=mm\",\"url\":\"\\\/\\\/www.gravatar.com\\\/avatar\\\/964d308c93aaf0c33319e9a3bc3b8ac5?s=96&#038;r=g&#038;d=mm\",\"contentUrl\":\"\\\/\\\/www.gravatar.com\\\/avatar\\\/964d308c93aaf0c33319e9a3bc3b8ac5?s=96&#038;r=g&#038;d=mm\",\"caption\":\"resumopolitico\"},\"sameAs\":[\"http:\\\/\\\/resumopolitico.com.br\"],\"url\":\"https:\\\/\\\/resumopolitico.com.br\\\/?bp_members=1&bp_member=resumopoliticoprofile\\\/home\\\/\"}]}<\/script>\n<!-- \/ Yoast SEO plugin. -->","yoast_head_json":{"title":"Prefeito Rodrigo Cunha acompanha in\u00edcio das atividades do Gigant\u00e3o e refor\u00e7a import\u00e2ncia da educa\u00e7\u00e3o integral - Resumo Pol\u00edtico","robots":{"index":"index","follow":"follow","max-snippet":"max-snippet:-1","max-image-preview":"max-image-preview:large","max-video-preview":"max-video-preview:-1"},"canonical":"https:\/\/resumopolitico.com.br\/?p=36390","og_locale":"pt_BR","og_type":"article","og_title":"Prefeito Rodrigo Cunha acompanha in\u00edcio das atividades do Gigant\u00e3o e refor\u00e7a import\u00e2ncia da educa\u00e7\u00e3o integral - Resumo Pol\u00edtico","og_description":"Gestor esteve no primeiro dia de aulas do equipamento, que vai atender at\u00e9 3.400 estudantes da rede p\u00fablica municipal no contraturno O prefeito Rodrigo Cunha acompanhou, nesta quarta-feira (29), o in\u00edcio das atividades no Gigant\u00e3o Vila Ol\u00edmpica, novo espa\u00e7o voltado \u00e0 educa\u00e7\u00e3o integral e ao desenvolvimento esportivo de estudantes da rede p\u00fablica de Macei\u00f3. A [&hellip;]","og_url":"https:\/\/resumopolitico.com.br\/?p=36390","og_site_name":"Resumo Pol\u00edtico","article_published_time":"2026-04-30T01:28:19+00:00","article_modified_time":"2026-04-30T01:28:45+00:00","og_image":[{"width":850,"height":560,"url":"https:\/\/resumopolitico.com.br\/wp-content\/uploads\/2026\/04\/29-04-26-Primeiro-Dia-de-Atividades-Gigantao-SEMED-Rodrigo-Cunha-Foto-Felipe-Sostenes-96.jpg","type":"image\/jpeg"}],"author":"resumopolitico","twitter_card":"summary_large_image","twitter_misc":{"Escrito por":"resumopolitico","Est. tempo de leitura":"3 minutos"},"schema":{"@context":"https:\/\/schema.org","@graph":[{"@type":"Article","@id":"https:\/\/resumopolitico.com.br\/?p=36390#article","isPartOf":{"@id":"https:\/\/resumopolitico.com.br\/?p=36390"},"author":{"name":"resumopolitico","@id":"https:\/\/resumopolitico.com.br\/#\/schema\/person\/8e54285779750ca1eb5d54a40785d6f3"},"headline":"Prefeito Rodrigo Cunha acompanha in\u00edcio das atividades do Gigant\u00e3o e refor\u00e7a import\u00e2ncia da educa\u00e7\u00e3o integral","datePublished":"2026-04-30T01:28:19+00:00","dateModified":"2026-04-30T01:28:45+00:00","mainEntityOfPage":{"@id":"https:\/\/resumopolitico.com.br\/?p=36390"},"wordCount":477,"commentCount":0,"image":{"@id":"https:\/\/resumopolitico.com.br\/?p=36390#primaryimage"},"thumbnailUrl":"https:\/\/resumopolitico.com.br\/wp-content\/uploads\/2026\/04\/29-04-26-Primeiro-Dia-de-Atividades-Gigantao-SEMED-Rodrigo-Cunha-Foto-Felipe-Sostenes-96.jpg","articleSection":["Alagoas","Destaque"],"inLanguage":"pt-BR","potentialAction":[{"@type":"CommentAction","name":"Comment","target":["https:\/\/resumopolitico.com.br\/?p=36390#respond"]}]},{"@type":"WebPage","@id":"https:\/\/resumopolitico.com.br\/?p=36390","url":"https:\/\/resumopolitico.com.br\/?p=36390","name":"Prefeito Rodrigo Cunha acompanha in\u00edcio das atividades do Gigant\u00e3o e refor\u00e7a import\u00e2ncia da educa\u00e7\u00e3o integral - Resumo Pol\u00edtico","isPartOf":{"@id":"https:\/\/resumopolitico.com.br\/#website"},"primaryImageOfPage":{"@id":"https:\/\/resumopolitico.com.br\/?p=36390#primaryimage"},"image":{"@id":"https:\/\/resumopolitico.com.br\/?p=36390#primaryimage"},"thumbnailUrl":"https:\/\/resumopolitico.com.br\/wp-content\/uploads\/2026\/04\/29-04-26-Primeiro-Dia-de-Atividades-Gigantao-SEMED-Rodrigo-Cunha-Foto-Felipe-Sostenes-96.jpg","datePublished":"2026-04-30T01:28:19+00:00","dateModified":"2026-04-30T01:28:45+00:00","author":{"@id":"https:\/\/resumopolitico.com.br\/#\/schema\/person\/8e54285779750ca1eb5d54a40785d6f3"},"breadcrumb":{"@id":"https:\/\/resumopolitico.com.br\/?p=36390#breadcrumb"},"inLanguage":"pt-BR","potentialAction":[{"@type":"ReadAction","target":["https:\/\/resumopolitico.com.br\/?p=36390"]}]},{"@type":"ImageObject","inLanguage":"pt-BR","@id":"https:\/\/resumopolitico.com.br\/?p=36390#primaryimage","url":"https:\/\/resumopolitico.com.br\/wp-content\/uploads\/2026\/04\/29-04-26-Primeiro-Dia-de-Atividades-Gigantao-SEMED-Rodrigo-Cunha-Foto-Felipe-Sostenes-96.jpg","contentUrl":"https:\/\/resumopolitico.com.br\/wp-content\/uploads\/2026\/04\/29-04-26-Primeiro-Dia-de-Atividades-Gigantao-SEMED-Rodrigo-Cunha-Foto-Felipe-Sostenes-96.jpg","width":850,"height":560},{"@type":"BreadcrumbList","@id":"https:\/\/resumopolitico.com.br\/?p=36390#breadcrumb","itemListElement":[{"@type":"ListItem","position":1,"name":"In\u00edcio","item":"https:\/\/resumopolitico.com.br\/"},{"@type":"ListItem","position":2,"name":"Prefeito Rodrigo Cunha acompanha in\u00edcio das atividades do Gigant\u00e3o e refor\u00e7a import\u00e2ncia da educa\u00e7\u00e3o integral"}]},{"@type":"WebSite","@id":"https:\/\/resumopolitico.com.br\/#website","url":"https:\/\/resumopolitico.com.br\/","name":"Resumo Pol\u00edtico","description":"Resumo Pol\u00edtico","potentialAction":[{"@type":"SearchAction","target":{"@type":"EntryPoint","urlTemplate":"https:\/\/resumopolitico.com.br\/?s={search_term_string}"},"query-input":{"@type":"PropertyValueSpecification","valueRequired":true,"valueName":"search_term_string"}}],"inLanguage":"pt-BR"},{"@type":"Person","@id":"https:\/\/resumopolitico.com.br\/#\/schema\/person\/8e54285779750ca1eb5d54a40785d6f3","name":"resumopolitico","image":{"@type":"ImageObject","inLanguage":"pt-BR","@id":"\/\/www.gravatar.com\/avatar\/964d308c93aaf0c33319e9a3bc3b8ac5?s=96&#038;r=g&#038;d=mm","url":"\/\/www.gravatar.com\/avatar\/964d308c93aaf0c33319e9a3bc3b8ac5?s=96&#038;r=g&#038;d=mm","contentUrl":"\/\/www.gravatar.com\/avatar\/964d308c93aaf0c33319e9a3bc3b8ac5?s=96&#038;r=g&#038;d=mm","caption":"resumopolitico"},"sameAs":["http:\/\/resumopolitico.com.br"],"url":"https:\/\/resumopolitico.com.br\/?bp_members=1&bp_member=resumopoliticoprofile\/home\/"}]}},"_links":{"self":[{"href":"https:\/\/resumopolitico.com.br\/index.php?rest_route=\/wp\/v2\/posts\/36390","targetHints":{"allow":["GET"]}}],"collection":[{"href":"https:\/\/resumopolitico.com.br\/index.php?rest_route=\/wp\/v2\/posts"}],"about":[{"href":"https:\/\/resumopolitico.com.br\/index.php?rest_route=\/wp\/v2\/types\/post"}],"author":[{"embeddable":true,"href":"https:\/\/resumopolitico.com.br\/index.php?rest_route=\/wp\/v2\/users\/1"}],"replies":[{"embeddable":true,"href":"https:\/\/resumopolitico.com.br\/index.php?rest_route=%2Fwp%2Fv2%2Fcomments&post=36390"}],"version-history":[{"count":2,"href":"https:\/\/resumopolitico.com.br\/index.php?rest_route=\/wp\/v2\/posts\/36390\/revisions"}],"predecessor-version":[{"id":36393,"href":"https:\/\/resumopolitico.com.br\/index.php?rest_route=\/wp\/v2\/posts\/36390\/revisions\/36393"}],"wp:featuredmedia":[{"embeddable":true,"href":"https:\/\/resumopolitico.com.br\/index.php?rest_route=\/wp\/v2\/media\/36391"}],"wp:attachment":[{"href":"https:\/\/resumopolitico.com.br\/index.php?rest_route=%2Fwp%2Fv2%2Fmedia&parent=36390"}],"wp:term":[{"taxonomy":"category","embeddable":true,"href":"https:\/\/resumopolitico.com.br\/index.php?rest_route=%2Fwp%2Fv2%2Fcategories&post=36390"},{"taxonomy":"post_tag","embeddable":true,"href":"https:\/\/resumopolitico.com.br\/index.php?rest_route=%2Fwp%2Fv2%2Ftags&post=36390"}],"curies":[{"name":"wp","href":"https:\/\/api.w.org\/{rel}","templated":true}]}}