{"id":36394,"date":"2026-04-29T22:39:04","date_gmt":"2026-04-30T01:39:04","guid":{"rendered":"https:\/\/resumopolitico.com.br\/?p=36394"},"modified":"2026-04-29T22:41:44","modified_gmt":"2026-04-30T01:41:44","slug":"36394","status":"publish","type":"post","link":"https:\/\/resumopolitico.com.br\/?p=36394","title":{"rendered":"Profissionais dos 102 munic\u00edpios alagoanos s\u00e3o capacitados pela Sesau para o acompanhamento da sa\u00fade infantil"},"content":{"rendered":"<p class=\"text-black font-18 mt-0 pt-0\">Treinamento visa atualizar e qualificar os profissionais que assistem e acompanham o pr\u00e9-natal e o desenvolvimento infantil<\/p>\n<p>A Secretaria de Estado da Sa\u00fade (Sa\u00fade), por meio da Supervis\u00e3o de Cuidados \u00e0 Mulher, Crian\u00e7a, Adolescente (Sumca) e Rede Alyne, realizou, nesta quarta-feira (29), uma capacita\u00e7\u00e3o em puericultura voltada a m\u00e9dicos e enfermeiros da Aten\u00e7\u00e3o Prim\u00e1ria dos 102 munic\u00edpios alagoanos. O evento aconteceu no audit\u00f3rio do Centro Universit\u00e1rio de Macei\u00f3 (Unima\/Afya), no bairro\u00a0Cruz das Almas, em Macei\u00f3, e teve o intuito de atualizar\u00a0e qualificar os profissionais que assistem e acompanham o pr\u00e9-natal e o desenvolvimento infantil das crian\u00e7as alagoanas.<\/p>\n<p>&nbsp;<\/p>\n<p>A puericultura consiste no acompanhamento regular voltado \u00e0 promo\u00e7\u00e3o e prote\u00e7\u00e3o da sa\u00fade de crian\u00e7as. Por meio desse cuidado cont\u00ednuo, \u00e9 poss\u00edvel monitorar de forma integral o desenvolvimento do indiv\u00edduo do 0 aos 5 anos, permitindo a identifica\u00e7\u00e3o precoce de poss\u00edveis altera\u00e7\u00f5es no crescimento, no desenvolvimento f\u00edsico, mental e nutricional, entre outros aspectos, compreendendo a crian\u00e7a como um ser em desenvolvimento com suas particularidades.<\/p>\n<p><img decoding=\"async\" src=\"http:\/\/alagoas.al.gov.br\/imagens\/conteudos\/3cf9a69ca0e784d2cc3f7e1447ff36c9\/\/29042026%20Sirmani%20Frazao%20-%20Pediatra%20(MA)-3.JPG.jpeg\" \/><\/p>\n<p>A pediatra e neonatologista da Sesau, Sirmani Fraz\u00e3o, pontuou que a puericultura \u00e9 essencial para garantir um acompanhamento cont\u00ednuo e cuidadoso no crescimento e desenvolvimento de crian\u00e7as. \u201cEsse cuidado \u00e9 fundamental para um crescimento infantil saud\u00e1vel e que essa crian\u00e7a atinja sua plenitude, consiga aprender, se alimentar bem. Que ela esteja integrada com a sua fam\u00edlia, com seu ambiente e atingir sua plenitude ao longo da vida e se tornar um adulto capaz de transformar o aprendizado em prosperidade\u201d, enfatizou.<\/p>\n<p>&nbsp;<\/p>\n<p>Sirmani Fraz\u00e3o chamou a aten\u00e7\u00e3o, tamb\u00e9m, para a import\u00e2ncia do treinamento com rela\u00e7\u00e3o ao desenvolvimento profissional de quem trabalha na linha de frente no cuidado materno infantil.<\/p>\n<p>&nbsp;<\/p>\n<p>&#8220;\u00c9\u00a0fundamental que os profissionais que atuam na Aten\u00e7\u00e3o Prim\u00e1ria em Sa\u00fade possuam um\u00a0olhar voltado ao cuidado para integralidade da assist\u00eancia, aprendam sobre crescimento e desenvolvimento infantil, bem como, sobre a forma adequada de abordar e orientar a m\u00e3e, tornando-a mais empoderada no cuidado do seu beb\u00ea\u201d, destacou.<\/p>\n<p>&nbsp;<\/p>\n<p>O evento contou com palestras sobre \u201cConsulta de Puericultura na Aten\u00e7\u00e3o B\u00e1sica\u201d com a m\u00e9dica pediatra Sirmani Fraz\u00e3o e \u201cAplica\u00e7\u00e3o do M-CHAT na Aten\u00e7\u00e3o Prim\u00e1ria: rastreamento precoce do TEA\u201d ministrada por Juliana Ayres. O tema \u201cRegistro qualificado e o impacto do novo financiamento da Aten\u00e7\u00e3o B\u00e1sica na pr\u00e1tica profissional\u201d foi tamb\u00e9m abordado, por meio de palestra ministrada por Patr\u00edcia Cavalcante.<\/p>\n<p>&nbsp;<\/p>\n<p><b>Qualifica\u00e7\u00e3o<\/b><\/p>\n<p>&nbsp;<\/p>\n<p>&nbsp;<\/p>\n<p>Participante da capacita\u00e7\u00e3o, a coordenadora de Aten\u00e7\u00e3o Prim\u00e1ria de S\u00e3o Miguel dos Campos, Isabella S\u00e1, destacou que a capacita\u00e7\u00e3o contribui para um atendimento mais qualificado e humanizado \u00e0s crian\u00e7as assistidas pelos munic\u00edpios. \u201cMomentos como esse s\u00e3o fundamentais, porque atualizam, orientam e refor\u00e7am o nosso compromisso com um cuidado mais humano e de qualidade\u201d, explicou.<\/p>\n","protected":false},"excerpt":{"rendered":"<p>Treinamento visa atualizar e qualificar os profissionais que assistem e acompanham o pr\u00e9-natal e o desenvolvimento infantil A Secretaria de Estado da Sa\u00fade (Sa\u00fade), por meio da Supervis\u00e3o de Cuidados \u00e0 Mulher, Crian\u00e7a, Adolescente (Sumca) e Rede Alyne, realizou, nesta quarta-feira (29), uma capacita\u00e7\u00e3o em puericultura voltada a m\u00e9dicos e enfermeiros da Aten\u00e7\u00e3o Prim\u00e1ria dos [&hellip;]<\/p>\n","protected":false},"author":1,"featured_media":36395,"comment_status":"open","ping_status":"open","sticky":false,"template":"","format":"standard","meta":{"_monsterinsights_skip_tracking":false,"_monsterinsights_sitenote_active":false,"_monsterinsights_sitenote_note":"","_monsterinsights_sitenote_category":0,"footnotes":""},"categories":[66,104],"tags":[],"class_list":["post-36394","post","type-post","status-publish","format-standard","has-post-thumbnail","hentry","category-alagoas","category-destaque"],"yoast_head":"<!-- This site is optimized with the Yoast SEO plugin v27.5 - https:\/\/yoast.com\/product\/yoast-seo-wordpress\/ -->\n<title>Profissionais dos 102 munic\u00edpios alagoanos s\u00e3o capacitados pela Sesau para o acompanhamento da sa\u00fade infantil - Resumo Pol\u00edtico<\/title>\n<meta name=\"robots\" content=\"index, follow, max-snippet:-1, max-image-preview:large, max-video-preview:-1\" \/>\n<link rel=\"canonical\" href=\"https:\/\/resumopolitico.com.br\/?p=36394\" \/>\n<meta property=\"og:locale\" content=\"pt_BR\" \/>\n<meta property=\"og:type\" content=\"article\" \/>\n<meta property=\"og:title\" content=\"Profissionais dos 102 munic\u00edpios alagoanos s\u00e3o capacitados pela Sesau para o acompanhamento da sa\u00fade infantil - Resumo Pol\u00edtico\" \/>\n<meta property=\"og:description\" content=\"Treinamento visa atualizar e qualificar os profissionais que assistem e acompanham o pr\u00e9-natal e o desenvolvimento infantil A Secretaria de Estado da Sa\u00fade (Sa\u00fade), por meio da Supervis\u00e3o de Cuidados \u00e0 Mulher, Crian\u00e7a, Adolescente (Sumca) e Rede Alyne, realizou, nesta quarta-feira (29), uma capacita\u00e7\u00e3o em puericultura voltada a m\u00e9dicos e enfermeiros da Aten\u00e7\u00e3o Prim\u00e1ria dos [&hellip;]\" \/>\n<meta property=\"og:url\" content=\"https:\/\/resumopolitico.com.br\/?p=36394\" \/>\n<meta property=\"og:site_name\" content=\"Resumo Pol\u00edtico\" \/>\n<meta property=\"article:published_time\" content=\"2026-04-30T01:39:04+00:00\" \/>\n<meta property=\"article:modified_time\" content=\"2026-04-30T01:41:44+00:00\" \/>\n<meta property=\"og:image\" content=\"https:\/\/resumopolitico.com.br\/wp-content\/uploads\/2026\/04\/profissionais-dos-102-municipios-alagoanos-sao-capacitados-pela-sesau-para-o-acompanhamento-da-saude-infantil-scaled.jpeg\" \/>\n\t<meta property=\"og:image:width\" content=\"2560\" \/>\n\t<meta property=\"og:image:height\" content=\"1706\" \/>\n\t<meta property=\"og:image:type\" content=\"image\/jpeg\" \/>\n<meta name=\"author\" content=\"resumopolitico\" \/>\n<meta name=\"twitter:card\" content=\"summary_large_image\" \/>\n<meta name=\"twitter:label1\" content=\"Escrito por\" \/>\n\t<meta name=\"twitter:data1\" content=\"resumopolitico\" \/>\n\t<meta name=\"twitter:label2\" content=\"Est. tempo de leitura\" \/>\n\t<meta name=\"twitter:data2\" content=\"3 minutos\" \/>\n<script type=\"application\/ld+json\" class=\"yoast-schema-graph\">{\"@context\":\"https:\\\/\\\/schema.org\",\"@graph\":[{\"@type\":\"Article\",\"@id\":\"https:\\\/\\\/resumopolitico.com.br\\\/?p=36394#article\",\"isPartOf\":{\"@id\":\"https:\\\/\\\/resumopolitico.com.br\\\/?p=36394\"},\"author\":{\"name\":\"resumopolitico\",\"@id\":\"https:\\\/\\\/resumopolitico.com.br\\\/#\\\/schema\\\/person\\\/8e54285779750ca1eb5d54a40785d6f3\"},\"headline\":\"Profissionais dos 102 munic\u00edpios alagoanos s\u00e3o capacitados pela Sesau para o acompanhamento da sa\u00fade infantil\",\"datePublished\":\"2026-04-30T01:39:04+00:00\",\"dateModified\":\"2026-04-30T01:41:44+00:00\",\"mainEntityOfPage\":{\"@id\":\"https:\\\/\\\/resumopolitico.com.br\\\/?p=36394\"},\"wordCount\":513,\"commentCount\":0,\"image\":{\"@id\":\"https:\\\/\\\/resumopolitico.com.br\\\/?p=36394#primaryimage\"},\"thumbnailUrl\":\"https:\\\/\\\/resumopolitico.com.br\\\/wp-content\\\/uploads\\\/2026\\\/04\\\/profissionais-dos-102-municipios-alagoanos-sao-capacitados-pela-sesau-para-o-acompanhamento-da-saude-infantil-scaled.jpeg\",\"articleSection\":[\"Alagoas\",\"Destaque\"],\"inLanguage\":\"pt-BR\",\"potentialAction\":[{\"@type\":\"CommentAction\",\"name\":\"Comment\",\"target\":[\"https:\\\/\\\/resumopolitico.com.br\\\/?p=36394#respond\"]}]},{\"@type\":\"WebPage\",\"@id\":\"https:\\\/\\\/resumopolitico.com.br\\\/?p=36394\",\"url\":\"https:\\\/\\\/resumopolitico.com.br\\\/?p=36394\",\"name\":\"Profissionais dos 102 munic\u00edpios alagoanos s\u00e3o capacitados pela Sesau para o acompanhamento da sa\u00fade infantil - Resumo Pol\u00edtico\",\"isPartOf\":{\"@id\":\"https:\\\/\\\/resumopolitico.com.br\\\/#website\"},\"primaryImageOfPage\":{\"@id\":\"https:\\\/\\\/resumopolitico.com.br\\\/?p=36394#primaryimage\"},\"image\":{\"@id\":\"https:\\\/\\\/resumopolitico.com.br\\\/?p=36394#primaryimage\"},\"thumbnailUrl\":\"https:\\\/\\\/resumopolitico.com.br\\\/wp-content\\\/uploads\\\/2026\\\/04\\\/profissionais-dos-102-municipios-alagoanos-sao-capacitados-pela-sesau-para-o-acompanhamento-da-saude-infantil-scaled.jpeg\",\"datePublished\":\"2026-04-30T01:39:04+00:00\",\"dateModified\":\"2026-04-30T01:41:44+00:00\",\"author\":{\"@id\":\"https:\\\/\\\/resumopolitico.com.br\\\/#\\\/schema\\\/person\\\/8e54285779750ca1eb5d54a40785d6f3\"},\"breadcrumb\":{\"@id\":\"https:\\\/\\\/resumopolitico.com.br\\\/?p=36394#breadcrumb\"},\"inLanguage\":\"pt-BR\",\"potentialAction\":[{\"@type\":\"ReadAction\",\"target\":[\"https:\\\/\\\/resumopolitico.com.br\\\/?p=36394\"]}]},{\"@type\":\"ImageObject\",\"inLanguage\":\"pt-BR\",\"@id\":\"https:\\\/\\\/resumopolitico.com.br\\\/?p=36394#primaryimage\",\"url\":\"https:\\\/\\\/resumopolitico.com.br\\\/wp-content\\\/uploads\\\/2026\\\/04\\\/profissionais-dos-102-municipios-alagoanos-sao-capacitados-pela-sesau-para-o-acompanhamento-da-saude-infantil-scaled.jpeg\",\"contentUrl\":\"https:\\\/\\\/resumopolitico.com.br\\\/wp-content\\\/uploads\\\/2026\\\/04\\\/profissionais-dos-102-municipios-alagoanos-sao-capacitados-pela-sesau-para-o-acompanhamento-da-saude-infantil-scaled.jpeg\",\"width\":2560,\"height\":1706},{\"@type\":\"BreadcrumbList\",\"@id\":\"https:\\\/\\\/resumopolitico.com.br\\\/?p=36394#breadcrumb\",\"itemListElement\":[{\"@type\":\"ListItem\",\"position\":1,\"name\":\"In\u00edcio\",\"item\":\"https:\\\/\\\/resumopolitico.com.br\\\/\"},{\"@type\":\"ListItem\",\"position\":2,\"name\":\"Profissionais dos 102 munic\u00edpios alagoanos s\u00e3o capacitados pela Sesau para o acompanhamento da sa\u00fade infantil\"}]},{\"@type\":\"WebSite\",\"@id\":\"https:\\\/\\\/resumopolitico.com.br\\\/#website\",\"url\":\"https:\\\/\\\/resumopolitico.com.br\\\/\",\"name\":\"Resumo Pol\u00edtico\",\"description\":\"Resumo Pol\u00edtico\",\"potentialAction\":[{\"@type\":\"SearchAction\",\"target\":{\"@type\":\"EntryPoint\",\"urlTemplate\":\"https:\\\/\\\/resumopolitico.com.br\\\/?s={search_term_string}\"},\"query-input\":{\"@type\":\"PropertyValueSpecification\",\"valueRequired\":true,\"valueName\":\"search_term_string\"}}],\"inLanguage\":\"pt-BR\"},{\"@type\":\"Person\",\"@id\":\"https:\\\/\\\/resumopolitico.com.br\\\/#\\\/schema\\\/person\\\/8e54285779750ca1eb5d54a40785d6f3\",\"name\":\"resumopolitico\",\"image\":{\"@type\":\"ImageObject\",\"inLanguage\":\"pt-BR\",\"@id\":\"\\\/\\\/www.gravatar.com\\\/avatar\\\/964d308c93aaf0c33319e9a3bc3b8ac5?s=96&#038;r=g&#038;d=mm\",\"url\":\"\\\/\\\/www.gravatar.com\\\/avatar\\\/964d308c93aaf0c33319e9a3bc3b8ac5?s=96&#038;r=g&#038;d=mm\",\"contentUrl\":\"\\\/\\\/www.gravatar.com\\\/avatar\\\/964d308c93aaf0c33319e9a3bc3b8ac5?s=96&#038;r=g&#038;d=mm\",\"caption\":\"resumopolitico\"},\"sameAs\":[\"http:\\\/\\\/resumopolitico.com.br\"],\"url\":\"https:\\\/\\\/resumopolitico.com.br\\\/?bp_members=1&bp_member=resumopoliticoprofile\\\/home\\\/\"}]}<\/script>\n<!-- \/ Yoast SEO plugin. -->","yoast_head_json":{"title":"Profissionais dos 102 munic\u00edpios alagoanos s\u00e3o capacitados pela Sesau para o acompanhamento da sa\u00fade infantil - Resumo Pol\u00edtico","robots":{"index":"index","follow":"follow","max-snippet":"max-snippet:-1","max-image-preview":"max-image-preview:large","max-video-preview":"max-video-preview:-1"},"canonical":"https:\/\/resumopolitico.com.br\/?p=36394","og_locale":"pt_BR","og_type":"article","og_title":"Profissionais dos 102 munic\u00edpios alagoanos s\u00e3o capacitados pela Sesau para o acompanhamento da sa\u00fade infantil - Resumo Pol\u00edtico","og_description":"Treinamento visa atualizar e qualificar os profissionais que assistem e acompanham o pr\u00e9-natal e o desenvolvimento infantil A Secretaria de Estado da Sa\u00fade (Sa\u00fade), por meio da Supervis\u00e3o de Cuidados \u00e0 Mulher, Crian\u00e7a, Adolescente (Sumca) e Rede Alyne, realizou, nesta quarta-feira (29), uma capacita\u00e7\u00e3o em puericultura voltada a m\u00e9dicos e enfermeiros da Aten\u00e7\u00e3o Prim\u00e1ria dos [&hellip;]","og_url":"https:\/\/resumopolitico.com.br\/?p=36394","og_site_name":"Resumo Pol\u00edtico","article_published_time":"2026-04-30T01:39:04+00:00","article_modified_time":"2026-04-30T01:41:44+00:00","og_image":[{"width":2560,"height":1706,"url":"https:\/\/resumopolitico.com.br\/wp-content\/uploads\/2026\/04\/profissionais-dos-102-municipios-alagoanos-sao-capacitados-pela-sesau-para-o-acompanhamento-da-saude-infantil-scaled.jpeg","type":"image\/jpeg"}],"author":"resumopolitico","twitter_card":"summary_large_image","twitter_misc":{"Escrito por":"resumopolitico","Est. tempo de leitura":"3 minutos"},"schema":{"@context":"https:\/\/schema.org","@graph":[{"@type":"Article","@id":"https:\/\/resumopolitico.com.br\/?p=36394#article","isPartOf":{"@id":"https:\/\/resumopolitico.com.br\/?p=36394"},"author":{"name":"resumopolitico","@id":"https:\/\/resumopolitico.com.br\/#\/schema\/person\/8e54285779750ca1eb5d54a40785d6f3"},"headline":"Profissionais dos 102 munic\u00edpios alagoanos s\u00e3o capacitados pela Sesau para o acompanhamento da sa\u00fade infantil","datePublished":"2026-04-30T01:39:04+00:00","dateModified":"2026-04-30T01:41:44+00:00","mainEntityOfPage":{"@id":"https:\/\/resumopolitico.com.br\/?p=36394"},"wordCount":513,"commentCount":0,"image":{"@id":"https:\/\/resumopolitico.com.br\/?p=36394#primaryimage"},"thumbnailUrl":"https:\/\/resumopolitico.com.br\/wp-content\/uploads\/2026\/04\/profissionais-dos-102-municipios-alagoanos-sao-capacitados-pela-sesau-para-o-acompanhamento-da-saude-infantil-scaled.jpeg","articleSection":["Alagoas","Destaque"],"inLanguage":"pt-BR","potentialAction":[{"@type":"CommentAction","name":"Comment","target":["https:\/\/resumopolitico.com.br\/?p=36394#respond"]}]},{"@type":"WebPage","@id":"https:\/\/resumopolitico.com.br\/?p=36394","url":"https:\/\/resumopolitico.com.br\/?p=36394","name":"Profissionais dos 102 munic\u00edpios alagoanos s\u00e3o capacitados pela Sesau para o acompanhamento da sa\u00fade infantil - Resumo Pol\u00edtico","isPartOf":{"@id":"https:\/\/resumopolitico.com.br\/#website"},"primaryImageOfPage":{"@id":"https:\/\/resumopolitico.com.br\/?p=36394#primaryimage"},"image":{"@id":"https:\/\/resumopolitico.com.br\/?p=36394#primaryimage"},"thumbnailUrl":"https:\/\/resumopolitico.com.br\/wp-content\/uploads\/2026\/04\/profissionais-dos-102-municipios-alagoanos-sao-capacitados-pela-sesau-para-o-acompanhamento-da-saude-infantil-scaled.jpeg","datePublished":"2026-04-30T01:39:04+00:00","dateModified":"2026-04-30T01:41:44+00:00","author":{"@id":"https:\/\/resumopolitico.com.br\/#\/schema\/person\/8e54285779750ca1eb5d54a40785d6f3"},"breadcrumb":{"@id":"https:\/\/resumopolitico.com.br\/?p=36394#breadcrumb"},"inLanguage":"pt-BR","potentialAction":[{"@type":"ReadAction","target":["https:\/\/resumopolitico.com.br\/?p=36394"]}]},{"@type":"ImageObject","inLanguage":"pt-BR","@id":"https:\/\/resumopolitico.com.br\/?p=36394#primaryimage","url":"https:\/\/resumopolitico.com.br\/wp-content\/uploads\/2026\/04\/profissionais-dos-102-municipios-alagoanos-sao-capacitados-pela-sesau-para-o-acompanhamento-da-saude-infantil-scaled.jpeg","contentUrl":"https:\/\/resumopolitico.com.br\/wp-content\/uploads\/2026\/04\/profissionais-dos-102-municipios-alagoanos-sao-capacitados-pela-sesau-para-o-acompanhamento-da-saude-infantil-scaled.jpeg","width":2560,"height":1706},{"@type":"BreadcrumbList","@id":"https:\/\/resumopolitico.com.br\/?p=36394#breadcrumb","itemListElement":[{"@type":"ListItem","position":1,"name":"In\u00edcio","item":"https:\/\/resumopolitico.com.br\/"},{"@type":"ListItem","position":2,"name":"Profissionais dos 102 munic\u00edpios alagoanos s\u00e3o capacitados pela Sesau para o acompanhamento da sa\u00fade infantil"}]},{"@type":"WebSite","@id":"https:\/\/resumopolitico.com.br\/#website","url":"https:\/\/resumopolitico.com.br\/","name":"Resumo Pol\u00edtico","description":"Resumo Pol\u00edtico","potentialAction":[{"@type":"SearchAction","target":{"@type":"EntryPoint","urlTemplate":"https:\/\/resumopolitico.com.br\/?s={search_term_string}"},"query-input":{"@type":"PropertyValueSpecification","valueRequired":true,"valueName":"search_term_string"}}],"inLanguage":"pt-BR"},{"@type":"Person","@id":"https:\/\/resumopolitico.com.br\/#\/schema\/person\/8e54285779750ca1eb5d54a40785d6f3","name":"resumopolitico","image":{"@type":"ImageObject","inLanguage":"pt-BR","@id":"\/\/www.gravatar.com\/avatar\/964d308c93aaf0c33319e9a3bc3b8ac5?s=96&#038;r=g&#038;d=mm","url":"\/\/www.gravatar.com\/avatar\/964d308c93aaf0c33319e9a3bc3b8ac5?s=96&#038;r=g&#038;d=mm","contentUrl":"\/\/www.gravatar.com\/avatar\/964d308c93aaf0c33319e9a3bc3b8ac5?s=96&#038;r=g&#038;d=mm","caption":"resumopolitico"},"sameAs":["http:\/\/resumopolitico.com.br"],"url":"https:\/\/resumopolitico.com.br\/?bp_members=1&bp_member=resumopoliticoprofile\/home\/"}]}},"_links":{"self":[{"href":"https:\/\/resumopolitico.com.br\/index.php?rest_route=\/wp\/v2\/posts\/36394","targetHints":{"allow":["GET"]}}],"collection":[{"href":"https:\/\/resumopolitico.com.br\/index.php?rest_route=\/wp\/v2\/posts"}],"about":[{"href":"https:\/\/resumopolitico.com.br\/index.php?rest_route=\/wp\/v2\/types\/post"}],"author":[{"embeddable":true,"href":"https:\/\/resumopolitico.com.br\/index.php?rest_route=\/wp\/v2\/users\/1"}],"replies":[{"embeddable":true,"href":"https:\/\/resumopolitico.com.br\/index.php?rest_route=%2Fwp%2Fv2%2Fcomments&post=36394"}],"version-history":[{"count":2,"href":"https:\/\/resumopolitico.com.br\/index.php?rest_route=\/wp\/v2\/posts\/36394\/revisions"}],"predecessor-version":[{"id":36397,"href":"https:\/\/resumopolitico.com.br\/index.php?rest_route=\/wp\/v2\/posts\/36394\/revisions\/36397"}],"wp:featuredmedia":[{"embeddable":true,"href":"https:\/\/resumopolitico.com.br\/index.php?rest_route=\/wp\/v2\/media\/36395"}],"wp:attachment":[{"href":"https:\/\/resumopolitico.com.br\/index.php?rest_route=%2Fwp%2Fv2%2Fmedia&parent=36394"}],"wp:term":[{"taxonomy":"category","embeddable":true,"href":"https:\/\/resumopolitico.com.br\/index.php?rest_route=%2Fwp%2Fv2%2Fcategories&post=36394"},{"taxonomy":"post_tag","embeddable":true,"href":"https:\/\/resumopolitico.com.br\/index.php?rest_route=%2Fwp%2Fv2%2Ftags&post=36394"}],"curies":[{"name":"wp","href":"https:\/\/api.w.org\/{rel}","templated":true}]}}