{"id":36398,"date":"2026-04-30T18:08:14","date_gmt":"2026-04-30T21:08:14","guid":{"rendered":"https:\/\/resumopolitico.com.br\/?p=36398"},"modified":"2026-04-30T18:09:17","modified_gmt":"2026-04-30T21:09:17","slug":"36398","status":"publish","type":"post","link":"https:\/\/resumopolitico.com.br\/?p=36398","title":{"rendered":"SALVE O DIA DAS M\u00c3ES"},"content":{"rendered":"<p>O Dia das M\u00e3es vem a\u00ed. Come\u00e7o, ent\u00e3o, a lembrar de minha m\u00e3e. Uma morena bonita, de bom cora\u00e7\u00e3o, mas muito mimada por meu pai. Se ela estivesse errada ao nos corrigir, ele dizia: depois falo com ela. E n\u00e3o falava.<br \/>\nTive tr\u00eas irm\u00e3s, todas foram m\u00e3es, mas nenhuma, ou s\u00f3 uma, seguiu o exemplo de minha m\u00e3e. Quase todas rigorosas, carinhosas e excelentes profissionais. S\u00f3 uma n\u00e3o trabalhava fora e criou os filhos com muita prote\u00e7\u00e3o.<br \/>\nTive v\u00e1rias amigas com filhos e trabalhavam na Assembleia. Hoje, as crian\u00e7as viraram m\u00e9dicos, engenheiros, professores, funcion\u00e1rios p\u00fablicos e s\u00e3o pessoas do bem.<br \/>\nNa gera\u00e7\u00e3o de meus filhos e filhas, tamb\u00e9m encontro m\u00e3es e j\u00e1 av\u00f3s. Vieram de fam\u00edlias organizadas que se preocupavam com o futuro dos filhos.<br \/>\nJ\u00e1 passei por quatro gera\u00e7\u00f5es, vi e vivi fatos bons e ruins. Filhos que foram para outros estados, abandonaram os pais, casaram com pessoas de longe e aos poucos foram esquecendo seus velhos.<br \/>\nEm compensa\u00e7\u00e3o, vejo filhos que foram embora, mas n\u00e3o se esqueceram dos pais.<br \/>\nTenho uma filha que mora em Pernambuco, mas liga todo dia para saber se est\u00e1 tudo bem. Acompanha a press\u00e3o do pai e todas as idas dos dois velhinhos aos m\u00e9dicos. Fez na casa dela uma su\u00edte para os pais porque o pai n\u00e3o pode subir escadas. Diz brincando: m\u00e3e, somos vizinhas.<br \/>\nOutra filha mora conosco. \u00c9 nossa assessora financeira, motorista, cuidadora. Trata-nos com amor, respeito e carinho. Deus a aben\u00e7oe sempre.<br \/>\nAinda h\u00e1 um filho que mora no Rio, liga sempre para saber not\u00edcias dos pais e vez em quando vem nos visitar.<br \/>\nInfelizmente, Deus levou nosso terceiro filho, mas sinto que, l\u00e1 do c\u00e9u, ele nos protege livrando-nos de pessoas que nos machucam, perseguem, desrespeitam.<br \/>\nConhe\u00e7o v\u00e1rios casais que criaram bem seus filhos e deles recebem um bom tratamento. Tudo nas m\u00e3os de Deus.<br \/>\nInfelizmente, h\u00e1 casos negativos de m\u00e3es e av\u00f3s que sustentam criaturas irrespons\u00e1veis e ainda delas recebem grosserias e agress\u00f5es.<br \/>\nO que vejo com frequ\u00eancia \u00e9 filhos e netos tomando a casa da m\u00e3e e colocando-a no asilo. Ou ent\u00e3o, ficando com sal\u00e1rio da aposentada e deixando-a sem seus rem\u00e9dios. S\u00e3o casos graves que deixam os idosos sofridos.<br \/>\nNesse per\u00edodo do Dia das M\u00e3es, fico imaginando as m\u00e3es que t\u00eam seus filhos na cadeia por terem cometido crimes. J\u00e1 foi feita uma pesquisa e a \u00fanica pessoa que visita o preso at\u00e9 o fim da pena \u00e9 a m\u00e3e. \u00c9 impressionante como o amor de m\u00e3e \u00e9 maravilhoso.<br \/>\nOs pol\u00edticos, em \u00e9poca de elei\u00e7\u00e3o, tiram retrato com as m\u00e3es, falam de amor e respeito. Ser\u00e1 que no dia a dia \u00e9 assim?<br \/>\nSou m\u00e3e, av\u00f3 e bisav\u00f3. N\u00e3o deixo de pensar nos meus queridos. Os que est\u00e3o longe, quando n\u00e3o ligam, eu cobro. Esqueceram de sua velhinha?<br \/>\nTenho um neto m\u00e9dico, carinhoso que liga e diz: Vozinha, voc\u00ea est\u00e1 bem? E meu vozinho? De vez em quando ou\u00e7o a voz dele bem carinhosa. \u00c9 bom demais!<br \/>\nTive uma boa sogra. Mulher sabida, seca, mas atenciosa comigo. Teve nove filhos e deu a todos amor e aten\u00e7\u00e3o. Deus a tenha em bom lugar.<br \/>\nAl\u00e9m dos meus filhos, tenho alguns sobrinhos que s\u00e3o especiais. Sinto-me meio m\u00e3e de alguns deles.<br \/>\nEnfim, sou uma mulher feliz: tenho um bom homem ao meu lado, filhos, netos e bisnetos, que me amam.<br \/>\nSe no campo profissional sou perseguida, lembro aos meus algozes que tem m\u00e3es: olhem para elas e contem que est\u00e3o perseguindo uma m\u00e3e idosa e aguardem a resposta.<br \/>\nDeus aben\u00e7oe todas as m\u00e3es!<\/p>\n<p>&nbsp;<\/p>\n<p>&nbsp;<\/p>\n","protected":false},"excerpt":{"rendered":"<p>O Dia das M\u00e3es vem a\u00ed. Come\u00e7o, ent\u00e3o, a lembrar de minha m\u00e3e. Uma morena bonita, de bom cora\u00e7\u00e3o, mas muito mimada por meu pai. Se ela estivesse errada ao nos corrigir, ele dizia: depois falo com ela. E n\u00e3o falava. Tive tr\u00eas irm\u00e3s, todas foram m\u00e3es, mas nenhuma, ou s\u00f3 uma, seguiu o exemplo [&hellip;]<\/p>\n","protected":false},"author":1,"featured_media":28010,"comment_status":"open","ping_status":"open","sticky":false,"template":"","format":"standard","meta":{"_monsterinsights_skip_tracking":false,"_monsterinsights_sitenote_active":false,"_monsterinsights_sitenote_note":"","_monsterinsights_sitenote_category":0,"footnotes":""},"categories":[97,104],"tags":[],"class_list":["post-36398","post","type-post","status-publish","format-standard","has-post-thumbnail","hentry","category-alari-romariz-torres","category-destaque"],"yoast_head":"<!-- This site is optimized with the Yoast SEO plugin v27.5 - https:\/\/yoast.com\/product\/yoast-seo-wordpress\/ -->\n<title>SALVE O DIA DAS M\u00c3ES - Resumo Pol\u00edtico<\/title>\n<meta name=\"robots\" content=\"index, follow, max-snippet:-1, max-image-preview:large, max-video-preview:-1\" \/>\n<link rel=\"canonical\" href=\"https:\/\/resumopolitico.com.br\/?p=36398\" \/>\n<meta property=\"og:locale\" content=\"pt_BR\" \/>\n<meta property=\"og:type\" content=\"article\" \/>\n<meta property=\"og:title\" content=\"SALVE O DIA DAS M\u00c3ES - Resumo Pol\u00edtico\" \/>\n<meta property=\"og:description\" content=\"O Dia das M\u00e3es vem a\u00ed. Come\u00e7o, ent\u00e3o, a lembrar de minha m\u00e3e. Uma morena bonita, de bom cora\u00e7\u00e3o, mas muito mimada por meu pai. Se ela estivesse errada ao nos corrigir, ele dizia: depois falo com ela. E n\u00e3o falava. Tive tr\u00eas irm\u00e3s, todas foram m\u00e3es, mas nenhuma, ou s\u00f3 uma, seguiu o exemplo [&hellip;]\" \/>\n<meta property=\"og:url\" content=\"https:\/\/resumopolitico.com.br\/?p=36398\" \/>\n<meta property=\"og:site_name\" content=\"Resumo Pol\u00edtico\" \/>\n<meta property=\"article:published_time\" content=\"2026-04-30T21:08:14+00:00\" \/>\n<meta property=\"article:modified_time\" content=\"2026-04-30T21:09:17+00:00\" \/>\n<meta property=\"og:image\" content=\"https:\/\/resumopolitico.com.br\/wp-content\/uploads\/2025\/01\/alari.jpg\" \/>\n\t<meta property=\"og:image:width\" content=\"750\" \/>\n\t<meta property=\"og:image:height\" content=\"375\" \/>\n\t<meta property=\"og:image:type\" content=\"image\/jpeg\" \/>\n<meta name=\"author\" content=\"resumopolitico\" \/>\n<meta name=\"twitter:card\" content=\"summary_large_image\" \/>\n<meta name=\"twitter:label1\" content=\"Escrito por\" \/>\n\t<meta name=\"twitter:data1\" content=\"resumopolitico\" \/>\n\t<meta name=\"twitter:label2\" content=\"Est. tempo de leitura\" \/>\n\t<meta name=\"twitter:data2\" content=\"4 minutos\" \/>\n<script type=\"application\/ld+json\" class=\"yoast-schema-graph\">{\"@context\":\"https:\\\/\\\/schema.org\",\"@graph\":[{\"@type\":\"Article\",\"@id\":\"https:\\\/\\\/resumopolitico.com.br\\\/?p=36398#article\",\"isPartOf\":{\"@id\":\"https:\\\/\\\/resumopolitico.com.br\\\/?p=36398\"},\"author\":{\"name\":\"resumopolitico\",\"@id\":\"https:\\\/\\\/resumopolitico.com.br\\\/#\\\/schema\\\/person\\\/8e54285779750ca1eb5d54a40785d6f3\"},\"headline\":\"SALVE O DIA DAS M\u00c3ES\",\"datePublished\":\"2026-04-30T21:08:14+00:00\",\"dateModified\":\"2026-04-30T21:09:17+00:00\",\"mainEntityOfPage\":{\"@id\":\"https:\\\/\\\/resumopolitico.com.br\\\/?p=36398\"},\"wordCount\":658,\"commentCount\":0,\"image\":{\"@id\":\"https:\\\/\\\/resumopolitico.com.br\\\/?p=36398#primaryimage\"},\"thumbnailUrl\":\"https:\\\/\\\/resumopolitico.com.br\\\/wp-content\\\/uploads\\\/2025\\\/01\\\/alari.jpg\",\"articleSection\":[\"Alari Romariz Torres\",\"Destaque\"],\"inLanguage\":\"pt-BR\",\"potentialAction\":[{\"@type\":\"CommentAction\",\"name\":\"Comment\",\"target\":[\"https:\\\/\\\/resumopolitico.com.br\\\/?p=36398#respond\"]}]},{\"@type\":\"WebPage\",\"@id\":\"https:\\\/\\\/resumopolitico.com.br\\\/?p=36398\",\"url\":\"https:\\\/\\\/resumopolitico.com.br\\\/?p=36398\",\"name\":\"SALVE O DIA DAS M\u00c3ES - Resumo Pol\u00edtico\",\"isPartOf\":{\"@id\":\"https:\\\/\\\/resumopolitico.com.br\\\/#website\"},\"primaryImageOfPage\":{\"@id\":\"https:\\\/\\\/resumopolitico.com.br\\\/?p=36398#primaryimage\"},\"image\":{\"@id\":\"https:\\\/\\\/resumopolitico.com.br\\\/?p=36398#primaryimage\"},\"thumbnailUrl\":\"https:\\\/\\\/resumopolitico.com.br\\\/wp-content\\\/uploads\\\/2025\\\/01\\\/alari.jpg\",\"datePublished\":\"2026-04-30T21:08:14+00:00\",\"dateModified\":\"2026-04-30T21:09:17+00:00\",\"author\":{\"@id\":\"https:\\\/\\\/resumopolitico.com.br\\\/#\\\/schema\\\/person\\\/8e54285779750ca1eb5d54a40785d6f3\"},\"breadcrumb\":{\"@id\":\"https:\\\/\\\/resumopolitico.com.br\\\/?p=36398#breadcrumb\"},\"inLanguage\":\"pt-BR\",\"potentialAction\":[{\"@type\":\"ReadAction\",\"target\":[\"https:\\\/\\\/resumopolitico.com.br\\\/?p=36398\"]}]},{\"@type\":\"ImageObject\",\"inLanguage\":\"pt-BR\",\"@id\":\"https:\\\/\\\/resumopolitico.com.br\\\/?p=36398#primaryimage\",\"url\":\"https:\\\/\\\/resumopolitico.com.br\\\/wp-content\\\/uploads\\\/2025\\\/01\\\/alari.jpg\",\"contentUrl\":\"https:\\\/\\\/resumopolitico.com.br\\\/wp-content\\\/uploads\\\/2025\\\/01\\\/alari.jpg\",\"width\":750,\"height\":375},{\"@type\":\"BreadcrumbList\",\"@id\":\"https:\\\/\\\/resumopolitico.com.br\\\/?p=36398#breadcrumb\",\"itemListElement\":[{\"@type\":\"ListItem\",\"position\":1,\"name\":\"In\u00edcio\",\"item\":\"https:\\\/\\\/resumopolitico.com.br\\\/\"},{\"@type\":\"ListItem\",\"position\":2,\"name\":\"SALVE O DIA DAS M\u00c3ES\"}]},{\"@type\":\"WebSite\",\"@id\":\"https:\\\/\\\/resumopolitico.com.br\\\/#website\",\"url\":\"https:\\\/\\\/resumopolitico.com.br\\\/\",\"name\":\"Resumo Pol\u00edtico\",\"description\":\"Resumo Pol\u00edtico\",\"potentialAction\":[{\"@type\":\"SearchAction\",\"target\":{\"@type\":\"EntryPoint\",\"urlTemplate\":\"https:\\\/\\\/resumopolitico.com.br\\\/?s={search_term_string}\"},\"query-input\":{\"@type\":\"PropertyValueSpecification\",\"valueRequired\":true,\"valueName\":\"search_term_string\"}}],\"inLanguage\":\"pt-BR\"},{\"@type\":\"Person\",\"@id\":\"https:\\\/\\\/resumopolitico.com.br\\\/#\\\/schema\\\/person\\\/8e54285779750ca1eb5d54a40785d6f3\",\"name\":\"resumopolitico\",\"image\":{\"@type\":\"ImageObject\",\"inLanguage\":\"pt-BR\",\"@id\":\"\\\/\\\/www.gravatar.com\\\/avatar\\\/964d308c93aaf0c33319e9a3bc3b8ac5?s=96&#038;r=g&#038;d=mm\",\"url\":\"\\\/\\\/www.gravatar.com\\\/avatar\\\/964d308c93aaf0c33319e9a3bc3b8ac5?s=96&#038;r=g&#038;d=mm\",\"contentUrl\":\"\\\/\\\/www.gravatar.com\\\/avatar\\\/964d308c93aaf0c33319e9a3bc3b8ac5?s=96&#038;r=g&#038;d=mm\",\"caption\":\"resumopolitico\"},\"sameAs\":[\"http:\\\/\\\/resumopolitico.com.br\"],\"url\":\"https:\\\/\\\/resumopolitico.com.br\\\/?bp_members=1&bp_member=resumopoliticoprofile\\\/home\\\/\"}]}<\/script>\n<!-- \/ Yoast SEO plugin. -->","yoast_head_json":{"title":"SALVE O DIA DAS M\u00c3ES - Resumo Pol\u00edtico","robots":{"index":"index","follow":"follow","max-snippet":"max-snippet:-1","max-image-preview":"max-image-preview:large","max-video-preview":"max-video-preview:-1"},"canonical":"https:\/\/resumopolitico.com.br\/?p=36398","og_locale":"pt_BR","og_type":"article","og_title":"SALVE O DIA DAS M\u00c3ES - Resumo Pol\u00edtico","og_description":"O Dia das M\u00e3es vem a\u00ed. Come\u00e7o, ent\u00e3o, a lembrar de minha m\u00e3e. Uma morena bonita, de bom cora\u00e7\u00e3o, mas muito mimada por meu pai. Se ela estivesse errada ao nos corrigir, ele dizia: depois falo com ela. E n\u00e3o falava. Tive tr\u00eas irm\u00e3s, todas foram m\u00e3es, mas nenhuma, ou s\u00f3 uma, seguiu o exemplo [&hellip;]","og_url":"https:\/\/resumopolitico.com.br\/?p=36398","og_site_name":"Resumo Pol\u00edtico","article_published_time":"2026-04-30T21:08:14+00:00","article_modified_time":"2026-04-30T21:09:17+00:00","og_image":[{"width":750,"height":375,"url":"https:\/\/resumopolitico.com.br\/wp-content\/uploads\/2025\/01\/alari.jpg","type":"image\/jpeg"}],"author":"resumopolitico","twitter_card":"summary_large_image","twitter_misc":{"Escrito por":"resumopolitico","Est. tempo de leitura":"4 minutos"},"schema":{"@context":"https:\/\/schema.org","@graph":[{"@type":"Article","@id":"https:\/\/resumopolitico.com.br\/?p=36398#article","isPartOf":{"@id":"https:\/\/resumopolitico.com.br\/?p=36398"},"author":{"name":"resumopolitico","@id":"https:\/\/resumopolitico.com.br\/#\/schema\/person\/8e54285779750ca1eb5d54a40785d6f3"},"headline":"SALVE O DIA DAS M\u00c3ES","datePublished":"2026-04-30T21:08:14+00:00","dateModified":"2026-04-30T21:09:17+00:00","mainEntityOfPage":{"@id":"https:\/\/resumopolitico.com.br\/?p=36398"},"wordCount":658,"commentCount":0,"image":{"@id":"https:\/\/resumopolitico.com.br\/?p=36398#primaryimage"},"thumbnailUrl":"https:\/\/resumopolitico.com.br\/wp-content\/uploads\/2025\/01\/alari.jpg","articleSection":["Alari Romariz Torres","Destaque"],"inLanguage":"pt-BR","potentialAction":[{"@type":"CommentAction","name":"Comment","target":["https:\/\/resumopolitico.com.br\/?p=36398#respond"]}]},{"@type":"WebPage","@id":"https:\/\/resumopolitico.com.br\/?p=36398","url":"https:\/\/resumopolitico.com.br\/?p=36398","name":"SALVE O DIA DAS M\u00c3ES - Resumo Pol\u00edtico","isPartOf":{"@id":"https:\/\/resumopolitico.com.br\/#website"},"primaryImageOfPage":{"@id":"https:\/\/resumopolitico.com.br\/?p=36398#primaryimage"},"image":{"@id":"https:\/\/resumopolitico.com.br\/?p=36398#primaryimage"},"thumbnailUrl":"https:\/\/resumopolitico.com.br\/wp-content\/uploads\/2025\/01\/alari.jpg","datePublished":"2026-04-30T21:08:14+00:00","dateModified":"2026-04-30T21:09:17+00:00","author":{"@id":"https:\/\/resumopolitico.com.br\/#\/schema\/person\/8e54285779750ca1eb5d54a40785d6f3"},"breadcrumb":{"@id":"https:\/\/resumopolitico.com.br\/?p=36398#breadcrumb"},"inLanguage":"pt-BR","potentialAction":[{"@type":"ReadAction","target":["https:\/\/resumopolitico.com.br\/?p=36398"]}]},{"@type":"ImageObject","inLanguage":"pt-BR","@id":"https:\/\/resumopolitico.com.br\/?p=36398#primaryimage","url":"https:\/\/resumopolitico.com.br\/wp-content\/uploads\/2025\/01\/alari.jpg","contentUrl":"https:\/\/resumopolitico.com.br\/wp-content\/uploads\/2025\/01\/alari.jpg","width":750,"height":375},{"@type":"BreadcrumbList","@id":"https:\/\/resumopolitico.com.br\/?p=36398#breadcrumb","itemListElement":[{"@type":"ListItem","position":1,"name":"In\u00edcio","item":"https:\/\/resumopolitico.com.br\/"},{"@type":"ListItem","position":2,"name":"SALVE O DIA DAS M\u00c3ES"}]},{"@type":"WebSite","@id":"https:\/\/resumopolitico.com.br\/#website","url":"https:\/\/resumopolitico.com.br\/","name":"Resumo Pol\u00edtico","description":"Resumo Pol\u00edtico","potentialAction":[{"@type":"SearchAction","target":{"@type":"EntryPoint","urlTemplate":"https:\/\/resumopolitico.com.br\/?s={search_term_string}"},"query-input":{"@type":"PropertyValueSpecification","valueRequired":true,"valueName":"search_term_string"}}],"inLanguage":"pt-BR"},{"@type":"Person","@id":"https:\/\/resumopolitico.com.br\/#\/schema\/person\/8e54285779750ca1eb5d54a40785d6f3","name":"resumopolitico","image":{"@type":"ImageObject","inLanguage":"pt-BR","@id":"\/\/www.gravatar.com\/avatar\/964d308c93aaf0c33319e9a3bc3b8ac5?s=96&#038;r=g&#038;d=mm","url":"\/\/www.gravatar.com\/avatar\/964d308c93aaf0c33319e9a3bc3b8ac5?s=96&#038;r=g&#038;d=mm","contentUrl":"\/\/www.gravatar.com\/avatar\/964d308c93aaf0c33319e9a3bc3b8ac5?s=96&#038;r=g&#038;d=mm","caption":"resumopolitico"},"sameAs":["http:\/\/resumopolitico.com.br"],"url":"https:\/\/resumopolitico.com.br\/?bp_members=1&bp_member=resumopoliticoprofile\/home\/"}]}},"_links":{"self":[{"href":"https:\/\/resumopolitico.com.br\/index.php?rest_route=\/wp\/v2\/posts\/36398","targetHints":{"allow":["GET"]}}],"collection":[{"href":"https:\/\/resumopolitico.com.br\/index.php?rest_route=\/wp\/v2\/posts"}],"about":[{"href":"https:\/\/resumopolitico.com.br\/index.php?rest_route=\/wp\/v2\/types\/post"}],"author":[{"embeddable":true,"href":"https:\/\/resumopolitico.com.br\/index.php?rest_route=\/wp\/v2\/users\/1"}],"replies":[{"embeddable":true,"href":"https:\/\/resumopolitico.com.br\/index.php?rest_route=%2Fwp%2Fv2%2Fcomments&post=36398"}],"version-history":[{"count":2,"href":"https:\/\/resumopolitico.com.br\/index.php?rest_route=\/wp\/v2\/posts\/36398\/revisions"}],"predecessor-version":[{"id":36400,"href":"https:\/\/resumopolitico.com.br\/index.php?rest_route=\/wp\/v2\/posts\/36398\/revisions\/36400"}],"wp:featuredmedia":[{"embeddable":true,"href":"https:\/\/resumopolitico.com.br\/index.php?rest_route=\/wp\/v2\/media\/28010"}],"wp:attachment":[{"href":"https:\/\/resumopolitico.com.br\/index.php?rest_route=%2Fwp%2Fv2%2Fmedia&parent=36398"}],"wp:term":[{"taxonomy":"category","embeddable":true,"href":"https:\/\/resumopolitico.com.br\/index.php?rest_route=%2Fwp%2Fv2%2Fcategories&post=36398"},{"taxonomy":"post_tag","embeddable":true,"href":"https:\/\/resumopolitico.com.br\/index.php?rest_route=%2Fwp%2Fv2%2Ftags&post=36398"}],"curies":[{"name":"wp","href":"https:\/\/api.w.org\/{rel}","templated":true}]}}