{"id":36406,"date":"2026-04-30T18:37:40","date_gmt":"2026-04-30T21:37:40","guid":{"rendered":"https:\/\/resumopolitico.com.br\/?p=36406"},"modified":"2026-04-30T18:38:16","modified_gmt":"2026-04-30T21:38:16","slug":"36406","status":"publish","type":"post","link":"https:\/\/resumopolitico.com.br\/?p=36406","title":{"rendered":"Prefeito Rodrigo Cunha institui Comit\u00ea Gestor do Centro de Macei\u00f3"},"content":{"rendered":"<p>Grupo re\u00fane poder p\u00fablico e setor produtivo para melhorar infraestrutura, seguran\u00e7a e desenvolvimento da regi\u00e3o<\/p>\n<p data-base-font=\"18\">O prefeito Rodrigo Cunha empossou, nesta quinta-feira (30), o Comit\u00ea Gestor do Centro de Macei\u00f3, com o objetivo de fortalecer, ordenar, requalificar e impulsionar as atividades econ\u00f4micas e urbanas da regi\u00e3o.<\/p>\n<p data-base-font=\"18\">\u201cO Centro de Macei\u00f3 \u00e9 um dos principais motores da nossa economia e precisa de aten\u00e7\u00e3o permanente e integrada. A cria\u00e7\u00e3o do Comit\u00ea Gestor representa um passo importante nesse sentido, ao reunir poder p\u00fablico e setor produtivo para pensar, planejar e executar a\u00e7\u00f5es de forma conjunta. Nosso objetivo \u00e9 fortalecer o com\u00e9rcio, melhorar a infraestrutura, garantir mais seguran\u00e7a e organiza\u00e7\u00e3o urbana, tornando o Centro cada vez mais atrativo para quem trabalha, empreende e circula pela regi\u00e3o. \u00c9 uma iniciativa que une esfor\u00e7os para impulsionar o desenvolvimento e valorizar ainda mais essa \u00e1rea t\u00e3o importante da cidade\u201d, afirmou o prefeito.<\/p>\n<p data-base-font=\"18\">O comit\u00ea ter\u00e1 como fun\u00e7\u00f5es articular institui\u00e7\u00f5es, propor medidas e acompanhar a\u00e7\u00f5es voltadas \u00e0 melhoria da infraestrutura, mobilidade, seguran\u00e7a, ordenamento urbano e fortalecimento do com\u00e9rcio, al\u00e9m de estimular o di\u00e1logo permanente entre poder p\u00fablico e setor produtivo.<\/p>\n<p data-base-font=\"18\">O grupo \u00e9 composto por representantes de \u00f3rg\u00e3os municipais e entidades da sociedade civil e do setor produtivo, como Fecom\u00e9rcio, Associa\u00e7\u00e3o Comercial, Alian\u00e7a Comercial, FIEA, Abrasel e Sebrae, entre outras institui\u00e7\u00f5es.<\/p>\n<p data-base-font=\"18\">A coordena\u00e7\u00e3o ficar\u00e1 a cargo da Secretaria Extraordin\u00e1ria de Ind\u00fastria, Com\u00e9rcio e Servi\u00e7os (Seminc), respons\u00e1vel pela convoca\u00e7\u00e3o das reuni\u00f5es e organiza\u00e7\u00e3o dos trabalhos. A participa\u00e7\u00e3o no comit\u00ea \u00e9 considerada servi\u00e7o p\u00fablico relevante e n\u00e3o ser\u00e1 remunerada.<\/p>\n<p data-base-font=\"18\">O evento contou com a presen\u00e7a do presidente da C\u00e2mara de Vereadores, Chico Filho e do secret\u00e1rio municipal de Ind\u00fastria, Com\u00e9rcio e Servi\u00e7os, Carlos Pinheiro J\u00fanior; al\u00e9m de representantes das secretarias que comp\u00f5em o Comit\u00ea.<\/p>\n<p data-base-font=\"18\">A portaria que institui o Comit\u00ea Gestor j\u00e1 foi publicada no Di\u00e1rio Oficial do Munic\u00edpio, no dia 13 de abri. Confira\u00a0<a href=\"https:\/\/cdnpm.dhost.cloud\/imagens\/publicado_119990_2026-04-13_7f5b77f8902f5418bc1eb13031f52175.pdf\" data-base-font=\"18\">aqui.<\/a><\/p>\n<div class=\"gallery-item\" data-base-font=\"14\">\n<div class=\"gallery-block masonry\" data-base-font=\"14\">\n<div class=\"masonry-brick\" data-base-font=\"14\"><a class=\"masonry-content\" href=\"https:\/\/cdnpm.dhost.cloud\/imagens\/30-04-26-Posse-Do-Comite-Gestor-do-Centro-De-Maceio-Rodrigo-Cunha-Foto-Felipe-Sostenes-86.jpg\" data-fancybox=\"gallery\" data-base-font=\"14\"><img decoding=\"async\" src=\"https:\/\/maceio.al.gov.br\/transform\/imagens\/_206x160_crop_center-center_none\/30-04-26-Posse-Do-Comite-Gestor-do-Centro-De-Maceio-Rodrigo-Cunha-Foto-Felipe-Sostenes-86.jpg\" alt=\"\" data-base-font=\"14\" \/><\/a><\/div>\n<div class=\"masonry-brick\" data-base-font=\"14\"><a class=\"masonry-content\" href=\"https:\/\/cdnpm.dhost.cloud\/imagens\/30-04-26-Posse-Do-Comite-Gestor-do-Centro-De-Maceio-Rodrigo-Cunha-Foto-Felipe-Sostenes-7.jpg\" data-fancybox=\"gallery\" data-base-font=\"14\"><img decoding=\"async\" src=\"https:\/\/maceio.al.gov.br\/transform\/imagens\/_206x160_crop_center-center_none\/30-04-26-Posse-Do-Comite-Gestor-do-Centro-De-Maceio-Rodrigo-Cunha-Foto-Felipe-Sostenes-7.jpg\" alt=\"\" data-base-font=\"14\" \/><\/a><\/div>\n<\/div>\n<p><span class=\"gallery-item__legend\" data-base-font=\"16\">Fotos: Felipe Sostenes\/Secom Macei\u00f3<\/span><\/div>\n","protected":false},"excerpt":{"rendered":"<p>Grupo re\u00fane poder p\u00fablico e setor produtivo para melhorar infraestrutura, seguran\u00e7a e desenvolvimento da regi\u00e3o O prefeito Rodrigo Cunha empossou, nesta quinta-feira (30), o Comit\u00ea Gestor do Centro de Macei\u00f3, com o objetivo de fortalecer, ordenar, requalificar e impulsionar as atividades econ\u00f4micas e urbanas da regi\u00e3o. \u201cO Centro de Macei\u00f3 \u00e9 um dos principais motores [&hellip;]<\/p>\n","protected":false},"author":1,"featured_media":36408,"comment_status":"open","ping_status":"open","sticky":false,"template":"","format":"standard","meta":{"_monsterinsights_skip_tracking":false,"_monsterinsights_sitenote_active":false,"_monsterinsights_sitenote_note":"","_monsterinsights_sitenote_category":0,"footnotes":""},"categories":[66,104],"tags":[],"class_list":["post-36406","post","type-post","status-publish","format-standard","has-post-thumbnail","hentry","category-alagoas","category-destaque"],"yoast_head":"<!-- This site is optimized with the Yoast SEO plugin v27.5 - https:\/\/yoast.com\/product\/yoast-seo-wordpress\/ -->\n<title>Prefeito Rodrigo Cunha institui Comit\u00ea Gestor do Centro de Macei\u00f3 - Resumo Pol\u00edtico<\/title>\n<meta name=\"robots\" content=\"index, follow, max-snippet:-1, max-image-preview:large, max-video-preview:-1\" \/>\n<link rel=\"canonical\" href=\"https:\/\/resumopolitico.com.br\/?p=36406\" \/>\n<meta property=\"og:locale\" content=\"pt_BR\" \/>\n<meta property=\"og:type\" content=\"article\" \/>\n<meta property=\"og:title\" content=\"Prefeito Rodrigo Cunha institui Comit\u00ea Gestor do Centro de Macei\u00f3 - Resumo Pol\u00edtico\" \/>\n<meta property=\"og:description\" content=\"Grupo re\u00fane poder p\u00fablico e setor produtivo para melhorar infraestrutura, seguran\u00e7a e desenvolvimento da regi\u00e3o O prefeito Rodrigo Cunha empossou, nesta quinta-feira (30), o Comit\u00ea Gestor do Centro de Macei\u00f3, com o objetivo de fortalecer, ordenar, requalificar e impulsionar as atividades econ\u00f4micas e urbanas da regi\u00e3o. \u201cO Centro de Macei\u00f3 \u00e9 um dos principais motores [&hellip;]\" \/>\n<meta property=\"og:url\" content=\"https:\/\/resumopolitico.com.br\/?p=36406\" \/>\n<meta property=\"og:site_name\" content=\"Resumo Pol\u00edtico\" \/>\n<meta property=\"article:published_time\" content=\"2026-04-30T21:37:40+00:00\" \/>\n<meta property=\"article:modified_time\" content=\"2026-04-30T21:38:16+00:00\" \/>\n<meta property=\"og:image\" content=\"https:\/\/resumopolitico.com.br\/wp-content\/uploads\/2026\/04\/30-04-26-Posse-Do-Comite-Gestor-do-Centro-De-Maceio-Rodrigo-Cunha-Foto-Felipe-Sostenes-97.jpg\" \/>\n\t<meta property=\"og:image:width\" content=\"850\" \/>\n\t<meta property=\"og:image:height\" content=\"560\" \/>\n\t<meta property=\"og:image:type\" content=\"image\/jpeg\" \/>\n<meta name=\"author\" content=\"resumopolitico\" \/>\n<meta name=\"twitter:card\" content=\"summary_large_image\" \/>\n<meta name=\"twitter:label1\" content=\"Escrito por\" \/>\n\t<meta name=\"twitter:data1\" content=\"resumopolitico\" \/>\n\t<meta name=\"twitter:label2\" content=\"Est. tempo de leitura\" \/>\n\t<meta name=\"twitter:data2\" content=\"3 minutos\" \/>\n<script type=\"application\/ld+json\" class=\"yoast-schema-graph\">{\"@context\":\"https:\\\/\\\/schema.org\",\"@graph\":[{\"@type\":\"Article\",\"@id\":\"https:\\\/\\\/resumopolitico.com.br\\\/?p=36406#article\",\"isPartOf\":{\"@id\":\"https:\\\/\\\/resumopolitico.com.br\\\/?p=36406\"},\"author\":{\"name\":\"resumopolitico\",\"@id\":\"https:\\\/\\\/resumopolitico.com.br\\\/#\\\/schema\\\/person\\\/8e54285779750ca1eb5d54a40785d6f3\"},\"headline\":\"Prefeito Rodrigo Cunha institui Comit\u00ea Gestor do Centro de Macei\u00f3\",\"datePublished\":\"2026-04-30T21:37:40+00:00\",\"dateModified\":\"2026-04-30T21:38:16+00:00\",\"mainEntityOfPage\":{\"@id\":\"https:\\\/\\\/resumopolitico.com.br\\\/?p=36406\"},\"wordCount\":366,\"commentCount\":0,\"image\":{\"@id\":\"https:\\\/\\\/resumopolitico.com.br\\\/?p=36406#primaryimage\"},\"thumbnailUrl\":\"https:\\\/\\\/resumopolitico.com.br\\\/wp-content\\\/uploads\\\/2026\\\/04\\\/30-04-26-Posse-Do-Comite-Gestor-do-Centro-De-Maceio-Rodrigo-Cunha-Foto-Felipe-Sostenes-97.jpg\",\"articleSection\":[\"Alagoas\",\"Destaque\"],\"inLanguage\":\"pt-BR\",\"potentialAction\":[{\"@type\":\"CommentAction\",\"name\":\"Comment\",\"target\":[\"https:\\\/\\\/resumopolitico.com.br\\\/?p=36406#respond\"]}]},{\"@type\":\"WebPage\",\"@id\":\"https:\\\/\\\/resumopolitico.com.br\\\/?p=36406\",\"url\":\"https:\\\/\\\/resumopolitico.com.br\\\/?p=36406\",\"name\":\"Prefeito Rodrigo Cunha institui Comit\u00ea Gestor do Centro de Macei\u00f3 - Resumo Pol\u00edtico\",\"isPartOf\":{\"@id\":\"https:\\\/\\\/resumopolitico.com.br\\\/#website\"},\"primaryImageOfPage\":{\"@id\":\"https:\\\/\\\/resumopolitico.com.br\\\/?p=36406#primaryimage\"},\"image\":{\"@id\":\"https:\\\/\\\/resumopolitico.com.br\\\/?p=36406#primaryimage\"},\"thumbnailUrl\":\"https:\\\/\\\/resumopolitico.com.br\\\/wp-content\\\/uploads\\\/2026\\\/04\\\/30-04-26-Posse-Do-Comite-Gestor-do-Centro-De-Maceio-Rodrigo-Cunha-Foto-Felipe-Sostenes-97.jpg\",\"datePublished\":\"2026-04-30T21:37:40+00:00\",\"dateModified\":\"2026-04-30T21:38:16+00:00\",\"author\":{\"@id\":\"https:\\\/\\\/resumopolitico.com.br\\\/#\\\/schema\\\/person\\\/8e54285779750ca1eb5d54a40785d6f3\"},\"breadcrumb\":{\"@id\":\"https:\\\/\\\/resumopolitico.com.br\\\/?p=36406#breadcrumb\"},\"inLanguage\":\"pt-BR\",\"potentialAction\":[{\"@type\":\"ReadAction\",\"target\":[\"https:\\\/\\\/resumopolitico.com.br\\\/?p=36406\"]}]},{\"@type\":\"ImageObject\",\"inLanguage\":\"pt-BR\",\"@id\":\"https:\\\/\\\/resumopolitico.com.br\\\/?p=36406#primaryimage\",\"url\":\"https:\\\/\\\/resumopolitico.com.br\\\/wp-content\\\/uploads\\\/2026\\\/04\\\/30-04-26-Posse-Do-Comite-Gestor-do-Centro-De-Maceio-Rodrigo-Cunha-Foto-Felipe-Sostenes-97.jpg\",\"contentUrl\":\"https:\\\/\\\/resumopolitico.com.br\\\/wp-content\\\/uploads\\\/2026\\\/04\\\/30-04-26-Posse-Do-Comite-Gestor-do-Centro-De-Maceio-Rodrigo-Cunha-Foto-Felipe-Sostenes-97.jpg\",\"width\":850,\"height\":560},{\"@type\":\"BreadcrumbList\",\"@id\":\"https:\\\/\\\/resumopolitico.com.br\\\/?p=36406#breadcrumb\",\"itemListElement\":[{\"@type\":\"ListItem\",\"position\":1,\"name\":\"In\u00edcio\",\"item\":\"https:\\\/\\\/resumopolitico.com.br\\\/\"},{\"@type\":\"ListItem\",\"position\":2,\"name\":\"Prefeito Rodrigo Cunha institui Comit\u00ea Gestor do Centro de Macei\u00f3\"}]},{\"@type\":\"WebSite\",\"@id\":\"https:\\\/\\\/resumopolitico.com.br\\\/#website\",\"url\":\"https:\\\/\\\/resumopolitico.com.br\\\/\",\"name\":\"Resumo Pol\u00edtico\",\"description\":\"Resumo Pol\u00edtico\",\"potentialAction\":[{\"@type\":\"SearchAction\",\"target\":{\"@type\":\"EntryPoint\",\"urlTemplate\":\"https:\\\/\\\/resumopolitico.com.br\\\/?s={search_term_string}\"},\"query-input\":{\"@type\":\"PropertyValueSpecification\",\"valueRequired\":true,\"valueName\":\"search_term_string\"}}],\"inLanguage\":\"pt-BR\"},{\"@type\":\"Person\",\"@id\":\"https:\\\/\\\/resumopolitico.com.br\\\/#\\\/schema\\\/person\\\/8e54285779750ca1eb5d54a40785d6f3\",\"name\":\"resumopolitico\",\"image\":{\"@type\":\"ImageObject\",\"inLanguage\":\"pt-BR\",\"@id\":\"\\\/\\\/www.gravatar.com\\\/avatar\\\/964d308c93aaf0c33319e9a3bc3b8ac5?s=96&#038;r=g&#038;d=mm\",\"url\":\"\\\/\\\/www.gravatar.com\\\/avatar\\\/964d308c93aaf0c33319e9a3bc3b8ac5?s=96&#038;r=g&#038;d=mm\",\"contentUrl\":\"\\\/\\\/www.gravatar.com\\\/avatar\\\/964d308c93aaf0c33319e9a3bc3b8ac5?s=96&#038;r=g&#038;d=mm\",\"caption\":\"resumopolitico\"},\"sameAs\":[\"http:\\\/\\\/resumopolitico.com.br\"],\"url\":\"https:\\\/\\\/resumopolitico.com.br\\\/?bp_members=1&bp_member=resumopoliticoprofile\\\/home\\\/\"}]}<\/script>\n<!-- \/ Yoast SEO plugin. -->","yoast_head_json":{"title":"Prefeito Rodrigo Cunha institui Comit\u00ea Gestor do Centro de Macei\u00f3 - Resumo Pol\u00edtico","robots":{"index":"index","follow":"follow","max-snippet":"max-snippet:-1","max-image-preview":"max-image-preview:large","max-video-preview":"max-video-preview:-1"},"canonical":"https:\/\/resumopolitico.com.br\/?p=36406","og_locale":"pt_BR","og_type":"article","og_title":"Prefeito Rodrigo Cunha institui Comit\u00ea Gestor do Centro de Macei\u00f3 - Resumo Pol\u00edtico","og_description":"Grupo re\u00fane poder p\u00fablico e setor produtivo para melhorar infraestrutura, seguran\u00e7a e desenvolvimento da regi\u00e3o O prefeito Rodrigo Cunha empossou, nesta quinta-feira (30), o Comit\u00ea Gestor do Centro de Macei\u00f3, com o objetivo de fortalecer, ordenar, requalificar e impulsionar as atividades econ\u00f4micas e urbanas da regi\u00e3o. \u201cO Centro de Macei\u00f3 \u00e9 um dos principais motores [&hellip;]","og_url":"https:\/\/resumopolitico.com.br\/?p=36406","og_site_name":"Resumo Pol\u00edtico","article_published_time":"2026-04-30T21:37:40+00:00","article_modified_time":"2026-04-30T21:38:16+00:00","og_image":[{"width":850,"height":560,"url":"https:\/\/resumopolitico.com.br\/wp-content\/uploads\/2026\/04\/30-04-26-Posse-Do-Comite-Gestor-do-Centro-De-Maceio-Rodrigo-Cunha-Foto-Felipe-Sostenes-97.jpg","type":"image\/jpeg"}],"author":"resumopolitico","twitter_card":"summary_large_image","twitter_misc":{"Escrito por":"resumopolitico","Est. tempo de leitura":"3 minutos"},"schema":{"@context":"https:\/\/schema.org","@graph":[{"@type":"Article","@id":"https:\/\/resumopolitico.com.br\/?p=36406#article","isPartOf":{"@id":"https:\/\/resumopolitico.com.br\/?p=36406"},"author":{"name":"resumopolitico","@id":"https:\/\/resumopolitico.com.br\/#\/schema\/person\/8e54285779750ca1eb5d54a40785d6f3"},"headline":"Prefeito Rodrigo Cunha institui Comit\u00ea Gestor do Centro de Macei\u00f3","datePublished":"2026-04-30T21:37:40+00:00","dateModified":"2026-04-30T21:38:16+00:00","mainEntityOfPage":{"@id":"https:\/\/resumopolitico.com.br\/?p=36406"},"wordCount":366,"commentCount":0,"image":{"@id":"https:\/\/resumopolitico.com.br\/?p=36406#primaryimage"},"thumbnailUrl":"https:\/\/resumopolitico.com.br\/wp-content\/uploads\/2026\/04\/30-04-26-Posse-Do-Comite-Gestor-do-Centro-De-Maceio-Rodrigo-Cunha-Foto-Felipe-Sostenes-97.jpg","articleSection":["Alagoas","Destaque"],"inLanguage":"pt-BR","potentialAction":[{"@type":"CommentAction","name":"Comment","target":["https:\/\/resumopolitico.com.br\/?p=36406#respond"]}]},{"@type":"WebPage","@id":"https:\/\/resumopolitico.com.br\/?p=36406","url":"https:\/\/resumopolitico.com.br\/?p=36406","name":"Prefeito Rodrigo Cunha institui Comit\u00ea Gestor do Centro de Macei\u00f3 - Resumo Pol\u00edtico","isPartOf":{"@id":"https:\/\/resumopolitico.com.br\/#website"},"primaryImageOfPage":{"@id":"https:\/\/resumopolitico.com.br\/?p=36406#primaryimage"},"image":{"@id":"https:\/\/resumopolitico.com.br\/?p=36406#primaryimage"},"thumbnailUrl":"https:\/\/resumopolitico.com.br\/wp-content\/uploads\/2026\/04\/30-04-26-Posse-Do-Comite-Gestor-do-Centro-De-Maceio-Rodrigo-Cunha-Foto-Felipe-Sostenes-97.jpg","datePublished":"2026-04-30T21:37:40+00:00","dateModified":"2026-04-30T21:38:16+00:00","author":{"@id":"https:\/\/resumopolitico.com.br\/#\/schema\/person\/8e54285779750ca1eb5d54a40785d6f3"},"breadcrumb":{"@id":"https:\/\/resumopolitico.com.br\/?p=36406#breadcrumb"},"inLanguage":"pt-BR","potentialAction":[{"@type":"ReadAction","target":["https:\/\/resumopolitico.com.br\/?p=36406"]}]},{"@type":"ImageObject","inLanguage":"pt-BR","@id":"https:\/\/resumopolitico.com.br\/?p=36406#primaryimage","url":"https:\/\/resumopolitico.com.br\/wp-content\/uploads\/2026\/04\/30-04-26-Posse-Do-Comite-Gestor-do-Centro-De-Maceio-Rodrigo-Cunha-Foto-Felipe-Sostenes-97.jpg","contentUrl":"https:\/\/resumopolitico.com.br\/wp-content\/uploads\/2026\/04\/30-04-26-Posse-Do-Comite-Gestor-do-Centro-De-Maceio-Rodrigo-Cunha-Foto-Felipe-Sostenes-97.jpg","width":850,"height":560},{"@type":"BreadcrumbList","@id":"https:\/\/resumopolitico.com.br\/?p=36406#breadcrumb","itemListElement":[{"@type":"ListItem","position":1,"name":"In\u00edcio","item":"https:\/\/resumopolitico.com.br\/"},{"@type":"ListItem","position":2,"name":"Prefeito Rodrigo Cunha institui Comit\u00ea Gestor do Centro de Macei\u00f3"}]},{"@type":"WebSite","@id":"https:\/\/resumopolitico.com.br\/#website","url":"https:\/\/resumopolitico.com.br\/","name":"Resumo Pol\u00edtico","description":"Resumo Pol\u00edtico","potentialAction":[{"@type":"SearchAction","target":{"@type":"EntryPoint","urlTemplate":"https:\/\/resumopolitico.com.br\/?s={search_term_string}"},"query-input":{"@type":"PropertyValueSpecification","valueRequired":true,"valueName":"search_term_string"}}],"inLanguage":"pt-BR"},{"@type":"Person","@id":"https:\/\/resumopolitico.com.br\/#\/schema\/person\/8e54285779750ca1eb5d54a40785d6f3","name":"resumopolitico","image":{"@type":"ImageObject","inLanguage":"pt-BR","@id":"\/\/www.gravatar.com\/avatar\/964d308c93aaf0c33319e9a3bc3b8ac5?s=96&#038;r=g&#038;d=mm","url":"\/\/www.gravatar.com\/avatar\/964d308c93aaf0c33319e9a3bc3b8ac5?s=96&#038;r=g&#038;d=mm","contentUrl":"\/\/www.gravatar.com\/avatar\/964d308c93aaf0c33319e9a3bc3b8ac5?s=96&#038;r=g&#038;d=mm","caption":"resumopolitico"},"sameAs":["http:\/\/resumopolitico.com.br"],"url":"https:\/\/resumopolitico.com.br\/?bp_members=1&bp_member=resumopoliticoprofile\/home\/"}]}},"_links":{"self":[{"href":"https:\/\/resumopolitico.com.br\/index.php?rest_route=\/wp\/v2\/posts\/36406","targetHints":{"allow":["GET"]}}],"collection":[{"href":"https:\/\/resumopolitico.com.br\/index.php?rest_route=\/wp\/v2\/posts"}],"about":[{"href":"https:\/\/resumopolitico.com.br\/index.php?rest_route=\/wp\/v2\/types\/post"}],"author":[{"embeddable":true,"href":"https:\/\/resumopolitico.com.br\/index.php?rest_route=\/wp\/v2\/users\/1"}],"replies":[{"embeddable":true,"href":"https:\/\/resumopolitico.com.br\/index.php?rest_route=%2Fwp%2Fv2%2Fcomments&post=36406"}],"version-history":[{"count":2,"href":"https:\/\/resumopolitico.com.br\/index.php?rest_route=\/wp\/v2\/posts\/36406\/revisions"}],"predecessor-version":[{"id":36410,"href":"https:\/\/resumopolitico.com.br\/index.php?rest_route=\/wp\/v2\/posts\/36406\/revisions\/36410"}],"wp:featuredmedia":[{"embeddable":true,"href":"https:\/\/resumopolitico.com.br\/index.php?rest_route=\/wp\/v2\/media\/36408"}],"wp:attachment":[{"href":"https:\/\/resumopolitico.com.br\/index.php?rest_route=%2Fwp%2Fv2%2Fmedia&parent=36406"}],"wp:term":[{"taxonomy":"category","embeddable":true,"href":"https:\/\/resumopolitico.com.br\/index.php?rest_route=%2Fwp%2Fv2%2Fcategories&post=36406"},{"taxonomy":"post_tag","embeddable":true,"href":"https:\/\/resumopolitico.com.br\/index.php?rest_route=%2Fwp%2Fv2%2Ftags&post=36406"}],"curies":[{"name":"wp","href":"https:\/\/api.w.org\/{rel}","templated":true}]}}