{"id":36428,"date":"2026-05-02T11:32:15","date_gmt":"2026-05-02T14:32:15","guid":{"rendered":"https:\/\/resumopolitico.com.br\/?p=36428"},"modified":"2026-05-02T11:32:52","modified_gmt":"2026-05-02T14:32:52","slug":"36428","status":"publish","type":"post","link":"https:\/\/resumopolitico.com.br\/?p=36428","title":{"rendered":"\u201cCavalgada \u00e9 resist\u00eancia cultural e homenagem ao trabalhador que sustenta o Nordeste\u201d, diz Arthur Lira em Maribondo"},"content":{"rendered":"<p>Ao lado de vaqueiros e cavaleiros, o deputado federal Arthur Lira participou, nesta sexta-feira (1\u00ba), da Cavalgada do Trabalhador Minha Origem, no munic\u00edpio de Maribondo, em um momento marcado pela emo\u00e7\u00e3o e pela valoriza\u00e7\u00e3o das origens alagoanas e nordestinas. Mais de mil participantes, entre vaqueiros e cavaleiros de Maribondo e de munic\u00edpios vizinhos, transformaram o Dia do Trabalhador em uma grande celebra\u00e7\u00e3o da identidade regional \u2014 prova viva da brava resist\u00eancia cultural que brota das ra\u00edzes do interior do Nordeste.<\/p>\n<p><img fetchpriority=\"high\" decoding=\"async\" class=\"alignnone size-full wp-image-36430\" src=\"https:\/\/resumopolitico.com.br\/wp-content\/uploads\/2026\/05\/WhatsApp-Image-2026-05-02-at-08.40.29.jpeg\" alt=\"\" width=\"1079\" height=\"1180\" srcset=\"https:\/\/resumopolitico.com.br\/wp-content\/uploads\/2026\/05\/WhatsApp-Image-2026-05-02-at-08.40.29.jpeg 1079w, https:\/\/resumopolitico.com.br\/wp-content\/uploads\/2026\/05\/WhatsApp-Image-2026-05-02-at-08.40.29-274x300.jpeg 274w, https:\/\/resumopolitico.com.br\/wp-content\/uploads\/2026\/05\/WhatsApp-Image-2026-05-02-at-08.40.29-936x1024.jpeg 936w, https:\/\/resumopolitico.com.br\/wp-content\/uploads\/2026\/05\/WhatsApp-Image-2026-05-02-at-08.40.29-768x840.jpeg 768w, https:\/\/resumopolitico.com.br\/wp-content\/uploads\/2026\/05\/WhatsApp-Image-2026-05-02-at-08.40.29-750x820.jpeg 750w\" sizes=\"(max-width: 1079px) 100vw, 1079px\" \/>Ao lado do prefeito Bruno Teixeira, de vereadores e de lideran\u00e7as da zona urbana e rural, Arthur Lira acompanhou o percurso da cavalgada, que percorreu ruas e estradas da cidade em clima de uni\u00e3o, tradi\u00e7\u00e3o e pertencimento.<\/p>\n<p>Para Arthur Lira, a Cavalgada do Trabalhador Minha Origem representa a ess\u00eancia de um povo que preserva sua hist\u00f3ria. \u201cA cavalgada \u00e9 mais do que uma tradi\u00e7\u00e3o. \u00c9 resist\u00eancia cultural, \u00e9 orgulho das nossas origens e \u00e9 uma homenagem justa ao trabalhador que sustenta o Nordeste. Preservar essa cultura \u00e9 manter viva a identidade do nosso povo\u201d, afirmou.<\/p>\n<p>O prefeito Bruno Teixeira destacou a import\u00e2ncia do evento para o munic\u00edpio e refor\u00e7ou o apoio pol\u00edtico ao parlamentar.<\/p>\n<p>\u201cMaribondo reconhece quem trabalha pelo nosso povo. Arthur Lira tem compromisso com os munic\u00edpios e com o desenvolvimento de Alagoas. Por isso, estamos ao seu lado, certos de que Arthur Lira pode e vai fazer ainda mais pelo nosso estado\u201d, declarou.<\/p>\n<p>Bruno Teixeira ressaltou a rela\u00e7\u00e3o de confian\u00e7a com o parlamentar e o apoio \u00e0 sua pr\u00e9-candidatura ao Senado. \u201cArthur Lira \u00e9 um homem que conhece a realidade do nosso povo, que olha nos olhos, que escuta e que entrega. Maribondo tem gratid\u00e3o pelo trabalho que ele j\u00e1 fez e acredita no que ainda pode fazer. Por isso, nosso apoio \u00e0 sua pr\u00e9-candidatura ao Senado \u00e9 firme, \u00e9 sincero e vem do cora\u00e7\u00e3o de quem quer ver Alagoas avan\u00e7ar ainda mais\u201d, afirmou.<\/p>\n<p>Arthur Lira tamb\u00e9m ressaltou que sempre defendeu e apoiou iniciativas que fortalecem a cultura popular e mant\u00eam vivas as tradi\u00e7\u00f5es nordestinas. Segundo Arthur Lira, eventos como a cavalgada s\u00e3o fundamentais para preservar as ra\u00edzes e valorizar quem vive do trabalho no campo.<\/p>\n<p>A Cavalgada do Trabalhador Minha Origem se consolida como uma das mais importantes express\u00f5es culturais da regi\u00e3o, reunindo tradi\u00e7\u00e3o, trabalho e pertencimento em um \u00fanico momento. Em Maribondo, o 1\u00ba de Maio foi mais do que uma data: foi a reafirma\u00e7\u00e3o de uma identidade que resiste, emociona e segue viva no cora\u00e7\u00e3o do povo alagoano.<\/p>\n","protected":false},"excerpt":{"rendered":"<p>Ao lado de vaqueiros e cavaleiros, o deputado federal Arthur Lira participou, nesta sexta-feira (1\u00ba), da Cavalgada do Trabalhador Minha Origem, no munic\u00edpio de Maribondo, em um momento marcado pela emo\u00e7\u00e3o e pela valoriza\u00e7\u00e3o das origens alagoanas e nordestinas. Mais de mil participantes, entre vaqueiros e cavaleiros de Maribondo e de munic\u00edpios vizinhos, transformaram o [&hellip;]<\/p>\n","protected":false},"author":1,"featured_media":36429,"comment_status":"open","ping_status":"open","sticky":false,"template":"","format":"standard","meta":{"_monsterinsights_skip_tracking":false,"_monsterinsights_sitenote_active":false,"_monsterinsights_sitenote_note":"","_monsterinsights_sitenote_category":0,"footnotes":""},"categories":[66,104],"tags":[],"class_list":["post-36428","post","type-post","status-publish","format-standard","has-post-thumbnail","hentry","category-alagoas","category-destaque"],"yoast_head":"<!-- This site is optimized with the Yoast SEO plugin v27.5 - https:\/\/yoast.com\/product\/yoast-seo-wordpress\/ -->\n<title>\u201cCavalgada \u00e9 resist\u00eancia cultural e homenagem ao trabalhador que sustenta o Nordeste\u201d, diz Arthur Lira em Maribondo - Resumo Pol\u00edtico<\/title>\n<meta name=\"robots\" content=\"index, follow, max-snippet:-1, max-image-preview:large, max-video-preview:-1\" \/>\n<link rel=\"canonical\" href=\"https:\/\/resumopolitico.com.br\/?p=36428\" \/>\n<meta property=\"og:locale\" content=\"pt_BR\" \/>\n<meta property=\"og:type\" content=\"article\" \/>\n<meta property=\"og:title\" content=\"\u201cCavalgada \u00e9 resist\u00eancia cultural e homenagem ao trabalhador que sustenta o Nordeste\u201d, diz Arthur Lira em Maribondo - Resumo Pol\u00edtico\" \/>\n<meta property=\"og:description\" content=\"Ao lado de vaqueiros e cavaleiros, o deputado federal Arthur Lira participou, nesta sexta-feira (1\u00ba), da Cavalgada do Trabalhador Minha Origem, no munic\u00edpio de Maribondo, em um momento marcado pela emo\u00e7\u00e3o e pela valoriza\u00e7\u00e3o das origens alagoanas e nordestinas. Mais de mil participantes, entre vaqueiros e cavaleiros de Maribondo e de munic\u00edpios vizinhos, transformaram o [&hellip;]\" \/>\n<meta property=\"og:url\" content=\"https:\/\/resumopolitico.com.br\/?p=36428\" \/>\n<meta property=\"og:site_name\" content=\"Resumo Pol\u00edtico\" \/>\n<meta property=\"article:published_time\" content=\"2026-05-02T14:32:15+00:00\" \/>\n<meta property=\"article:modified_time\" content=\"2026-05-02T14:32:52+00:00\" \/>\n<meta property=\"og:image\" content=\"https:\/\/resumopolitico.com.br\/wp-content\/uploads\/2026\/05\/WhatsApp-Image-2026-05-02-at-08.40.23.jpeg\" \/>\n\t<meta property=\"og:image:width\" content=\"1079\" \/>\n\t<meta property=\"og:image:height\" content=\"971\" \/>\n\t<meta property=\"og:image:type\" content=\"image\/jpeg\" \/>\n<meta name=\"author\" content=\"resumopolitico\" \/>\n<meta name=\"twitter:card\" content=\"summary_large_image\" \/>\n<meta name=\"twitter:label1\" content=\"Escrito por\" \/>\n\t<meta name=\"twitter:data1\" content=\"resumopolitico\" \/>\n\t<meta name=\"twitter:label2\" content=\"Est. tempo de leitura\" \/>\n\t<meta name=\"twitter:data2\" content=\"3 minutos\" \/>\n<script type=\"application\/ld+json\" class=\"yoast-schema-graph\">{\"@context\":\"https:\\\/\\\/schema.org\",\"@graph\":[{\"@type\":\"Article\",\"@id\":\"https:\\\/\\\/resumopolitico.com.br\\\/?p=36428#article\",\"isPartOf\":{\"@id\":\"https:\\\/\\\/resumopolitico.com.br\\\/?p=36428\"},\"author\":{\"name\":\"resumopolitico\",\"@id\":\"https:\\\/\\\/resumopolitico.com.br\\\/#\\\/schema\\\/person\\\/8e54285779750ca1eb5d54a40785d6f3\"},\"headline\":\"\u201cCavalgada \u00e9 resist\u00eancia cultural e homenagem ao trabalhador que sustenta o Nordeste\u201d, diz Arthur Lira em Maribondo\",\"datePublished\":\"2026-05-02T14:32:15+00:00\",\"dateModified\":\"2026-05-02T14:32:52+00:00\",\"mainEntityOfPage\":{\"@id\":\"https:\\\/\\\/resumopolitico.com.br\\\/?p=36428\"},\"wordCount\":453,\"commentCount\":0,\"image\":{\"@id\":\"https:\\\/\\\/resumopolitico.com.br\\\/?p=36428#primaryimage\"},\"thumbnailUrl\":\"https:\\\/\\\/resumopolitico.com.br\\\/wp-content\\\/uploads\\\/2026\\\/05\\\/WhatsApp-Image-2026-05-02-at-08.40.23.jpeg\",\"articleSection\":[\"Alagoas\",\"Destaque\"],\"inLanguage\":\"pt-BR\",\"potentialAction\":[{\"@type\":\"CommentAction\",\"name\":\"Comment\",\"target\":[\"https:\\\/\\\/resumopolitico.com.br\\\/?p=36428#respond\"]}]},{\"@type\":\"WebPage\",\"@id\":\"https:\\\/\\\/resumopolitico.com.br\\\/?p=36428\",\"url\":\"https:\\\/\\\/resumopolitico.com.br\\\/?p=36428\",\"name\":\"\u201cCavalgada \u00e9 resist\u00eancia cultural e homenagem ao trabalhador que sustenta o Nordeste\u201d, diz Arthur Lira em Maribondo - Resumo Pol\u00edtico\",\"isPartOf\":{\"@id\":\"https:\\\/\\\/resumopolitico.com.br\\\/#website\"},\"primaryImageOfPage\":{\"@id\":\"https:\\\/\\\/resumopolitico.com.br\\\/?p=36428#primaryimage\"},\"image\":{\"@id\":\"https:\\\/\\\/resumopolitico.com.br\\\/?p=36428#primaryimage\"},\"thumbnailUrl\":\"https:\\\/\\\/resumopolitico.com.br\\\/wp-content\\\/uploads\\\/2026\\\/05\\\/WhatsApp-Image-2026-05-02-at-08.40.23.jpeg\",\"datePublished\":\"2026-05-02T14:32:15+00:00\",\"dateModified\":\"2026-05-02T14:32:52+00:00\",\"author\":{\"@id\":\"https:\\\/\\\/resumopolitico.com.br\\\/#\\\/schema\\\/person\\\/8e54285779750ca1eb5d54a40785d6f3\"},\"breadcrumb\":{\"@id\":\"https:\\\/\\\/resumopolitico.com.br\\\/?p=36428#breadcrumb\"},\"inLanguage\":\"pt-BR\",\"potentialAction\":[{\"@type\":\"ReadAction\",\"target\":[\"https:\\\/\\\/resumopolitico.com.br\\\/?p=36428\"]}]},{\"@type\":\"ImageObject\",\"inLanguage\":\"pt-BR\",\"@id\":\"https:\\\/\\\/resumopolitico.com.br\\\/?p=36428#primaryimage\",\"url\":\"https:\\\/\\\/resumopolitico.com.br\\\/wp-content\\\/uploads\\\/2026\\\/05\\\/WhatsApp-Image-2026-05-02-at-08.40.23.jpeg\",\"contentUrl\":\"https:\\\/\\\/resumopolitico.com.br\\\/wp-content\\\/uploads\\\/2026\\\/05\\\/WhatsApp-Image-2026-05-02-at-08.40.23.jpeg\",\"width\":1079,\"height\":971},{\"@type\":\"BreadcrumbList\",\"@id\":\"https:\\\/\\\/resumopolitico.com.br\\\/?p=36428#breadcrumb\",\"itemListElement\":[{\"@type\":\"ListItem\",\"position\":1,\"name\":\"In\u00edcio\",\"item\":\"https:\\\/\\\/resumopolitico.com.br\\\/\"},{\"@type\":\"ListItem\",\"position\":2,\"name\":\"\u201cCavalgada \u00e9 resist\u00eancia cultural e homenagem ao trabalhador que sustenta o Nordeste\u201d, diz Arthur Lira em Maribondo\"}]},{\"@type\":\"WebSite\",\"@id\":\"https:\\\/\\\/resumopolitico.com.br\\\/#website\",\"url\":\"https:\\\/\\\/resumopolitico.com.br\\\/\",\"name\":\"Resumo Pol\u00edtico\",\"description\":\"Resumo Pol\u00edtico\",\"potentialAction\":[{\"@type\":\"SearchAction\",\"target\":{\"@type\":\"EntryPoint\",\"urlTemplate\":\"https:\\\/\\\/resumopolitico.com.br\\\/?s={search_term_string}\"},\"query-input\":{\"@type\":\"PropertyValueSpecification\",\"valueRequired\":true,\"valueName\":\"search_term_string\"}}],\"inLanguage\":\"pt-BR\"},{\"@type\":\"Person\",\"@id\":\"https:\\\/\\\/resumopolitico.com.br\\\/#\\\/schema\\\/person\\\/8e54285779750ca1eb5d54a40785d6f3\",\"name\":\"resumopolitico\",\"image\":{\"@type\":\"ImageObject\",\"inLanguage\":\"pt-BR\",\"@id\":\"\\\/\\\/www.gravatar.com\\\/avatar\\\/964d308c93aaf0c33319e9a3bc3b8ac5?s=96&#038;r=g&#038;d=mm\",\"url\":\"\\\/\\\/www.gravatar.com\\\/avatar\\\/964d308c93aaf0c33319e9a3bc3b8ac5?s=96&#038;r=g&#038;d=mm\",\"contentUrl\":\"\\\/\\\/www.gravatar.com\\\/avatar\\\/964d308c93aaf0c33319e9a3bc3b8ac5?s=96&#038;r=g&#038;d=mm\",\"caption\":\"resumopolitico\"},\"sameAs\":[\"http:\\\/\\\/resumopolitico.com.br\"],\"url\":\"https:\\\/\\\/resumopolitico.com.br\\\/?bp_members=1&bp_member=resumopoliticoprofile\\\/home\\\/\"}]}<\/script>\n<!-- \/ Yoast SEO plugin. -->","yoast_head_json":{"title":"\u201cCavalgada \u00e9 resist\u00eancia cultural e homenagem ao trabalhador que sustenta o Nordeste\u201d, diz Arthur Lira em Maribondo - Resumo Pol\u00edtico","robots":{"index":"index","follow":"follow","max-snippet":"max-snippet:-1","max-image-preview":"max-image-preview:large","max-video-preview":"max-video-preview:-1"},"canonical":"https:\/\/resumopolitico.com.br\/?p=36428","og_locale":"pt_BR","og_type":"article","og_title":"\u201cCavalgada \u00e9 resist\u00eancia cultural e homenagem ao trabalhador que sustenta o Nordeste\u201d, diz Arthur Lira em Maribondo - Resumo Pol\u00edtico","og_description":"Ao lado de vaqueiros e cavaleiros, o deputado federal Arthur Lira participou, nesta sexta-feira (1\u00ba), da Cavalgada do Trabalhador Minha Origem, no munic\u00edpio de Maribondo, em um momento marcado pela emo\u00e7\u00e3o e pela valoriza\u00e7\u00e3o das origens alagoanas e nordestinas. Mais de mil participantes, entre vaqueiros e cavaleiros de Maribondo e de munic\u00edpios vizinhos, transformaram o [&hellip;]","og_url":"https:\/\/resumopolitico.com.br\/?p=36428","og_site_name":"Resumo Pol\u00edtico","article_published_time":"2026-05-02T14:32:15+00:00","article_modified_time":"2026-05-02T14:32:52+00:00","og_image":[{"width":1079,"height":971,"url":"https:\/\/resumopolitico.com.br\/wp-content\/uploads\/2026\/05\/WhatsApp-Image-2026-05-02-at-08.40.23.jpeg","type":"image\/jpeg"}],"author":"resumopolitico","twitter_card":"summary_large_image","twitter_misc":{"Escrito por":"resumopolitico","Est. tempo de leitura":"3 minutos"},"schema":{"@context":"https:\/\/schema.org","@graph":[{"@type":"Article","@id":"https:\/\/resumopolitico.com.br\/?p=36428#article","isPartOf":{"@id":"https:\/\/resumopolitico.com.br\/?p=36428"},"author":{"name":"resumopolitico","@id":"https:\/\/resumopolitico.com.br\/#\/schema\/person\/8e54285779750ca1eb5d54a40785d6f3"},"headline":"\u201cCavalgada \u00e9 resist\u00eancia cultural e homenagem ao trabalhador que sustenta o Nordeste\u201d, diz Arthur Lira em Maribondo","datePublished":"2026-05-02T14:32:15+00:00","dateModified":"2026-05-02T14:32:52+00:00","mainEntityOfPage":{"@id":"https:\/\/resumopolitico.com.br\/?p=36428"},"wordCount":453,"commentCount":0,"image":{"@id":"https:\/\/resumopolitico.com.br\/?p=36428#primaryimage"},"thumbnailUrl":"https:\/\/resumopolitico.com.br\/wp-content\/uploads\/2026\/05\/WhatsApp-Image-2026-05-02-at-08.40.23.jpeg","articleSection":["Alagoas","Destaque"],"inLanguage":"pt-BR","potentialAction":[{"@type":"CommentAction","name":"Comment","target":["https:\/\/resumopolitico.com.br\/?p=36428#respond"]}]},{"@type":"WebPage","@id":"https:\/\/resumopolitico.com.br\/?p=36428","url":"https:\/\/resumopolitico.com.br\/?p=36428","name":"\u201cCavalgada \u00e9 resist\u00eancia cultural e homenagem ao trabalhador que sustenta o Nordeste\u201d, diz Arthur Lira em Maribondo - Resumo Pol\u00edtico","isPartOf":{"@id":"https:\/\/resumopolitico.com.br\/#website"},"primaryImageOfPage":{"@id":"https:\/\/resumopolitico.com.br\/?p=36428#primaryimage"},"image":{"@id":"https:\/\/resumopolitico.com.br\/?p=36428#primaryimage"},"thumbnailUrl":"https:\/\/resumopolitico.com.br\/wp-content\/uploads\/2026\/05\/WhatsApp-Image-2026-05-02-at-08.40.23.jpeg","datePublished":"2026-05-02T14:32:15+00:00","dateModified":"2026-05-02T14:32:52+00:00","author":{"@id":"https:\/\/resumopolitico.com.br\/#\/schema\/person\/8e54285779750ca1eb5d54a40785d6f3"},"breadcrumb":{"@id":"https:\/\/resumopolitico.com.br\/?p=36428#breadcrumb"},"inLanguage":"pt-BR","potentialAction":[{"@type":"ReadAction","target":["https:\/\/resumopolitico.com.br\/?p=36428"]}]},{"@type":"ImageObject","inLanguage":"pt-BR","@id":"https:\/\/resumopolitico.com.br\/?p=36428#primaryimage","url":"https:\/\/resumopolitico.com.br\/wp-content\/uploads\/2026\/05\/WhatsApp-Image-2026-05-02-at-08.40.23.jpeg","contentUrl":"https:\/\/resumopolitico.com.br\/wp-content\/uploads\/2026\/05\/WhatsApp-Image-2026-05-02-at-08.40.23.jpeg","width":1079,"height":971},{"@type":"BreadcrumbList","@id":"https:\/\/resumopolitico.com.br\/?p=36428#breadcrumb","itemListElement":[{"@type":"ListItem","position":1,"name":"In\u00edcio","item":"https:\/\/resumopolitico.com.br\/"},{"@type":"ListItem","position":2,"name":"\u201cCavalgada \u00e9 resist\u00eancia cultural e homenagem ao trabalhador que sustenta o Nordeste\u201d, diz Arthur Lira em Maribondo"}]},{"@type":"WebSite","@id":"https:\/\/resumopolitico.com.br\/#website","url":"https:\/\/resumopolitico.com.br\/","name":"Resumo Pol\u00edtico","description":"Resumo Pol\u00edtico","potentialAction":[{"@type":"SearchAction","target":{"@type":"EntryPoint","urlTemplate":"https:\/\/resumopolitico.com.br\/?s={search_term_string}"},"query-input":{"@type":"PropertyValueSpecification","valueRequired":true,"valueName":"search_term_string"}}],"inLanguage":"pt-BR"},{"@type":"Person","@id":"https:\/\/resumopolitico.com.br\/#\/schema\/person\/8e54285779750ca1eb5d54a40785d6f3","name":"resumopolitico","image":{"@type":"ImageObject","inLanguage":"pt-BR","@id":"\/\/www.gravatar.com\/avatar\/964d308c93aaf0c33319e9a3bc3b8ac5?s=96&#038;r=g&#038;d=mm","url":"\/\/www.gravatar.com\/avatar\/964d308c93aaf0c33319e9a3bc3b8ac5?s=96&#038;r=g&#038;d=mm","contentUrl":"\/\/www.gravatar.com\/avatar\/964d308c93aaf0c33319e9a3bc3b8ac5?s=96&#038;r=g&#038;d=mm","caption":"resumopolitico"},"sameAs":["http:\/\/resumopolitico.com.br"],"url":"https:\/\/resumopolitico.com.br\/?bp_members=1&bp_member=resumopoliticoprofile\/home\/"}]}},"_links":{"self":[{"href":"https:\/\/resumopolitico.com.br\/index.php?rest_route=\/wp\/v2\/posts\/36428","targetHints":{"allow":["GET"]}}],"collection":[{"href":"https:\/\/resumopolitico.com.br\/index.php?rest_route=\/wp\/v2\/posts"}],"about":[{"href":"https:\/\/resumopolitico.com.br\/index.php?rest_route=\/wp\/v2\/types\/post"}],"author":[{"embeddable":true,"href":"https:\/\/resumopolitico.com.br\/index.php?rest_route=\/wp\/v2\/users\/1"}],"replies":[{"embeddable":true,"href":"https:\/\/resumopolitico.com.br\/index.php?rest_route=%2Fwp%2Fv2%2Fcomments&post=36428"}],"version-history":[{"count":2,"href":"https:\/\/resumopolitico.com.br\/index.php?rest_route=\/wp\/v2\/posts\/36428\/revisions"}],"predecessor-version":[{"id":36432,"href":"https:\/\/resumopolitico.com.br\/index.php?rest_route=\/wp\/v2\/posts\/36428\/revisions\/36432"}],"wp:featuredmedia":[{"embeddable":true,"href":"https:\/\/resumopolitico.com.br\/index.php?rest_route=\/wp\/v2\/media\/36429"}],"wp:attachment":[{"href":"https:\/\/resumopolitico.com.br\/index.php?rest_route=%2Fwp%2Fv2%2Fmedia&parent=36428"}],"wp:term":[{"taxonomy":"category","embeddable":true,"href":"https:\/\/resumopolitico.com.br\/index.php?rest_route=%2Fwp%2Fv2%2Fcategories&post=36428"},{"taxonomy":"post_tag","embeddable":true,"href":"https:\/\/resumopolitico.com.br\/index.php?rest_route=%2Fwp%2Fv2%2Ftags&post=36428"}],"curies":[{"name":"wp","href":"https:\/\/api.w.org\/{rel}","templated":true}]}}